{"id":5347,"date":"2022-03-01T04:49:14","date_gmt":"2022-03-01T04:49:14","guid":{"rendered":"https:\/\/histoire-patrimoine-aoustois.fr\/?p=5347"},"modified":"2022-05-04T06:11:10","modified_gmt":"2022-05-04T06:11:10","slug":"les-deconvenues-dun-hopital-au-xviie-siecle","status":"publish","type":"post","link":"https:\/\/histoire-patrimoine-aoustois.fr\/?p=5347","title":{"rendered":"Les d\u00e9convenues d&rsquo;un h\u00f4pital au XVIIe si\u00e8cle"},"content":{"rendered":"\n<p><\/p>\n\n\n\n<p><\/p>\n\n\n\n<p><\/p>\n\n\n\n<p class=\"has-text-align-center has-text-color\" id=\"lesdeconvenuesdunhopitalauxviisiecle\" style=\"color:#4000f5\"><strong>LES DECONVENUES D\u2019UN H\u00d4PITAL AU XVII<sup>eme<\/sup> SIECLE<\/strong><br><br>\u00a0<\/p>\n\n\n\n<p><br><em><strong>En 1683, le consul du bourg d\u2019Aouste somme Simon Chabert, un boulanger, de restituer l\u2019usage de l\u2019h\u00f4pital. En effet cet artisan s\u2019\u00e9tait accaparer de l\u2019h\u00f4pital pour entreposer ses fagots de bois ainsi que pour le parcage des porcs.<br><br>(AM GG 11-103 de 1683)<\/strong><\/em><\/p>\n\n\n\n<p>\u00ab&nbsp;De la part des sieurs consuls et communaut\u00e9 du lieu d\u2019Aouste ensuite ce la d\u00e9lib\u00e9ration du 10\u00b0 du pr\u00e9sent mois de mai, remontrent \u00e0 Sr Simon Chabert boulanger du dit lieu que de tout temps imm\u00e9morial les dits consuls et communaut\u00e9 ont joui du privil\u00e8ge de l\u2019h\u00f4pital du dit lieu pour mettre \u00e0 couvert les pauvres passants , que le dit lieu \u00e9tant sur le Grand Chemin o\u00f9 passent les troupes de sa Majest\u00e9 allant et venant d\u2019Italie, et que tous les jours s\u2019arr\u00eatent dans le dit lieu des soldats estropi\u00e9s ou malades, et que les dits consuls n\u2019ont autre lieu pour les reposer, et qu\u2019il est absolument n\u00e9cessaire qu\u2019ils en jouissent pour cet effet au pr\u00e9judice de ce , le dit Simon Chabert s\u2019est empar\u00e9 de celui-ci et usurp\u00e9 contre tout droit et raison et le tient incessamment rempli de bois , fagots et autres choses, m\u00eame y a fait coucher diverses fois des troupeaux de pourceaux que les marchands \u00ab&nbsp;pourcatiers&nbsp;\u00bb (porchers) allant et venant des foires qui logent dans son cabaret conduisent , ce qui est extr\u00eamement sensible aux dits consuls et communaut\u00e9 de souffrir telles choses dans un lieu o\u00f9 enti\u00e8rement on a fait le saint service divin et c\u00e9l\u00e9br\u00e9 la sainte messe, ce qui les oblige de sommer , requ\u00e9rir et interpeller le dit Chabert de leur vider le dit h\u00f4pital et laisser la paisible jouissance \u00e0 la dite communaut\u00e9 pour s\u2019en pouvoir servir en tant que de besoin \u00e0 l\u2019effet que dessus sous l\u2019offre que le dit h\u00f4pital soit sujet \u00e0 quelque pension de la payer si de droit et en d\u00e9charger le dit Chabert envers tout ce qu\u2019il appartiendra, autrement et \u00e0 d\u00e9faut de ce les dits sieurs consuls protestent contre le dit Chabert de l\u2019indu refus et de tous d\u00e9pens, dommages et int\u00e9r\u00eats et de le poursuivre par toutes voies de droit et g\u00e9n\u00e9ralement protestent de tout ce qu\u2019ils peuvent et le doivent de droit apr\u00e8s les trois jours de d\u00e9lai et m\u00eame et de lui faire donner compte de la dite usurpation depuis l\u2019ann\u00e9e 1676 qu\u2019il s\u2019en est empar\u00e9 contre tout droit et au pr\u00e9judice de la dite communaut\u00e9. Requ\u00e9rant les dits consuls que le pr\u00e9sent soit intim\u00e9 et signifi\u00e9 au dit sr Chabert, aux fins qu\u2019il ne pr\u00e9tende cause d\u2019ignorance, par le secr\u00e9taire greffier de cette communaut\u00e9 sous protestation des frais de la pr\u00e9sente sommation , fait au dit Aouste ce 10 mai 1683.\u00bb<br><br>Pour les consuls d\u2019Aouste, Aymar secr\u00e9taire<br><br><br>\u00ab&nbsp;Par moi Jean Pierre Aymar secr\u00e9taire de la dite communaut\u00e9 du lieu d\u2019Aouste , la copie de l\u2019acte ci dessus et pr\u00e9sente signification a \u00e9t\u00e9 intim\u00e9e et signifi\u00e9e au sr Simon Chabert avec lecture que je lui ai faite de mot \u00e0 mot avec les sommations , r\u00e9quisitions et protestations y contenues aux pr\u00e9sences de sr Jean Ogier ma\u00eetre recteur des enfants et de Pierre Freychet habitants du dit lieu , le dit Ogier signe non le dit Freychet pour ne savoir de ce enquis et requis, \u00e0 Aouste le douzi\u00e8me mai mil six cent quatre vingt trois.<br>Le dit Chabert m\u2019a requis de garder le pr\u00e9sent pour y r\u00e9pondre dans le temps suivant l\u2019ordonnance.&nbsp;\u00bb<br><br>J. Ogier et moi Aymar secr\u00e9taire<br><br><br>\u00ab&nbsp;Du lendemain matin le dit sr Chabert r\u00e9pondant au susdit acte a dit sans que (\u2026..?) \u00e0 l\u2019approbation de celui-ci qu\u2019il n\u2019est pas vrai , a r\u00e9p\u00e9t\u00e9 qu\u2019il ait usurp\u00e9 le lieu en question ni qu\u2019il n\u2019en ait fait un mauvais et indiscret usage car il n\u2019a joui de celui-ci que depuis l\u2019ann\u00e9e 1681 qu\u2019il lui fut arrent\u00e9 par sr Estienne Martel commis \u00e0 la recherche des h\u00f4pitaux, maladi\u00e8res et lieux pieux par contrat re\u00e7u par Ma\u00eetre Raspail le 14 mars de la m\u00eame ann\u00e9e auquel il en a pay\u00e9 la rente et comme son terme et fini et que d\u2019ailleurs il ne veut pas entrer en aucune contestation avec les dits srs consuls il d\u00e9clare qu\u2019il est pr\u00eat de leur vider comme il fait et de leur en d\u00e9livrer la cl\u00e9 sauf d\u00e9charge et \u00e0 condition qu\u2019ils le garantiront de toute sauvet\u00e9 avec le dit sr Martel au moyen de quoi ne consent aucune chose qu\u2019il lui soit pr\u00e9judiciable ni aux protestations dont au dit acte et fait les siennes contestations et s\u2019est sign\u00e9 pour sa r\u00e9ponse tant seulement.&nbsp;\u00bb<br><br>Chabert, Aymar secr\u00e9taire<br><br><br>Contr\u00f4l\u00e9 au bureau de Crest le 13 mai 1683 F 31 N\u00b0123 Br\u00e9net<br>H\u00f4pital 12 mai 1683<br>Original pour les consuls et communaut\u00e9 du lieu d\u2019Aouste contre Sr Simon Chabert boulanger<br>N\u00b0 1 pass\u00e9 au compte du dit Bouroulet pour 1L<\/p>\n\n\n\n<p class=\"has-text-align-center\"><br><br><br><em><strong>Document de 4 pages ci-dessous<\/strong><\/em><br><br><\/p>\n\n\n\n<div class=\"wp-block-image\"><figure class=\"aligncenter\"><img decoding=\"async\" src=\"https:\/\/static.neopse.com\/medias\/p\/523\/site\/81\/79\/8b\/81798b881e4605a7e6fc36f3e643df5e73cbf637.jpg?v=v1\" alt=\"\"\/><figcaption><strong>Page 1<\/strong><\/figcaption><\/figure><\/div>\n\n\n\n<div class=\"wp-block-image\"><figure class=\"aligncenter\"><img decoding=\"async\" src=\"https:\/\/static.neopse.com\/medias\/p\/523\/site\/65\/cd\/22\/65cd22df1a9e6956fa64255dc2e3a700672fe682.jpg?v=v1\" alt=\"\"\/><figcaption><strong>Page 2<\/strong><\/figcaption><\/figure><\/div>\n\n\n\n<div class=\"wp-block-image\"><figure class=\"aligncenter\"><img decoding=\"async\" src=\"https:\/\/static.neopse.com\/medias\/p\/523\/site\/59\/da\/d3\/59dad31441d963e10d5d7716ccad1b52f0156226.jpg?v=v1\" alt=\"\"\/><figcaption><strong>Page 3<\/strong><\/figcaption><\/figure><\/div>\n\n\n\n<div class=\"wp-block-image\"><figure class=\"aligncenter\"><img decoding=\"async\" src=\"https:\/\/static.neopse.com\/medias\/p\/523\/site\/8e\/27\/64\/8e276415742f6eb8c2db63a57fcb6efcddf91ef8.jpg?v=v1\" alt=\"\"\/><figcaption><strong>Page 4<\/strong><\/figcaption><\/figure><\/div>\n\n\n\n<p><\/p>\n\n\n\n<p><\/p>\n","protected":false},"excerpt":{"rendered":"<p>LES DECONVENUES D\u2019UN H\u00d4PITAL AU XVIIeme SIECLE \u00a0 En 1683, le consul du bourg d\u2019Aouste somme Simon Chabert, un boulanger, de restituer l\u2019usage de l\u2019h\u00f4pital. En effet cet artisan s\u2019\u00e9tait accaparer de l\u2019h\u00f4pital pour entreposer ses fagots de bois ainsi que pour le parcage des porcs. (AM GG 11-103 de 1683) \u00ab&nbsp;De la part des [&hellip;]<\/p>\n","protected":false},"author":1,"featured_media":0,"comment_status":"open","ping_status":"open","sticky":false,"template":"","format":"standard","meta":{"_jetpack_memberships_contains_paid_content":false,"footnotes":"","jetpack_publicize_message":"","jetpack_publicize_feature_enabled":true,"jetpack_social_post_already_shared":false,"jetpack_social_options":{"image_generator_settings":{"template":"highway","default_image_id":0,"font":"","enabled":false},"version":2}},"categories":[8],"tags":[],"class_list":["post-5347","post","type-post","status-publish","format-standard","hentry","category-chroniques-aoustoises","entry"],"yoast_head":"<!-- This site is optimized with the Yoast SEO plugin v27.4 - https:\/\/yoast.com\/product\/yoast-seo-wordpress\/ -->\n<title>Les d\u00e9convenues d&#039;un h\u00f4pital au XVIIe si\u00e8cle - HISTOIRE PATRIMOINE AOUSTOIS<\/title>\n<meta name=\"description\" content=\"En 1683, un consul somme un boulanger, de restituer l\u2019usage de l\u2019h\u00f4pital. En effet cet artisan s\u2019\u00e9tait accaparer de l\u2019h\u00f4pital pour entreposer ses fagots de bois ainsi que pour le parcage des porcs.\" \/>\n<meta name=\"robots\" content=\"index, follow, max-snippet:-1, max-image-preview:large, max-video-preview:-1\" \/>\n<link rel=\"canonical\" href=\"https:\/\/histoire-patrimoine-aoustois.fr\/?p=5347\" \/>\n<meta property=\"og:locale\" content=\"fr_FR\" \/>\n<meta property=\"og:type\" content=\"article\" \/>\n<meta property=\"og:title\" content=\"Les d\u00e9convenues d&#039;un h\u00f4pital au XVIIe si\u00e8cle - HISTOIRE PATRIMOINE AOUSTOIS\" \/>\n<meta property=\"og:description\" content=\"En 1683, un consul somme un boulanger, de restituer l\u2019usage de l\u2019h\u00f4pital. En effet cet artisan s\u2019\u00e9tait accaparer de l\u2019h\u00f4pital pour entreposer ses fagots de bois ainsi que pour le parcage des porcs.\" \/>\n<meta property=\"og:url\" content=\"https:\/\/histoire-patrimoine-aoustois.fr\/?p=5347\" \/>\n<meta property=\"og:site_name\" content=\"HISTOIRE PATRIMOINE AOUSTOIS\" \/>\n<meta property=\"article:published_time\" content=\"2022-03-01T04:49:14+00:00\" \/>\n<meta property=\"article:modified_time\" content=\"2022-05-04T06:11:10+00:00\" \/>\n<meta property=\"og:image\" content=\"https:\/\/static.neopse.com\/medias\/p\/523\/site\/81\/79\/8b\/81798b881e4605a7e6fc36f3e643df5e73cbf637.jpg?v=v1\" \/>\n<meta name=\"author\" content=\"c.grangeon@orange.fr\" \/>\n<meta name=\"twitter:card\" content=\"summary_large_image\" \/>\n<meta name=\"twitter:label1\" content=\"\u00c9crit par\" \/>\n\t<meta name=\"twitter:data1\" content=\"c.grangeon@orange.fr\" \/>\n\t<meta name=\"twitter:label2\" content=\"Dur\u00e9e de lecture estim\u00e9e\" \/>\n\t<meta name=\"twitter:data2\" content=\"5 minutes\" \/>\n<script type=\"application\/ld+json\" class=\"yoast-schema-graph\">{\"@context\":\"https:\\\/\\\/schema.org\",\"@graph\":[{\"@type\":\"Article\",\"@id\":\"https:\\\/\\\/histoire-patrimoine-aoustois.fr\\\/?p=5347#article\",\"isPartOf\":{\"@id\":\"https:\\\/\\\/histoire-patrimoine-aoustois.fr\\\/?p=5347\"},\"author\":{\"name\":\"c.grangeon@orange.fr\",\"@id\":\"https:\\\/\\\/histoire-patrimoine-aoustois.fr\\\/#\\\/schema\\\/person\\\/37a62d238dcee0c26cbd84b5b753e806\"},\"headline\":\"Les d\u00e9convenues d&rsquo;un h\u00f4pital au XVIIe si\u00e8cle\",\"datePublished\":\"2022-03-01T04:49:14+00:00\",\"dateModified\":\"2022-05-04T06:11:10+00:00\",\"mainEntityOfPage\":{\"@id\":\"https:\\\/\\\/histoire-patrimoine-aoustois.fr\\\/?p=5347\"},\"wordCount\":907,\"commentCount\":0,\"publisher\":{\"@id\":\"https:\\\/\\\/histoire-patrimoine-aoustois.fr\\\/#organization\"},\"image\":{\"@id\":\"https:\\\/\\\/histoire-patrimoine-aoustois.fr\\\/?p=5347#primaryimage\"},\"thumbnailUrl\":\"https:\\\/\\\/static.neopse.com\\\/medias\\\/p\\\/523\\\/site\\\/81\\\/79\\\/8b\\\/81798b881e4605a7e6fc36f3e643df5e73cbf637.jpg?v=v1\",\"articleSection\":[\"Chroniques aoustoises\"],\"inLanguage\":\"fr-FR\",\"potentialAction\":[{\"@type\":\"CommentAction\",\"name\":\"Comment\",\"target\":[\"https:\\\/\\\/histoire-patrimoine-aoustois.fr\\\/?p=5347#respond\"]}]},{\"@type\":\"WebPage\",\"@id\":\"https:\\\/\\\/histoire-patrimoine-aoustois.fr\\\/?p=5347\",\"url\":\"https:\\\/\\\/histoire-patrimoine-aoustois.fr\\\/?p=5347\",\"name\":\"Les d\u00e9convenues d'un h\u00f4pital au XVIIe si\u00e8cle - HISTOIRE PATRIMOINE AOUSTOIS\",\"isPartOf\":{\"@id\":\"https:\\\/\\\/histoire-patrimoine-aoustois.fr\\\/#website\"},\"primaryImageOfPage\":{\"@id\":\"https:\\\/\\\/histoire-patrimoine-aoustois.fr\\\/?p=5347#primaryimage\"},\"image\":{\"@id\":\"https:\\\/\\\/histoire-patrimoine-aoustois.fr\\\/?p=5347#primaryimage\"},\"thumbnailUrl\":\"https:\\\/\\\/static.neopse.com\\\/medias\\\/p\\\/523\\\/site\\\/81\\\/79\\\/8b\\\/81798b881e4605a7e6fc36f3e643df5e73cbf637.jpg?v=v1\",\"datePublished\":\"2022-03-01T04:49:14+00:00\",\"dateModified\":\"2022-05-04T06:11:10+00:00\",\"description\":\"En 1683, un consul somme un boulanger, de restituer l\u2019usage de l\u2019h\u00f4pital. En effet cet artisan s\u2019\u00e9tait accaparer de l\u2019h\u00f4pital pour entreposer ses fagots de bois ainsi que pour le parcage des porcs.\",\"breadcrumb\":{\"@id\":\"https:\\\/\\\/histoire-patrimoine-aoustois.fr\\\/?p=5347#breadcrumb\"},\"inLanguage\":\"fr-FR\",\"potentialAction\":[{\"@type\":\"ReadAction\",\"target\":[\"https:\\\/\\\/histoire-patrimoine-aoustois.fr\\\/?p=5347\"]}]},{\"@type\":\"ImageObject\",\"inLanguage\":\"fr-FR\",\"@id\":\"https:\\\/\\\/histoire-patrimoine-aoustois.fr\\\/?p=5347#primaryimage\",\"url\":\"https:\\\/\\\/static.neopse.com\\\/medias\\\/p\\\/523\\\/site\\\/81\\\/79\\\/8b\\\/81798b881e4605a7e6fc36f3e643df5e73cbf637.jpg?v=v1\",\"contentUrl\":\"https:\\\/\\\/static.neopse.com\\\/medias\\\/p\\\/523\\\/site\\\/81\\\/79\\\/8b\\\/81798b881e4605a7e6fc36f3e643df5e73cbf637.jpg?v=v1\"},{\"@type\":\"BreadcrumbList\",\"@id\":\"https:\\\/\\\/histoire-patrimoine-aoustois.fr\\\/?p=5347#breadcrumb\",\"itemListElement\":[{\"@type\":\"ListItem\",\"position\":1,\"name\":\"Accueil\",\"item\":\"https:\\\/\\\/histoire-patrimoine-aoustois.fr\\\/\"},{\"@type\":\"ListItem\",\"position\":2,\"name\":\"Les d\u00e9convenues d&rsquo;un h\u00f4pital au XVIIe si\u00e8cle\"}]},{\"@type\":\"WebSite\",\"@id\":\"https:\\\/\\\/histoire-patrimoine-aoustois.fr\\\/#website\",\"url\":\"https:\\\/\\\/histoire-patrimoine-aoustois.fr\\\/\",\"name\":\"HISTOIRE PATRIMOINE AOUSTOIS\",\"description\":\"\",\"publisher\":{\"@id\":\"https:\\\/\\\/histoire-patrimoine-aoustois.fr\\\/#organization\"},\"potentialAction\":[{\"@type\":\"SearchAction\",\"target\":{\"@type\":\"EntryPoint\",\"urlTemplate\":\"https:\\\/\\\/histoire-patrimoine-aoustois.fr\\\/?s={search_term_string}\"},\"query-input\":{\"@type\":\"PropertyValueSpecification\",\"valueRequired\":true,\"valueName\":\"search_term_string\"}}],\"inLanguage\":\"fr-FR\"},{\"@type\":\"Organization\",\"@id\":\"https:\\\/\\\/histoire-patrimoine-aoustois.fr\\\/#organization\",\"name\":\"histoire patrimoine aoustois\",\"url\":\"https:\\\/\\\/histoire-patrimoine-aoustois.fr\\\/\",\"logo\":{\"@type\":\"ImageObject\",\"inLanguage\":\"fr-FR\",\"@id\":\"https:\\\/\\\/histoire-patrimoine-aoustois.fr\\\/#\\\/schema\\\/logo\\\/image\\\/\",\"url\":\"\",\"contentUrl\":\"\",\"caption\":\"histoire patrimoine aoustois\"},\"image\":{\"@id\":\"https:\\\/\\\/histoire-patrimoine-aoustois.fr\\\/#\\\/schema\\\/logo\\\/image\\\/\"}},{\"@type\":\"Person\",\"@id\":\"https:\\\/\\\/histoire-patrimoine-aoustois.fr\\\/#\\\/schema\\\/person\\\/37a62d238dcee0c26cbd84b5b753e806\",\"name\":\"c.grangeon@orange.fr\",\"image\":{\"@type\":\"ImageObject\",\"inLanguage\":\"fr-FR\",\"@id\":\"https:\\\/\\\/secure.gravatar.com\\\/avatar\\\/cc761b3b59da1005e87bc0d8d6ae0ecd5168729c45828cb7f6f0db169d1b9b5a?s=96&d=blank&r=g\",\"url\":\"https:\\\/\\\/secure.gravatar.com\\\/avatar\\\/cc761b3b59da1005e87bc0d8d6ae0ecd5168729c45828cb7f6f0db169d1b9b5a?s=96&d=blank&r=g\",\"contentUrl\":\"https:\\\/\\\/secure.gravatar.com\\\/avatar\\\/cc761b3b59da1005e87bc0d8d6ae0ecd5168729c45828cb7f6f0db169d1b9b5a?s=96&d=blank&r=g\",\"caption\":\"c.grangeon@orange.fr\"},\"sameAs\":[\"http:\\\/\\\/histoire-patrimoine-aoustois.fr\"],\"url\":\"https:\\\/\\\/histoire-patrimoine-aoustois.fr\\\/?author=1\"}]}<\/script>\n<!-- \/ Yoast SEO plugin. -->","yoast_head_json":{"title":"Les d\u00e9convenues d'un h\u00f4pital au XVIIe si\u00e8cle - HISTOIRE PATRIMOINE AOUSTOIS","description":"En 1683, un consul somme un boulanger, de restituer l\u2019usage de l\u2019h\u00f4pital. En effet cet artisan s\u2019\u00e9tait accaparer de l\u2019h\u00f4pital pour entreposer ses fagots de bois ainsi que pour le parcage des porcs.","robots":{"index":"index","follow":"follow","max-snippet":"max-snippet:-1","max-image-preview":"max-image-preview:large","max-video-preview":"max-video-preview:-1"},"canonical":"https:\/\/histoire-patrimoine-aoustois.fr\/?p=5347","og_locale":"fr_FR","og_type":"article","og_title":"Les d\u00e9convenues d'un h\u00f4pital au XVIIe si\u00e8cle - HISTOIRE PATRIMOINE AOUSTOIS","og_description":"En 1683, un consul somme un boulanger, de restituer l\u2019usage de l\u2019h\u00f4pital. En effet cet artisan s\u2019\u00e9tait accaparer de l\u2019h\u00f4pital pour entreposer ses fagots de bois ainsi que pour le parcage des porcs.","og_url":"https:\/\/histoire-patrimoine-aoustois.fr\/?p=5347","og_site_name":"HISTOIRE PATRIMOINE AOUSTOIS","article_published_time":"2022-03-01T04:49:14+00:00","article_modified_time":"2022-05-04T06:11:10+00:00","og_image":[{"url":"https:\/\/static.neopse.com\/medias\/p\/523\/site\/81\/79\/8b\/81798b881e4605a7e6fc36f3e643df5e73cbf637.jpg?v=v1","type":"","width":"","height":""}],"author":"c.grangeon@orange.fr","twitter_card":"summary_large_image","twitter_misc":{"\u00c9crit par":"c.grangeon@orange.fr","Dur\u00e9e de lecture estim\u00e9e":"5 minutes"},"schema":{"@context":"https:\/\/schema.org","@graph":[{"@type":"Article","@id":"https:\/\/histoire-patrimoine-aoustois.fr\/?p=5347#article","isPartOf":{"@id":"https:\/\/histoire-patrimoine-aoustois.fr\/?p=5347"},"author":{"name":"c.grangeon@orange.fr","@id":"https:\/\/histoire-patrimoine-aoustois.fr\/#\/schema\/person\/37a62d238dcee0c26cbd84b5b753e806"},"headline":"Les d\u00e9convenues d&rsquo;un h\u00f4pital au XVIIe si\u00e8cle","datePublished":"2022-03-01T04:49:14+00:00","dateModified":"2022-05-04T06:11:10+00:00","mainEntityOfPage":{"@id":"https:\/\/histoire-patrimoine-aoustois.fr\/?p=5347"},"wordCount":907,"commentCount":0,"publisher":{"@id":"https:\/\/histoire-patrimoine-aoustois.fr\/#organization"},"image":{"@id":"https:\/\/histoire-patrimoine-aoustois.fr\/?p=5347#primaryimage"},"thumbnailUrl":"https:\/\/static.neopse.com\/medias\/p\/523\/site\/81\/79\/8b\/81798b881e4605a7e6fc36f3e643df5e73cbf637.jpg?v=v1","articleSection":["Chroniques aoustoises"],"inLanguage":"fr-FR","potentialAction":[{"@type":"CommentAction","name":"Comment","target":["https:\/\/histoire-patrimoine-aoustois.fr\/?p=5347#respond"]}]},{"@type":"WebPage","@id":"https:\/\/histoire-patrimoine-aoustois.fr\/?p=5347","url":"https:\/\/histoire-patrimoine-aoustois.fr\/?p=5347","name":"Les d\u00e9convenues d'un h\u00f4pital au XVIIe si\u00e8cle - HISTOIRE PATRIMOINE AOUSTOIS","isPartOf":{"@id":"https:\/\/histoire-patrimoine-aoustois.fr\/#website"},"primaryImageOfPage":{"@id":"https:\/\/histoire-patrimoine-aoustois.fr\/?p=5347#primaryimage"},"image":{"@id":"https:\/\/histoire-patrimoine-aoustois.fr\/?p=5347#primaryimage"},"thumbnailUrl":"https:\/\/static.neopse.com\/medias\/p\/523\/site\/81\/79\/8b\/81798b881e4605a7e6fc36f3e643df5e73cbf637.jpg?v=v1","datePublished":"2022-03-01T04:49:14+00:00","dateModified":"2022-05-04T06:11:10+00:00","description":"En 1683, un consul somme un boulanger, de restituer l\u2019usage de l\u2019h\u00f4pital. En effet cet artisan s\u2019\u00e9tait accaparer de l\u2019h\u00f4pital pour entreposer ses fagots de bois ainsi que pour le parcage des porcs.","breadcrumb":{"@id":"https:\/\/histoire-patrimoine-aoustois.fr\/?p=5347#breadcrumb"},"inLanguage":"fr-FR","potentialAction":[{"@type":"ReadAction","target":["https:\/\/histoire-patrimoine-aoustois.fr\/?p=5347"]}]},{"@type":"ImageObject","inLanguage":"fr-FR","@id":"https:\/\/histoire-patrimoine-aoustois.fr\/?p=5347#primaryimage","url":"https:\/\/static.neopse.com\/medias\/p\/523\/site\/81\/79\/8b\/81798b881e4605a7e6fc36f3e643df5e73cbf637.jpg?v=v1","contentUrl":"https:\/\/static.neopse.com\/medias\/p\/523\/site\/81\/79\/8b\/81798b881e4605a7e6fc36f3e643df5e73cbf637.jpg?v=v1"},{"@type":"BreadcrumbList","@id":"https:\/\/histoire-patrimoine-aoustois.fr\/?p=5347#breadcrumb","itemListElement":[{"@type":"ListItem","position":1,"name":"Accueil","item":"https:\/\/histoire-patrimoine-aoustois.fr\/"},{"@type":"ListItem","position":2,"name":"Les d\u00e9convenues d&rsquo;un h\u00f4pital au XVIIe si\u00e8cle"}]},{"@type":"WebSite","@id":"https:\/\/histoire-patrimoine-aoustois.fr\/#website","url":"https:\/\/histoire-patrimoine-aoustois.fr\/","name":"HISTOIRE PATRIMOINE AOUSTOIS","description":"","publisher":{"@id":"https:\/\/histoire-patrimoine-aoustois.fr\/#organization"},"potentialAction":[{"@type":"SearchAction","target":{"@type":"EntryPoint","urlTemplate":"https:\/\/histoire-patrimoine-aoustois.fr\/?s={search_term_string}"},"query-input":{"@type":"PropertyValueSpecification","valueRequired":true,"valueName":"search_term_string"}}],"inLanguage":"fr-FR"},{"@type":"Organization","@id":"https:\/\/histoire-patrimoine-aoustois.fr\/#organization","name":"histoire patrimoine aoustois","url":"https:\/\/histoire-patrimoine-aoustois.fr\/","logo":{"@type":"ImageObject","inLanguage":"fr-FR","@id":"https:\/\/histoire-patrimoine-aoustois.fr\/#\/schema\/logo\/image\/","url":"","contentUrl":"","caption":"histoire patrimoine aoustois"},"image":{"@id":"https:\/\/histoire-patrimoine-aoustois.fr\/#\/schema\/logo\/image\/"}},{"@type":"Person","@id":"https:\/\/histoire-patrimoine-aoustois.fr\/#\/schema\/person\/37a62d238dcee0c26cbd84b5b753e806","name":"c.grangeon@orange.fr","image":{"@type":"ImageObject","inLanguage":"fr-FR","@id":"https:\/\/secure.gravatar.com\/avatar\/cc761b3b59da1005e87bc0d8d6ae0ecd5168729c45828cb7f6f0db169d1b9b5a?s=96&d=blank&r=g","url":"https:\/\/secure.gravatar.com\/avatar\/cc761b3b59da1005e87bc0d8d6ae0ecd5168729c45828cb7f6f0db169d1b9b5a?s=96&d=blank&r=g","contentUrl":"https:\/\/secure.gravatar.com\/avatar\/cc761b3b59da1005e87bc0d8d6ae0ecd5168729c45828cb7f6f0db169d1b9b5a?s=96&d=blank&r=g","caption":"c.grangeon@orange.fr"},"sameAs":["http:\/\/histoire-patrimoine-aoustois.fr"],"url":"https:\/\/histoire-patrimoine-aoustois.fr\/?author=1"}]}},"jetpack_publicize_connections":[],"jetpack_featured_media_url":"","jetpack_sharing_enabled":true,"_links":{"self":[{"href":"https:\/\/histoire-patrimoine-aoustois.fr\/index.php?rest_route=\/wp\/v2\/posts\/5347","targetHints":{"allow":["GET"]}}],"collection":[{"href":"https:\/\/histoire-patrimoine-aoustois.fr\/index.php?rest_route=\/wp\/v2\/posts"}],"about":[{"href":"https:\/\/histoire-patrimoine-aoustois.fr\/index.php?rest_route=\/wp\/v2\/types\/post"}],"author":[{"embeddable":true,"href":"https:\/\/histoire-patrimoine-aoustois.fr\/index.php?rest_route=\/wp\/v2\/users\/1"}],"replies":[{"embeddable":true,"href":"https:\/\/histoire-patrimoine-aoustois.fr\/index.php?rest_route=%2Fwp%2Fv2%2Fcomments&post=5347"}],"version-history":[{"count":0,"href":"https:\/\/histoire-patrimoine-aoustois.fr\/index.php?rest_route=\/wp\/v2\/posts\/5347\/revisions"}],"wp:attachment":[{"href":"https:\/\/histoire-patrimoine-aoustois.fr\/index.php?rest_route=%2Fwp%2Fv2%2Fmedia&parent=5347"}],"wp:term":[{"taxonomy":"category","embeddable":true,"href":"https:\/\/histoire-patrimoine-aoustois.fr\/index.php?rest_route=%2Fwp%2Fv2%2Fcategories&post=5347"},{"taxonomy":"post_tag","embeddable":true,"href":"https:\/\/histoire-patrimoine-aoustois.fr\/index.php?rest_route=%2Fwp%2Fv2%2Ftags&post=5347"}],"curies":[{"name":"wp","href":"https:\/\/api.w.org\/{rel}","templated":true}]}}