{"id":5392,"date":"2022-03-01T12:22:32","date_gmt":"2022-03-01T12:22:32","guid":{"rendered":"https:\/\/histoire-patrimoine-aoustois.fr\/?p=5392"},"modified":"2022-05-04T04:46:27","modified_gmt":"2022-05-04T04:46:27","slug":"le-passage-de-la-beille","status":"publish","type":"post","link":"https:\/\/histoire-patrimoine-aoustois.fr\/?p=5392","title":{"rendered":"Le passage de \u00ab\u00a0la beille\u00a0\u00bb"},"content":{"rendered":"\n<p><\/p>\n\n\n\n<p><\/p>\n\n\n\n<p class=\"has-text-align-center has-text-color\" id=\"lepassagedelabeille\" style=\"color:#2000ff\"><strong>LE PASSAGE DE LA \u00ab&nbsp;BEILLE&nbsp;\u00bb<\/strong><br><\/p>\n\n\n\n<p><br><br><br><\/p>\n\n\n\n<p><\/p>\n\n\n\n<p><\/p>\n\n\n\n<p><\/p>\n\n\n\n<div class=\"wp-block-image\"><figure class=\"aligncenter\"><img decoding=\"async\" src=\"https:\/\/static.neopse.com\/medias\/p\/523\/site\/ed\/7e\/0e\/ed7e0e7b02f4d28758003e5bb2ca5a036a4111bb.png?v=v1\" alt=\"\"\/><figcaption><strong>Passage d\u2019une \u00ab&nbsp;beille&nbsp;\u00bb en 1943<\/strong><\/figcaption><\/figure><\/div>\n\n\n\n<p><br>Parmi les agr\u00e9ables et d\u00e9j\u00e0 lointains souvenirs de mon enfance, il en est un auquel je trouve une saveur toute particuli\u00e8re et que je me plais \u00e0 \u00e9voquer : c\u2019est le souvenir du passage des \u00ab&nbsp;beilles&nbsp;\u00bb.<br><br>Nous appelons \u00ab&nbsp;beilles&nbsp;\u00bb, dans mon pays de la Dr\u00f4me, ces innombrables troupeaux de b\u00eates \u00e0 laine qui descendent \u00e0 chaque automne des hautes montagnes de notre Dauphin\u00e9, vont dans les plaines de la Crau, pour y pa\u00eetre l\u2019herbe hivernale, et remontent au retour de la saison nouvelle vers les pays hauts pour y estiver.<br><br>Vous, enfants de Paris et des grandes villes qui n\u2019avez jamais vu ces immenses migrations \u00e9tant tout petits, ne lisez point les lignes qui suivent; ce n\u2019est pas pour vous qu\u2019elles ont \u00e9t\u00e9 \u00e9crites, et vous ne les comprendriez point.<br><br>La \u00ab&nbsp;beille&nbsp;\u00bb annon\u00e7ait sa venue \u00e0 deux lieues \u00e0 la ronde par le dindement des sonnailles et des grelots, et nous, moutards, nous accourions en h\u00e2te de toutes parts, pour assister au d\u00e9fil\u00e9.<\/p>\n\n\n\n<p><\/p>\n\n\n\n<p><\/p>\n\n\n\n<p><\/p>\n\n\n\n<div class=\"wp-block-image\"><figure class=\"aligncenter\"><img decoding=\"async\" src=\"https:\/\/static.neopse.com\/medias\/p\/523\/site\/76\/9d\/e6\/769de6b6ea67e210b702bce1ff5a1bda62cf0273.jpg?v=v1\" alt=\"\"\/><\/figure><\/div>\n\n\n\n<div class=\"wp-block-image\"><figure class=\"aligncenter\"><img decoding=\"async\" src=\"https:\/\/static.neopse.com\/medias\/p\/523\/site\/d2\/cf\/82\/d2cf82de7dc864cec4bc03c0c534b2d61360f4e7.jpg?v=v1\" alt=\"\"\/><\/figure><\/div>\n\n\n\n<p><\/p>\n\n\n\n<p><\/p>\n\n\n\n<p><\/p>\n\n\n\n<p>En t\u00eate de la colonne, les \u00e2nes marchaient, pesamment charg\u00e9s des ustensiles de cuisin\u00e9 et du mat\u00e9riel de campement. Ensuite, s\u2019avan\u00e7aient les vieux boucs, avec leurs grandes cornes et leurs longues barbes; ils portaient haut la t\u00eate, faisaient sonner en cadence leurs clochettes, et, parfaitement convaincus de leur importance, ne regardaient personne le long des chemins. Puis, venaient les ch\u00e8vres et les jeunes boucs. Puis, les b\u00e9liers \u00e0 t\u00eate v\u00e9n\u00e9rable; enfin, l\u2019immense multitude des brebis et des moutons, chacun portant un signe cabalistique sur sa toison noire et dure comme une carapace de tortue. De loin en loin, dominant la foule des animaux, les p\u00e2tres, colonels ou g\u00e9n\u00e9raux de cette arm\u00e9e, cheminaient d\u2019un pas lent et grave, arm\u00e9s de leur b\u00e2ton noueux. De loin en loin aussi marchait un \u00e2ne porteur de grandes mannes d\u2019osier, desquelles \u00e9mergeaient les t\u00eates un peu effar\u00e9es, mignonnes ; et gracieuses, des agneaux nouveau-n\u00e9s ; les m\u00e8res formaient tout autour un tumultueux cort\u00e8ge r\u00e9pondant par des b\u00ealements caressants et anxieux aux plaintes chevrotantes de leurs petits.<\/p>\n\n\n\n<p><\/p>\n\n\n\n<p><\/p>\n\n\n\n<p><\/p>\n\n\n\n<div class=\"wp-block-image\"><figure class=\"aligncenter\"><img decoding=\"async\" src=\"https:\/\/static.neopse.com\/medias\/p\/523\/site\/d6\/84\/fb\/d684fb840a6c5a4afef4e655b64837e1c3b7f6c3.jpg?v=v1\" alt=\"\"\/><\/figure><\/div>\n\n\n\n<p><br>Parfois, les rangs s\u2019\u00e9claircissaient, le d\u00e9fil\u00e9 paraissait pr\u00eat de finir; mais, soudain, surgissaient \u00e0 l\u2019horizon de nouveaux groupes de boucs ou de b\u00e9liers, et derri\u00e8re eux arrivaient \u00e0 la rescousse d\u2019autres bataillons, masses compactes de moulons et de brebis.<br><br>L\u2019interminable colonne passait pendant des heures, et nous assistions \u00e0 ce spectacle, ravis, bouche b\u00e9ante; nous eussions voulu qu\u2019il dur\u00e2t toujours. Comme ils nous inspiraient du respect, ces vieux \u00e2nes blanchis par le h\u00e2le, avec leurs t\u00eates pendantes sous le poids de la sonnaille et leurs oreilles bris\u00e9es ! Combien ils \u00e9taient diff\u00e9rents des vulgaires bourricots que nous pouvions voir chaque jour ! Et ces boucs \u00e0 la barbe superbe, si magnifiquement encorn\u00e9s, qui avaient explor\u00e9 tant de pays lointains et inconnus. Comme ils excitaient notre admiration!<\/p>\n\n\n\n<p><\/p>\n\n\n\n<p><\/p>\n\n\n\n<p><\/p>\n\n\n\n<div class=\"wp-block-image\"><figure class=\"aligncenter\"><img decoding=\"async\" src=\"https:\/\/static.neopse.com\/medias\/p\/523\/site\/e7\/af\/2f\/e7af2f06c374f40b6885836d3fb5bb53fa7a5aa7.jpg?v=v1\" alt=\"\"\/><\/figure><\/div>\n\n\n\n<p><\/p>\n\n\n\n<p><\/p>\n\n\n\n<p><\/p>\n\n\n\n<p>Et les grands chiens fermant la marche et formant l\u2019arri\u00e8re-garde du troupeau qu\u2019ils \u00e9taient beaux, dans leur tranquille d\u00e9marche, avec leurs bonnes grosses t\u00eates intelligentes et leurs yeux doux. Comme nous nous trouvions petits en face de ces h\u00e9ros, arm\u00e9s de colliers h\u00e9riss\u00e9s de pointes de fer, qui avaient lutt\u00e9 avec le loup! Le loup, b\u00eate fantastique .dont-nous n\u2019aurions pas m\u00eame os\u00e9 prononcer le nom dans l\u2019obscurit\u00e9, et que notre imagination d\u2019enfant grandissait dans d\u2019effrayantes proportions. Et le \u00ab&nbsp;bayle&nbsp;\u00bb, chef supr\u00eame de tous qui commandait aux \u00e2nes et aux boucs, aux chiens et aux bergers ! Comme il nous apparaissait magnifique dans sa toute-puissance avec sa barbe grise, son chapeau rond \u00e0 larges bords, sa culotte courte et ses gu\u00eatres, son long manteau et son b\u00e2ton, plus grand et plus gros que celui des p\u00e2tres. Nous nous pr\u00e9cipitions sur son passage pour le voir de plus pr\u00e8s, et celui de nous qui, parvenant \u00e0 attirer son attention, obtenait de lui une bonne parole ou simplement un regard, \u00e9tait honore entre tous, et l\u2019on en gardait le souvenir pendant des mois.<br><br>Le spectacle du passage de la \u00ab&nbsp;beille&nbsp;\u00bb avait pour nous un attrait si puissant que, lorsqu\u2019il \u00e9tait termin\u00e9, nous voulions le voir encore, et que les mamans avaient fort \u00e0 faire pour nous emp\u00eacher d\u2019\u00e9migrer \u00e0 la suite des troupeaux. Beaucoup d\u2019entre nous, M\u00e9ridionaux, se souviennent d\u2019avoir caress\u00e9 une d\u00e9licieuse chim\u00e8re, dans leur enfance : l\u2019ambition secr\u00e8te d\u2019arriver \u00e0 \u00eatre p\u00e2tre un jour.<\/p>\n\n\n\n<p><\/p>\n\n\n\n<p><\/p>\n\n\n\n<div class=\"wp-block-image\"><figure class=\"aligncenter\"><img decoding=\"async\" src=\"https:\/\/static.neopse.com\/medias\/p\/523\/site\/df\/7d\/c6\/df7dc6adbbe9f61e3f330fc20a29a839471673e4.jpg?v=v1\" alt=\"\"\/><\/figure><\/div>\n\n\n\n<p class=\"has-text-align-right\">&nbsp; <\/p>\n\n\n\n<p class=\"has-text-align-right\">Martial Moulin<\/p>\n\n\n\n<p><\/p>\n\n\n\n<p><\/p>\n\n\n\n<p><em><strong>Texte de Martial Moulin paru dans \u00ab&nbsp;La Revue des journaux et des livres&nbsp;\u00bb en 1886<\/strong><\/em><\/p>\n\n\n\n<p><\/p>\n\n\n\n<p><\/p>\n","protected":false},"excerpt":{"rendered":"<p>LE PASSAGE DE LA \u00ab&nbsp;BEILLE&nbsp;\u00bb Parmi les agr\u00e9ables et d\u00e9j\u00e0 lointains souvenirs de mon enfance, il en est un auquel je trouve une saveur toute particuli\u00e8re et que je me plais \u00e0 \u00e9voquer : c\u2019est le souvenir du passage des \u00ab&nbsp;beilles&nbsp;\u00bb. Nous appelons \u00ab&nbsp;beilles&nbsp;\u00bb, dans mon pays de la Dr\u00f4me, ces innombrables troupeaux de b\u00eates [&hellip;]<\/p>\n","protected":false},"author":1,"featured_media":0,"comment_status":"open","ping_status":"open","sticky":false,"template":"","format":"standard","meta":{"_jetpack_memberships_contains_paid_content":false,"footnotes":"","jetpack_publicize_message":"","jetpack_publicize_feature_enabled":true,"jetpack_social_post_already_shared":false,"jetpack_social_options":{"image_generator_settings":{"template":"highway","default_image_id":0,"font":"","enabled":false},"version":2}},"categories":[8],"tags":[],"class_list":["post-5392","post","type-post","status-publish","format-standard","hentry","category-chroniques-aoustoises","entry"],"yoast_head":"<!-- This site is optimized with the Yoast SEO plugin v27.4 - https:\/\/yoast.com\/product\/yoast-seo-wordpress\/ -->\n<title>Le passage de &quot;la beille&quot; - HISTOIRE PATRIMOINE AOUSTOIS<\/title>\n<meta name=\"description\" content=\"Agr\u00e9ables et d\u00e9j\u00e0 lointains souvenirs d&#039; enfance, c\u2019est le souvenir du passage des \u00ab beilles \u00bb, innombrables troupeaux de b\u00eates \u00e0 laine transhumantes .\" \/>\n<meta name=\"robots\" content=\"index, follow, max-snippet:-1, max-image-preview:large, max-video-preview:-1\" \/>\n<link rel=\"canonical\" href=\"https:\/\/histoire-patrimoine-aoustois.fr\/?p=5392\" \/>\n<meta property=\"og:locale\" content=\"fr_FR\" \/>\n<meta property=\"og:type\" content=\"article\" \/>\n<meta property=\"og:title\" content=\"Le passage de &quot;la beille&quot; - HISTOIRE PATRIMOINE AOUSTOIS\" \/>\n<meta property=\"og:description\" content=\"Agr\u00e9ables et d\u00e9j\u00e0 lointains souvenirs d&#039; enfance, c\u2019est le souvenir du passage des \u00ab beilles \u00bb, innombrables troupeaux de b\u00eates \u00e0 laine transhumantes .\" \/>\n<meta property=\"og:url\" content=\"https:\/\/histoire-patrimoine-aoustois.fr\/?p=5392\" \/>\n<meta property=\"og:site_name\" content=\"HISTOIRE PATRIMOINE AOUSTOIS\" \/>\n<meta property=\"article:published_time\" content=\"2022-03-01T12:22:32+00:00\" \/>\n<meta property=\"article:modified_time\" content=\"2022-05-04T04:46:27+00:00\" \/>\n<meta property=\"og:image\" content=\"https:\/\/static.neopse.com\/medias\/p\/523\/site\/ed\/7e\/0e\/ed7e0e7b02f4d28758003e5bb2ca5a036a4111bb.png?v=v1\" \/>\n<meta name=\"author\" content=\"c.grangeon@orange.fr\" \/>\n<meta name=\"twitter:card\" content=\"summary_large_image\" \/>\n<meta name=\"twitter:label1\" content=\"\u00c9crit par\" \/>\n\t<meta name=\"twitter:data1\" content=\"c.grangeon@orange.fr\" \/>\n\t<meta name=\"twitter:label2\" content=\"Dur\u00e9e de lecture estim\u00e9e\" \/>\n\t<meta name=\"twitter:data2\" content=\"5 minutes\" \/>\n<script type=\"application\/ld+json\" class=\"yoast-schema-graph\">{\"@context\":\"https:\\\/\\\/schema.org\",\"@graph\":[{\"@type\":\"Article\",\"@id\":\"https:\\\/\\\/histoire-patrimoine-aoustois.fr\\\/?p=5392#article\",\"isPartOf\":{\"@id\":\"https:\\\/\\\/histoire-patrimoine-aoustois.fr\\\/?p=5392\"},\"author\":{\"name\":\"c.grangeon@orange.fr\",\"@id\":\"https:\\\/\\\/histoire-patrimoine-aoustois.fr\\\/#\\\/schema\\\/person\\\/37a62d238dcee0c26cbd84b5b753e806\"},\"headline\":\"Le passage de \u00ab\u00a0la beille\u00a0\u00bb\",\"datePublished\":\"2022-03-01T12:22:32+00:00\",\"dateModified\":\"2022-05-04T04:46:27+00:00\",\"mainEntityOfPage\":{\"@id\":\"https:\\\/\\\/histoire-patrimoine-aoustois.fr\\\/?p=5392\"},\"wordCount\":820,\"commentCount\":0,\"publisher\":{\"@id\":\"https:\\\/\\\/histoire-patrimoine-aoustois.fr\\\/#organization\"},\"image\":{\"@id\":\"https:\\\/\\\/histoire-patrimoine-aoustois.fr\\\/?p=5392#primaryimage\"},\"thumbnailUrl\":\"https:\\\/\\\/static.neopse.com\\\/medias\\\/p\\\/523\\\/site\\\/ed\\\/7e\\\/0e\\\/ed7e0e7b02f4d28758003e5bb2ca5a036a4111bb.png?v=v1\",\"articleSection\":[\"Chroniques aoustoises\"],\"inLanguage\":\"fr-FR\",\"potentialAction\":[{\"@type\":\"CommentAction\",\"name\":\"Comment\",\"target\":[\"https:\\\/\\\/histoire-patrimoine-aoustois.fr\\\/?p=5392#respond\"]}]},{\"@type\":\"WebPage\",\"@id\":\"https:\\\/\\\/histoire-patrimoine-aoustois.fr\\\/?p=5392\",\"url\":\"https:\\\/\\\/histoire-patrimoine-aoustois.fr\\\/?p=5392\",\"name\":\"Le passage de \\\"la beille\\\" - HISTOIRE PATRIMOINE AOUSTOIS\",\"isPartOf\":{\"@id\":\"https:\\\/\\\/histoire-patrimoine-aoustois.fr\\\/#website\"},\"primaryImageOfPage\":{\"@id\":\"https:\\\/\\\/histoire-patrimoine-aoustois.fr\\\/?p=5392#primaryimage\"},\"image\":{\"@id\":\"https:\\\/\\\/histoire-patrimoine-aoustois.fr\\\/?p=5392#primaryimage\"},\"thumbnailUrl\":\"https:\\\/\\\/static.neopse.com\\\/medias\\\/p\\\/523\\\/site\\\/ed\\\/7e\\\/0e\\\/ed7e0e7b02f4d28758003e5bb2ca5a036a4111bb.png?v=v1\",\"datePublished\":\"2022-03-01T12:22:32+00:00\",\"dateModified\":\"2022-05-04T04:46:27+00:00\",\"description\":\"Agr\u00e9ables et d\u00e9j\u00e0 lointains souvenirs d' enfance, c\u2019est le souvenir du passage des \u00ab beilles \u00bb, innombrables troupeaux de b\u00eates \u00e0 laine transhumantes .\",\"breadcrumb\":{\"@id\":\"https:\\\/\\\/histoire-patrimoine-aoustois.fr\\\/?p=5392#breadcrumb\"},\"inLanguage\":\"fr-FR\",\"potentialAction\":[{\"@type\":\"ReadAction\",\"target\":[\"https:\\\/\\\/histoire-patrimoine-aoustois.fr\\\/?p=5392\"]}]},{\"@type\":\"ImageObject\",\"inLanguage\":\"fr-FR\",\"@id\":\"https:\\\/\\\/histoire-patrimoine-aoustois.fr\\\/?p=5392#primaryimage\",\"url\":\"https:\\\/\\\/static.neopse.com\\\/medias\\\/p\\\/523\\\/site\\\/ed\\\/7e\\\/0e\\\/ed7e0e7b02f4d28758003e5bb2ca5a036a4111bb.png?v=v1\",\"contentUrl\":\"https:\\\/\\\/static.neopse.com\\\/medias\\\/p\\\/523\\\/site\\\/ed\\\/7e\\\/0e\\\/ed7e0e7b02f4d28758003e5bb2ca5a036a4111bb.png?v=v1\"},{\"@type\":\"BreadcrumbList\",\"@id\":\"https:\\\/\\\/histoire-patrimoine-aoustois.fr\\\/?p=5392#breadcrumb\",\"itemListElement\":[{\"@type\":\"ListItem\",\"position\":1,\"name\":\"Accueil\",\"item\":\"https:\\\/\\\/histoire-patrimoine-aoustois.fr\\\/\"},{\"@type\":\"ListItem\",\"position\":2,\"name\":\"Le passage de \u00ab\u00a0la beille\u00a0\u00bb\"}]},{\"@type\":\"WebSite\",\"@id\":\"https:\\\/\\\/histoire-patrimoine-aoustois.fr\\\/#website\",\"url\":\"https:\\\/\\\/histoire-patrimoine-aoustois.fr\\\/\",\"name\":\"HISTOIRE PATRIMOINE AOUSTOIS\",\"description\":\"\",\"publisher\":{\"@id\":\"https:\\\/\\\/histoire-patrimoine-aoustois.fr\\\/#organization\"},\"potentialAction\":[{\"@type\":\"SearchAction\",\"target\":{\"@type\":\"EntryPoint\",\"urlTemplate\":\"https:\\\/\\\/histoire-patrimoine-aoustois.fr\\\/?s={search_term_string}\"},\"query-input\":{\"@type\":\"PropertyValueSpecification\",\"valueRequired\":true,\"valueName\":\"search_term_string\"}}],\"inLanguage\":\"fr-FR\"},{\"@type\":\"Organization\",\"@id\":\"https:\\\/\\\/histoire-patrimoine-aoustois.fr\\\/#organization\",\"name\":\"histoire patrimoine aoustois\",\"url\":\"https:\\\/\\\/histoire-patrimoine-aoustois.fr\\\/\",\"logo\":{\"@type\":\"ImageObject\",\"inLanguage\":\"fr-FR\",\"@id\":\"https:\\\/\\\/histoire-patrimoine-aoustois.fr\\\/#\\\/schema\\\/logo\\\/image\\\/\",\"url\":\"\",\"contentUrl\":\"\",\"caption\":\"histoire patrimoine aoustois\"},\"image\":{\"@id\":\"https:\\\/\\\/histoire-patrimoine-aoustois.fr\\\/#\\\/schema\\\/logo\\\/image\\\/\"}},{\"@type\":\"Person\",\"@id\":\"https:\\\/\\\/histoire-patrimoine-aoustois.fr\\\/#\\\/schema\\\/person\\\/37a62d238dcee0c26cbd84b5b753e806\",\"name\":\"c.grangeon@orange.fr\",\"image\":{\"@type\":\"ImageObject\",\"inLanguage\":\"fr-FR\",\"@id\":\"https:\\\/\\\/secure.gravatar.com\\\/avatar\\\/cc761b3b59da1005e87bc0d8d6ae0ecd5168729c45828cb7f6f0db169d1b9b5a?s=96&d=blank&r=g\",\"url\":\"https:\\\/\\\/secure.gravatar.com\\\/avatar\\\/cc761b3b59da1005e87bc0d8d6ae0ecd5168729c45828cb7f6f0db169d1b9b5a?s=96&d=blank&r=g\",\"contentUrl\":\"https:\\\/\\\/secure.gravatar.com\\\/avatar\\\/cc761b3b59da1005e87bc0d8d6ae0ecd5168729c45828cb7f6f0db169d1b9b5a?s=96&d=blank&r=g\",\"caption\":\"c.grangeon@orange.fr\"},\"sameAs\":[\"http:\\\/\\\/histoire-patrimoine-aoustois.fr\"],\"url\":\"https:\\\/\\\/histoire-patrimoine-aoustois.fr\\\/?author=1\"}]}<\/script>\n<!-- \/ Yoast SEO plugin. -->","yoast_head_json":{"title":"Le passage de \"la beille\" - HISTOIRE PATRIMOINE AOUSTOIS","description":"Agr\u00e9ables et d\u00e9j\u00e0 lointains souvenirs d' enfance, c\u2019est le souvenir du passage des \u00ab beilles \u00bb, innombrables troupeaux de b\u00eates \u00e0 laine transhumantes .","robots":{"index":"index","follow":"follow","max-snippet":"max-snippet:-1","max-image-preview":"max-image-preview:large","max-video-preview":"max-video-preview:-1"},"canonical":"https:\/\/histoire-patrimoine-aoustois.fr\/?p=5392","og_locale":"fr_FR","og_type":"article","og_title":"Le passage de \"la beille\" - HISTOIRE PATRIMOINE AOUSTOIS","og_description":"Agr\u00e9ables et d\u00e9j\u00e0 lointains souvenirs d' enfance, c\u2019est le souvenir du passage des \u00ab beilles \u00bb, innombrables troupeaux de b\u00eates \u00e0 laine transhumantes .","og_url":"https:\/\/histoire-patrimoine-aoustois.fr\/?p=5392","og_site_name":"HISTOIRE PATRIMOINE AOUSTOIS","article_published_time":"2022-03-01T12:22:32+00:00","article_modified_time":"2022-05-04T04:46:27+00:00","og_image":[{"url":"https:\/\/static.neopse.com\/medias\/p\/523\/site\/ed\/7e\/0e\/ed7e0e7b02f4d28758003e5bb2ca5a036a4111bb.png?v=v1","type":"","width":"","height":""}],"author":"c.grangeon@orange.fr","twitter_card":"summary_large_image","twitter_misc":{"\u00c9crit par":"c.grangeon@orange.fr","Dur\u00e9e de lecture estim\u00e9e":"5 minutes"},"schema":{"@context":"https:\/\/schema.org","@graph":[{"@type":"Article","@id":"https:\/\/histoire-patrimoine-aoustois.fr\/?p=5392#article","isPartOf":{"@id":"https:\/\/histoire-patrimoine-aoustois.fr\/?p=5392"},"author":{"name":"c.grangeon@orange.fr","@id":"https:\/\/histoire-patrimoine-aoustois.fr\/#\/schema\/person\/37a62d238dcee0c26cbd84b5b753e806"},"headline":"Le passage de \u00ab\u00a0la beille\u00a0\u00bb","datePublished":"2022-03-01T12:22:32+00:00","dateModified":"2022-05-04T04:46:27+00:00","mainEntityOfPage":{"@id":"https:\/\/histoire-patrimoine-aoustois.fr\/?p=5392"},"wordCount":820,"commentCount":0,"publisher":{"@id":"https:\/\/histoire-patrimoine-aoustois.fr\/#organization"},"image":{"@id":"https:\/\/histoire-patrimoine-aoustois.fr\/?p=5392#primaryimage"},"thumbnailUrl":"https:\/\/static.neopse.com\/medias\/p\/523\/site\/ed\/7e\/0e\/ed7e0e7b02f4d28758003e5bb2ca5a036a4111bb.png?v=v1","articleSection":["Chroniques aoustoises"],"inLanguage":"fr-FR","potentialAction":[{"@type":"CommentAction","name":"Comment","target":["https:\/\/histoire-patrimoine-aoustois.fr\/?p=5392#respond"]}]},{"@type":"WebPage","@id":"https:\/\/histoire-patrimoine-aoustois.fr\/?p=5392","url":"https:\/\/histoire-patrimoine-aoustois.fr\/?p=5392","name":"Le passage de \"la beille\" - HISTOIRE PATRIMOINE AOUSTOIS","isPartOf":{"@id":"https:\/\/histoire-patrimoine-aoustois.fr\/#website"},"primaryImageOfPage":{"@id":"https:\/\/histoire-patrimoine-aoustois.fr\/?p=5392#primaryimage"},"image":{"@id":"https:\/\/histoire-patrimoine-aoustois.fr\/?p=5392#primaryimage"},"thumbnailUrl":"https:\/\/static.neopse.com\/medias\/p\/523\/site\/ed\/7e\/0e\/ed7e0e7b02f4d28758003e5bb2ca5a036a4111bb.png?v=v1","datePublished":"2022-03-01T12:22:32+00:00","dateModified":"2022-05-04T04:46:27+00:00","description":"Agr\u00e9ables et d\u00e9j\u00e0 lointains souvenirs d' enfance, c\u2019est le souvenir du passage des \u00ab beilles \u00bb, innombrables troupeaux de b\u00eates \u00e0 laine transhumantes .","breadcrumb":{"@id":"https:\/\/histoire-patrimoine-aoustois.fr\/?p=5392#breadcrumb"},"inLanguage":"fr-FR","potentialAction":[{"@type":"ReadAction","target":["https:\/\/histoire-patrimoine-aoustois.fr\/?p=5392"]}]},{"@type":"ImageObject","inLanguage":"fr-FR","@id":"https:\/\/histoire-patrimoine-aoustois.fr\/?p=5392#primaryimage","url":"https:\/\/static.neopse.com\/medias\/p\/523\/site\/ed\/7e\/0e\/ed7e0e7b02f4d28758003e5bb2ca5a036a4111bb.png?v=v1","contentUrl":"https:\/\/static.neopse.com\/medias\/p\/523\/site\/ed\/7e\/0e\/ed7e0e7b02f4d28758003e5bb2ca5a036a4111bb.png?v=v1"},{"@type":"BreadcrumbList","@id":"https:\/\/histoire-patrimoine-aoustois.fr\/?p=5392#breadcrumb","itemListElement":[{"@type":"ListItem","position":1,"name":"Accueil","item":"https:\/\/histoire-patrimoine-aoustois.fr\/"},{"@type":"ListItem","position":2,"name":"Le passage de \u00ab\u00a0la beille\u00a0\u00bb"}]},{"@type":"WebSite","@id":"https:\/\/histoire-patrimoine-aoustois.fr\/#website","url":"https:\/\/histoire-patrimoine-aoustois.fr\/","name":"HISTOIRE PATRIMOINE AOUSTOIS","description":"","publisher":{"@id":"https:\/\/histoire-patrimoine-aoustois.fr\/#organization"},"potentialAction":[{"@type":"SearchAction","target":{"@type":"EntryPoint","urlTemplate":"https:\/\/histoire-patrimoine-aoustois.fr\/?s={search_term_string}"},"query-input":{"@type":"PropertyValueSpecification","valueRequired":true,"valueName":"search_term_string"}}],"inLanguage":"fr-FR"},{"@type":"Organization","@id":"https:\/\/histoire-patrimoine-aoustois.fr\/#organization","name":"histoire patrimoine aoustois","url":"https:\/\/histoire-patrimoine-aoustois.fr\/","logo":{"@type":"ImageObject","inLanguage":"fr-FR","@id":"https:\/\/histoire-patrimoine-aoustois.fr\/#\/schema\/logo\/image\/","url":"","contentUrl":"","caption":"histoire patrimoine aoustois"},"image":{"@id":"https:\/\/histoire-patrimoine-aoustois.fr\/#\/schema\/logo\/image\/"}},{"@type":"Person","@id":"https:\/\/histoire-patrimoine-aoustois.fr\/#\/schema\/person\/37a62d238dcee0c26cbd84b5b753e806","name":"c.grangeon@orange.fr","image":{"@type":"ImageObject","inLanguage":"fr-FR","@id":"https:\/\/secure.gravatar.com\/avatar\/cc761b3b59da1005e87bc0d8d6ae0ecd5168729c45828cb7f6f0db169d1b9b5a?s=96&d=blank&r=g","url":"https:\/\/secure.gravatar.com\/avatar\/cc761b3b59da1005e87bc0d8d6ae0ecd5168729c45828cb7f6f0db169d1b9b5a?s=96&d=blank&r=g","contentUrl":"https:\/\/secure.gravatar.com\/avatar\/cc761b3b59da1005e87bc0d8d6ae0ecd5168729c45828cb7f6f0db169d1b9b5a?s=96&d=blank&r=g","caption":"c.grangeon@orange.fr"},"sameAs":["http:\/\/histoire-patrimoine-aoustois.fr"],"url":"https:\/\/histoire-patrimoine-aoustois.fr\/?author=1"}]}},"jetpack_publicize_connections":[],"jetpack_featured_media_url":"","jetpack_sharing_enabled":true,"_links":{"self":[{"href":"https:\/\/histoire-patrimoine-aoustois.fr\/index.php?rest_route=\/wp\/v2\/posts\/5392","targetHints":{"allow":["GET"]}}],"collection":[{"href":"https:\/\/histoire-patrimoine-aoustois.fr\/index.php?rest_route=\/wp\/v2\/posts"}],"about":[{"href":"https:\/\/histoire-patrimoine-aoustois.fr\/index.php?rest_route=\/wp\/v2\/types\/post"}],"author":[{"embeddable":true,"href":"https:\/\/histoire-patrimoine-aoustois.fr\/index.php?rest_route=\/wp\/v2\/users\/1"}],"replies":[{"embeddable":true,"href":"https:\/\/histoire-patrimoine-aoustois.fr\/index.php?rest_route=%2Fwp%2Fv2%2Fcomments&post=5392"}],"version-history":[{"count":0,"href":"https:\/\/histoire-patrimoine-aoustois.fr\/index.php?rest_route=\/wp\/v2\/posts\/5392\/revisions"}],"wp:attachment":[{"href":"https:\/\/histoire-patrimoine-aoustois.fr\/index.php?rest_route=%2Fwp%2Fv2%2Fmedia&parent=5392"}],"wp:term":[{"taxonomy":"category","embeddable":true,"href":"https:\/\/histoire-patrimoine-aoustois.fr\/index.php?rest_route=%2Fwp%2Fv2%2Fcategories&post=5392"},{"taxonomy":"post_tag","embeddable":true,"href":"https:\/\/histoire-patrimoine-aoustois.fr\/index.php?rest_route=%2Fwp%2Fv2%2Ftags&post=5392"}],"curies":[{"name":"wp","href":"https:\/\/api.w.org\/{rel}","templated":true}]}}