{"id":5458,"date":"2022-03-02T14:24:12","date_gmt":"2022-03-02T14:24:12","guid":{"rendered":"https:\/\/histoire-patrimoine-aoustois.fr\/?p=5458"},"modified":"2022-05-04T04:42:04","modified_gmt":"2022-05-04T04:42:04","slug":"parcellaire-et-taille-aux-xviie-et-xviiie-siecles","status":"publish","type":"post","link":"https:\/\/histoire-patrimoine-aoustois.fr\/?p=5458","title":{"rendered":"Parcellaire et taille aux XVIIe et XVIIIe si\u00e8cles"},"content":{"rendered":"\n<p><\/p>\n\n\n\n<p><br><br><\/p>\n\n\n\n<p class=\"has-text-align-center has-text-color\" id=\"parcellaireettaille\" style=\"color:#3100ff\"><strong>PARCELLAIRE ET TAILLE AUX XVII<sup>e<\/sup> ET XVIII<sup>e<\/sup> SIECLES<\/strong><br><br><br>&nbsp;<\/p>\n\n\n\n<div class=\"wp-block-image\"><figure class=\"aligncenter\"><img decoding=\"async\" src=\"https:\/\/static.neopse.com\/medias\/p\/523\/site\/b9\/d3\/10\/b9d3108edc1bc76e50421dedd73095d3cdd30e9c.jpg?v=v1\" alt=\"\"\/><\/figure><\/div>\n\n\n\n<p><\/p>\n\n\n\n<p><\/p>\n\n\n\n<p><strong>SOMMAIRE<\/strong><br><br><br><strong>I \u2013 <a href=\"#historiqueetdefinition\" target=\"_blank\" rel=\"noreferrer noopener\">Historique et d\u00e9finition<\/a><\/strong><\/p>\n\n\n\n<p><\/p>\n\n\n\n<p><strong>II \u2013 <a href=\"#tailleetparcellaire\" target=\"_blank\" rel=\"noreferrer noopener\">Taille et Parcellaire<\/a><\/strong><\/p>\n\n\n\n<ul class=\"wp-block-list\"><li>Le collecteur d\u2019imp\u00f4t<\/li><\/ul>\n\n\n\n<p><strong>III \u2013 <a href=\"#plansdaouste\" target=\"_blank\" rel=\"noreferrer noopener\">Plans d\u2019Aouste<\/a><\/strong><\/p>\n\n\n\n<p><br><strong>IV \u2013 <a href=\"#aousteetlataille\" target=\"_blank\" rel=\"noreferrer noopener\">Aouste et la taille<\/a><\/strong><\/p>\n\n\n\n<ul class=\"wp-block-list\"><li>le territoire<\/li><li>revenus<\/li><\/ul>\n\n\n\n<p><strong>V \u2013 <a href=\"#releve\" target=\"_blank\" rel=\"noreferrer noopener\">Relev\u00e9<\/a> de quelques tailles<\/strong><\/p>\n\n\n\n<p><br><strong>VI \u2013 <a href=\"#annexes\" target=\"_blank\" rel=\"noreferrer noopener\">Annexes<\/a><\/strong><\/p>\n\n\n\n<ul class=\"wp-block-list\"><li>Annexe 1&nbsp;: Propri\u00e9taires fonciers les plus riches de Aouste<\/li><li>Annexe 2&nbsp;: Collecteur et Receveurs de la taille \u00e0 Aouste<\/li><li>Annexe 3&nbsp;: Quartiers, Lieux-dits et Rues mentionn\u00e9s dans le Parcellaire<\/li><li>Annexe 4&nbsp;: Noms de famille d\u2019Aouste r\u00e9pertori\u00e9s<\/li><li>Annexe 5&nbsp;: M\u00e9tiers et qualifications relev\u00e9s en 1731<\/li><\/ul>\n\n\n\n<p><strong>VII \u2013 <a href=\"#glossaire\" target=\"_blank\" rel=\"noreferrer noopener\">Glossaire<\/a><\/strong><\/p>\n\n\n\n<p><\/p>\n\n\n\n<p class=\"has-text-align-center has-text-color has-large-font-size\" style=\"color:#3100fb\"><br><br><strong>&#8212;&#8212;&#8212;&#8212;&#8212;&#8212;&#8212;-<\/strong><br><\/p>\n\n\n\n<p><br><br><strong>I \u2013 Historique et d\u00e9finition<\/strong><br><\/p>\n\n\n\n<h2 class=\"wp-block-heading\" id=\"historiqueetdefinition\"><\/h2>\n\n\n\n<h2 class=\"wp-block-heading\" id=\"historiqueetdefinition\"><\/h2>\n\n\n\n<p><\/p>\n\n\n\n<p><\/p>\n\n\n\n<p><strong>Introduction<\/strong><\/p>\n\n\n\n<p><br><\/p>\n\n\n\n<p>La notion de cadastre, quel que soit le lieu ou l\u2019\u00e9poque, est toujours li\u00e9e \u00e0 la possession du sol et \u00e0 ses modalit\u00e9s d\u2019occupation&nbsp;; son histoire se confond pratiquement avec l\u2019histoire \u00e9conomique des peuples.<br><br>L\u2019administration a toujours manifest\u00e9 sa volont\u00e9 d\u2019appr\u00e9hender l\u2019espace sur laquelle elle exerce son activit\u00e9 et donc ressenti la n\u00e9cessit\u00e9 de cadastrer.<br><br>En effet, d\u00e8s l\u2019origine des soci\u00e9t\u00e9s, la possession de la terre a jou\u00e9 un r\u00f4le essentiel et a constitu\u00e9 l\u2019une des bases de la richesse individuelle. Les collectivit\u00e9s ont donc pens\u00e9 tr\u00e8s t\u00f4t \u00e0 op\u00e9rer un pr\u00e9l\u00e8vement sur cette forme de richesse facile \u00e0 d\u00e9celer et \u00e0 atteindre. Une r\u00e9partition correcte de ce pr\u00e9l\u00e8vement suppose de conna\u00eetre l\u2019\u00e9tendue, la nature et la valeur des biens, d\u2019o\u00f9 la n\u00e9cessit\u00e9 d\u2019\u00e9tablir un \u00e9tat descriptif et \u00e9valuatifs des sols.<br><br>Le cadastre, appel\u00e9 est l\u2019instrument indispensable d\u2019une r\u00e9partition \u00e9quitable de la contribution fonci\u00e8re, et son origine remonte aux temps les plus anciens. Il existait un cadastre dans les r\u00e9publiques grecques de l\u2019Asie Mineure payant tribut. Le cens, \u00e9tabli \u00e0 Rome par Servius Tullius, \u00e9tait bas\u00e9 sur une sorte de cadastre dress\u00e9 \u00e0 l\u2019aide des d\u00e9clarations des citoyens. C\u2019est Jules C\u00e9sar qui fit entreprendre le mesurage du territoire de l\u2019empire romain, mais c\u2019est Auguste qui termina l\u2019\u0153uvre. C\u2019est ce dernier qui fit ex\u00e9cuter le premier recensement dans les Gaules, o\u00f9 l\u2019imp\u00f4t foncier et le syst\u00e8me cadastral romain subsist\u00e8rent pour faire place plus tard aux tailles.<br><br><strong>I \u2013 Historique<\/strong><br><br>De tout temps les gouvernements ont reconnu les avantages du cadastre. Sous Charles VIII, les \u00c9tats g\u00e9n\u00e9raux avaient demand\u00e9 son \u00e9tablissement dans toute la France. Puis cette demande appara\u00eet encore dans les cahiers de dol\u00e9ances. De nombreux essais ont \u00e9t\u00e9 effectu\u00e9s avant 1790, mais le cadastre g\u00e9n\u00e9ral de la France n\u2019existait pas lorsque l\u2019Assembl\u00e9e constituante fit de la contribution fonci\u00e8re la base de son syst\u00e8me financier. L\u2019Assembl\u00e9e jeta les bases d\u2019un cadastre en ordonnant par les lois d\u2019ao\u00fbt et septembre 1791 de lever des plans de masses pr\u00e9sentant la circonscription de la commune et sa division en section et des plans de d\u00e9tail indiquant les parcelles qui composaient le territoire de chaque commune.<br><br>Les \u00e9v\u00e9nements politiques entrav\u00e8rent l\u2019ex\u00e9cution de ce travail et le gouvernement consulaire ordonna de proc\u00e9der \u00e0 l\u2019arpentage partiel de certaines communes, par section et par nature de culture. Un arr\u00eat\u00e9 du 12 Brumaire an XI prescrivit d\u2019\u00e9tendre ces travaux \u00e0 toutes les communes, puis une instruction minist\u00e9rielle de 1805 ordonna de faire des expertises parcellaires \u00e0 l\u2019aide des plans par masses de culture.<br><br>De nouvelles difficult\u00e9s surgirent et c\u2019est la loi du 15 septembre 1807 qui instaura le cadastre g\u00e9n\u00e9ral parcellaire de la France.<br><br><strong>D\u00e9finition<\/strong><br><br>De mani\u00e8re classique, le cadastre est consid\u00e9r\u00e9 comme &nbsp;\u00bb&nbsp;l\u2019\u00e9tat civil de la propri\u00e9t\u00e9 fonci\u00e8re&nbsp;\u00ab&nbsp;.<br>Plus pr\u00e9cis\u00e9ment, il peut se d\u00e9finir comme \u00e9tant &nbsp;\u00bb&nbsp;l\u2019inventaire g\u00e9n\u00e9ral des immeubles b\u00e2tis et non b\u00e2tis d\u2019un territoire communal, individualis\u00e9s dans leur consistance, gr\u00e2ce \u00e0 une repr\u00e9sentation planim\u00e9trique parcellaire, dans leur utilit\u00e9 \u00e9conomique (rendement) et dans leur appartenance, afin d\u2019apporter \u00e0 l\u2019administration une estimation suffisamment exacte pour r\u00e9partir \u00e9quitablement les impositions sur la propri\u00e9t\u00e9 fonci\u00e8re&nbsp;\u00ab&nbsp;.<br>Cet inventaire se traduit le plus souvent par l\u2019\u00e9tablissement d\u2019une documentation graphique (plans cadastraux) et d\u2019une documentation litt\u00e9rale (registres, fichiers).<\/p>\n\n\n\n<h2 class=\"wp-block-heading\" id=\"historiqueetdefinition\"><\/h2>\n\n\n\n<p id=\"tailleetparcellaire\"><br><strong>II \u2013 Taille et Parcellaire<\/strong><\/p>\n\n\n\n<p>La taille est un imp\u00f4t direct de l\u2019Ancien R\u00e9gime La taille est royale est sans doute la plus ancienne. On attribue commun\u00e9ment l\u2019\u00e9tablissement des tailles \u00e0 St Louis. Elles sont cependant beaucoup plus anciennes. La plus ancienne ordonnance qui fasse mention de la taille, est celle de Philippe Auguste en 1190, appel\u00e9e commun\u00e9ment \u00ab&nbsp;le testament de Philippe Auguste&nbsp;\u00bb.<\/p>\n\n\n\n<p>En Dauphin\u00e9, pays d\u2019Etat, donc pays de taille r\u00e9elle, la r\u00e9partition de l\u2019imp\u00f4t sur les contribuables et son recouvrement se faisaient par l\u2019interm\u00e9diaire des officiers municipaux, derniers r\u00e9partiteurs et premiers collecteurs des taxes.<\/p>\n\n\n\n<p>C\u2019est un imp\u00f4t foncier pay\u00e9 exclusivement par les propri\u00e9taires de terres roturi\u00e8res quelque soit leur condition. Les terres dites nobles, les revenus autres que fonciers ne sont pas assujettis \u00e0 la taille r\u00e9elle Les pays de taille r\u00e9elle avait deux avantages sur les autres: la multiplication des privil\u00e8ges n\u2019y diminuait pas le nombre des taillables, et, l\u2019assiette de la taille y ayant une base l\u2019arbitraire n\u2019avait pas aussi facilement libre cours que dans les pays de taille personnelle<\/p>\n\n\n\n<p>Seuls les biens roturiers sont soumis \u00e0 la taille, qu\u2019ils appartiennent \u00e0 des nobles ou \u00e0 des roturiers. Les biens nobles appartenant \u00e0 des familles roturi\u00e8res ou nobles ne payent pas la taille dont le montant est r\u00e9parti sur les biens roturiers<\/p>\n\n\n\n<p>Leur lev\u00e9e n\u00e9cessite une estimation de ces biens et a donn\u00e9 lieu \u00e0 l\u2019\u00e9tablissement de documents appel\u00e9s parcellaires en Dauphin\u00e9 (voir photo 2 et extraits photos 1 et 1 bis). Ces parcellaires (cadastres) indiquent la surface, en s\u00e9t\u00e9r\u00e9es (2279m2 \u00e0 Aouste), quartel\u00e9es (570 m2) et civayers (95 m2) ainsi que la valeur des terres, en livres, sols et deniers, pour chaque propri\u00e9taire de biens d\u2019une communaut\u00e9 et en d\u00e9terminent la taille.<\/p>\n\n\n\n<p><br><\/p>\n\n\n\n<div class=\"wp-block-image\"><figure class=\"aligncenter\"><img decoding=\"async\" src=\"https:\/\/static.neopse.com\/medias\/p\/523\/site\/d6\/19\/fa\/d619fa1b4e9fdcf1cd68e33bdfec5235d82e4bac.png?v=v1\" alt=\"\"\/><figcaption><strong>Photo 1<\/strong><\/figcaption><\/figure><\/div>\n\n\n\n<p><br>2 extraits du cartulaire du XVII\u00b0 s d\u2019Aouste concernant les estimes d\u2019un fonds<\/p>\n\n\n\n<p><br><\/p>\n\n\n\n<div class=\"wp-block-image\"><figure class=\"aligncenter\"><img decoding=\"async\" src=\"https:\/\/static.neopse.com\/medias\/p\/523\/site\/1f\/9b\/28\/1f9b286fed65dbcfe82563d50251853d75839ce8.jpg?v=v1\" alt=\"L\u2019attribut alt de cette image est vide, son nom de fichier est 1f9b286fed65dbcfe82563d50251853d75839ce8.jpg.\"\/><\/figure><\/div>\n\n\n\n<p><br><br><br><br>&nbsp; Le parcellaire (cadastre) sert \u00e0 r\u00e9partir les impositions sur tous les immeubles qui d\u00e9pendent de la communaut\u00e9 en fonction d\u2019un taux qui lui est affect\u00e9 appel\u00e9 \u00ab&nbsp;allivrement&nbsp;\u00bb ou \u00ab&nbsp;presage&nbsp;\u00bb et qui correspond \u00e0 la quote-part des impositions que les propri\u00e9taires de la communaut\u00e9 doivent payer. Le parcellaire \u00e9tablit le taux d\u2019imposition des biens, pas de ceux qui les d\u00e9tiennent.<br><br><br>Un parcellaire d\u2019Aouste du XVII\u00b0 v\u00e9rifi\u00e9 en 1697 par l\u2019Intendant du Dauphin\u00e9 Etienne-Jean Bouchu, reli\u00e9 sous planchettes de bois, contient 1824 feuillets ( photo 2) &nbsp;<\/p>\n\n\n\n<p><\/p>\n\n\n\n<p><br><\/p>\n\n\n\n<div class=\"wp-block-image\"><figure class=\"aligncenter\"><img decoding=\"async\" src=\"https:\/\/static.neopse.com\/medias\/p\/523\/site\/1e\/5e\/da\/1e5edaa1a5a5b5b5a2aaa2af50613acbb45ef6ae.png?v=v1\" alt=\"\"\/><figcaption><strong>Photo 2 :Parcellaire d\u2019Aouste du XVIII\u00b0 s<\/strong><\/figcaption><\/figure><\/div>\n\n\n\n<p>&nbsp;<\/p>\n\n\n\n<p>La r\u00e9partition des impositions se fait \u00e0 plusieurs niveaux. Apr\u00e8s finalit\u00e9s du Conseil du Roi elle est r\u00e9partie dans la G\u00e9n\u00e9ralit\u00e9 de la Province en ce qui lui impartit et celle-ci la r\u00e9partit sur toutes les communaut\u00e9s de sa circonscription.<br><br>C\u2019est un registre public qui contient la qualit\u00e9, l\u2019estimation et le nom des propri\u00e9taires des fonds de la communaut\u00e9. Il sert \u00e0 r\u00e9partir les impositions sur tous les immeubles et droits r\u00e9els qui d\u00e9pendent de la communaut\u00e9. Dans ce document sont mentionn\u00e9s les biens immobiliers de chaque propri\u00e9taire, d\u00e9finis sur le terrain avec une valeur mon\u00e9taire attribu\u00e9e \u00e0 chaque parcelle, valeur \u00e9tablie en livres, sols et deniers Il comptabilise essentiellement des biens immobiliers: maisons, immeubles, fonds, indiqu\u00e9s selon leur valeur, avec mention des \u00ab&nbsp;confronts&nbsp;\u00bb* Ces biens sont estim\u00e9s selon leur valeur, laquelle va servir de base \u00e0 l\u2019imp\u00f4t: c\u2019est l\u2019allivrement. L\u2019estimation est faite sur la valeur des biens auxquels des appr\u00e9ciations d\u2019ordre qualitatif s\u2019ajoutent aux superficies d\u00e9clar\u00e9es. En effet, la plupart du temps, il s\u2019agit de d\u00e9valuer les biens, dans le but d\u2019abaisser la valeur estim\u00e9e et donc l\u2019imp\u00f4t. C\u2019est pourquoi l\u2019on trouve des mentions telles que : \u00ab&nbsp;de faible valeur&nbsp;\u00bb,&nbsp;\u00bbterre inculte&nbsp;\u00bb, \u00ab&nbsp;peu de valeur&nbsp;\u00bbou \u00ab&nbsp;v\u00e9tuste&nbsp;\u00bb.<br><br>C\u2019est un document recensant les richesses d\u2019une communaut\u00e9, pour servir de base \u00e0 un imp\u00f4t communal . Les sommes lev\u00e9es sont destin\u00e9es \u00e0 l\u2019entretien des remparts et des voiries, ainsi qu\u2019au paiement du personnel municipal. C\u2019est un instrument de gestion des finances locales. Il est \u00e9tabli soit par un notaire, secr\u00e9taire de la communaut\u00e9 ou autre officier de la dite communaut\u00e9. L\u2019\u00e9tablissement d\u2019un parcellaire est une op\u00e9ration longue et co\u00fbteuse (d\u00e9lib\u00e9rations de la communaut\u00e9, adjudication, arpentage et estimation contradictoire des biens, contestations, \u00e9laboration, frais de papier, etc\u2026)<br><br>Il permet en outre de conna\u00eetre les noms de famille (voir annexe 4) et parfois les m\u00e9tiers ou qualit\u00e9s ( voir annexe 5) des habitants, mais en contre partie aucune mention des non propri\u00e9taires. De m\u00eame, avec ces noms, certains nous sont familiers, nous d\u00e9couvrons des quartiers qui ont disparu de notre m\u00e9moire ( voir annexe 3)<br><br>Le parcellaire enregistre seul les propri\u00e9taires que ces gens soient eccl\u00e9siastiques, nobles, manants, roturiers ou forains (personnes ayant des terres sur la communaut\u00e9 et n\u2019habitant pas Aouste). Il enregistre une large part de la population masculine, adulte et contribuable, f\u00e9minine lorsque celle-ci est chef de famille (veuve en g\u00e9n\u00e9ral). Toute une tranche de la population compos\u00e9e de personnes jug\u00e9es trop pauvres ou mis\u00e9reuses n\u2019y figure pas, de m\u00eame les adultes qui vivent dans la d\u00e9pendance ou dans la domesticit\u00e9, un domestique vivant chez autrui n\u2019est pas chef de feu.<br><br>En Dauphin\u00e9, par cons\u00e9quence sur Aouste, la notion de \u00ab&nbsp;feu&nbsp;\u00bb n\u2019\u00e9voquait nullement la notion de famille ou m\u00e9nage mais d\u00e9signait un ensemble de propri\u00e9t\u00e9s immobili\u00e8res de toute nature rapportant 2400 livres par an et suivant le parcellaire divis\u00e9 en \u00ab&nbsp;feux nobles&nbsp;\u00bb et \u00ab&nbsp;feux roturiers&nbsp;\u00bb. Les \u00ab&nbsp;feux nobles&nbsp;\u00bb comprenaient des biens l\u00e9galement affranchis de la taille et n\u2019avaient \u00e0 supporter que certaines impositions locales<br><br>Seul le nom du chef de famille est indiqu\u00e9 dans les registres. Le montant de la taille est fix\u00e9 plus ou moins arbitrairement en fonction des besoins seigneuriaux et des capacit\u00e9s de la population d\u2019o\u00f9 la plainte des assujettis d\u2019\u00eatre &nbsp;\u00bb taillables et corv\u00e9ables \u00e0 merci&nbsp;\u00bb.<br><br>La taille ne p\u00e8se pas sur tout le corps social . Les nobles paient \u00ab&nbsp;le prix du sang&nbsp;\u00bb en participant aux guerres et en payant l\u2019\u00e9quipement militaire. Les eccl\u00e9siastiques prient pour tout le monde. Que la Noblesse et le clerg\u00e9 soient \u00e9pargn\u00e9s est un principe fondamental de l\u2019Ancien R\u00e9gime Ceux qui travaillent doivent donc supporter l\u2019essentiel de la charge de l\u2019imp\u00f4t. Cependant, beaucoup d\u2019officiers de justice et de finances incontestablement roturiers , parviennent \u00e0 \u00e9chapper aux imp\u00f4ts ordinaires Les biens nobles appartenant \u00e0 des familles roturi\u00e8res ou nobles ne payent pas la taille dont le montant est r\u00e9parti sur les biens roturiers<br><br>Les d\u00e9clarations relev\u00e9es par l\u2019estimateur ne suivent pas un ordre nominal alphab\u00e9tique mais g\u00e9n\u00e9ralement plut\u00f4t par ordre de pr\u00e9nom. En premier, on inscrit l\u2019immobilier b\u00e2ti, ensuite, se trouve la description des biens non b\u00e2tis. Le texte de la d\u00e9claration commence par le num\u00e9ro d\u2019ordre, le num\u00e9ro du folio de parcellaire, le pr\u00e9nom, le nom (suivi parfois du m\u00e9tier ou de la qualit\u00e9), le lieu de situation de bien, la superficie du bien , les confronts (levant, couchant, bise et vent) et le montant de l\u2019estime. Cette estime est toujours \u00e9valu\u00e9e en monnaie tournois jusqu\u2019en 1678 ( abolition de la livre tournois par Louis XIV)<br><br>En principe les tailles s\u2019imposent chaque ann\u00e9e en un r\u00f4le unique cependant, en pratique s\u2019imposaient des tailles \u00ab&nbsp;n\u00e9gociales&nbsp;\u00bb (tailles extraordinaires qui sont pour le g\u00e9n\u00e9ral de la province ou pour les lieux ou communaut\u00e9s particuli\u00e8res), tailles \u00ab&nbsp;d\u2019 \u00e9tape&nbsp;\u00bb et autres \u00ab&nbsp;aides&nbsp;\u00bb. Pour les ann\u00e9es 1655 et 1656, on d\u00e9nombre dix r\u00f4les de taille sur la communaut\u00e9 d\u2019Aouste.<br><br>Les tailles devaient \u00eatre pay\u00e9es le 1\u00b0 d\u00e9cembre pr\u00e9c\u00e9dent l\u2019ann\u00e9e qu\u2019elles concernaient et le dernier jour de f\u00e9vrier, le 30 avril et le 1\u00b0 octobre<br><br>L\u2019\u00e9tablissement des parcellaires en Dauphin\u00e9 est, comme nos transactions modernes, dress\u00e9 apr\u00e8s un v\u00e9ritable appel d\u2019offres ayant \u00ab&nbsp;prix fait&nbsp;\u00bb (devis ferme), \u00e9ch\u00e9anciers ainsi que la d\u00e9finition d\u2019un cahier des charges, la d\u00e9signation des responsables et des experts . Il fallait v\u00e9rifier les surfaces, \u00e9valuer la productivit\u00e9 d\u2019une terre suivant une \u00e9chelle de valeur, classer les biens b\u00e2tis suivant leur commodit\u00e9, \u00e9tat, modernit\u00e9 (toiture, cave \u2026). Ainsi chaque poss\u00e9dant conna\u00eet alors sa place dans la communaut\u00e9 par le montant de la taille qui lui est attach\u00e9e.<br><br>Chaque ann\u00e9e les consuls re\u00e7oivent le \u00ab&nbsp;lan\u00e7on de la taille&nbsp;\u00bb, ( photo 3) document par lequel la G\u00e9n\u00e9ralit\u00e9 de Grenoble fait savoir \u00e0 la communaut\u00e9 dans son ensemble, quelle somme elle aura \u00e0 payer pour l\u2019ann\u00e9e. Moyennant certaines additions faites \u00e0 cette somme pour les d\u00e9penses propres \u00e0 la communaut\u00e9 et pour r\u00e9tribuer le collecteur ou receveur de la taille, cette somme sera r\u00e9partie entre les divers propri\u00e9taires proportionnellement \u00e0 leur \u00ab&nbsp;allivrement&nbsp;\u00bb ou \u00ab&nbsp;prisage&nbsp;\u00bb cadastral<\/p>\n\n\n\n<p><br><\/p>\n\n\n\n<div class=\"wp-block-image\"><figure class=\"aligncenter\"><img decoding=\"async\" src=\"https:\/\/static.neopse.com\/medias\/p\/523\/site\/06\/27\/16\/0627160a6ce1dd21b13c1f5a4ee2239c6bc5a27b.jpg?v=v1\" alt=\"\"\/><figcaption><strong>Photo 3:Lan\u00e7on pour la taille de 1766 \u00e0 Aouste (Page 1)<\/strong><\/figcaption><\/figure><\/div>\n\n\n\n<div class=\"wp-block-image\"><figure class=\"aligncenter\"><img decoding=\"async\" src=\"https:\/\/static.neopse.com\/medias\/p\/523\/site\/10\/2a\/90\/102a90d21093082f82c9896e7c8e7069afe9fe6a.jpg?v=v1\" alt=\"\"\/><figcaption>Photo 3 :Lan\u00e7on <strong>pour la taille de 1766 \u00e0 Aouste (Page 2)<\/strong><\/figcaption><\/figure><\/div>\n\n\n\n<div class=\"wp-block-image\"><figure class=\"aligncenter\"><img fetchpriority=\"high\" decoding=\"async\" width=\"510\" height=\"488\" src=\"https:\/\/histoire-patrimoine-aoustois.fr\/wp-content\/uploads\/2022\/02\/parcellaire-et-taille-lancon-page-3-1.jpg\" alt=\"\" class=\"wp-image-2478\" srcset=\"https:\/\/histoire-patrimoine-aoustois.fr\/wp-content\/uploads\/2022\/02\/parcellaire-et-taille-lancon-page-3-1.jpg 510w, https:\/\/histoire-patrimoine-aoustois.fr\/wp-content\/uploads\/2022\/02\/parcellaire-et-taille-lancon-page-3-1-300x287.jpg 300w\" sizes=\"(max-width: 510px) 100vw, 510px\" \/><figcaption>Photo 3:Lan\u00e7on pour la <strong>taille de 1766 \u00e0 Aouste (Page 3)<\/strong><\/figcaption><\/figure><\/div>\n\n\n\n<p><br><br>&nbsp; En Dauphin\u00e9 la taille est une charge incluse dans les finances municipales sous la responsabilit\u00e9 des officiers de la communaut\u00e9 et peut-\u00eatre d\u00e9l\u00e9gu\u00e9e \u00e0 des fermiers . Une fois les caract\u00e8res des diff\u00e9rentes tailles bien d\u00e9finis par le Conseil du Roi, elles sont r\u00e9parties dans l\u2019Election puis sur la communaut\u00e9 qui \u00e9tablissait le r\u00f4le de taille. La charge de collecteur ou receveur est soumise \u00e0 \u00ab&nbsp;bail de collecte&nbsp;\u00bb ou recette sous conditions l\u00e9gales et attribu\u00e9e apr\u00e8s cri\u00e9e publique place de la Croisi\u00e8re, souvent parmi les plus ais\u00e9s du village. Le collecteur est d\u00e9dommag\u00e9 par des droits de recette pr\u00e9vus par la l\u00e9gislation pour rembourser leur frais<br><br>A noter qu\u2019\u00e0 partir de 1695 Louis XIV instaura la \u2018&nbsp;\u00bbcapitation&nbsp;\u00bb \u00e0 la suite de la crise \u00e9conomique de 1692 \u00e0 1694 et des difficult\u00e9s financi\u00e8res dues \u00e0 la guerre de la Ligue d\u2019Augsbourg. La capitation est une taxe ou une imposition temporaire qui se l\u00e8ve sur chaque personne \u00e0 raison de son travail, de son industrie ou de sa charge. Imp\u00f4t sur les personnes, il touche l\u2019ensemble des Fran\u00e7ais, y compris les privil\u00e9gi\u00e9s<br><br><strong>le collecteur d\u2019imp\u00f4t<\/strong><br><br>La collecte au niveau de la communaut\u00e9 est assur\u00e9e par des \u00ab collecteurs \u00bb. Ils sont indemnis\u00e9s suivant \u00ab&nbsp;un bail de recette&nbsp;\u00bb vot\u00e9 en assembl\u00e9e g\u00e9n\u00e9rale.<br>Ils sont nomm\u00e9s chaque ann\u00e9e en septembre par les habitants de la communaut\u00e9 assembl\u00e9s \u00e0 l\u2019issue de la grand-messe, apr\u00e8s publication aux pr\u00f4nes deux dimanches cons\u00e9cutifs. Ils peuvent \u00eatre nomm\u00e9s plusieurs ann\u00e9es cons\u00e9cutives.<br>Ils r\u00e9partissent le montant impos\u00e9 chaque ann\u00e9e \u00e0 la communaut\u00e9 entre les habitants : ce r\u00f4le, ou assiette des tailles doit, normalement (pas toujours!), pr\u00e9ciser, outre le nom, la profession. Ce faisant, les collecteurs ne peuvent favoriser leurs proches, qu\u2019ils ne peuvent taxer moins que l\u2019ann\u00e9e pr\u00e9c\u00e9dente.<br>Les collecteurs sont responsables solidairement du recouvrement, sous peine d\u2019emprisonnement. Un septuag\u00e9naire ne peut donc pas \u00eatre nomm\u00e9 collecteur, puisque la loi pr\u00e9voit qu\u2019il est exempt\u00e9 de contrainte par corps. S\u2019il accepte une telle nomination, il devient contraignable par corps pour le fait de cette commission.<br>On pouvait sous-traiter la collecte (cas \u00e0 Aouste en 1683 et 1684, 1688 et 1689, 1757, \u2026.)<br>Pratiquement, beaucoup d\u2019habitants peuvent devenir collecteur au moins une fois au cours de leur vie. Ils ne savent pas tous lire, car le r\u00f4le peut \u00eatre \u00e9crit par un officier de seigneurie : greffier, notaire, avocat ou juge.. On leur demande seulement de savoir compter, et d\u2019avoir autorit\u00e9 et courage pour se faire payer des r\u00e9calcitrants, au besoin par la force.<br>La charge de collecteur est ingrate apportant plus d\u2019ennuis que d\u2019avantages (collecte \u00e0 domicile, relations sociales, risque de saisie et d\u2019emprisonnement en cas de retard, transmission de la charge \u00e0 ses h\u00e9ritiers ( cas \u00e0 Aouste de 1740 \u00e0 1743: Marie Achard dut se substituer \u00e0 son mari Jean Pierre Achard d\u00e9c\u00e9d\u00e9)<br><br>Le fait que l\u2019on peut savoir compter et ne pas savoir \u00e9crire, et que la majorit\u00e9 de nos anc\u00eatres savaient un peu compter, assez pour savoir au moins payer les imp\u00f4ts. n\u2019emp\u00eachait pas d\u2019 \u00eatre nomm\u00e9s, au moins une ann\u00e9e, collecteur de tout autre imp\u00f4t. Donc, lorsque l\u2019on voit la mention \u00ab collecteur de l\u2019imp\u00f4t \u00bb on ne peut en aucun conclure \u00e0 une fonction demandant le \u00ab savoir \u00e9crire \u00bb, mais plus simplement un service public \u00ab&nbsp;assumable&nbsp;\u00bb par tous, \u00e0 condition de savoir \u00eatre respect\u00e9, car faire rentrer l\u2019argent des autres n\u2019\u00e9tait pas une partie de plaisir.<br><br><em>(Voir la liste des receveurs \u00e0 Aouste de 1631 \u00e0 1789 en annexe 2)<\/em><br><br>Il faut que le collecteur dispose d\u2019un document \u2013 r\u00f4le \u2013 lui donnant la valeur exacte de \u00ab&nbsp;l\u2019allivrement&nbsp;\u00bb de chacun au moment de la perception de l\u2019imp\u00f4t.<br>C\u2019est \u00e0 partir du parcellaire que va \u00eatre \u00e9tabli le r\u00f4le de taille, en g\u00e9n\u00e9ral, par le secr\u00e9taire du consul, le consul et des anciens de la communaut\u00e9. Ce r\u00f4le apr\u00e8s contr\u00f4le et v\u00e9rification est remis au \u00ab&nbsp;collecteur&nbsp;\u00bb ou receveur des tailles, nomm\u00e9 par la communaut\u00e9, le consul, ch\u00e2telain ou vi-ch\u00e2telain d\u2019Aouste suivant un \u00ab&nbsp;bail \u00e0 recette ou de collecte&nbsp;\u00bb apr\u00e8s un contrat \u00ab&nbsp;\u00e0 prix fait&nbsp;\u00bb, sous conditions l\u00e9gales et attribu\u00e9 apr\u00e8s cri\u00e9e publique sur la Place de la Croisi\u00e8re Ce collecteur est souvent choisi parmi les plus ais\u00e9s de la communaut\u00e9, \u00e9tant responsable sur ses biens du recouvrement, d\u2019autant que, suivant son contrat de \u00ab&nbsp;bail en recette&nbsp;\u00bb, il devait avancer le paiement du premier quartier de la taille. Il est d\u00e9dommag\u00e9 par des droits de recette pr\u00e9vus par la l\u00e9gislation pour rembourser ses frais<br><br>A noter que l\u2019omission de v\u00e9rification et de contr\u00f4le de ces r\u00f4les entra\u00eene la nullit\u00e9 de la collecte de l\u2019imp\u00f4t. Ce qui, entre autre, se produisit \u00e0 Aouste pour la taille de 1655 et provoqua un contentieux entre le collecteur Charles L\u00e9gier, les diverses autorit\u00e9s royales et la communaut\u00e9. Ce contentieux durera jusqu\u2019\u00e0 fin 1673<br><br>A partir de l\u00e0, il ne lui reste plus qu\u2019\u00e0 additionner l\u2019ensemble des allivrements de tous les propri\u00e9taires pour conna\u00eetre l\u2019allivrement total de la communaut\u00e9 pour l\u2019ann\u00e9e en cours.<br>Connaissant ce chiffre et celui de la taille \u00e0 collecter pour la communaut\u00e9, le greffier de l\u2019Election \u00e9tablit un bar\u00e8me fixant pour chaque montant d\u2019estime l\u2019imp\u00f4t \u00e0 payer.<br><br>Il est calcul\u00e9 sur le montant total du capital de chaque contribuable selon un bar\u00e8me pr\u00e9d\u00e9fini, soit 10 sols (sous) de taille pour un capital de 50 livres; 12 sols et 6 deniers de taille pour 50 \u00e0 100 livres; 20 sols de taille pour 100 \u00e0 300 livres; 30 sols de taille pour 300 \u00e0 500 livres; 40 sols de taille pour 500 \u00e0 1000 livres et 60 sols de taille pour 1000 \u00e0 2000 livres<br><br>(voir un bar\u00e8me utilis\u00e9 \u00e0 Aouste par le collecteur en 1747 en photo 4) &nbsp;<\/p>\n\n\n\n<p><br><\/p>\n\n\n\n<div class=\"wp-block-image\"><figure class=\"aligncenter\"><img decoding=\"async\" src=\"https:\/\/static.neopse.com\/medias\/p\/523\/site\/cc\/00\/7a\/cc007ab1b9e5b64427e36af09db9f2638604d519.jpg?v=v1\" alt=\"\"\/><figcaption><strong>Photo 4 :Bar\u00e8me de collecteur 1747<\/strong><\/figcaption><\/figure><\/div>\n\n\n\n<p><br>&nbsp; Puis, le collecteur calcule, \u00e0 partir de l\u2019allivrement de chacun, l\u2019imp\u00f4t \u00e0 payer et l\u2019inscrit dans le \u00ab&nbsp;r\u00f4le de taille&nbsp;\u00bb de l\u2019ann\u00e9e. C\u2019est \u00e0 partir de ce document que le collecteur va percevoir l\u2019imp\u00f4t. (voir 2 exemplaires: photos 5 et 6)<br><br>&nbsp;<\/p>\n\n\n\n<div class=\"wp-block-image\"><figure class=\"aligncenter\"><img decoding=\"async\" width=\"519\" height=\"698\" src=\"https:\/\/histoire-patrimoine-aoustois.fr\/wp-content\/uploads\/2022\/02\/parcellaire-extrait-de-role-photo-5.jpg\" alt=\"\" class=\"wp-image-2479\" srcset=\"https:\/\/histoire-patrimoine-aoustois.fr\/wp-content\/uploads\/2022\/02\/parcellaire-extrait-de-role-photo-5.jpg 519w, https:\/\/histoire-patrimoine-aoustois.fr\/wp-content\/uploads\/2022\/02\/parcellaire-extrait-de-role-photo-5-223x300.jpg 223w\" sizes=\"(max-width: 519px) 100vw, 519px\" \/><figcaption>Photo 5 :Extrait d\u2019un r\u00f4le de <strong>taille \u00e0 Aouste de 1689 (AM Aouste CC46) &nbsp;<\/strong><\/figcaption><\/figure><\/div>\n\n\n\n<div class=\"wp-block-image\"><figure class=\"aligncenter\"><img decoding=\"async\" src=\"https:\/\/static.neopse.com\/medias\/p\/523\/site\/0e\/de\/95\/0ede959ea9a718c096958eaf44e2d708db41854d.jpg?v=v1\" alt=\"\"\/><figcaption><strong>Photo 6 : Extrait d\u2019un r\u00f4le de taille&nbsp;\u00bbn\u00e9gotiale&nbsp;\u00bb \u00e0 Aouste de 1701 (CC 47 AM Aouste)<\/strong><\/figcaption><\/figure><\/div>\n\n\n\n<p>Apr\u00e8s perception des sommes cotis\u00e9es et suivant les dates indiqu\u00e9es sur le lan\u00e7on le montant de la taille est remis au receveur de l\u2019Election de Mont\u00e9limar contre re\u00e7us Ces versements sont effectu\u00e9s suivant quatre termes. (voir 2 re\u00e7us photo 7 et 8). &nbsp;<\/p>\n\n\n\n<p><br><\/p>\n\n\n\n<div class=\"wp-block-image\"><figure class=\"aligncenter\"><img decoding=\"async\" src=\"https:\/\/static.neopse.com\/medias\/p\/523\/site\/82\/95\/34\/829534e828640cdd678063b768cd169c4b10bf4a.jpg?v=v1\" alt=\"\"\/><figcaption><strong>Photo 7 : re\u00e7u de taille<\/strong><\/figcaption><\/figure><\/div>\n\n\n\n<div class=\"wp-block-image\"><figure class=\"aligncenter\"><img decoding=\"async\" src=\"https:\/\/static.neopse.com\/medias\/p\/523\/site\/73\/80\/c5\/7380c55e182ae4a6da26eff1bcdeb70a40c24f5b.jpg?v=v1\" alt=\"\"\/><figcaption><strong>Photo 8 : re\u00e7u de taille &nbsp;<\/strong><\/figcaption><\/figure><\/div>\n\n\n\n<p id=\"plansdaoustesursye\"><br><strong>III \u2013 Plans d\u2019Aouste sur Sye<\/strong><\/p>\n\n\n\n<h2 class=\"wp-block-heading\" id=\"plansdaouste\"><\/h2>\n\n\n\n<p><br><\/p>\n\n\n\n<div class=\"wp-block-image\"><figure class=\"aligncenter\"><img decoding=\"async\" src=\"https:\/\/static.neopse.com\/medias\/p\/523\/site\/cc\/c2\/f7\/ccc2f7aea95e73f81db67b81e6940d43f74d539d.jpg?v=v1\" alt=\"\"\/><\/figure><\/div>\n\n\n\n<div class=\"wp-block-image\"><figure class=\"aligncenter\"><img decoding=\"async\" src=\"https:\/\/static.neopse.com\/medias\/p\/523\/site\/97\/22\/e1\/9722e12965c30e09db9031a38c099a0e864d9f80.jpg?v=v1\" alt=\"\"\/><\/figure><\/div>\n\n\n\n<div class=\"wp-block-image\"><figure class=\"aligncenter\"><img decoding=\"async\" src=\"https:\/\/static.neopse.com\/medias\/p\/523\/site\/07\/fa\/44\/07fa44ae272701a8409a018bd9a709d0d123b9be.jpg?v=v1\" alt=\"\"\/><\/figure><\/div>\n\n\n\n<p id=\"aousteetlataille\"><br><br><br><strong>IV \u2013 Aouste et la taill<\/strong>e<\/p>\n\n\n\n<h2 class=\"wp-block-heading\" id=\"aousteetlataille\"><\/h2>\n\n\n\n<p><br>&nbsp; Maintenant approfondissons la taille \u00e0 Aouste et ce qu\u2019elle nous apprend sur son terroir et ses habitants<br><br><br><strong>Territoire<\/strong><br><br>Aouste, en 1699, comptait 928 habitants suivant le \u00ab&nbsp;M\u00e9moire concernant les G\u00e9n\u00e9ralit\u00e9s du Royaume pour le Dauphin\u00e9&nbsp;\u00bb \u00e9tabli par l\u2019Intendant Etienne-Jean Bouchu<br><br>Sur le parcellaire de la Communaut\u00e9 d\u2019Aouste, dress\u00e9 au XVIII\u00b0 si\u00e8cle, la superficie totale du terroir \u00e9tait de 3536 s\u00e9t\u00e9r\u00e9es 1 quarte et 4 civayers soit environ 885 hectares actuels<br><br>Ce territoire \u00e9tait r\u00e9parti en :<br><br>2486 s\u00e9t\u00e9r\u00e9es de fonds roturiers taillables<br>879 s\u00e9t\u00e9r\u00e9es de fonds nobles<br>153 s\u00e9t\u00e9r\u00e9es de fonds affranchis<br><br>Parmi les 2486 s\u00e9t\u00e9r\u00e9es des fonds roturiers taillables, un tiers du territoire \u00e9tait occup\u00e9 par les hermes* ainsi que par les biens abandonn\u00e9s par leurs possesseurs (suite \u00e0 des hivers rigoureux, s\u00e9cheresse et aussi charge de l\u2019Etape ou autres tailles ), et les fonds d\u00e9truits par les rivi\u00e8res et torrents (inondations successives, notamment en 1670 ), le reste \u00e9tant r\u00e9parti en terres, pr\u00e9s, jardins et bois (11%) du territoire et divers improductifs (9,45%)<br><br>On constate que 62,31% des propri\u00e9t\u00e9s sur le terroir de Aouste est estim\u00e9 entre 2 et 20 livres , ce qui d\u00e9note une certaine \u00ab&nbsp;pauvret\u00e9&nbsp;\u00bb de celui-ci . De m\u00eame pr\u00e8s de 10% des propri\u00e9t\u00e9s sont estim\u00e9es en dessous de 2 livres, m\u00eame cinq propri\u00e9t\u00e9s sont estim\u00e9es pour \u00ab&nbsp;0&nbsp;\u00bb, et 1,47% sont estim\u00e9es entre 60 et 100 livres dont cinq en dessus de 100 livres (101 \u00e0 136 livres)<br><br>De m\u00eame on peut noter qu\u2019en 1705 le terroir d\u2019Aouste comportait 7 \u00ab&nbsp;terres nobles&nbsp;\u00bb et 13 \u00ab&nbsp;terres affranchies&nbsp;\u00bb (terres exempt\u00e9es d\u2019imp\u00f4ts et de charges publiques faites \u00e0 des particuliers). Cette situation \u00e9voluera au fil des ans suivant la volont\u00e9 du Roi Louis XIV par plusieurs arr\u00eats dans un but de gratifications mais surtout pour remplir les caisses de l\u2019Etat<br><br>Pour l\u2019occupation des sols, en ce qui concerne notre communaut\u00e9, nous pouvons constater que le morcellement du terroir est notable dans lequel la superficie des parcelles est peu importante avec 3536 set\u00e9r\u00e9es et 1720 parcelles nous devrions trouver une moyenne parcellaire d\u2019environ 2 set\u00e9r\u00e9es et 2 civayers or nous trouvons pr\u00e8s d\u2019un tiers des fonds (501) se situant entre 1 quartel\u00e9e et une set\u00e9r\u00e9e, un autre tiers (528) entre 1 et 5 s\u00e9t\u00e9r\u00e9es<br><br>Moins de 1 civayer 330 dont 287 b\u00e2timents priv\u00e9s<br>De 1 civayer \u00e0 1 quartel\u00e9e 171<br>De 1 quartel\u00e9e \u00e0 1 set\u00e9r\u00e9e 501<br>De 1 set\u00e9r\u00e9e \u00e0 5 set\u00e9r\u00e9es 528<br>De 5 set\u00e9r\u00e9es \u00e0 10 set\u00e9r\u00e9es 39<br>Plus de 10 set\u00e9r\u00e9es 24<br><br><br>Le terroir de Aouste est essentiellement occup\u00e9 par des terres cultivables (45,21%) mais de rendement moyen (c\u00e9r\u00e9ales tels bl\u00e9 froment, avoine, orge, seigle et m\u00e9teil), des pr\u00e9s (7,36%), des vignes (10,35%), des bois (10,52%), des hermes improductifs (15,49%) et le reste (11,07%) \u00e9tant la part de diverses emprises ( rivi\u00e8res, chemins, autres b\u00e2timents, etc\u2026)<br><br>Les fonds taillables roturiers repr\u00e9sentent quant \u00e0 eux 64,33% du terroir productif, les fonds taillables poss\u00e9d\u00e9s par les nobles (0,48%) et les fonds nobles exempts de taille (25,51%).<br><br>En ce qui concerne les habitations \u00e0 l\u2019int\u00e9rieur du \u00ab&nbsp;bourg&nbsp;\u00bb, avec 138 maisons sur 159 et 44 \u00ab&nbsp;chesals&nbsp;\u00bb (petites maisons plus ou moins v\u00e9tustes) sur 61, on rel\u00e8ve une certaine exigu\u00eft\u00e9 du logement :<br><br>21 maisons se situent \u00e0 moins d\u2019un quart de civayer (environ.24 m2)<br>117 maisons se situent entre un quart et un demi civayer (entre 25 et 48 m2 environ.)<br>17 chesals se situent entre un cinqui\u00e8me et un neuvi\u00e8me de civayer (entre 11 et 19 m2 environ.)<br>27 chesals se situent entre un quart et un demi civayer (entre 25 et 48 m environ.2)<br><br>Les autres maisons et \u00ab&nbsp;chesals&nbsp;\u00bb \u00e9tant r\u00e9partis sur le reste du territoire de la communaut\u00e9.<br><br>Toujours avec l\u2019aide du parcellaire nous pouvons d\u00e9nombrer le nombre de parcelles. Il appara\u00eet 1557 fonds d\u00e9tenus par 183 propri\u00e9taires (voir annexe 1) se r\u00e9partissant comme suit sur tout le territoire de la communaut\u00e9 (Graphique 1)<br><br>177 maisons<br>72 \u00ab&nbsp;chesals&nbsp;\u00bb<br>42 \u00e9curies<br>47 jardins<br>128 pr\u00e9s<br>222 vignes<br>744 terres cultivables<br>54 bois<br>165 hermes<br>19 divers dont:<br>2 cheneviers<br>7 granges<br>6 feni\u00e8res<br>2 b\u00e2timents divers<br>1 colombier<br>1 verger &nbsp;<\/p>\n\n\n\n<p><br><\/p>\n\n\n\n<figure class=\"wp-block-image\"><img decoding=\"async\" src=\"https:\/\/static.neopse.com\/medias\/p\/523\/site\/f0\/fe\/6c\/f0fe6c4a0055d341eec2c7dbbf660ff1755d9844.jpg?v=v1\" alt=\"\"\/><figcaption><strong>Graphique 1<\/strong><\/figcaption><\/figure>\n\n\n\n<p><br>En comparant le parcellaire du XVII\u00b0 si\u00e8cle v\u00e9rifi\u00e9 par l\u2019Intendant Bouchu en 1697, on s\u2019aper\u00e7oit d\u2019un net d\u00e9ficit en ce qui concerne les terres cultivables au profit des improductives ou incultes (- 41 terres) au profit des hermes (+87), de m\u00eame au niveau des habitations (-15) mais augmentation des \u00ab&nbsp;chesals&nbsp;\u00bb (+27) d\u00e9notant une d\u00e9gradation du parc immobilier<br><br>Cette d\u00e9t\u00e9rioration semble due \u00e0 une \u00e9poque troubl\u00e9e ( la Fronde, guerre de religion, destruction des murailles et sac d\u2019Aouste en 1625), guerres successives (Louis XIV engagera la France pendant 33 ans de conflits), catastrophes naturelles (inondations d\u00e9vastatrices de 1670, 1702, 1747, 1774, 1776, 1786), peste de 1628\/1629. Ces causes provoquent un exode vers les villes et aussi l\u2019appauvrissement des richesses de Aouste \u00e0 partir de la moiti\u00e9 du XVII\u00b0 si\u00e8cle<br><br>Entre autre il est int\u00e9ressant de constater qu\u2019au XVIII\u00b0 si\u00e8cle, \u00e0 l\u2019int\u00e9rieur de l\u2019enceinte des anciens remparts, limit\u00e9e actuellement par les rues des Remparts, de l\u2019All\u00e9e, des Moirans et des rivi\u00e8res Sye et Dr\u00f4me, il existait 245 constructions et qu\u2019actuellement nous en avons dans les 256. En un peu plus de trois si\u00e8cles le &nbsp;\u00bb bourg&nbsp;\u00bb s\u2019est peu modifi\u00e9.<br><br><br><strong><u>Revenus<\/u><\/strong><br><br>Consid\u00e9rons les revenus de la communaut\u00e9 qui ressort de ce parcellaire<br><br>Le total de l\u2019allivrement en g\u00e9n\u00e9ral du parcellaire de la communaut\u00e9 d\u2019Aouste y compris les forains monte \u00e0 environ 32000 livres pour lesquelles nous avons 10814 livres pour l\u2019allivrement des nobles et eccl\u00e9siastiques, 361 livres les fonds affranchis de 1658, pour les fonds roturiers monte 20555 livres et environ 300 livres d\u2019allivrement pour les non valeurs des biens abandonn\u00e9s par les possesseurs, leur peu de valeur ou destruction des rivi\u00e8res et intemp\u00e9ries<br><br>Sur les 271 b\u00e2timents priv\u00e9s qui se situent \u00e0 l\u2019int\u00e9rieur du bourg 33,95 % supportent une estime d\u2019un montant variant entre 12 sols 6 deniers et 16 sols 9 deniers et ce variant suivant la situation, l\u2019\u00e9tat de v\u00e9tust\u00e9 du b\u00e2timent, mais aussi pouvant descendre \u00e0 1 sol 6 deniers<br><br>La majorit\u00e9 (62,31%) des estimes du terroir de la communaut\u00e9 se situe entre 2 et 20 livres dont pr\u00e8s du quart (24,58%) entre 10 et 20 livres<br>Toutefois on rel\u00e8ve 12,19% des estimes en dessous d\u2019une livre, 9,89% entre 1 et 2 livres , 19,19% entre 2 et 5 livres et 1,54% entre 5 et 10 livres.<br>A partir de 20 livres les tranches d\u2019estime diminuent de moiti\u00e9 et seulement 5 estimes d\u00e9passent les 100 livres (101, 103,120,129,136 livres) Ceci d\u00e9note un capital foncier peu cons\u00e9quent (Tableau et Graphique 2 ) &nbsp;<\/p>\n\n\n\n<p><\/p>\n\n\n\n<p><br><\/p>\n\n\n\n<div class=\"wp-block-image\"><figure class=\"aligncenter\"><img decoding=\"async\" src=\"https:\/\/static.neopse.com\/medias\/p\/523\/site\/0e\/1f\/5e\/0e1f5e647005066a1c2a74219585ccbc66b4edb0.jpg?v=v1\" alt=\"\"\/><\/figure><\/div>\n\n\n\n<figure class=\"wp-block-image\"><img decoding=\"async\" src=\"https:\/\/static.neopse.com\/medias\/p\/523\/site\/48\/8e\/26\/488e26ff06213b7219092b6ae1e82a71d82eec01.jpg?v=v1\" alt=\"\"\/><figcaption><strong>Graphique 2<\/strong><\/figcaption><\/figure>\n\n\n\n<p><br>A Aouste, on peut constater un grand nombre de fonds ayant un allivrement minime inf\u00e9rieur \u00e0 2 livres (344 ), une strate restreinte de fonds allivr\u00e9s au dessus de 50 livres (45) dont 5 au dessus de 100 livres, entre les deux, une strate de fonds allivr\u00e9s entre 2 livres et 10 livres (588), et une autre de fonds de moyen allivrement entre 10 et 30 livres (110).<br><br>Il est frappant de constater que pr\u00e8s de la majorit\u00e9 du terroir de Aouste appartient \u00e0 une vingtaine de gros propri\u00e9taires. (Graphiques 3,4 et 5) (voir annexe 1)<br>Ceux-ci poss\u00e9dant des fonds dans les terres riches (Vivier, Gervanne, Bas Lauzens, Arras, Rives de Dr\u00f4me, \u2026.)<br><br>Au XVIII\u00b0 si\u00e8cle le terroir d\u2019Aouste est poss\u00e9d\u00e9 67, 45% entre de propri\u00e9taires aoustois, 32,49% de propri\u00e9taires crestois et une infime partie (0,06%) par des poss\u00e9dants de Mirabel, Saillans et autres communaut\u00e9s limitrophes<br><br><br>A titre de comparaison un journalier percevait 14 \u00e0 15 sols (sous) par jour, soit environ 200 livres par an, en sachant qu\u2019il \u00e9tait utilis\u00e9 entre 10 et 13 heures par jour, et, lorsqu\u2019il \u00e9tait nourri, il percevait 10 sols par jour en \u00e9t\u00e9 et 8 sols par jour en hiver et le nombre de jours d\u2019utilisation sur l\u2019ann\u00e9e se situait entre 200 et 250 jours. Un pain de 4 livres vaut en moyenne 8 sols et la d\u00e9pense de pain est toujours sup\u00e9rieure \u00e0 la moiti\u00e9 de la d\u00e9pense totale de la nourriture. Le prix d\u2019une ch\u00e8vre, animal du pauvre, co\u00fbte 8 livres, un mouton 12 livres, un porc 15 livres, une vache 20 livres et un b\u0153uf 100 livres.<br><br>Vouloir \u00e9valuer, dans notre syst\u00e8me mon\u00e9taire, les valeurs d\u2019un monde qui nous est devenu \u00e9tranger n\u2019a plus de sens. La seule chose que l\u2019on puisse faire est d\u2019effectuer une transposition. Par la comparaison de prix d\u2019un bien de consommation courante facile \u00e0 identifier et dont l\u2019usage et la raret\u00e9 sont rest\u00e9s relativement stables, on en a un aper\u00e7u;<br>A titre d\u2019exemple , en 1781, une douzaine d\u2019\u0153ufs valait 5 sols , ce qui \u00e9quivaut actuellement 8 euros; en 1692, un b\u0153uf qui valait 100 livres reviendrait \u00e0 environ 900 euros. Si le b\u0153uf repr\u00e9sentait \u00ab&nbsp;le tracteur d XVII\u00b0 si\u00e8cle&nbsp;\u00bb, la comparaison n\u2019est pas \u00e9vidente! Le mouton, animal de consommation courante, valait 12 livres, reviendrait \u00e0 environ 100 euros .<br>Vers 1640, un journalier non nourri gagne environ 14 \u00e0 15 sols par jour dont pr\u00e8s de la moiti\u00e9 est utilis\u00e9e pour payer son pain.<br><br><br><br>La communaut\u00e9 d\u2019Aouste devra attendre le XIX\u00b0 si\u00e8cle pour voir \u00e9merger une industrie assez cons\u00e9quente :papeteries, moulinages, cimenteries. A laquelle s\u2019associe un essor commercial florissant et une agriculture diversifi\u00e9e.<\/p>\n\n\n\n<div class=\"wp-block-image\"><figure class=\"aligncenter\"><img decoding=\"async\" src=\"https:\/\/static.neopse.com\/medias\/p\/523\/site\/29\/93\/e5\/2993e51c7188834c4b8d5bbae4f7a0a1cd2cb64e.jpg?v=v1\" alt=\"\"\/><figcaption><strong>Graphique 3<\/strong><\/figcaption><\/figure><\/div>\n\n\n\n<div class=\"wp-block-image\"><figure class=\"aligncenter\"><img decoding=\"async\" src=\"https:\/\/static.neopse.com\/medias\/p\/523\/site\/bc\/a8\/f6\/bca8f67be86dfda7715845969459026454778cf6.jpg?v=v1\" alt=\"\"\/><figcaption><strong>Graphique 4<\/strong><\/figcaption><\/figure><\/div>\n\n\n\n<div class=\"wp-block-image\"><figure class=\"aligncenter\"><img decoding=\"async\" src=\"https:\/\/static.neopse.com\/medias\/p\/523\/site\/6a\/95\/f5\/6a95f59fd36a1f61082141821e90c5ef53aaa9e2.jpg?v=v1\" alt=\"\"\/><figcaption><strong>Graphique 5<\/strong><\/figcaption><\/figure><\/div>\n\n\n\n<p><\/p>\n\n\n\n<p id=\"relev\u00e9dequelquestailles\"><br><strong>V \u2013 Relev\u00e9 de quelques tailles<\/strong><\/p>\n\n\n\n<h2 class=\"wp-block-heading\" id=\"releve\"><\/h2>\n\n\n\n<h2 class=\"wp-block-heading\" id=\"relevedequelquestailles\"><\/h2>\n\n\n\n<p><br>&nbsp; Avant d\u2019examiner le territoire, le revenu et les cotes des taillables de la communaut\u00e9 d\u2019Aouste, parcourons un relev\u00e9 non exhaustif des tailles des plus significatives cotis\u00e9es sur la communaut\u00e9<br><br>Malgr\u00e9 l\u2019absence de 24 ann\u00e9es de r\u00f4le de taille aux archives, principalement entre 1677 \/1682 et 1692 \/1702, nous pouvons \u00e0 l\u2019aide de ce relev\u00e9 succinct, constater des impositions multiples \u00e0 la charge de la communaut\u00e9 d\u2019Aouste et parfois \u00e9tonnantes comme, par exemple, la communaut\u00e9 \u00e9tait impos\u00e9e, comme les autres communaut\u00e9s d\u2019ailleurs, sur la cr\u00e9ation ou suppression d\u2019offices divers, des sommes impos\u00e9es arbitrairement sur l\u2019ordre de l\u2019Intendant du Dauphin\u00e9 sans explication notoire au profit de certains personnages<br><br>Les sommes impos\u00e9es sur plusieurs ann\u00e9es, pour un motif similaire, \u00e9taient variables d\u2019une ann\u00e9e sur l\u2019autre<br><br>Tout \u00e9tait sujet \u00e0 r\u00e8glement, le moindre acte \u00e9tait passible de droit. Les r\u00e9gularisations de sommes envers les consuls, assesseurs ou autres collecteurs \u00e9taient r\u00e9gularis\u00e9es ult\u00e9rieurement, parfois apr\u00e8s plusieurs ann\u00e9es par une autre imposition, cela s\u2019entend.<br><br>D\u00e9penses exceptionnelles hors les charges annuelles courantes telle que la taille royale remise au receveur de l\u2019Election de Mont\u00e9limar, frais relatifs \u00e0 la p\u00e9r\u00e9quation*, charges locales<br><br><br>Ces sommes se constatent sur plusieurs ann\u00e9es:<\/p>\n\n\n\n<ul class=\"wp-block-list\"><li>Achat pour 300 livres d\u2019une maison pour faire la maison curiale en 1768<\/li><li>Aides \u00e0 d\u2019autres communaut\u00e9s de 250 livres en 1659<\/li><li>Aides \u00e0 la communaut\u00e9 de Crest pour un montant total de 1703 livres de 1653 \u00e0 1655<\/li><li>Aides \u00e0 la communaut\u00e9 de Crest sur ordre de Lesdigui\u00e8res pour 600 livres en 1653<\/li><li>Aides \u00e0 la communaut\u00e9 de Pierrelatte pour 437 livres en 1654<\/li><li>D\u00e9gr\u00e8vement de la taille royale de 200 livres pour dommage de gr\u00eale de 1735, en 1736<\/li><li>Droit de 120 livres d\u2019infirmation des foires \u00e9tablies \u00e0 Aouste en 1763<\/li><li>Frais de 348 livres pour droit de franc-fief<\/li><li>Frais de 65 livres pour emprisonnement du consul Pelloux en 1669<\/li><li>Frais de d\u00e9lib\u00e9ration de 160 livres en 1757 et 1758<\/li><li>Frais de voyage \u00e0 l\u2019Election de Grenoble \u00e0 des d\u00e9put\u00e9s et messagers pour aller chercher plusieurs fois une permission de l\u2019Intendant pour un montant total de 204 livres<\/li><li>Frais d\u2019entretien et \u00e9quipement de deux soldats de la milice pour 145 livres en 1689 et 1695<\/li><li>Frais pour l\u2019entretien des officiers d\u2019un r\u00e9giment de milice pour 37 livres en 1690<\/li><li>Frais pour les r\u00e9parations du pont de Dr\u00f4me pour 145 livres en 1659<\/li><li>Frais pour les r\u00e9parations du pont de Dr\u00f4me pour 520 livres en 1683<\/li><li>Frais pour les r\u00e9parations et construction de l\u2019\u00e9glise pour 369 livres en 1685<\/li><li>Imposition (motif ?) de 2515 livres sur les Trois Ordres* entre 1780 et 1789<\/li><li>Imposition pour une permission de l\u2019Intendant de 450 livres obtenue par la communaut\u00e9 en 1743<\/li><li>Paiement de 201 livres en 1748 pour des voitures envoy\u00e9es en Provence en 1747<\/li><li>Paiement de 47 livres en 1750 pour des voitures envoy\u00e9es \u00e0 l\u2019arm\u00e9e de Provence<\/li><li>Paiement \u00e0 la communaut\u00e9 de Crest pour \u00bc de feu de taille due par Aouste d\u2019une somme de 1709 livres entre 1653 et 1658<\/li><li>Paiement au ch\u00e2telain d\u2019Aouste de 94 livres en 1660<\/li><li>Paiement de 100 livres pour la r\u00e9union des offices des consuls alternatifs en 1711 et 1712<\/li><li>Paiement de 100 livres pour les droits d\u2019amortissement des nouveaux acqu\u00eats du Roi de 1714 \u00e0 1716<\/li><li>Paiement de 103 livres pour le maintien de l\u2019h\u00e9r\u00e9dit\u00e9 et de la jouissance de l\u2019office de secr\u00e9taire greffier en 1708<\/li><li>Paiement de 128 livres pour contr\u00f4le des d\u00e9lib\u00e9rations au Bureau de Crest<\/li><li>Paiement de 130 livres pour les gages et vacations des \u00ab&nbsp;officiers du syndic des paroisses affect\u00e9s aux r\u00e9parations des h\u00f4pitaux et pauvres mendiants&nbsp;\u00bb en 1728<\/li><li>Paiement de 1333 livres pour l\u2019approvisionnement en grains dans le Dauphin\u00e9 entre 1751 et 1754<\/li><li>Paiement de 14 livres pour la r\u00e9paration apr\u00e8s incendie de la ville de Ch\u00e2teaudun en 1724<\/li><li>Paiement de 1435 livres \u00e0 Antoine Bufel Duneau (?) de Crest entre 1755 et 1789<\/li><li>Paiement de 16 livres au receveur de la communaut\u00e9 pour les \u00ab&nbsp;espices de soulagement&nbsp;\u00bb (relatif \u00e0 l\u2019exon\u00e9ration de l\u2019Etape) pour la communaut\u00e9 en 1686<\/li><li>Paiement de 17 livres des vacations de commissaires de la r\u00e9vision des feux, en 1707<\/li><li>Paiement de 1779 livres pour la construction de l\u2019\u00e9glise de Brian\u00e7on entre 1705 et 17407<\/li><li>Paiement de 200 livres pour la refonte de la cloche en 1720<\/li><li>Paiement de 200 livres pour le restant de la suppression de l\u2019office de syndic des contr\u00f4leurs des eaux de vie en 1705<\/li><li>Paiement de 2000 livres \u00e0 l\u2019h\u00f4pital de Crest entre 1755 et 1782<\/li><li>Paiement de 2098 livres \u00e0 Antoine Richard de Crest entre 1757 et 1789<\/li><li>Paiement de 223 livres pour les gages des officiers du Parlement de Dauphin\u00e9 en 1772<\/li><li>Paiement de 2905 livres pour r\u00e9parations contre les rivi\u00e8res et torrents entre 1766 et1780<\/li><li>Paiement de 2990 livres pour abonnement de droit d\u2019entr\u00e9e des cidres et autres boissons entre 1708 et 1766<\/li><li>Paiement de 30 livres pour d\u00e9dommagement de deux (?) maisons suite \u00e0 un incendie \u00e0 Aouste en 1719<\/li><li>Paiement de 300 livres pour la r\u00e9paration de la br\u00e8che du pont de Dr\u00f4me en 1718<\/li><li>Paiement de 307 livres pour le prix de trois mulets en 1694<\/li><li>Paiement de 39 livres pour la suppression de l\u2019office des contr\u00f4leurs des quittances du Tr\u00e9sor en 1708<\/li><li>Paiement de 42 livres pour les r\u00e9parations du palais pr\u00e9sidial de Valence en 1742<\/li><li>Paiement de 456 livres pour r\u00e9parations de Aouste en 1686<\/li><li>Paiement de 47 livres pour la suppression des offices de contr\u00f4leurs des greffes des h\u00f4tels de ville en 1709<\/li><li>Paiement de 47 livres pour les r\u00e9parations des vitres du clocher en 1709<\/li><li>Paiement de 475 livres pour r\u00e9parations du pont de Dr\u00f4me en 1685<\/li><li>Paiement de 55 livres pour divers officiers civils de l\u2019Administration en 1693<\/li><li>Paiement de 556 livres pour \u00ab&nbsp;abonnement&nbsp;\u00bb des eaux de vie en 1695<\/li><li>Paiement de 57 livres pour plantation des arbres sur les grandes route de 1755 \u00e0 1757<\/li><li>Paiement de 5748 livres pour les r\u00e9parations du pont de Dr\u00f4me entre 1752 et 1759<\/li><li>Paiement de 59 livres pour r\u00e9parations de la ville de Corps (38) en 1711<\/li><li>Paiement de 5985 livres pour les dettes de la communaut\u00e9 entre 1772 et 1777<\/li><li>Paiement de 6 livres pour le luminaire du feu de foyer qui fut fait pour la gu\u00e9rison du Roi en 1687<\/li><li>Paiement de 600 livres pour les r\u00e9parations du pont de Dr\u00f4me en 1724<\/li><li>Paiement de 600 livres pour le r\u00e8glement d\u2019 int\u00e9r\u00eats aux pr\u00e9teurs en 1660<\/li><li>Paiement de 659 livres sur ordonnance de l\u2019Intendant en 1693 (motif?)<\/li><li>Paiement de 720 livres en 2 parties pour les r\u00e9parations du clocher en 1708 et 1709<\/li><li>Paiement de 993 livres aux requis pour la d\u00e9molition des fortifications et citadelle en 1660<\/li><li>Paiement de 402 livres pour la premi\u00e8re moiti\u00e9 de la suppression des droits d\u2019entr\u00e9e des cidres, vins et autres boissons en 1708<\/li><li>Paiement d\u2019int\u00e9r\u00eats de 550 livres en 1669<\/li><li>Paiement d\u2019une somme de 1800 livres (deux acomptes) pour des officiers collecteurs de taille en 1694 et 1800 livres en 1695<\/li><li>Paiement d\u2019une taxe de 550 livres pour taxe de Maisons et B\u00e2timents de r\u00e9partition et imposition \u00ab&nbsp;<\/li><li>Paiement en 1705 de 210 livres pour le reliquat d\u2019une vente d\u2019une maison \u00e0 la communaut\u00e9<\/li><li>Paiement par tailles de contrainte ou autre au profit de divers personnages sur ordres de l\u2019Intendant pour un total de 4090 livres entre 1685 et 1788<\/li><li>Paiement pour les r\u00e9parations du pont de Dr\u00f4me en 1719<\/li><li>Remboursement de 515 livres des cotes pay\u00e9es par ceux qui ont affranchi leurs biens en 1695<\/li><\/ul>\n\n\n\n<p>A celles-ci s\u2019ajoutent les charges p\u00e9rennes li\u00e9es \u00e0 la p\u00e9r\u00e9quation: droit d\u2019assistance, vacations du ch\u00e2telain, maire ou consul suivant les ann\u00e9es, p\u00e9r\u00e9quateurs, syndic des forains, secr\u00e9taire de la communaut\u00e9 et de l\u2019Election, receveur ou collecteur de la communaut\u00e9 ainsi que les officiers civils du bureau de l\u2019Election<br><br>Ainsi que les charges locales qui varient suivant les ann\u00e9es entre 450 et 468 livres et qui sont pay\u00e9es sur des mandats exp\u00e9di\u00e9s par le Consul et secr\u00e9taire de la communaut\u00e9, le ch\u00e2telain ou vi-ch\u00e2telain d\u2019Aouste et tir\u00e9s sur le compte du collecteur, \u00e9marg\u00e9s sur ces mandats et remis au Collecteurs<br><br>Ce sont les gages des :<\/p>\n\n\n\n<ul class=\"wp-block-list\" id=\"annexes\"><li>garde des biens champ\u00eatres<\/li><li>matrone ou femme sage<\/li><li>pr\u00e9cepteur de la jeunesse et ma\u00eetresse d\u2019\u00e9cole<\/li><li>conseillers de la communaut\u00e9<\/li><li>frais de compte du collecteur<\/li><li>celui qui entretient les fontaines<\/li><li>celui qui entretient l\u2019horloge<\/li><li>celui qui entretient les toitures des deux \u00e9glises (St Christophe et Notre Dame) et la maison communale<\/li><li>les quatre portiers<\/li><li>l\u2019huile, encens, luminaire et location du logement du cur\u00e9<\/li><\/ul>\n\n\n\n<p><\/p>\n\n\n\n<p><br><\/p>\n\n\n\n<p><strong>VI \u2013 Annexes<\/strong><br><\/p>\n\n\n\n<h2 class=\"wp-block-heading\" id=\"annexes\"><\/h2>\n\n\n\n<h2 class=\"wp-block-heading\" id=\"annexes\"><\/h2>\n\n\n\n<p class=\"has-text-align-center\"><strong><u>Annexe 1<\/u><\/strong><\/p>\n\n\n\n<p class=\"has-text-align-center\"><strong>Propri\u00e9taires fonciers les plus riches de Aouste suivant le parcellaire du XVIII\u00b0 s<\/strong><\/p>\n\n\n\n<p>Ces 25 propri\u00e9taires sont estim\u00e9s poss\u00e9der pour 8174L 11s 9d ce qui repr\u00e9sente 45,32% de l\u2019allivrement de la communaut\u00e9 d\u2019Aouste<\/p>\n\n\n\n<div class=\"wp-block-image\"><figure class=\"aligncenter\"><img decoding=\"async\" src=\"https:\/\/static.neopse.com\/medias\/p\/523\/site\/49\/c6\/3d\/49c63d69d89a42367f5bc9b9f0c9174e1df8214a.jpg?v=v1\" alt=\"\"\/><\/figure><\/div>\n\n\n\n<p>Mais comme dans toute communaut\u00e9, Aouste avait ses pauvres et ses mendiants comme on le rel\u00e8ve ci-dessous sur le r\u00f4le des tailles des ann\u00e9es 1745 et 1746<\/p>\n\n\n\n<ul class=\"wp-block-list\"><li>La veuve de Fran\u00e7ois Ugon<\/li><li>La veuve de Mathieu Odon<\/li><li>La veuve de Verdellet Pierre<\/li><li>Joseph Chipron<\/li><li>Antoine Sabaton<\/li><li>Jacques Bard l\u2019a\u00een\u00e9<\/li><li>Jacques Bard le cadet<\/li><li>La veuve de Fran\u00e7ois Talliote<\/li><li>Les s\u0153urs Terail<\/li><li>Anne Bard<\/li><li>Catherine Bard<\/li><li>Marie Pelloux<\/li><li>Marie Virranom<\/li><li>La veuve de Pitou<\/li><li>La veuve Guichant<\/li><li>La veuve de Louis Morel<\/li><li>Antoine Mettifuocq<\/li><li>La veuve Forest<\/li><li>Fran\u00e7ois Brun des Hubacs<\/li><li>Jacques Chaix<\/li><li>La veuve Guelle<\/li><li>La veuve de Jean de Guis<\/li><li>Jeanne Achard<\/li><li>Marie Eveque<\/li><li>Jeanne Devise<\/li><li>La veuve de Paul Richard<\/li><li>La veuve de Pierre Manenq<\/li><li>La veuve de Fran\u00e7ois Davin<\/li><li>Etienne Charpel<\/li><li>Claude Munier<\/li><li>Catherine Batier<\/li><li>Philibert Raillon<\/li><\/ul>\n\n\n\n<p>Sur 32 pauvres d\u00e9clar\u00e9s, on constate 22 femmes (68,75%) dont 13 veuves 37,50%)<\/p>\n\n\n\n<p><br><\/p>\n\n\n\n<p class=\"has-text-align-center\"><strong>Annexe 2<\/strong><br><br><strong>Collecteur et Receveurs de la taille \u00e0 Aouste aux XVII\u00b0 et XVIII\u00b0 si\u00e8cles<\/strong><br><br>A Aouste nous trouvons comme collecteur et receveurs de 1631 \u00e0 1789<br><br>Pierre Achard collecteur de 1631 \u00e0 1645<br><br><strong>Receveurs<\/strong><\/p>\n\n\n\n<ul class=\"wp-block-list\"><li>1645 et 1646 Morier (Mourier)<\/li><li>1647 et 1648 Simon Colombier<\/li><li>1650 Fran\u00e7ois Aymar<\/li><li>1655 et 1656 Charles Legier<\/li><li>1657 et 1658 Mourier Andr\u00e9<\/li><li>1659 et 1661 Jean Pierre Singuet<\/li><li>1660 Antoine Morier<\/li><li>1664 Gabriel Vandelin \/ Pierre Singuet<\/li><li>1667 Pierre Singuet<\/li><li>1669 Tavan \/ Reynier<\/li><li>1670 Hercule Carloman<\/li><li>1672 Tavan \/ Reynier<\/li><li>1673 Jean Lambert<\/li><li>1674 Pierre Achard \/ Pierre Lambert<\/li><li>1675 Pierre Chabert \/ Jacques Richard<\/li><li>1676 Pierre Cournier \/ Antoine Laget<\/li><li>1677 Antoine Singuet \/ Pierre Chaix de Barth\u00e9lemy<\/li><li>1678 Pierre Bayle \/ Isaac Chaix<\/li><li>1679 Etienne Emery \/ Antoine Chomat<\/li><li>1680 Pierre Bayle \/ Abel Archinard<\/li><li>1681 Jean Pierre Cornier<\/li><li>1682 Claude Gamon<\/li><li>1683 Claude Gamon \/ Louis Lambert<\/li><li>1684 Claude Gamon \/ Louis Lambert<\/li><li>1685 Louis Lambert<\/li><li>1686 ?<\/li><li>1687 ?<\/li><li>1688 Isaac Lamande \/ Antoine Lambert<\/li><li>1689 Isaac Lamande \/ Antoine Lambert<\/li><li>1690 Pierre Lambert<\/li><li>1691 Jean Pierre Lambert<\/li><li>1692 \u00e0 1696 Claude Bouroulet<\/li><li>1697 Mathieu Perinet<\/li><li>1698 Claude Bouroulet<\/li><li>1699 \u00e0 1718 (manque les r\u00f4les)<\/li><li>1719 \u00e0 1721 Fran\u00e7ois Achard<\/li><li>1722 Antoine Attenor \/ Fran\u00e7ois Achard<\/li><li>1723 \u00e0 1726 Fran\u00e7ois Achard<\/li><li>1727 \u00e0 1731 (absence de r\u00f4les)<\/li><li>1732 \u00e0 1739 Christophe Tavan<\/li><li>1740 \u00e0 1743 Veuve Marie Achard suite au bail donn\u00e9 \u00e0 son mari Jean Pierre Achard<\/li><li>1744 \u00e0 1749 Antoine Tavan d\u2019Isaac<\/li><li>1750 \u00e0 1753 Fran\u00e7ois Dorille<\/li><li>1754 Jean Pierre Milharet<\/li><li>1755 Jean Pierre Milharet<\/li><li>1756 Paul Tavan<\/li><li>1757 Jean Guiremend, Jean Louis Attenor, Antoine Tavan<\/li><li>1758 \u00e0 1769 Jean Pierre Milharet<\/li><li>1770 Jean Tavan<\/li><li>1774 \u00e0 1784 Jean Pierre Milharet<\/li><li>1785 Antoine Tavan<\/li><li>1786 \u00e0 1789 Jean Louis Andr\u00e9<\/li><\/ul>\n\n\n\n<p><\/p>\n\n\n\n<p class=\"has-text-align-center\"><br><br><strong><u>Annexe 3<\/u><br><br><br>Quartiers, Lieux-dits et Rues mentionn\u00e9s dans le Parcellaire<br>du XVII\u00b0et XVIII\u00b0 si\u00e8cles<\/strong><br><br><br>NB : Certains quartiers et lieux-dits mentionn\u00e9s (en italiques ) dans cette liste font actuellement partie de la commune de Mirabel et Blacons suite au transfert de 1946<\/p>\n\n\n\n<div class=\"wp-block-image\"><figure class=\"aligncenter\"><img decoding=\"async\" src=\"https:\/\/static.neopse.com\/medias\/p\/523\/site\/36\/54\/7c\/36547cf2f61a34b7398ce4f1917defdeac179bc4.jpg?v=v1\" alt=\"\"\/><\/figure><\/div>\n\n\n\n<p><\/p>\n\n\n\n<p class=\"has-text-align-center\"><br><strong>Annexe 4<\/strong><br><br><strong>Noms de famille d\u2019Aouste r\u00e9pertori\u00e9s aux XVII\u00b0 et XVIII\u00b0 si\u00e8cles<\/strong><\/p>\n\n\n\n<div class=\"wp-block-image\"><figure class=\"aligncenter\"><img decoding=\"async\" src=\"https:\/\/static.neopse.com\/medias\/p\/523\/site\/51\/fb\/e9\/51fbe9f13136a2eb0bc9a8461c9b0e9ef50862ee.jpg?v=v1\" alt=\"\"\/><\/figure><\/div>\n\n\n\n<p><\/p>\n\n\n\n<p class=\"has-text-align-center\"><br><strong><u>Annexe 5<\/u><\/strong><br>&nbsp;<\/p>\n\n\n\n<p class=\"has-text-align-center\"><strong>M\u00e9tiers et qualifications relev\u00e9s en 1731<\/strong><br>&nbsp;<\/p>\n\n\n\n<div class=\"wp-block-image\"><figure class=\"aligncenter\"><img decoding=\"async\" src=\"https:\/\/static.neopse.com\/medias\/p\/523\/site\/d9\/b7\/f9\/d9b7f9bfcfd4215173f6d38b7b93fe8815601e45.jpg?v=v1\" alt=\"\"\/><\/figure><\/div>\n\n\n\n<p><br><br><br><strong>R\u00e9partition des m\u00e9tiers et qualit\u00e9s<\/strong><\/p>\n\n\n\n<p><br><\/p>\n\n\n\n<div class=\"wp-block-image\"><figure class=\"aligncenter\"><img decoding=\"async\" src=\"https:\/\/histoire-patrimoine-aoustois.fr\/wp-content\/uploads\/2022\/02\/parcellaire-repartition-des-metiers-3-433x1024.jpg\" alt=\"L\u2019attribut alt de cette image est vide, son nom de fichier est parcellaire-repartition-des-metiers-3-433x1024.jpg.\"\/><\/figure><\/div>\n\n\n\n<p><br>Il appara\u00eet port\u00e9 sur ce r\u00f4le de capitation de l\u2019ann\u00e9e 1731, sur la population taillable, 41 sont des veuves (12,93%)<br><br>Les travailleurs manuels sans qualification repr\u00e9sentent 41,32% de la population avec 104 journaliers (32,80%) et 27 m\u00e9nagers (8,51%), auxquels peuvent s\u2019ajouter une partie des 76 sans profession v\u00e9ritablement attest\u00e9e (23,97%), quoique dans ces cat\u00e9gories entrent en ligne de compte les personnes \u00e2g\u00e9es ou en incapacit\u00e9 de travailler. Toutefois pour peu de poids au vue de la mortalit\u00e9 de cette \u00e9poque si l\u2019on sait qu\u2019au XVIII\u00b0 si\u00e8cle en France<br>seulement 10% de la population d\u00e9passait 50 ans.<br><\/p>\n\n\n\n<p id=\"glossaire\"><br><br><br><strong>VII \u2013 Glossaire<\/strong><br><\/p>\n\n\n\n<h2 class=\"wp-block-heading\" id=\"glossaire\"><\/h2>\n\n\n\n<p>Brochier : Artisan fabriquant des objets pointus mais aussi des brocs et des cruches<\/p>\n\n\n\n<p>Confront : Propri\u00e9t\u00e9 attenante \u00e0 une autre<\/p>\n\n\n\n<p>Granger : M\u00e9tayer<\/p>\n\n\n\n<p>Hermes : Terres vacantes et incultes que personne ne r\u00e9clame<\/p>\n\n\n\n<p>Hote, hotesse : Aubergiste<\/p>\n\n\n\n<p>Huissier : Ministre de la Justice qui fait tous les exploits n\u00e9cessaires pour contraindre les parties , tant en jugement que dehors, et qui met en ex\u00e9cution les jugements et toutes commissions \u00e9man\u00e9s du juge.<\/p>\n\n\n\n<p>Journalier: Homme qui travaille et se paie \u00e0 la journ\u00e9e<\/p>\n\n\n\n<p>Les Trois Ordres : Le Clerg\u00e9, la Noblesse et le Tiers Etat<\/p>\n\n\n\n<p>Man\u0153uvrier: Compagnon, artisan qui sert le ma\u00eetre, homme de peine et de journ\u00e9e<\/p>\n\n\n\n<p>M\u00e9nager : ouvrier<\/p>\n\n\n\n<p>P\u00e9r\u00e9quation : R\u00e9partition \u00e9gale des impositions sur les campagnes<\/p>\n\n\n\n<p class=\"has-text-align-right\"><br>&nbsp; <\/p>\n\n\n\n<p class=\"has-text-align-right\"><br>Cl. Grangeon<\/p>\n","protected":false},"excerpt":{"rendered":"<p>PARCELLAIRE ET TAILLE AUX XVIIe ET XVIIIe SIECLES &nbsp; SOMMAIRE I \u2013 Historique et d\u00e9finition II \u2013 Taille et Parcellaire Le collecteur d\u2019imp\u00f4t III \u2013 Plans d\u2019Aouste IV \u2013 Aouste et la taille le territoire revenus V \u2013 Relev\u00e9 de quelques tailles VI \u2013 Annexes Annexe 1&nbsp;: Propri\u00e9taires fonciers les plus riches de Aouste Annexe [&hellip;]<\/p>\n","protected":false},"author":1,"featured_media":0,"comment_status":"open","ping_status":"open","sticky":false,"template":"","format":"standard","meta":{"_jetpack_memberships_contains_paid_content":false,"footnotes":"","jetpack_publicize_message":"","jetpack_publicize_feature_enabled":true,"jetpack_social_post_already_shared":false,"jetpack_social_options":{"image_generator_settings":{"template":"highway","default_image_id":0,"font":"","enabled":false},"version":2}},"categories":[8],"tags":[],"class_list":["post-5458","post","type-post","status-publish","format-standard","hentry","category-chroniques-aoustoises","entry"],"yoast_head":"<!-- This site is optimized with the Yoast SEO plugin v27.5 - https:\/\/yoast.com\/product\/yoast-seo-wordpress\/ -->\n<title>Parcellaire et taille aux XVIIe et XVIIIe si\u00e8cles - HISTOIRE PATRIMOINE AOUSTOIS<\/title>\n<meta name=\"description\" content=\"La notion de cadastre, quel que soit le lieu ou l\u2019\u00e9poque, est toujours li\u00e9e \u00e0 la possession du sol , \u00e0 Aouste sur Sye l\u2019appellation en est le parcellaire.\" \/>\n<meta name=\"robots\" content=\"index, follow, max-snippet:-1, max-image-preview:large, max-video-preview:-1\" \/>\n<link rel=\"canonical\" href=\"https:\/\/histoire-patrimoine-aoustois.fr\/?p=5458\" \/>\n<meta property=\"og:locale\" content=\"fr_FR\" \/>\n<meta property=\"og:type\" content=\"article\" \/>\n<meta property=\"og:title\" content=\"Parcellaire et taille aux XVIIe et XVIIIe si\u00e8cles - HISTOIRE PATRIMOINE AOUSTOIS\" \/>\n<meta property=\"og:description\" content=\"La notion de cadastre, quel que soit le lieu ou l\u2019\u00e9poque, est toujours li\u00e9e \u00e0 la possession du sol , \u00e0 Aouste sur Sye l\u2019appellation en est le parcellaire.\" \/>\n<meta property=\"og:url\" content=\"https:\/\/histoire-patrimoine-aoustois.fr\/?p=5458\" \/>\n<meta property=\"og:site_name\" content=\"HISTOIRE PATRIMOINE AOUSTOIS\" \/>\n<meta property=\"article:published_time\" content=\"2022-03-02T14:24:12+00:00\" \/>\n<meta property=\"article:modified_time\" content=\"2022-05-04T04:42:04+00:00\" \/>\n<meta property=\"og:image\" content=\"https:\/\/static.neopse.com\/medias\/p\/523\/site\/b9\/d3\/10\/b9d3108edc1bc76e50421dedd73095d3cdd30e9c.jpg?v=v1\" \/>\n<meta name=\"author\" content=\"c.grangeon@orange.fr\" \/>\n<meta name=\"twitter:card\" content=\"summary_large_image\" \/>\n<meta name=\"twitter:label1\" content=\"\u00c9crit par\" \/>\n\t<meta name=\"twitter:data1\" content=\"c.grangeon@orange.fr\" \/>\n\t<meta name=\"twitter:label2\" content=\"Dur\u00e9e de lecture estim\u00e9e\" \/>\n\t<meta name=\"twitter:data2\" content=\"40 minutes\" \/>\n<script type=\"application\/ld+json\" class=\"yoast-schema-graph\">{\"@context\":\"https:\\\/\\\/schema.org\",\"@graph\":[{\"@type\":\"Article\",\"@id\":\"https:\\\/\\\/histoire-patrimoine-aoustois.fr\\\/?p=5458#article\",\"isPartOf\":{\"@id\":\"https:\\\/\\\/histoire-patrimoine-aoustois.fr\\\/?p=5458\"},\"author\":{\"name\":\"c.grangeon@orange.fr\",\"@id\":\"https:\\\/\\\/histoire-patrimoine-aoustois.fr\\\/#\\\/schema\\\/person\\\/37a62d238dcee0c26cbd84b5b753e806\"},\"headline\":\"Parcellaire et taille aux XVIIe et XVIIIe si\u00e8cles\",\"datePublished\":\"2022-03-02T14:24:12+00:00\",\"dateModified\":\"2022-05-04T04:42:04+00:00\",\"mainEntityOfPage\":{\"@id\":\"https:\\\/\\\/histoire-patrimoine-aoustois.fr\\\/?p=5458\"},\"wordCount\":7132,\"commentCount\":0,\"publisher\":{\"@id\":\"https:\\\/\\\/histoire-patrimoine-aoustois.fr\\\/#organization\"},\"image\":{\"@id\":\"https:\\\/\\\/histoire-patrimoine-aoustois.fr\\\/?p=5458#primaryimage\"},\"thumbnailUrl\":\"https:\\\/\\\/static.neopse.com\\\/medias\\\/p\\\/523\\\/site\\\/b9\\\/d3\\\/10\\\/b9d3108edc1bc76e50421dedd73095d3cdd30e9c.jpg?v=v1\",\"articleSection\":[\"Chroniques aoustoises\"],\"inLanguage\":\"fr-FR\",\"potentialAction\":[{\"@type\":\"CommentAction\",\"name\":\"Comment\",\"target\":[\"https:\\\/\\\/histoire-patrimoine-aoustois.fr\\\/?p=5458#respond\"]}]},{\"@type\":\"WebPage\",\"@id\":\"https:\\\/\\\/histoire-patrimoine-aoustois.fr\\\/?p=5458\",\"url\":\"https:\\\/\\\/histoire-patrimoine-aoustois.fr\\\/?p=5458\",\"name\":\"Parcellaire et taille aux XVIIe et XVIIIe si\u00e8cles - HISTOIRE PATRIMOINE AOUSTOIS\",\"isPartOf\":{\"@id\":\"https:\\\/\\\/histoire-patrimoine-aoustois.fr\\\/#website\"},\"primaryImageOfPage\":{\"@id\":\"https:\\\/\\\/histoire-patrimoine-aoustois.fr\\\/?p=5458#primaryimage\"},\"image\":{\"@id\":\"https:\\\/\\\/histoire-patrimoine-aoustois.fr\\\/?p=5458#primaryimage\"},\"thumbnailUrl\":\"https:\\\/\\\/static.neopse.com\\\/medias\\\/p\\\/523\\\/site\\\/b9\\\/d3\\\/10\\\/b9d3108edc1bc76e50421dedd73095d3cdd30e9c.jpg?v=v1\",\"datePublished\":\"2022-03-02T14:24:12+00:00\",\"dateModified\":\"2022-05-04T04:42:04+00:00\",\"description\":\"La notion de cadastre, quel que soit le lieu ou l\u2019\u00e9poque, est toujours li\u00e9e \u00e0 la possession du sol , \u00e0 Aouste sur Sye l\u2019appellation en est le parcellaire.\",\"breadcrumb\":{\"@id\":\"https:\\\/\\\/histoire-patrimoine-aoustois.fr\\\/?p=5458#breadcrumb\"},\"inLanguage\":\"fr-FR\",\"potentialAction\":[{\"@type\":\"ReadAction\",\"target\":[\"https:\\\/\\\/histoire-patrimoine-aoustois.fr\\\/?p=5458\"]}]},{\"@type\":\"ImageObject\",\"inLanguage\":\"fr-FR\",\"@id\":\"https:\\\/\\\/histoire-patrimoine-aoustois.fr\\\/?p=5458#primaryimage\",\"url\":\"https:\\\/\\\/static.neopse.com\\\/medias\\\/p\\\/523\\\/site\\\/b9\\\/d3\\\/10\\\/b9d3108edc1bc76e50421dedd73095d3cdd30e9c.jpg?v=v1\",\"contentUrl\":\"https:\\\/\\\/static.neopse.com\\\/medias\\\/p\\\/523\\\/site\\\/b9\\\/d3\\\/10\\\/b9d3108edc1bc76e50421dedd73095d3cdd30e9c.jpg?v=v1\"},{\"@type\":\"BreadcrumbList\",\"@id\":\"https:\\\/\\\/histoire-patrimoine-aoustois.fr\\\/?p=5458#breadcrumb\",\"itemListElement\":[{\"@type\":\"ListItem\",\"position\":1,\"name\":\"Accueil\",\"item\":\"https:\\\/\\\/histoire-patrimoine-aoustois.fr\\\/\"},{\"@type\":\"ListItem\",\"position\":2,\"name\":\"Parcellaire et taille aux XVIIe et XVIIIe si\u00e8cles\"}]},{\"@type\":\"WebSite\",\"@id\":\"https:\\\/\\\/histoire-patrimoine-aoustois.fr\\\/#website\",\"url\":\"https:\\\/\\\/histoire-patrimoine-aoustois.fr\\\/\",\"name\":\"HISTOIRE PATRIMOINE AOUSTOIS\",\"description\":\"\",\"publisher\":{\"@id\":\"https:\\\/\\\/histoire-patrimoine-aoustois.fr\\\/#organization\"},\"potentialAction\":[{\"@type\":\"SearchAction\",\"target\":{\"@type\":\"EntryPoint\",\"urlTemplate\":\"https:\\\/\\\/histoire-patrimoine-aoustois.fr\\\/?s={search_term_string}\"},\"query-input\":{\"@type\":\"PropertyValueSpecification\",\"valueRequired\":true,\"valueName\":\"search_term_string\"}}],\"inLanguage\":\"fr-FR\"},{\"@type\":\"Organization\",\"@id\":\"https:\\\/\\\/histoire-patrimoine-aoustois.fr\\\/#organization\",\"name\":\"histoire patrimoine aoustois\",\"url\":\"https:\\\/\\\/histoire-patrimoine-aoustois.fr\\\/\",\"logo\":{\"@type\":\"ImageObject\",\"inLanguage\":\"fr-FR\",\"@id\":\"https:\\\/\\\/histoire-patrimoine-aoustois.fr\\\/#\\\/schema\\\/logo\\\/image\\\/\",\"url\":\"\",\"contentUrl\":\"\",\"caption\":\"histoire patrimoine aoustois\"},\"image\":{\"@id\":\"https:\\\/\\\/histoire-patrimoine-aoustois.fr\\\/#\\\/schema\\\/logo\\\/image\\\/\"}},{\"@type\":\"Person\",\"@id\":\"https:\\\/\\\/histoire-patrimoine-aoustois.fr\\\/#\\\/schema\\\/person\\\/37a62d238dcee0c26cbd84b5b753e806\",\"name\":\"c.grangeon@orange.fr\",\"image\":{\"@type\":\"ImageObject\",\"inLanguage\":\"fr-FR\",\"@id\":\"https:\\\/\\\/secure.gravatar.com\\\/avatar\\\/cc761b3b59da1005e87bc0d8d6ae0ecd5168729c45828cb7f6f0db169d1b9b5a?s=96&d=blank&r=g\",\"url\":\"https:\\\/\\\/secure.gravatar.com\\\/avatar\\\/cc761b3b59da1005e87bc0d8d6ae0ecd5168729c45828cb7f6f0db169d1b9b5a?s=96&d=blank&r=g\",\"contentUrl\":\"https:\\\/\\\/secure.gravatar.com\\\/avatar\\\/cc761b3b59da1005e87bc0d8d6ae0ecd5168729c45828cb7f6f0db169d1b9b5a?s=96&d=blank&r=g\",\"caption\":\"c.grangeon@orange.fr\"},\"sameAs\":[\"http:\\\/\\\/histoire-patrimoine-aoustois.fr\"],\"url\":\"https:\\\/\\\/histoire-patrimoine-aoustois.fr\\\/?author=1\"}]}<\/script>\n<!-- \/ Yoast SEO plugin. -->","yoast_head_json":{"title":"Parcellaire et taille aux XVIIe et XVIIIe si\u00e8cles - HISTOIRE PATRIMOINE AOUSTOIS","description":"La notion de cadastre, quel que soit le lieu ou l\u2019\u00e9poque, est toujours li\u00e9e \u00e0 la possession du sol , \u00e0 Aouste sur Sye l\u2019appellation en est le parcellaire.","robots":{"index":"index","follow":"follow","max-snippet":"max-snippet:-1","max-image-preview":"max-image-preview:large","max-video-preview":"max-video-preview:-1"},"canonical":"https:\/\/histoire-patrimoine-aoustois.fr\/?p=5458","og_locale":"fr_FR","og_type":"article","og_title":"Parcellaire et taille aux XVIIe et XVIIIe si\u00e8cles - HISTOIRE PATRIMOINE AOUSTOIS","og_description":"La notion de cadastre, quel que soit le lieu ou l\u2019\u00e9poque, est toujours li\u00e9e \u00e0 la possession du sol , \u00e0 Aouste sur Sye l\u2019appellation en est le parcellaire.","og_url":"https:\/\/histoire-patrimoine-aoustois.fr\/?p=5458","og_site_name":"HISTOIRE PATRIMOINE AOUSTOIS","article_published_time":"2022-03-02T14:24:12+00:00","article_modified_time":"2022-05-04T04:42:04+00:00","og_image":[{"url":"https:\/\/static.neopse.com\/medias\/p\/523\/site\/b9\/d3\/10\/b9d3108edc1bc76e50421dedd73095d3cdd30e9c.jpg?v=v1","type":"","width":"","height":""}],"author":"c.grangeon@orange.fr","twitter_card":"summary_large_image","twitter_misc":{"\u00c9crit par":"c.grangeon@orange.fr","Dur\u00e9e de lecture estim\u00e9e":"40 minutes"},"schema":{"@context":"https:\/\/schema.org","@graph":[{"@type":"Article","@id":"https:\/\/histoire-patrimoine-aoustois.fr\/?p=5458#article","isPartOf":{"@id":"https:\/\/histoire-patrimoine-aoustois.fr\/?p=5458"},"author":{"name":"c.grangeon@orange.fr","@id":"https:\/\/histoire-patrimoine-aoustois.fr\/#\/schema\/person\/37a62d238dcee0c26cbd84b5b753e806"},"headline":"Parcellaire et taille aux XVIIe et XVIIIe si\u00e8cles","datePublished":"2022-03-02T14:24:12+00:00","dateModified":"2022-05-04T04:42:04+00:00","mainEntityOfPage":{"@id":"https:\/\/histoire-patrimoine-aoustois.fr\/?p=5458"},"wordCount":7132,"commentCount":0,"publisher":{"@id":"https:\/\/histoire-patrimoine-aoustois.fr\/#organization"},"image":{"@id":"https:\/\/histoire-patrimoine-aoustois.fr\/?p=5458#primaryimage"},"thumbnailUrl":"https:\/\/static.neopse.com\/medias\/p\/523\/site\/b9\/d3\/10\/b9d3108edc1bc76e50421dedd73095d3cdd30e9c.jpg?v=v1","articleSection":["Chroniques aoustoises"],"inLanguage":"fr-FR","potentialAction":[{"@type":"CommentAction","name":"Comment","target":["https:\/\/histoire-patrimoine-aoustois.fr\/?p=5458#respond"]}]},{"@type":"WebPage","@id":"https:\/\/histoire-patrimoine-aoustois.fr\/?p=5458","url":"https:\/\/histoire-patrimoine-aoustois.fr\/?p=5458","name":"Parcellaire et taille aux XVIIe et XVIIIe si\u00e8cles - HISTOIRE PATRIMOINE AOUSTOIS","isPartOf":{"@id":"https:\/\/histoire-patrimoine-aoustois.fr\/#website"},"primaryImageOfPage":{"@id":"https:\/\/histoire-patrimoine-aoustois.fr\/?p=5458#primaryimage"},"image":{"@id":"https:\/\/histoire-patrimoine-aoustois.fr\/?p=5458#primaryimage"},"thumbnailUrl":"https:\/\/static.neopse.com\/medias\/p\/523\/site\/b9\/d3\/10\/b9d3108edc1bc76e50421dedd73095d3cdd30e9c.jpg?v=v1","datePublished":"2022-03-02T14:24:12+00:00","dateModified":"2022-05-04T04:42:04+00:00","description":"La notion de cadastre, quel que soit le lieu ou l\u2019\u00e9poque, est toujours li\u00e9e \u00e0 la possession du sol , \u00e0 Aouste sur Sye l\u2019appellation en est le parcellaire.","breadcrumb":{"@id":"https:\/\/histoire-patrimoine-aoustois.fr\/?p=5458#breadcrumb"},"inLanguage":"fr-FR","potentialAction":[{"@type":"ReadAction","target":["https:\/\/histoire-patrimoine-aoustois.fr\/?p=5458"]}]},{"@type":"ImageObject","inLanguage":"fr-FR","@id":"https:\/\/histoire-patrimoine-aoustois.fr\/?p=5458#primaryimage","url":"https:\/\/static.neopse.com\/medias\/p\/523\/site\/b9\/d3\/10\/b9d3108edc1bc76e50421dedd73095d3cdd30e9c.jpg?v=v1","contentUrl":"https:\/\/static.neopse.com\/medias\/p\/523\/site\/b9\/d3\/10\/b9d3108edc1bc76e50421dedd73095d3cdd30e9c.jpg?v=v1"},{"@type":"BreadcrumbList","@id":"https:\/\/histoire-patrimoine-aoustois.fr\/?p=5458#breadcrumb","itemListElement":[{"@type":"ListItem","position":1,"name":"Accueil","item":"https:\/\/histoire-patrimoine-aoustois.fr\/"},{"@type":"ListItem","position":2,"name":"Parcellaire et taille aux XVIIe et XVIIIe si\u00e8cles"}]},{"@type":"WebSite","@id":"https:\/\/histoire-patrimoine-aoustois.fr\/#website","url":"https:\/\/histoire-patrimoine-aoustois.fr\/","name":"HISTOIRE PATRIMOINE AOUSTOIS","description":"","publisher":{"@id":"https:\/\/histoire-patrimoine-aoustois.fr\/#organization"},"potentialAction":[{"@type":"SearchAction","target":{"@type":"EntryPoint","urlTemplate":"https:\/\/histoire-patrimoine-aoustois.fr\/?s={search_term_string}"},"query-input":{"@type":"PropertyValueSpecification","valueRequired":true,"valueName":"search_term_string"}}],"inLanguage":"fr-FR"},{"@type":"Organization","@id":"https:\/\/histoire-patrimoine-aoustois.fr\/#organization","name":"histoire patrimoine aoustois","url":"https:\/\/histoire-patrimoine-aoustois.fr\/","logo":{"@type":"ImageObject","inLanguage":"fr-FR","@id":"https:\/\/histoire-patrimoine-aoustois.fr\/#\/schema\/logo\/image\/","url":"","contentUrl":"","caption":"histoire patrimoine aoustois"},"image":{"@id":"https:\/\/histoire-patrimoine-aoustois.fr\/#\/schema\/logo\/image\/"}},{"@type":"Person","@id":"https:\/\/histoire-patrimoine-aoustois.fr\/#\/schema\/person\/37a62d238dcee0c26cbd84b5b753e806","name":"c.grangeon@orange.fr","image":{"@type":"ImageObject","inLanguage":"fr-FR","@id":"https:\/\/secure.gravatar.com\/avatar\/cc761b3b59da1005e87bc0d8d6ae0ecd5168729c45828cb7f6f0db169d1b9b5a?s=96&d=blank&r=g","url":"https:\/\/secure.gravatar.com\/avatar\/cc761b3b59da1005e87bc0d8d6ae0ecd5168729c45828cb7f6f0db169d1b9b5a?s=96&d=blank&r=g","contentUrl":"https:\/\/secure.gravatar.com\/avatar\/cc761b3b59da1005e87bc0d8d6ae0ecd5168729c45828cb7f6f0db169d1b9b5a?s=96&d=blank&r=g","caption":"c.grangeon@orange.fr"},"sameAs":["http:\/\/histoire-patrimoine-aoustois.fr"],"url":"https:\/\/histoire-patrimoine-aoustois.fr\/?author=1"}]}},"jetpack_publicize_connections":[],"jetpack_featured_media_url":"","jetpack_sharing_enabled":true,"_links":{"self":[{"href":"https:\/\/histoire-patrimoine-aoustois.fr\/index.php?rest_route=\/wp\/v2\/posts\/5458","targetHints":{"allow":["GET"]}}],"collection":[{"href":"https:\/\/histoire-patrimoine-aoustois.fr\/index.php?rest_route=\/wp\/v2\/posts"}],"about":[{"href":"https:\/\/histoire-patrimoine-aoustois.fr\/index.php?rest_route=\/wp\/v2\/types\/post"}],"author":[{"embeddable":true,"href":"https:\/\/histoire-patrimoine-aoustois.fr\/index.php?rest_route=\/wp\/v2\/users\/1"}],"replies":[{"embeddable":true,"href":"https:\/\/histoire-patrimoine-aoustois.fr\/index.php?rest_route=%2Fwp%2Fv2%2Fcomments&post=5458"}],"version-history":[{"count":0,"href":"https:\/\/histoire-patrimoine-aoustois.fr\/index.php?rest_route=\/wp\/v2\/posts\/5458\/revisions"}],"wp:attachment":[{"href":"https:\/\/histoire-patrimoine-aoustois.fr\/index.php?rest_route=%2Fwp%2Fv2%2Fmedia&parent=5458"}],"wp:term":[{"taxonomy":"category","embeddable":true,"href":"https:\/\/histoire-patrimoine-aoustois.fr\/index.php?rest_route=%2Fwp%2Fv2%2Fcategories&post=5458"},{"taxonomy":"post_tag","embeddable":true,"href":"https:\/\/histoire-patrimoine-aoustois.fr\/index.php?rest_route=%2Fwp%2Fv2%2Ftags&post=5458"}],"curies":[{"name":"wp","href":"https:\/\/api.w.org\/{rel}","templated":true}]}}