{"id":7452,"date":"2022-10-01T07:53:30","date_gmt":"2022-10-01T07:53:30","guid":{"rendered":"https:\/\/histoire-patrimoine-aoustois.fr\/?p=7452"},"modified":"2022-10-01T07:53:32","modified_gmt":"2022-10-01T07:53:32","slug":"les-moulins-a-vent-de-la-drome","status":"publish","type":"post","link":"https:\/\/histoire-patrimoine-aoustois.fr\/?p=7452","title":{"rendered":"Les moulins \u00e0 vent de la Dr\u00f4me"},"content":{"rendered":"\n<p><\/p>\n\n\n\n<p><br><br><\/p>\n\n\n\n<p><\/p>\n\n\n\n<p><\/p>\n\n\n\n<p class=\"has-text-align-center has-text-color\" style=\"color:#0711e3\"><strong>Les moulins \u00e0 vent dans la Dr\u00f4me<\/strong><\/p>\n\n\n\n<p class=\"has-text-align-center has-text-color\" style=\"color:#0711e3\"><br><br><\/p>\n\n\n\n<p><\/p>\n\n\n\n<p><\/p>\n\n\n\n<p><\/p>\n\n\n\n<p>Alors que le Dauphin\u00e9 passe pour une terre d\u00e9pourvue de moulins \u00e0 vent, une recherche sur le terrain et en archives en a livr\u00e9 (\u00e0 la date de mars 2006) vingt-cinq r\u00e9partis sur tout le territoire de l&rsquo;ancienne province. Vraisemblablement \u00e9rig\u00e9s en trois grandes vagues successives (les toute premi\u00e8res constructions remontent peut-\u00eatre au d\u00e9but du XIIIe si\u00e8cle), ils ont toujours \u00e9t\u00e9 moins pris\u00e9s que les moulins \u00e0 eau et n&rsquo;ont \u00e9t\u00e9 con\u00e7us que pour tenir un r\u00f4le suppl\u00e9tif. N\u00e9cessitant un savoir-faire peu r\u00e9pandu au sein des artisans locaux, ils \u00e9taient plus nombreux aux abords de la Provence mais existaient jusqu&rsquo;au c\u0153ur des grands massifs montagneux. La plupart de ces moulins ont subi de plein fouet les outrages du temps. Six d&rsquo;entre eux \u00e9taient encore en \u00e9tat de marche au d\u00e9but du XIXe si\u00e8cle. Aujourd&rsquo;hui, une douzaine seulement sont encore debout\u2014 mais pour combien de temps ? Heureusement, des projets se font jour pour sauver ce patrimoine extraordinaire, dans tous les sens du terme.<br><br><br><\/p>\n\n\n\n<p><\/p>\n\n\n\n<p><\/p>\n\n\n\n<p><\/p>\n\n\n\n<p><\/p>\n\n\n<div class=\"wp-block-image\">\n<figure class=\"aligncenter size-full is-resized\"><img fetchpriority=\"high\" decoding=\"async\" src=\"https:\/\/histoire-patrimoine-aoustois.fr\/wp-content\/uploads\/2022\/10\/moulins-vent-carte.jpg\" alt=\"\" class=\"wp-image-7454\" width=\"274\" height=\"458\" srcset=\"https:\/\/histoire-patrimoine-aoustois.fr\/wp-content\/uploads\/2022\/10\/moulins-vent-carte.jpg 274w, https:\/\/histoire-patrimoine-aoustois.fr\/wp-content\/uploads\/2022\/10\/moulins-vent-carte-179x300.jpg 179w\" sizes=\"(max-width: 274px) 100vw, 274px\" \/><\/figure>\n<\/div>\n\n\n<p><br><br><\/p>\n\n\n\n<p><\/p>\n\n\n\n<p>Bien que les premi\u00e8res mentions de moulins \u00e0 vent en Europe ne remontent pas avant 1180, la Dr\u00f4me en poss\u00e9dait, et depuis fort longtemps. En 1210, une donation au profit du chapitre cath\u00e9dral de Saint-Paul-Trois-Ch\u00e2teaux, \u00e9voque une carri\u00e8re de meules situ\u00e9e sur une colline de Pied-Joux, aux portes de la ville, ainsi qu&rsquo;un moulin appartenant \u00e0 l&rsquo;\u00e9v\u00each\u00e9 <em>(Ulysse Chevalier Regeste dauphinois Valence 1913-1926 vol. 2 page 45 acte 6105)<\/em>. Le texte ne pr\u00e9cise pas la nature de l&rsquo;\u00e9nergie qui le faisait tourner mais, compte tenu du fait que le centre de Pied-Joux est une butte toute s\u00e8che, au sommet de laquelle se dressent encore les ruines rondes d&rsquo;un et peut-\u00eatre deux moulins, on peut se demander si le b\u00e2timent \u00e9piscopal de 1210 n&rsquo;utilisait pas d\u00e9j\u00e0 la force du mistral.<br><br><br><br><\/p>\n\n\n<div class=\"wp-block-image\">\n<figure class=\"aligncenter size-full\"><img decoding=\"async\" width=\"520\" height=\"331\" src=\"https:\/\/histoire-patrimoine-aoustois.fr\/wp-content\/uploads\/2022\/10\/moulins-vent-st-paul.jpg\" alt=\"\" class=\"wp-image-7455\" srcset=\"https:\/\/histoire-patrimoine-aoustois.fr\/wp-content\/uploads\/2022\/10\/moulins-vent-st-paul.jpg 520w, https:\/\/histoire-patrimoine-aoustois.fr\/wp-content\/uploads\/2022\/10\/moulins-vent-st-paul-300x191.jpg 300w\" sizes=\"(max-width: 520px) 100vw, 520px\" \/><\/figure>\n<\/div>\n\n\n<p><br><br><br><br>Apr\u00e8s de possibles d\u00e9buts m\u00e9di\u00e9vaux, une seconde vague de construction semble avoir eu lieu aux XVIIe et XVIIIe si\u00e8cles, peut-\u00eatre pour faire face aux besoins croissants d&rsquo;une population en expansion. Ainsi la communaut\u00e9 de Rochegude, \u00e0 c\u00f4t\u00e9 de Saint Paul Trois Ch\u00e2teaux, en construit un en 1607&nbsp;; de m\u00eame d\u2019apr\u00e8s les matrices cadastrales, un moulin est \u00e9rig\u00e9 \u00e0 Pierrelatte en 1839.<\/p>\n\n\n\n<p>Le recensement dans la Dr\u00f4me en 2005, toutes \u00e9poques confondues, totalise quinze \u00e9difices, ruin\u00e9s ou conserv\u00e9s Il s&rsquo;agit des moulins de :<\/p>\n\n\n\n<ul class=\"wp-block-list\"><li>Rochegude, lieu-dit Le Puy&nbsp;;<em>b\u00e2timent conserv\u00e9.<\/em><\/li><li>Pierrelatte, qui en compta deux dont l&rsquo;un aux pieds de la roche&nbsp;; <em>b\u00e2timent conserv\u00e9<\/em><\/li><li>Saint-Paul-Trois-Ch\u00e2teaux, deux moulins dans le parc de Pied Joux&nbsp;; <em>un b\u00e2timent conserv\u00e9, l\u2019autre ruin\u00e9.<\/em><\/li><li>Donz\u00e8re, deux moulins, l&rsquo;un sur le coteau et l&rsquo;autre au sud du bourg, dans la plaine ; c<em>arte de Cassini, feuille n\u00b0 90 (\u00abViviers\u00bb). L&rsquo;un des deux b\u00e2timents au moins est encore conserv\u00e9.<\/em><\/li><li>Ch\u00e2teauneuf-du-Rh\u00f4ne ; <em>b\u00e2timent conserv\u00e9, colline au sud et \u00e0 proximit\u00e9 imm\u00e9diate du village.<\/em><\/li><li>Vaunaveys-La Rochette, lieu-dit Festeille ;<em>carte de Cassini, feuille n\u00b0 120 (\u00abDie\u00bb). Les ruines de ce b\u00e2timent n&rsquo;ont pu \u00eatre retrouv\u00e9es dans le bois qui occupe aujourd&rsquo;hui son emplacement.<\/em><\/li><li>Bourg-de-P\u00e9age, lieu-dit Maladi\u00e8re ;<em>carte de Cassini, feuille n\u00b0 120 (\u00abDie\u00bb). B\u00e2timent conserv\u00e9.<\/em><\/li><li>Vassieux, deux moulins au lieu-dit La Mure, et deux autres dans le village ; c<em>arte de Cassini, feuille n\u00b0 120 (\u00abDie\u00bb). Les ruines des b\u00e2timents de La Mure sont encore visibles. Les deux moulins implant\u00e9s dans le village sont mentionn\u00e9s sur le cadastre napol\u00e9onien. Ils ont \u00e9t\u00e9 d\u00e9truits en 1844 et en 1878 .<\/em><\/li><li>Jansac ; b<em>\u00e2timent conserv\u00e9.<\/em><\/li><\/ul>\n\n\n\n<p><br><br><\/p>\n\n\n\n<p><\/p>\n\n\n\n<p><\/p>\n\n\n\n<p><\/p>\n\n\n<div class=\"wp-block-image\">\n<figure class=\"aligncenter size-full\"><img decoding=\"async\" width=\"350\" height=\"468\" src=\"https:\/\/histoire-patrimoine-aoustois.fr\/wp-content\/uploads\/2022\/10\/moulins-vent-pierrelatte.jpg\" alt=\"\" class=\"wp-image-7456\" srcset=\"https:\/\/histoire-patrimoine-aoustois.fr\/wp-content\/uploads\/2022\/10\/moulins-vent-pierrelatte.jpg 350w, https:\/\/histoire-patrimoine-aoustois.fr\/wp-content\/uploads\/2022\/10\/moulins-vent-pierrelatte-224x300.jpg 224w\" sizes=\"(max-width: 350px) 100vw, 350px\" \/><figcaption>Moulin \u00e0 vent de Pierrelatte<\/figcaption><\/figure>\n<\/div>\n\n\n<p><\/p>\n\n\n\n<p><\/p>\n\n\n\n<p><\/p>\n\n\n\n<p><\/p>\n\n\n\n<p>Quinze \u00e9difices, ce n\u2019est pas beaucoup. \u00c0 titre de comparaison, le d\u00e9partement de l&rsquo;Aisne en alignait 371 en 1809 . Les meuniers dauphinois pr\u00e9f\u00e9raient les moulins hydrauliques. Toujours en 1809, les trois d\u00e9partements de l&rsquo;ancien Dauphin\u00e9 pouvaient compter sur 2643 moulins hydrauliques: 1605 en Is\u00e8re, 670 en Dr\u00f4me et 368 dans les Hautes-Alpes. Connu pour faire une farine de moindre qualit\u00e9 car moulue irr\u00e9guli\u00e8rement, le moulin \u00e0 vent ne venait qu&rsquo;en compl\u00e9ment de ses cousins \u00e0 eau; il devait les suppl\u00e9er en cas de s\u00e9cheresse ou de grand gel, afin que la population ait toujours moyen de se ravitailler. Ce qui a fait dire \u00e0 un pr\u00e9fet de Corse&nbsp;: <em>\u00abIl y a plusieurs communes qui manquent enti\u00e8rement d&rsquo;eau en \u00e9t\u00e9, et o\u00f9 les moulins \u00e0 vent seraient non seulement utiles mais n\u00e9cessaires m\u00eame, pour exempter cette partie d&rsquo;habitants des courses non moins longues que fr\u00e9quentes et dispendieuses, auxquelles ils sont forc\u00e9s pour faire moudre leurs bl\u00e9s\u00bb<\/em><\/p>\n\n\n\n<p>Ces quinze moulins \u00e0 vent se concentraient plut\u00f4t au sud du d\u00e9partement dans la basse vall\u00e9e du Rh\u00f4ne, c&rsquo;est-\u00e0-dire en pays de mistral et dans le prolongement direct de la Provence. La moiti\u00e9 d&rsquo;entre eux \u00e9tait implant\u00e9e aux abords imm\u00e9diats de villes et de gros bourgs, comme \u00e0 Donz\u00e8re, Pierrelatte, Saint-Paul-Trois-Ch\u00e2teaux, Bourg-de-P\u00e9age. On trouvait aussi des localisations rurales et plus inattendues, comme les quatre moulins plant\u00e9s \u00e0 Vassieux, en bout de plateau du Vercors.<\/p>\n\n\n\n<p>L&rsquo;\u00e9dification d&rsquo;une nouveau b\u00e2timent n&rsquo;allait pas sans quelques difficult\u00e9s. Les candidats au moulin \u00e9olien devaient d&rsquo;abord trouver un artisan vers\u00e9 dans cet art plut\u00f4t rare. En 1604, les habitants de Rochegude en trouvent un tout \u00e0 c\u00f4t\u00e9 de leur village, en la personne de ma\u00eetre Etienne Arthaud, menuisier \u00e0 Sainte-C\u00e9cile-les-Vignes. Puis il leur fallait n\u00e9gocier \u00e2prement les termes du \u00abprix-fait\u00bb. . . et parfois \u00eatre tr\u00e8s patient.<\/p>\n\n\n\n<p>Tous sont constitu\u00e9s d&rsquo;un fut de pierre assez bas, \u00e0 la mani\u00e8re de ces moulins-tours communs en Languedoc et en Provence. Ils ne poss\u00e8dent g\u00e9n\u00e9ralement qu&rsquo;une porte, sauf celui de Bourg-de-P\u00e9age, o\u00f9 deux et m\u00eame trois portes dans le cas p\u00e9ageois, permettaient d&rsquo;acc\u00e9der au moulin quelle que soit la direction du vent. De jolis oculi comme \u00e0 Pierrelatte, ou deux, trois lucarnes comme \u00e0 Ch\u00e2teauneuf ou \u00e0 Donz\u00e8re, offraient au meunier la possibilit\u00e9 de surveiller la bonne marche des ailes. Ces ailes h\u00e9las, ont syst\u00e9matiquement disparu, de m\u00eame que les toits de planches ou d&rsquo;essendoles (tuiles en bois) qui coiffaient les f\u00fbts. Il ne reste plus pour en rappeler le souvenir, que ces chemins dormants sur lesquels ils glissaient pour suivre la course du vent. Celui de Bourg-de-P\u00e9age notamment, porte encore grav\u00e9es dans la molasse les cicatrices faites voici deux si\u00e8cles et plus par les poutres en mouvement. Pour entra\u00eener l&rsquo;ensemble du chapiteau et pr\u00e9senter ainsi les ailes au vent, le meunier pouvait utiliser une longue queue de bois accroch\u00e9e sous le toit et pendant jusqu&rsquo;\u00e0 terre; mais, \u00e0 en juger par l&rsquo;\u00e9troitesse des sites d&rsquo;implantation et aussi par la mention d&rsquo;une grosse cha\u00eene au moulin de Rochegude, il semblerait que le syst\u00e8me des leviers int\u00e9rieurs ait eu la pr\u00e9f\u00e9rence des meuniers dauphinois.<\/p>\n\n\n\n<p><\/p>\n\n\n\n<p><\/p>\n\n\n\n<p><br><\/p>\n\n\n<div class=\"wp-block-image\">\n<figure class=\"aligncenter size-full\"><img loading=\"lazy\" decoding=\"async\" width=\"350\" height=\"476\" src=\"https:\/\/histoire-patrimoine-aoustois.fr\/wp-content\/uploads\/2022\/10\/moulins-vent-donzere.jpg\" alt=\"\" class=\"wp-image-7457\" srcset=\"https:\/\/histoire-patrimoine-aoustois.fr\/wp-content\/uploads\/2022\/10\/moulins-vent-donzere.jpg 350w, https:\/\/histoire-patrimoine-aoustois.fr\/wp-content\/uploads\/2022\/10\/moulins-vent-donzere-221x300.jpg 221w\" sizes=\"(max-width: 350px) 100vw, 350px\" \/><figcaption>Moulin \u00e0 vent de Donz\u00e8re<\/figcaption><\/figure>\n<\/div>\n\n\n<p><br><br>Dans les baux \u00e0 prix-faits, il est parfois signal\u00e9 un d\u00e9tail. Contrairement \u00e0 presque tous les moulins de France, l\u2019\u00e9difice reste fixe. Il \u00ab<em> ne sera qu&rsquo;a un vent <\/em>\u00bb disent les actes. Du coup, il n&rsquo;est pas n\u00e9cessaire de pr\u00e9voir deux portes pour se garer des ailes au cas o\u00f9 elles tourneraient juste devant la fa\u00e7ade. Le m\u00e9canisme gagne aussi en simplicit\u00e9, en \u00e9conomisant la queue, la grosse croix de poutres de bois et tout l&rsquo;appareillage destin\u00e9 \u00e0 faire pivoter le toit. Par contre en cas de temp\u00eate, le meunier n&rsquo;aura aucun moyen de mettre ses ailes de profil.<\/p>\n\n\n\n<p>Tous ces moulins \u00e0 vent connurent peu ou prou le m\u00eame sort, une existence bien \u00e9ph\u00e9m\u00e8re &#8211; ce qui explique sans doute qu&rsquo;ils aient \u00e9t\u00e9 impitoyablement ray\u00e9s de la m\u00e9moire collective. Inaugur\u00e9 en 1605, le moulin de Rochegude est incendi\u00e9 par des soudards pendant la Fronde ou la guerre de Trente Ans, reb\u00e2ti en 1651, puis abandonn\u00e9 au XVIIIe si\u00e8cle, \u00e0 cause de ses \u00ab insuffisances\u00bb. De m\u00eame, ceux de Vaunaveys-la-Rochette, de Vassieux. Quant aux deux moulins de Pierrelatte, le plus ancien fut d\u00e9truit en 1845 et le plus r\u00e9cent, celui construit en 1839, fut d\u00e9saffect\u00e9 avant 1880 .<\/p>\n\n\n\n<p>En 2005, il ne subsiste plus que quelques de moulins \u00e0 vent encore debout. Dans la Dr\u00f4me. Ceux de Vassieux et de Saint-Paul-Trois-Ch\u00e2teaux ne valent gu\u00e8re mieux, et ne formeront bient\u00f4t plus que des monceaux de pierres si rien n&rsquo;est fait pour les sauver. A Rochegude, un cur\u00e9 peut-\u00eatre d\u00e9sireux de racheter les p\u00e9ch\u00e9s du meunier, a transform\u00e9 la tour s\u00e9culaire en pi\u00e9destal pour une statue de la Vierge. On lui pardonnera, c&rsquo;\u00e9tait en 1866. Restent les belles tours de Pierrelatte, de Ch\u00e2teauneuf-du-Rh\u00f4ne, de Bourg-de-P\u00e9age, de Donz\u00e8re, de Jansac aussi. M\u00eame si elles ont subi les outrages du temps, toutes pr\u00e9sentent des vestiges plus que suffisants pour une restauration voire une r\u00e9surrection. Des projets \u00e9mergent, parfois priv\u00e9s, souvent publics, destin\u00e9s \u00e0 leur redonner un toit, des ailes et partant une nouvelle vie. Que ces initiatives soient encourag\u00e9es, aid\u00e9es, imit\u00e9es.<\/p>\n\n\n\n<p><br><br><br><\/p>\n\n\n\n<p><\/p>\n\n\n\n<p><\/p>\n\n\n<div class=\"wp-block-image\">\n<figure class=\"aligncenter size-full\"><img loading=\"lazy\" decoding=\"async\" width=\"520\" height=\"347\" src=\"https:\/\/histoire-patrimoine-aoustois.fr\/wp-content\/uploads\/2022\/10\/moulins-vent-jansac.jpg\" alt=\"\" class=\"wp-image-7458\" srcset=\"https:\/\/histoire-patrimoine-aoustois.fr\/wp-content\/uploads\/2022\/10\/moulins-vent-jansac.jpg 520w, https:\/\/histoire-patrimoine-aoustois.fr\/wp-content\/uploads\/2022\/10\/moulins-vent-jansac-300x200.jpg 300w\" sizes=\"(max-width: 520px) 100vw, 520px\" \/><figcaption>Moulin \u00e0 vent de Jansac<\/figcaption><\/figure>\n<\/div>\n\n\n<p><br><br><br><br><\/p>\n\n\n\n<p><\/p>\n\n\n\n<p><strong>Sources&nbsp;<\/strong><em>: Belmont Alain. Un patrimoine insoup\u00e7onn\u00e9 : les moulins \u00e0 vent en Dauphin\u00e9. In: Le Monde alpin et rhodanien. Revue r\u00e9gionale d\u2019ethnologie, n\u00b01-4\/2005.<\/em><\/p>\n","protected":false},"excerpt":{"rendered":"<p>Les moulins \u00e0 vent dans la Dr\u00f4me Alors que le Dauphin\u00e9 passe pour une terre d\u00e9pourvue de moulins \u00e0 vent, une recherche sur le terrain et en archives en a livr\u00e9 (\u00e0 la date de mars 2006) vingt-cinq r\u00e9partis sur tout le territoire de l&rsquo;ancienne province. Vraisemblablement \u00e9rig\u00e9s en trois grandes vagues successives (les toute [&hellip;]<\/p>\n","protected":false},"author":1,"featured_media":0,"comment_status":"open","ping_status":"open","sticky":false,"template":"","format":"standard","meta":{"_jetpack_memberships_contains_paid_content":false,"footnotes":"","jetpack_publicize_message":"","jetpack_publicize_feature_enabled":true,"jetpack_social_post_already_shared":false,"jetpack_social_options":{"image_generator_settings":{"template":"highway","default_image_id":0,"font":"","enabled":false},"version":2}},"categories":[11],"tags":[],"class_list":["post-7452","post","type-post","status-publish","format-standard","hentry","category-chroniques-dromoises","entry"],"yoast_head":"<!-- This site is optimized with the Yoast SEO plugin v27.4 - https:\/\/yoast.com\/product\/yoast-seo-wordpress\/ -->\n<title>Les moulins \u00e0 vent de la Dr\u00f4me - HISTOIRE PATRIMOINE AOUSTOIS<\/title>\n<meta name=\"description\" content=\"de la Dr\u00f4me, moins pris\u00e9s que les moulins \u00e0 eau, apparaissent en 1210bien qu&#039;ils existaient en Europe depuis 1180.\" \/>\n<meta name=\"robots\" content=\"index, follow, max-snippet:-1, max-image-preview:large, max-video-preview:-1\" \/>\n<link rel=\"canonical\" href=\"https:\/\/histoire-patrimoine-aoustois.fr\/?p=7452\" \/>\n<meta property=\"og:locale\" content=\"fr_FR\" \/>\n<meta property=\"og:type\" content=\"article\" \/>\n<meta property=\"og:title\" content=\"Les moulins \u00e0 vent de la Dr\u00f4me - HISTOIRE PATRIMOINE AOUSTOIS\" \/>\n<meta property=\"og:description\" content=\"de la Dr\u00f4me, moins pris\u00e9s que les moulins \u00e0 eau, apparaissent en 1210bien qu&#039;ils existaient en Europe depuis 1180.\" \/>\n<meta property=\"og:url\" content=\"https:\/\/histoire-patrimoine-aoustois.fr\/?p=7452\" \/>\n<meta property=\"og:site_name\" content=\"HISTOIRE PATRIMOINE AOUSTOIS\" \/>\n<meta property=\"article:published_time\" content=\"2022-10-01T07:53:30+00:00\" \/>\n<meta property=\"article:modified_time\" content=\"2022-10-01T07:53:32+00:00\" \/>\n<meta property=\"og:image\" content=\"https:\/\/histoire-patrimoine-aoustois.fr\/wp-content\/uploads\/2022\/10\/moulins-vent-carte.jpg\" \/>\n<meta name=\"author\" content=\"c.grangeon@orange.fr\" \/>\n<meta name=\"twitter:card\" content=\"summary_large_image\" \/>\n<meta name=\"twitter:label1\" content=\"\u00c9crit par\" \/>\n\t<meta name=\"twitter:data1\" content=\"c.grangeon@orange.fr\" \/>\n\t<meta name=\"twitter:label2\" content=\"Dur\u00e9e de lecture estim\u00e9e\" \/>\n\t<meta name=\"twitter:data2\" content=\"9 minutes\" \/>\n<script type=\"application\/ld+json\" class=\"yoast-schema-graph\">{\"@context\":\"https:\\\/\\\/schema.org\",\"@graph\":[{\"@type\":\"Article\",\"@id\":\"https:\\\/\\\/histoire-patrimoine-aoustois.fr\\\/?p=7452#article\",\"isPartOf\":{\"@id\":\"https:\\\/\\\/histoire-patrimoine-aoustois.fr\\\/?p=7452\"},\"author\":{\"name\":\"c.grangeon@orange.fr\",\"@id\":\"https:\\\/\\\/histoire-patrimoine-aoustois.fr\\\/#\\\/schema\\\/person\\\/37a62d238dcee0c26cbd84b5b753e806\"},\"headline\":\"Les moulins \u00e0 vent de la Dr\u00f4me\",\"datePublished\":\"2022-10-01T07:53:30+00:00\",\"dateModified\":\"2022-10-01T07:53:32+00:00\",\"mainEntityOfPage\":{\"@id\":\"https:\\\/\\\/histoire-patrimoine-aoustois.fr\\\/?p=7452\"},\"wordCount\":1597,\"commentCount\":0,\"publisher\":{\"@id\":\"https:\\\/\\\/histoire-patrimoine-aoustois.fr\\\/#organization\"},\"image\":{\"@id\":\"https:\\\/\\\/histoire-patrimoine-aoustois.fr\\\/?p=7452#primaryimage\"},\"thumbnailUrl\":\"https:\\\/\\\/histoire-patrimoine-aoustois.fr\\\/wp-content\\\/uploads\\\/2022\\\/10\\\/moulins-vent-carte.jpg\",\"articleSection\":[\"chroniques dromoises\"],\"inLanguage\":\"fr-FR\",\"potentialAction\":[{\"@type\":\"CommentAction\",\"name\":\"Comment\",\"target\":[\"https:\\\/\\\/histoire-patrimoine-aoustois.fr\\\/?p=7452#respond\"]}]},{\"@type\":\"WebPage\",\"@id\":\"https:\\\/\\\/histoire-patrimoine-aoustois.fr\\\/?p=7452\",\"url\":\"https:\\\/\\\/histoire-patrimoine-aoustois.fr\\\/?p=7452\",\"name\":\"Les moulins \u00e0 vent de la Dr\u00f4me - HISTOIRE PATRIMOINE AOUSTOIS\",\"isPartOf\":{\"@id\":\"https:\\\/\\\/histoire-patrimoine-aoustois.fr\\\/#website\"},\"primaryImageOfPage\":{\"@id\":\"https:\\\/\\\/histoire-patrimoine-aoustois.fr\\\/?p=7452#primaryimage\"},\"image\":{\"@id\":\"https:\\\/\\\/histoire-patrimoine-aoustois.fr\\\/?p=7452#primaryimage\"},\"thumbnailUrl\":\"https:\\\/\\\/histoire-patrimoine-aoustois.fr\\\/wp-content\\\/uploads\\\/2022\\\/10\\\/moulins-vent-carte.jpg\",\"datePublished\":\"2022-10-01T07:53:30+00:00\",\"dateModified\":\"2022-10-01T07:53:32+00:00\",\"description\":\"de la Dr\u00f4me, moins pris\u00e9s que les moulins \u00e0 eau, apparaissent en 1210bien qu'ils existaient en Europe depuis 1180.\",\"breadcrumb\":{\"@id\":\"https:\\\/\\\/histoire-patrimoine-aoustois.fr\\\/?p=7452#breadcrumb\"},\"inLanguage\":\"fr-FR\",\"potentialAction\":[{\"@type\":\"ReadAction\",\"target\":[\"https:\\\/\\\/histoire-patrimoine-aoustois.fr\\\/?p=7452\"]}]},{\"@type\":\"ImageObject\",\"inLanguage\":\"fr-FR\",\"@id\":\"https:\\\/\\\/histoire-patrimoine-aoustois.fr\\\/?p=7452#primaryimage\",\"url\":\"https:\\\/\\\/histoire-patrimoine-aoustois.fr\\\/wp-content\\\/uploads\\\/2022\\\/10\\\/moulins-vent-carte.jpg\",\"contentUrl\":\"https:\\\/\\\/histoire-patrimoine-aoustois.fr\\\/wp-content\\\/uploads\\\/2022\\\/10\\\/moulins-vent-carte.jpg\",\"width\":274,\"height\":458},{\"@type\":\"BreadcrumbList\",\"@id\":\"https:\\\/\\\/histoire-patrimoine-aoustois.fr\\\/?p=7452#breadcrumb\",\"itemListElement\":[{\"@type\":\"ListItem\",\"position\":1,\"name\":\"Accueil\",\"item\":\"https:\\\/\\\/histoire-patrimoine-aoustois.fr\\\/\"},{\"@type\":\"ListItem\",\"position\":2,\"name\":\"Les moulins \u00e0 vent de la Dr\u00f4me\"}]},{\"@type\":\"WebSite\",\"@id\":\"https:\\\/\\\/histoire-patrimoine-aoustois.fr\\\/#website\",\"url\":\"https:\\\/\\\/histoire-patrimoine-aoustois.fr\\\/\",\"name\":\"HISTOIRE PATRIMOINE AOUSTOIS\",\"description\":\"\",\"publisher\":{\"@id\":\"https:\\\/\\\/histoire-patrimoine-aoustois.fr\\\/#organization\"},\"potentialAction\":[{\"@type\":\"SearchAction\",\"target\":{\"@type\":\"EntryPoint\",\"urlTemplate\":\"https:\\\/\\\/histoire-patrimoine-aoustois.fr\\\/?s={search_term_string}\"},\"query-input\":{\"@type\":\"PropertyValueSpecification\",\"valueRequired\":true,\"valueName\":\"search_term_string\"}}],\"inLanguage\":\"fr-FR\"},{\"@type\":\"Organization\",\"@id\":\"https:\\\/\\\/histoire-patrimoine-aoustois.fr\\\/#organization\",\"name\":\"histoire patrimoine aoustois\",\"url\":\"https:\\\/\\\/histoire-patrimoine-aoustois.fr\\\/\",\"logo\":{\"@type\":\"ImageObject\",\"inLanguage\":\"fr-FR\",\"@id\":\"https:\\\/\\\/histoire-patrimoine-aoustois.fr\\\/#\\\/schema\\\/logo\\\/image\\\/\",\"url\":\"\",\"contentUrl\":\"\",\"caption\":\"histoire patrimoine aoustois\"},\"image\":{\"@id\":\"https:\\\/\\\/histoire-patrimoine-aoustois.fr\\\/#\\\/schema\\\/logo\\\/image\\\/\"}},{\"@type\":\"Person\",\"@id\":\"https:\\\/\\\/histoire-patrimoine-aoustois.fr\\\/#\\\/schema\\\/person\\\/37a62d238dcee0c26cbd84b5b753e806\",\"name\":\"c.grangeon@orange.fr\",\"image\":{\"@type\":\"ImageObject\",\"inLanguage\":\"fr-FR\",\"@id\":\"https:\\\/\\\/secure.gravatar.com\\\/avatar\\\/cc761b3b59da1005e87bc0d8d6ae0ecd5168729c45828cb7f6f0db169d1b9b5a?s=96&d=blank&r=g\",\"url\":\"https:\\\/\\\/secure.gravatar.com\\\/avatar\\\/cc761b3b59da1005e87bc0d8d6ae0ecd5168729c45828cb7f6f0db169d1b9b5a?s=96&d=blank&r=g\",\"contentUrl\":\"https:\\\/\\\/secure.gravatar.com\\\/avatar\\\/cc761b3b59da1005e87bc0d8d6ae0ecd5168729c45828cb7f6f0db169d1b9b5a?s=96&d=blank&r=g\",\"caption\":\"c.grangeon@orange.fr\"},\"sameAs\":[\"http:\\\/\\\/histoire-patrimoine-aoustois.fr\"],\"url\":\"https:\\\/\\\/histoire-patrimoine-aoustois.fr\\\/?author=1\"}]}<\/script>\n<!-- \/ Yoast SEO plugin. -->","yoast_head_json":{"title":"Les moulins \u00e0 vent de la Dr\u00f4me - HISTOIRE PATRIMOINE AOUSTOIS","description":"de la Dr\u00f4me, moins pris\u00e9s que les moulins \u00e0 eau, apparaissent en 1210bien qu'ils existaient en Europe depuis 1180.","robots":{"index":"index","follow":"follow","max-snippet":"max-snippet:-1","max-image-preview":"max-image-preview:large","max-video-preview":"max-video-preview:-1"},"canonical":"https:\/\/histoire-patrimoine-aoustois.fr\/?p=7452","og_locale":"fr_FR","og_type":"article","og_title":"Les moulins \u00e0 vent de la Dr\u00f4me - HISTOIRE PATRIMOINE AOUSTOIS","og_description":"de la Dr\u00f4me, moins pris\u00e9s que les moulins \u00e0 eau, apparaissent en 1210bien qu'ils existaient en Europe depuis 1180.","og_url":"https:\/\/histoire-patrimoine-aoustois.fr\/?p=7452","og_site_name":"HISTOIRE PATRIMOINE AOUSTOIS","article_published_time":"2022-10-01T07:53:30+00:00","article_modified_time":"2022-10-01T07:53:32+00:00","og_image":[{"url":"https:\/\/histoire-patrimoine-aoustois.fr\/wp-content\/uploads\/2022\/10\/moulins-vent-carte.jpg","type":"","width":"","height":""}],"author":"c.grangeon@orange.fr","twitter_card":"summary_large_image","twitter_misc":{"\u00c9crit par":"c.grangeon@orange.fr","Dur\u00e9e de lecture estim\u00e9e":"9 minutes"},"schema":{"@context":"https:\/\/schema.org","@graph":[{"@type":"Article","@id":"https:\/\/histoire-patrimoine-aoustois.fr\/?p=7452#article","isPartOf":{"@id":"https:\/\/histoire-patrimoine-aoustois.fr\/?p=7452"},"author":{"name":"c.grangeon@orange.fr","@id":"https:\/\/histoire-patrimoine-aoustois.fr\/#\/schema\/person\/37a62d238dcee0c26cbd84b5b753e806"},"headline":"Les moulins \u00e0 vent de la Dr\u00f4me","datePublished":"2022-10-01T07:53:30+00:00","dateModified":"2022-10-01T07:53:32+00:00","mainEntityOfPage":{"@id":"https:\/\/histoire-patrimoine-aoustois.fr\/?p=7452"},"wordCount":1597,"commentCount":0,"publisher":{"@id":"https:\/\/histoire-patrimoine-aoustois.fr\/#organization"},"image":{"@id":"https:\/\/histoire-patrimoine-aoustois.fr\/?p=7452#primaryimage"},"thumbnailUrl":"https:\/\/histoire-patrimoine-aoustois.fr\/wp-content\/uploads\/2022\/10\/moulins-vent-carte.jpg","articleSection":["chroniques dromoises"],"inLanguage":"fr-FR","potentialAction":[{"@type":"CommentAction","name":"Comment","target":["https:\/\/histoire-patrimoine-aoustois.fr\/?p=7452#respond"]}]},{"@type":"WebPage","@id":"https:\/\/histoire-patrimoine-aoustois.fr\/?p=7452","url":"https:\/\/histoire-patrimoine-aoustois.fr\/?p=7452","name":"Les moulins \u00e0 vent de la Dr\u00f4me - HISTOIRE PATRIMOINE AOUSTOIS","isPartOf":{"@id":"https:\/\/histoire-patrimoine-aoustois.fr\/#website"},"primaryImageOfPage":{"@id":"https:\/\/histoire-patrimoine-aoustois.fr\/?p=7452#primaryimage"},"image":{"@id":"https:\/\/histoire-patrimoine-aoustois.fr\/?p=7452#primaryimage"},"thumbnailUrl":"https:\/\/histoire-patrimoine-aoustois.fr\/wp-content\/uploads\/2022\/10\/moulins-vent-carte.jpg","datePublished":"2022-10-01T07:53:30+00:00","dateModified":"2022-10-01T07:53:32+00:00","description":"de la Dr\u00f4me, moins pris\u00e9s que les moulins \u00e0 eau, apparaissent en 1210bien qu'ils existaient en Europe depuis 1180.","breadcrumb":{"@id":"https:\/\/histoire-patrimoine-aoustois.fr\/?p=7452#breadcrumb"},"inLanguage":"fr-FR","potentialAction":[{"@type":"ReadAction","target":["https:\/\/histoire-patrimoine-aoustois.fr\/?p=7452"]}]},{"@type":"ImageObject","inLanguage":"fr-FR","@id":"https:\/\/histoire-patrimoine-aoustois.fr\/?p=7452#primaryimage","url":"https:\/\/histoire-patrimoine-aoustois.fr\/wp-content\/uploads\/2022\/10\/moulins-vent-carte.jpg","contentUrl":"https:\/\/histoire-patrimoine-aoustois.fr\/wp-content\/uploads\/2022\/10\/moulins-vent-carte.jpg","width":274,"height":458},{"@type":"BreadcrumbList","@id":"https:\/\/histoire-patrimoine-aoustois.fr\/?p=7452#breadcrumb","itemListElement":[{"@type":"ListItem","position":1,"name":"Accueil","item":"https:\/\/histoire-patrimoine-aoustois.fr\/"},{"@type":"ListItem","position":2,"name":"Les moulins \u00e0 vent de la Dr\u00f4me"}]},{"@type":"WebSite","@id":"https:\/\/histoire-patrimoine-aoustois.fr\/#website","url":"https:\/\/histoire-patrimoine-aoustois.fr\/","name":"HISTOIRE PATRIMOINE AOUSTOIS","description":"","publisher":{"@id":"https:\/\/histoire-patrimoine-aoustois.fr\/#organization"},"potentialAction":[{"@type":"SearchAction","target":{"@type":"EntryPoint","urlTemplate":"https:\/\/histoire-patrimoine-aoustois.fr\/?s={search_term_string}"},"query-input":{"@type":"PropertyValueSpecification","valueRequired":true,"valueName":"search_term_string"}}],"inLanguage":"fr-FR"},{"@type":"Organization","@id":"https:\/\/histoire-patrimoine-aoustois.fr\/#organization","name":"histoire patrimoine aoustois","url":"https:\/\/histoire-patrimoine-aoustois.fr\/","logo":{"@type":"ImageObject","inLanguage":"fr-FR","@id":"https:\/\/histoire-patrimoine-aoustois.fr\/#\/schema\/logo\/image\/","url":"","contentUrl":"","caption":"histoire patrimoine aoustois"},"image":{"@id":"https:\/\/histoire-patrimoine-aoustois.fr\/#\/schema\/logo\/image\/"}},{"@type":"Person","@id":"https:\/\/histoire-patrimoine-aoustois.fr\/#\/schema\/person\/37a62d238dcee0c26cbd84b5b753e806","name":"c.grangeon@orange.fr","image":{"@type":"ImageObject","inLanguage":"fr-FR","@id":"https:\/\/secure.gravatar.com\/avatar\/cc761b3b59da1005e87bc0d8d6ae0ecd5168729c45828cb7f6f0db169d1b9b5a?s=96&d=blank&r=g","url":"https:\/\/secure.gravatar.com\/avatar\/cc761b3b59da1005e87bc0d8d6ae0ecd5168729c45828cb7f6f0db169d1b9b5a?s=96&d=blank&r=g","contentUrl":"https:\/\/secure.gravatar.com\/avatar\/cc761b3b59da1005e87bc0d8d6ae0ecd5168729c45828cb7f6f0db169d1b9b5a?s=96&d=blank&r=g","caption":"c.grangeon@orange.fr"},"sameAs":["http:\/\/histoire-patrimoine-aoustois.fr"],"url":"https:\/\/histoire-patrimoine-aoustois.fr\/?author=1"}]}},"jetpack_publicize_connections":[],"jetpack_featured_media_url":"","jetpack_sharing_enabled":true,"_links":{"self":[{"href":"https:\/\/histoire-patrimoine-aoustois.fr\/index.php?rest_route=\/wp\/v2\/posts\/7452","targetHints":{"allow":["GET"]}}],"collection":[{"href":"https:\/\/histoire-patrimoine-aoustois.fr\/index.php?rest_route=\/wp\/v2\/posts"}],"about":[{"href":"https:\/\/histoire-patrimoine-aoustois.fr\/index.php?rest_route=\/wp\/v2\/types\/post"}],"author":[{"embeddable":true,"href":"https:\/\/histoire-patrimoine-aoustois.fr\/index.php?rest_route=\/wp\/v2\/users\/1"}],"replies":[{"embeddable":true,"href":"https:\/\/histoire-patrimoine-aoustois.fr\/index.php?rest_route=%2Fwp%2Fv2%2Fcomments&post=7452"}],"version-history":[{"count":0,"href":"https:\/\/histoire-patrimoine-aoustois.fr\/index.php?rest_route=\/wp\/v2\/posts\/7452\/revisions"}],"wp:attachment":[{"href":"https:\/\/histoire-patrimoine-aoustois.fr\/index.php?rest_route=%2Fwp%2Fv2%2Fmedia&parent=7452"}],"wp:term":[{"taxonomy":"category","embeddable":true,"href":"https:\/\/histoire-patrimoine-aoustois.fr\/index.php?rest_route=%2Fwp%2Fv2%2Fcategories&post=7452"},{"taxonomy":"post_tag","embeddable":true,"href":"https:\/\/histoire-patrimoine-aoustois.fr\/index.php?rest_route=%2Fwp%2Fv2%2Ftags&post=7452"}],"curies":[{"name":"wp","href":"https:\/\/api.w.org\/{rel}","templated":true}]}}