{"id":7594,"date":"2022-12-24T14:25:41","date_gmt":"2022-12-24T14:25:41","guid":{"rendered":"https:\/\/histoire-patrimoine-aoustois.fr\/?p=7594"},"modified":"2023-01-28T07:22:27","modified_gmt":"2023-01-28T07:22:27","slug":"les-rues-et-les-quartiers-daouste-sur-sye","status":"publish","type":"post","link":"https:\/\/histoire-patrimoine-aoustois.fr\/?p=7594","title":{"rendered":"Les rues et les quartiers d&rsquo;Aouste sur Sye"},"content":{"rendered":"\n<p><br><br><\/p>\n\n\n\n<div id=\"ez-toc-container\" class=\"ez-toc-v2_0_82_2 counter-hierarchy ez-toc-counter ez-toc-custom ez-toc-container-direction\">\n<div class=\"ez-toc-title-container\">\n<p class=\"ez-toc-title\" style=\"cursor:inherit\">Sommaire<\/p>\n<span class=\"ez-toc-title-toggle\"><a href=\"#\" class=\"ez-toc-pull-right ez-toc-btn ez-toc-btn-xs ez-toc-btn-default ez-toc-toggle\" aria-label=\"Toggle Table of Content\"><span class=\"ez-toc-js-icon-con\"><span class=\"\"><span class=\"eztoc-hide\" style=\"display:none;\">Toggle<\/span><span class=\"ez-toc-icon-toggle-span\"><svg style=\"fill: #999;color:#999\" xmlns=\"http:\/\/www.w3.org\/2000\/svg\" class=\"list-377408\" width=\"20px\" height=\"20px\" viewBox=\"0 0 24 24\" fill=\"none\"><path d=\"M6 6H4v2h2V6zm14 0H8v2h12V6zM4 11h2v2H4v-2zm16 0H8v2h12v-2zM4 16h2v2H4v-2zm16 0H8v2h12v-2z\" fill=\"currentColor\"><\/path><\/svg><svg style=\"fill: #999;color:#999\" class=\"arrow-unsorted-368013\" xmlns=\"http:\/\/www.w3.org\/2000\/svg\" width=\"10px\" height=\"10px\" viewBox=\"0 0 24 24\" version=\"1.2\" baseProfile=\"tiny\"><path d=\"M18.2 9.3l-6.2-6.3-6.2 6.3c-.2.2-.3.4-.3.7s.1.5.3.7c.2.2.4.3.7.3h11c.3 0 .5-.1.7-.3.2-.2.3-.5.3-.7s-.1-.5-.3-.7zM5.8 14.7l6.2 6.3 6.2-6.3c.2-.2.3-.5.3-.7s-.1-.5-.3-.7c-.2-.2-.4-.3-.7-.3h-11c-.3 0-.5.1-.7.3-.2.2-.3.5-.3.7s.1.5.3.7z\"\/><\/svg><\/span><\/span><\/span><\/a><\/span><\/div>\n<nav><ul class='ez-toc-list ez-toc-list-level-1 ' ><ul class='ez-toc-list-level-2' ><li class='ez-toc-heading-level-2'><a class=\"ez-toc-link ez-toc-heading-1\" href=\"https:\/\/histoire-patrimoine-aoustois.fr\/?p=7594\/#Rues_et_quartiers_dAouste_sur_Sye\" >Rues et quartiers d\u2019Aouste sur Sye<\/a><ul class='ez-toc-list-level-4' ><li class='ez-toc-heading-level-4'><ul class='ez-toc-list-level-4' ><li class='ez-toc-heading-level-4'><a class=\"ez-toc-link ez-toc-heading-2\" href=\"https:\/\/histoire-patrimoine-aoustois.fr\/?p=7594\/#A\" >A<\/a><\/li><li class='ez-toc-page-1 ez-toc-heading-level-4'><a class=\"ez-toc-link ez-toc-heading-3\" href=\"https:\/\/histoire-patrimoine-aoustois.fr\/?p=7594\/#B\" >B<\/a><\/li><li class='ez-toc-page-1 ez-toc-heading-level-4'><a class=\"ez-toc-link ez-toc-heading-4\" href=\"https:\/\/histoire-patrimoine-aoustois.fr\/?p=7594\/#C\" >C<\/a><\/li><li class='ez-toc-page-1 ez-toc-heading-level-4'><a class=\"ez-toc-link ez-toc-heading-5\" href=\"https:\/\/histoire-patrimoine-aoustois.fr\/?p=7594\/#D\" >D<\/a><\/li><li class='ez-toc-page-1 ez-toc-heading-level-4'><a class=\"ez-toc-link ez-toc-heading-6\" href=\"https:\/\/histoire-patrimoine-aoustois.fr\/?p=7594\/#E\" >E<\/a><\/li><li class='ez-toc-page-1 ez-toc-heading-level-4'><a class=\"ez-toc-link ez-toc-heading-7\" href=\"https:\/\/histoire-patrimoine-aoustois.fr\/?p=7594\/#F\" >F<\/a><\/li><li class='ez-toc-page-1 ez-toc-heading-level-4'><a class=\"ez-toc-link ez-toc-heading-8\" href=\"https:\/\/histoire-patrimoine-aoustois.fr\/?p=7594\/#G\" >G<\/a><\/li><li class='ez-toc-page-1 ez-toc-heading-level-4'><a class=\"ez-toc-link ez-toc-heading-9\" href=\"https:\/\/histoire-patrimoine-aoustois.fr\/?p=7594\/#H\" >H<\/a><\/li><li class='ez-toc-page-1 ez-toc-heading-level-4'><a class=\"ez-toc-link ez-toc-heading-10\" href=\"https:\/\/histoire-patrimoine-aoustois.fr\/?p=7594\/#I\" >I<\/a><\/li><li class='ez-toc-page-1 ez-toc-heading-level-4'><a class=\"ez-toc-link ez-toc-heading-11\" href=\"https:\/\/histoire-patrimoine-aoustois.fr\/?p=7594\/#J\" >J<\/a><\/li><li class='ez-toc-page-1 ez-toc-heading-level-4'><a class=\"ez-toc-link ez-toc-heading-12\" href=\"https:\/\/histoire-patrimoine-aoustois.fr\/?p=7594\/#L\" >L<\/a><\/li><li class='ez-toc-page-1 ez-toc-heading-level-4'><a class=\"ez-toc-link ez-toc-heading-13\" href=\"https:\/\/histoire-patrimoine-aoustois.fr\/?p=7594\/#M\" >M<\/a><\/li><li class='ez-toc-page-1 ez-toc-heading-level-4'><a class=\"ez-toc-link ez-toc-heading-14\" href=\"https:\/\/histoire-patrimoine-aoustois.fr\/?p=7594\/#N\" >N<\/a><\/li><li class='ez-toc-page-1 ez-toc-heading-level-4'><a class=\"ez-toc-link ez-toc-heading-15\" href=\"https:\/\/histoire-patrimoine-aoustois.fr\/?p=7594\/#R\" >R<\/a><\/li><li class='ez-toc-page-1 ez-toc-heading-level-4'><a class=\"ez-toc-link ez-toc-heading-16\" href=\"https:\/\/histoire-patrimoine-aoustois.fr\/?p=7594\/#S\" >S<\/a><\/li><li class='ez-toc-page-1 ez-toc-heading-level-4'><a class=\"ez-toc-link ez-toc-heading-17\" href=\"https:\/\/histoire-patrimoine-aoustois.fr\/?p=7594\/#T\" >T<\/a><\/li><li class='ez-toc-page-1 ez-toc-heading-level-4'><a class=\"ez-toc-link ez-toc-heading-18\" href=\"https:\/\/histoire-patrimoine-aoustois.fr\/?p=7594\/#V\" >V<\/a><\/li><\/ul><\/li><\/ul><\/li><\/ul><\/li><li class='ez-toc-page-1 ez-toc-heading-level-1'><a class=\"ez-toc-link ez-toc-heading-19\" href=\"https:\/\/histoire-patrimoine-aoustois.fr\/?p=7594\/#Histoire_de_nos_rues\" >Histoire de nos rues<\/a><\/li><li class='ez-toc-page-1 ez-toc-heading-level-1'><a class=\"ez-toc-link ez-toc-heading-20\" href=\"https:\/\/histoire-patrimoine-aoustois.fr\/?p=7594\/#Rues_Quartiers_et_Lieux-dits_mentionnes_dans_les_parcellaires_du_XVII%C2%B0et_XVIII%C2%B0_siecles\" >Rues, Quartiers et Lieux-dits mentionn\u00e9s dans les parcellaires du XVII\u00b0et XVIII\u00b0 si\u00e8cles<\/a><\/li><\/ul><\/nav><\/div>\n<h2 class=\"has-text-align-center has-text-color has-medium-font-size wp-block-heading\" style=\"color:#142fff\"><span class=\"ez-toc-section\" id=\"Rues_et_quartiers_dAouste_sur_Sye\"><\/span><strong>Rues et quartiers d\u2019Aouste sur Sye<\/strong><span class=\"ez-toc-section-end\"><\/span><\/h2>\n\n\n\n<p><\/p>\n\n\n\n<p class=\"has-medium-font-size\"><br>La d\u00e9couverte des rues et des quartiers d&rsquo;Aouste sur Sye (Dr\u00f4me) avec leurs situations et leurs histoires. Comment ont-ils \u00e9t\u00e9 nomm\u00e9s.<br><br><br><\/p>\n\n\n\n<p><\/p>\n\n\n\n<p><\/p>\n\n\n<div class=\"wp-block-image\">\n<figure class=\"aligncenter size-full\"><img fetchpriority=\"high\" decoding=\"async\" width=\"520\" height=\"390\" src=\"https:\/\/histoire-patrimoine-aoustois.fr\/wp-content\/uploads\/2022\/12\/rues-01.jpg\" alt=\"\" class=\"wp-image-7597\" srcset=\"https:\/\/histoire-patrimoine-aoustois.fr\/wp-content\/uploads\/2022\/12\/rues-01.jpg 520w, https:\/\/histoire-patrimoine-aoustois.fr\/wp-content\/uploads\/2022\/12\/rues-01-300x225.jpg 300w\" sizes=\"(max-width: 520px) 100vw, 520px\" \/><figcaption class=\"wp-element-caption\"><em><strong>Aouste sur Sye<\/strong><\/em><\/figcaption><\/figure>\n<\/div>\n\n\n<p><\/p>\n\n\n\n<p class=\"has-medium-font-size\"><strong>Sommaire<\/strong><\/p>\n\n\n\n<p><\/p>\n\n\n\n<p><\/p>\n\n\n\n<p class=\"has-text-color has-medium-font-size\" id=\"ruesetquartiers\" style=\"color:#1b07e3\"><\/p>\n\n\n\n<p><\/p>\n\n\n\n<p class=\"has-text-color has-medium-font-size\" style=\"color:#040cf9\"><strong><a href=\"#histoire\">Histoire<\/a> de nos rues<\/strong><\/p>\n\n\n\n<p class=\"has-text-color has-medium-font-size\" id=\"ruesquartierslieuxdits\" style=\"color:#073ee3\"><strong><a href=\"#ruesquartiersetlieuxdits\">Rues, <mark style=\"background-color:rgba(0, 0, 0, 0);color:#1b0fff\" class=\"has-inline-color\">quartiers et lieux-dits<\/mark><\/a><mark style=\"background-color:rgba(0, 0, 0, 0);color:#1b0fff\" class=\"has-inline-color\"> aux XVII\u00b0et XVIII\u00b0 si\u00e8cles<\/mark><\/strong><\/p>\n\n\n\n<h2 class=\"has-text-align-center has-medium-font-size wp-block-heading\"><strong><br><\/strong><\/h2>\n\n\n\n<p><\/p>\n\n\n\n<p><\/p>\n\n\n\n<p><\/p>\n\n\n\n<p><\/p>\n\n\n\n<p class=\"has-text-align-center has-medium-font-size\"><strong>Liste des rues et quartiers<\/strong><br><\/p>\n\n\n\n<ul class=\"wp-block-list\">\n<li>19 Mars 1962 (Rue du)<\/li>\n<\/ul>\n\n\n\n<h4 class=\"wp-block-heading\"><span class=\"ez-toc-section\" id=\"A\"><\/span><a><\/a>A<span class=\"ez-toc-section-end\"><\/span><\/h4>\n\n\n\n<ul class=\"wp-block-list\">\n<li>Adrien Pinet (Chemin)<\/li>\n\n\n\n<li>All\u00e9e (Rue de l&rsquo;)<\/li>\n\n\n\n<li>All\u00e9e du Signal (Lotissement l&rsquo;)<\/li>\n\n\n\n<li>Am\u00e9d\u00e9e Terrail (Avenue)<\/li>\n\n\n\n<li>Anges (Place des)<\/li>\n\n\n\n<li>Antoine Tavan (Rue et impasse)<\/li>\n\n\n\n<li>Aouste (Plan d&rsquo;)<\/li>\n\n\n\n<li>Arras (Chemin des) (Bas Arras)<\/li>\n\n\n\n<li>Aubes (quartier)<\/li>\n\n\n\n<li>Augusta (Via)<\/li>\n\n\n\n<li>Auguste Chenu (Rue)<\/li>\n<\/ul>\n\n\n\n<h4 class=\"wp-block-heading\"><span class=\"ez-toc-section\" id=\"B\"><\/span><a><\/a>B<span class=\"ez-toc-section-end\"><\/span><\/h4>\n\n\n\n<ul class=\"wp-block-list\">\n<li>Beausoleil (Lotissement)<\/li>\n\n\n\n<li>Balcons de la Sye (lotissement)<\/li>\n\n\n\n<li>Berton de Saut (Rue)<\/li>\n\n\n\n<li>Blacons (Route de)<\/li>\n\n\n\n<li>Bois Vieux (chemin de)<\/li>\n\n\n\n<li>Bories (Chemin des) et (Route des)<\/li>\n\n\n\n<li>Boulards (Rue des)<\/li>\n<\/ul>\n\n\n\n<h4 class=\"wp-block-heading\"><span class=\"ez-toc-section\" id=\"C\"><\/span><a><\/a>C<span class=\"ez-toc-section-end\"><\/span><\/h4>\n\n\n\n<ul class=\"wp-block-list\">\n<li>Calvaire (Rue du)<\/li>\n\n\n\n<li>Cedres (Impasse des)<\/li>\n\n\n\n<li>Chabanas (Quartier)<\/li>\n\n\n\n<li>Chanteloube (Quartier)<\/li>\n\n\n\n<li>Chapoutat (Lotissement)<\/li>\n\n\n\n<li>Charancon (Rue de)<\/li>\n\n\n\n<li>Charles Chapoutat (Rue)<\/li>\n\n\n\n<li>Charpentier (Rue du)<\/li>\n\n\n\n<li>Cimetiere (Route du)<\/li>\n\n\n\n<li>Citadelle (Passage de la)<\/li>\n\n\n\n<li>Cobonne (Route de)<\/li>\n\n\n\n<li>Combe Plane (Quartier)<\/li>\n\n\n\n<li>Condamine (Route de la)<\/li>\n\n\n\n<li>Cordonnier (Rue du)<\/li>\n\n\n\n<li>Cornerets (Quartier)<\/li>\n\n\n\n<li>Crest (Route de)<\/li>\n\n\n\n<li>Croisi\u00e8re (Rue de la)<\/li>\n\n\n\n<li>Croix (Rue de la)<\/li>\n<\/ul>\n\n\n\n<h4 class=\"wp-block-heading\"><span class=\"ez-toc-section\" id=\"D\"><\/span><a><\/a>D<span class=\"ez-toc-section-end\"><\/span><\/h4>\n\n\n\n<ul class=\"wp-block-list\">\n<li>Droits de l&rsquo;Homme (Rue des)<\/li>\n\n\n\n<li>Dev\u00e8s (Chemin du)<\/li>\n<\/ul>\n\n\n\n<h4 class=\"wp-block-heading\"><span class=\"ez-toc-section\" id=\"E\"><\/span><a><\/a>E<span class=\"ez-toc-section-end\"><\/span><\/h4>\n\n\n\n<ul class=\"wp-block-list\">\n<li>\u00c9douard Ath\u00e9nor (Rue)<\/li>\n\n\n\n<li>Egalit\u00e9 chemin de )<\/li>\n\n\n\n<li>Eglise (Place de l&rsquo;)<\/li>\n\n\n\n<li>Enfers (Rue des)<\/li>\n\n\n\n<li>Enjaury<\/li>\n<\/ul>\n\n\n\n<h4 class=\"wp-block-heading\"><span class=\"ez-toc-section\" id=\"F\"><\/span><a><\/a>F<span class=\"ez-toc-section-end\"><\/span><\/h4>\n\n\n\n<ul class=\"wp-block-list\">\n<li>Facteur (Rue du)<\/li>\n\n\n\n<li>Ferrande (Quartier)<\/li>\n\n\n\n<li>Fifre (Rue du)<\/li>\n\n\n\n<li>Fontagnal (Chemin de) (Quartier)<\/li>\n\n\n\n<li>Francois Bernard Charmois (Place)<\/li>\n\n\n\n<li>Fr\u00eanes (All\u00e9e des)<\/li>\n<\/ul>\n\n\n\n<h4 class=\"wp-block-heading\"><span class=\"ez-toc-section\" id=\"G\"><\/span><a><\/a>G<span class=\"ez-toc-section-end\"><\/span><\/h4>\n\n\n\n<ul class=\"wp-block-list\">\n<li>Gabriel Bonnard (Place)<\/li>\n\n\n\n<li>Gare (Rue de la)<\/li>\n\n\n\n<li>Gaye (Quartier de la)<\/li>\n\n\n\n<li>Grande Rue (Grande rue)<\/li>\n\n\n\n<li>Gustave Gresse (Rue)<\/li>\n<\/ul>\n\n\n\n<h4 class=\"wp-block-heading\"><span class=\"ez-toc-section\" id=\"H\"><\/span><a><\/a>H<span class=\"ez-toc-section-end\"><\/span><\/h4>\n\n\n\n<ul class=\"wp-block-list\">\n<li>Haut Arras (Rue du)<\/li>\n\n\n\n<li>H\u00f4pital (Rue de l&rsquo;)<\/li>\n<\/ul>\n\n\n\n<h4 class=\"wp-block-heading\"><span class=\"ez-toc-section\" id=\"I\"><\/span><a><\/a>I<span class=\"ez-toc-section-end\"><\/span><\/h4>\n\n\n\n<ul class=\"wp-block-list\">\n<li>Ile (Chemin de l&rsquo;)<\/li>\n\n\n\n<li>Iris (chemin des)<\/li>\n<\/ul>\n\n\n\n<h4 class=\"wp-block-heading\"><span class=\"ez-toc-section\" id=\"J\"><\/span><a><\/a>J<span class=\"ez-toc-section-end\"><\/span><\/h4>\n\n\n\n<ul class=\"wp-block-list\">\n<li>Jardins (Rue des)<\/li>\n\n\n\n<li>Jury (Quartier)<\/li>\n<\/ul>\n\n\n\n<h4 class=\"wp-block-heading\"><span class=\"ez-toc-section\" id=\"L\"><\/span><a><\/a>L<span class=\"ez-toc-section-end\"><\/span><\/h4>\n\n\n\n<ul class=\"wp-block-list\">\n<li>La Bleue (Quartier)<\/li>\n\n\n\n<li>La Condamine (Quartier)<\/li>\n\n\n\n<li>La Loziere (Quartier)<\/li>\n\n\n\n<li>La Peyrolle (Quartier)<\/li>\n\n\n\n<li>La Pialle (Quartier)<\/li>\n\n\n\n<li>La Serpentine<\/li>\n\n\n\n<li>Lassaumes (Quartier)<\/li>\n\n\n\n<li>Lavoir (Rue du)<\/li>\n\n\n\n<li>le Mourier (Quartier )<\/li>\n\n\n\n<li>Le Plan<\/li>\n\n\n\n<li>Le Pont Bossu (Quartier)<\/li>\n\n\n\n<li>Le Pourret (Quartier)<\/li>\n\n\n\n<li>Les Arras (Quartier)<\/li>\n\n\n\n<li>Les Aubes (Quartier)<\/li>\n\n\n\n<li>Les Bas Arras (Quartier)<\/li>\n\n\n\n<li>Les Bories (Quartier)<\/li>\n\n\n\n<li>Les Gardettes (Quartier)<\/li>\n\n\n\n<li>Les Gres (Quartier)&nbsp;?<\/li>\n\n\n\n<li>Les Hauts Arras (Quartier)<\/li>\n\n\n\n<li>Les Hubacs (Quartier)<\/li>\n\n\n\n<li>Les Plantas (Quartier)<\/li>\n\n\n\n<li>Les Rapaillens (Quartier)<\/li>\n\n\n\n<li>Les Rouveyres (Quartier)<\/li>\n<\/ul>\n\n\n\n<ul class=\"wp-block-list\">\n<li>Les Terrasses (Quartier et lotissement)<\/li>\n\n\n\n<li>Lotissement l&rsquo;Eau Vive<\/li>\n\n\n\n<li>Lotissement l\u2019Huilerie<\/li>\n\n\n\n<li>Lotissement le Fleury<\/li>\n\n\n\n<li>Lotissement le Hameau de Mivoie<\/li>\n\n\n\n<li>Lotissement les Balcons de la Sye<\/li>\n\n\n\n<li>Lotissement les Bl\u00e9s d&rsquo;Or<\/li>\n\n\n\n<li>Lotissement les Jardins d\u2019Augusta<\/li>\n\n\n\n<li>Lotissement les Lilas<\/li>\n\n\n\n<li>Lotissement les Rives du Lauzens<\/li>\n<\/ul>\n\n\n\n<h4 class=\"wp-block-heading\"><span class=\"ez-toc-section\" id=\"M\"><\/span><a><\/a>M<span class=\"ez-toc-section-end\"><\/span><\/h4>\n\n\n\n<ul class=\"wp-block-list\">\n<li>Maillette<\/li>\n\n\n\n<li>Matelassier (Rue du)<\/li>\n\n\n\n<li>Melchior des Essarts (Rue)<\/li>\n\n\n\n<li>Millassoles (Quartier)<\/li>\n\n\n\n<li>Mivoie (Quartier)<\/li>\n\n\n\n<li>Modiste (Impasse de la)<\/li>\n\n\n\n<li>Moirans (Rue des)<\/li>\n\n\n\n<li>Montvert (Quartier)<\/li>\n\n\n\n<li>Moulins (Rue des)<\/li>\n<\/ul>\n\n\n\n<h4 class=\"wp-block-heading\"><span class=\"ez-toc-section\" id=\"N\"><\/span><a><\/a>N<span class=\"ez-toc-section-end\"><\/span><\/h4>\n\n\n\n<ul class=\"wp-block-list\">\n<li>Narcisses (All\u00e9e des)<\/li>\n<\/ul>\n\n\n\n<p><a><\/a><strong>P<\/strong><\/p>\n\n\n\n<ul class=\"wp-block-list\">\n<li>Papeterie (all\u00e9e de la)<\/li>\n\n\n\n<li>Pas de Lauzens (Route du)<\/li>\n\n\n\n<li>Pasteur Boegner (Rue)<\/li>\n\n\n\n<li>Peyrequatre (Quartier)<\/li>\n\n\n\n<li>Picouty<\/li>\n\n\n\n<li>Poste (Place de la)<\/li>\n\n\n\n<li>Pourret (Chemin du)<\/li>\n\n\n\n<li>Puy Saint Pierre (Quartier)<\/li>\n<\/ul>\n\n\n\n<h4 class=\"wp-block-heading\"><span class=\"ez-toc-section\" id=\"R\"><\/span><a><\/a>R<span class=\"ez-toc-section-end\"><\/span><\/h4>\n\n\n\n<ul class=\"wp-block-list\">\n<li>Remparts (Rue des)<\/li>\n\n\n\n<li>Rochecolombe (Impasse)<\/li>\n\n\n\n<li>Rochefort (Place)<\/li>\n<\/ul>\n\n\n\n<h4 class=\"wp-block-heading\"><span class=\"ez-toc-section\" id=\"S\"><\/span><a><\/a>S<span class=\"ez-toc-section-end\"><\/span><\/h4>\n\n\n\n<ul class=\"wp-block-list\">\n<li>Saint Alban (Quartier)<\/li>\n\n\n\n<li>Saint Christophe (Quartier)<\/li>\n\n\n\n<li>Saint Francois (Quartier)<\/li>\n\n\n\n<li>Saint Pierre (Chemin de) (Quartier)<\/li>\n\n\n\n<li>Saint Vincent (Quartier) (Chemin de)<\/li>\n\n\n\n<li>Sauvanes (Quartier)<\/li>\n\n\n\n<li>Senteurs (Chemin des)<\/li>\n\n\n\n<li>Simesiane (Quartier)<\/li>\n\n\n\n<li>Souvion (Quartier)<\/li>\n\n\n\n<li>Surville (Rue de)<\/li>\n\n\n\n<li>Sylvestre<\/li>\n\n\n\n<li>Synagogue (Rue de la)<\/li>\n<\/ul>\n\n\n\n<h4 class=\"wp-block-heading\"><span class=\"ez-toc-section\" id=\"T\"><\/span><a><\/a>T<span class=\"ez-toc-section-end\"><\/span><\/h4>\n\n\n\n<ul class=\"wp-block-list\">\n<li>Tavan (Impasse)<\/li>\n\n\n\n<li>Terrasses (quartier)<\/li>\n\n\n\n<li>Tisserand (Rue du)<\/li>\n\n\n\n<li>Tournepierre (Quartier)<\/li>\n\n\n\n<li>Traversi\u00e8re (Rue la)<\/li>\n\n\n\n<li>Trois Balcons (Place et rue des)<\/li>\n\n\n\n<li>Trois Becs (Rue des)<\/li>\n\n\n\n<li>Tulipes (All\u00e9e des)<\/li>\n<\/ul>\n\n\n\n<h4 class=\"wp-block-heading\"><span class=\"ez-toc-section\" id=\"V\"><\/span><a><\/a>V<span class=\"ez-toc-section-end\"><\/span><\/h4>\n\n\n\n<ul class=\"wp-block-list\">\n<li>Veyou (Rue du)<\/li>\n\n\n\n<li>Via Augusta<br><br><br>\n\n\n\n\n\n\n\n\n<ul class=\"wp-block-list\">\n<li><\/li>\n<\/ul>\n\n\n\n<ul class=\"wp-block-list\">\n<li><\/li>\n<\/ul>\n<\/li>\n<\/ul>\n\n\n\n<h1 class=\"has-text-align-center wp-block-heading\" id=\"lesruesetquartiers\"><br><br><br><br><\/h1>\n\n\n\n<p><\/p>\n\n\n\n<h1 class=\"has-text-align-center wp-block-heading\" id=\"histoire\"><span class=\"ez-toc-section\" id=\"Histoire_de_nos_rues\"><\/span><br>Histoire de nos rues<br><br><span class=\"ez-toc-section-end\"><\/span><\/h1>\n\n\n\n<p><br><br><strong>Adrien Pinet<\/strong>&nbsp;: chemin situ\u00e9 rive gauche de la Dr\u00f4me en limite de la zone artisanale de la Condamine d\u2019Aouste sur Sye. Rappelle le patronyme d\u2019un r\u00e9sident.<\/p>\n\n\n\n<p><strong>All\u00e9e (Rue de l&rsquo;)<\/strong>&nbsp;: Cette rue longe les anciens remparts nord du village. Elle occupe l\u2019emplacement des foss\u00e9s nord combl\u00e9s. Son appellation semblerait indiquait la d\u00e9signation du passage qui permettait l\u2019acc\u00e8s aux jardins et aux champs. Possible d\u00e9formation de \u00ab&nbsp;alleu&nbsp;\u00bb signifiant &#8211; une propri\u00e9t\u00e9 acquise par h\u00e9ritage et libre de toute obligation ou redevance &#8211; si l\u2019on en juge par un proc\u00e8s du XVIIIe si\u00e8cle entre les consuls d\u2019Aouste et Pierre de Sauvain seigneur du Cheylard qui revendiquaient la possession des dits foss\u00e9s combl\u00e9s. Par ailleurs dans cette proc\u00e9dure est mentionn\u00e9e&nbsp;:&nbsp;\u00ab<em>un grand passage depuis la porte de Soubreville, qui est vers la rivi\u00e8re de Sye, jusqu\u2019\u00e0 celle de Saint Cristoffle qui est celle qui va \u00e0 Crest d\u2019environ 20 pas de large appel\u00e9 les foss\u00e9s servant de promenade \u00e0 Mr de Vach\u00e8res. &#8230;&nbsp;\u00bb<\/em><\/p>\n\n\n\n<p><strong>Am<\/strong><strong>\u00e9<\/strong><strong>d<\/strong><strong>\u00e9<\/strong><strong>e Terrail<\/strong>&nbsp;: avenue et esplanade sur la rive gauche de la Dr\u00f4me desservant entre autres la mairie et le groupe scolaire Jules Ferry. Ainsi nomm\u00e9e en hommage \u00e0 l\u2019ancien maire de 1908 \u00e0 1924.<\/p>\n\n\n\n<p><strong>Anges (Place des)&nbsp;:<\/strong> place, \u00e0 l\u2019entr\u00e9e du quartier des Enfers, ainsi d\u00e9nomm\u00e9e car sur la fa\u00e7ade d\u2019une maison sont grav\u00e9s des angelots sur la fa\u00e7ade au XVI<sup>e <\/sup>si\u00e8cle.<\/p>\n\n\n\n<p><\/p>\n\n\n<div class=\"wp-block-image\">\n<figure class=\"aligncenter size-full\"><img decoding=\"async\" width=\"350\" height=\"144\" src=\"https:\/\/histoire-patrimoine-aoustois.fr\/wp-content\/uploads\/2022\/12\/rues-02.jpg\" alt=\"\" class=\"wp-image-7598\" srcset=\"https:\/\/histoire-patrimoine-aoustois.fr\/wp-content\/uploads\/2022\/12\/rues-02.jpg 350w, https:\/\/histoire-patrimoine-aoustois.fr\/wp-content\/uploads\/2022\/12\/rues-02-300x123.jpg 300w\" sizes=\"(max-width: 350px) 100vw, 350px\" \/><figcaption class=\"wp-element-caption\"><strong><em>les angelots<\/em><\/strong><\/figcaption><\/figure>\n<\/div>\n\n\n<p><\/p>\n\n\n\n<p><\/p>\n\n\n\n<p><strong>A<\/strong><strong>nt<\/strong><strong>a<\/strong><strong>riou, <\/strong><strong>Enterriou<\/strong>&nbsp;: quartier situ\u00e9 au sud de la commune, rive gauche. Limit\u00e9 au sud par les Rapaillens, au nord par St Alban, \u00e0 l\u2019est par Les Terrasses et \u00e0 l\u2019ouest par les Hubacs. Doit son nom au ruisseau de Millassoles qui le limite \u00e0 l\u2019ouest (\u00ab&nbsp;riou&nbsp;\u00bb = ruisseau et \u00ab&nbsp;anta&nbsp;\u00bb = avant, contre). Attest\u00e9 depuis 1413&nbsp;: <em>Anterious<\/em> (terrier de l&rsquo;\u00e9v\u00each\u00e9 de Die)&nbsp;; en 1607&nbsp;: <em>Antarioux<\/em> et <em>Antherioux<\/em> (terrier du prieur\u00e9 de Saillans)&nbsp;;au XVIIe&nbsp;si\u00e8cle&nbsp;: <em>le rif d&rsquo;Enterriou<\/em> (parcellaire)&nbsp;; au XIXe&nbsp;si\u00e8cle&nbsp;: <em>Antaripa<\/em> et <em>Antariol<\/em> (plans cadastraux) et en 1891&nbsp;: <em>Antaripa<\/em>, quartier et ruisseau de la commune d&rsquo;Aouste.<\/p>\n\n\n\n<p><strong>Antoine Tavan<\/strong>&nbsp;: (1779-1848)&nbsp;: rue, situ\u00e9e rive droite au nord du village, nomm\u00e9e en hommage au maire de 1830 \u00e0 1848. Toutefois, le p\u00e8re pr\u00e9nomm\u00e9 aussi Antoine Tavan (1739-1814) a exerc\u00e9 les fonctions de maire d\u2019Aouste de 1800 \u00e0 1814.<\/p>\n\n\n\n<p><strong>Arras<\/strong>&nbsp;: Quartier situ\u00e9 au nord du village. Appellation qui semblerait venir du latin \u00ab&nbsp;aratio&nbsp;\u00bb, (labour&nbsp;; terre cultiv\u00e9e, en particulier terre que les Romains donnaient \u00e0 cultiver dans les provinces ). Explication plus plausible, en effet c\u2019est dans ce quartier que l\u2019on a d\u00e9couvert la pr\u00e9sence d\u2019une importante villa romaine. Attest\u00e9 en 1413 avec \u00ab&nbsp;Larra&nbsp;\u00bb (terrier de l\u2019\u00e9v\u00each\u00e9 de Die). Ce quartier se scinde en deux avec les Bas Arras et Hauts Arras.<\/p>\n\n\n\n<p><\/p>\n\n\n<div class=\"wp-block-image\">\n<figure class=\"aligncenter size-full\"><img decoding=\"async\" width=\"514\" height=\"196\" src=\"https:\/\/histoire-patrimoine-aoustois.fr\/wp-content\/uploads\/2022\/12\/rues-03.jpg\" alt=\"\" class=\"wp-image-7599\" srcset=\"https:\/\/histoire-patrimoine-aoustois.fr\/wp-content\/uploads\/2022\/12\/rues-03.jpg 514w, https:\/\/histoire-patrimoine-aoustois.fr\/wp-content\/uploads\/2022\/12\/rues-03-300x114.jpg 300w\" sizes=\"(max-width: 514px) 100vw, 514px\" \/><figcaption class=\"wp-element-caption\"><strong><em>araire<\/em><\/strong><\/figcaption><\/figure>\n<\/div>\n\n\n<p><strong>Artigoules&nbsp;<\/strong>: Entigoules au XVIIIe si\u00e8cle. Quartier attest\u00e9 en 1413 Crosus Dortigoulas (terrier de l\u2019\u00e9v\u00each\u00e9 de Die) crosus = traverser \u2013 ortigoulas = grande ortie.<\/p>\n\n\n\n<p><strong>A<\/strong><strong>ubes (quartier)<\/strong>&nbsp;: Albas au XIIIe s.&nbsp;; Haubes au XVIIIe si\u00e8cle&nbsp;; au nord-est du village. Cette appellation semble rappeler la couleur blanche (alba) mais aussi l\u2018endroit o\u00f9 appara\u00eet le soleil levant. On peut penser aussi \u00e0 l\u2019occitan \u00ab&nbsp;auba&nbsp;\u00bb appellation du saule \u00e0 feuillage blanc.<\/p>\n\n\n\n<p><strong>Augusta (Via)<\/strong>&nbsp;: voie de contournement nord du village \u00ab&nbsp;voie urbaine nord&nbsp;\u00bb, cr\u00e9\u00e9e dans les ann\u00e9es 1979, ainsi appel\u00e9e en hommage au \u00ab&nbsp;fondateur&nbsp;\u00bb du bourg, l\u2019empereur romain Auguste.<\/p>\n\n\n\n<p><strong>Auguste Chenu (Rue)&nbsp;<\/strong>: situ\u00e9e rive gauche de la Dr\u00f4me, ancien trac\u00e9 de la D 164 route de Aouste \u00e0 Pi\u00e9gros la Clastre\/Saillans. Ainsi d\u00e9nomm\u00e9e en hommage \u00e0 l\u2019industriel cimentier Auguste Chenu (1869-1955).<\/p>\n\n\n\n<p><strong>Balcons de la Sye <\/strong><strong>(Lotissement les )<\/strong>&nbsp;: situ\u00e9 au nord de la commune, desservi par la route de Cobonne (RD 731).<\/p>\n\n\n\n<p><strong>Beaune<\/strong>&nbsp;: colline et ruisseau au sud de la commune, entre Peym\u00e9e \u00e0 l\u2019ouest, Jurie au sud, les Hubacs au nord et \u00e0 l\u2019est Pimpignoux. Semble d\u00e9riv\u00e9 du mot gaulois latinis\u00e9 \u00ab&nbsp;Belena&nbsp;\u00bb, nom d\u2019une source issu du patronage du dieu gaulois Belenos, divinit\u00e9 des eaux. Actuellement d\u00e9crit sous le nom de \u00ab&nbsp;Beaume&nbsp;\u00bb ce qui aurait un rapport avec un creux, une grotte.<\/p>\n\n\n\n<p><strong>Berton de Saut (Rue)&nbsp;: <\/strong>au centre du village, rive droite, rappelle le souvenir d\u2019une personne. A ne pas confondre avec l<strong>e comte de Sault<\/strong>, Charles 1er de Blanchefort de Cr\u00e9quy (1571-1638), lieutenant g\u00e9n\u00e9ral du Roi en Dauphin\u00e9, gendre du duc de Lesdigui\u00e8res, prit la d\u00e9cision le 9 janvier 1626 par arr\u00eat de faire d\u00e9molir les remparts de la cit\u00e9. <a href=\"https:\/\/histoire-patrimoine-aoustois.fr\/?p=5498\" target=\"_blank\" rel=\"noreferrer noopener\"><em>h<\/em><\/a><em><a href=\"https:\/\/histoire-patrimoine-aoustois.fr\/?p=5498\">ttps:\/\/histoire-patrimoine-aoustois.fr\/?p=<\/a><\/em><a href=\"https:\/\/histoire-patrimoine-aoustois.fr\/?p=5498\" target=\"_blank\" rel=\"noreferrer noopener\"><em>5498<\/em><\/a><\/p>\n\n\n\n<p><\/p>\n\n\n<div class=\"wp-block-image\">\n<figure class=\"aligncenter size-full\"><img loading=\"lazy\" decoding=\"async\" width=\"246\" height=\"334\" src=\"https:\/\/histoire-patrimoine-aoustois.fr\/wp-content\/uploads\/2022\/12\/rues-04.jpg\" alt=\"\" class=\"wp-image-7600\" srcset=\"https:\/\/histoire-patrimoine-aoustois.fr\/wp-content\/uploads\/2022\/12\/rues-04.jpg 246w, https:\/\/histoire-patrimoine-aoustois.fr\/wp-content\/uploads\/2022\/12\/rues-04-221x300.jpg 221w\" sizes=\"(max-width: 246px) 100vw, 246px\" \/><figcaption class=\"wp-element-caption\"><em><strong>ancienne poorte<\/strong><\/em><\/figcaption><\/figure>\n<\/div>\n\n\n<p><\/p>\n\n\n\n<p><strong>Beausoleil (Lotissement)<\/strong>&nbsp;: lotissement au nord du village bordant la via Augusta, am\u00e9nag\u00e9 en 1982<\/p>\n\n\n\n<p><strong>Blacons (Route de)<\/strong>&nbsp;: \u00e0 l\u2019est du village, portion de la RD 93 direction Saillans \u2013 Die. Aussi d\u00e9nomm\u00e9e Route des Trois Becs.<\/p>\n\n\n\n<p><strong>Bl\u00e9s d\u2019or (lotissement les )<\/strong>&nbsp;: situ\u00e9 au rond point ouest de la commune.<\/p>\n\n\n\n<p><strong>Bleue (La) (Quartier )<\/strong>&nbsp;: quartier situ\u00e9 au nord de la commune, limit\u00e9 au sud par le Corneret, au nord par Les Aubes , \u00e0 l\u2019ouest Sim\u00e9ziane et \u00e0 l\u2019est par la commune de Mirabel et Blacons. Rappelle un patronyme&nbsp;?<\/p>\n\n\n\n<p><strong>Bois Vieux (chemin de)<\/strong>&nbsp;: sur la rive gauche de la Dr\u00f4me, au sud de la commune. D\u00e9bute route du Pas de Lauzens (D70) jusqu\u2019\u00e0 la commune de Divajeu. Dessert le bois communal. L\u2019ancien appellation \u00e9tait la route de La R\u00e9para.<\/p>\n\n\n\n<p><strong>Bories (Chemin des) et (Route des)\u00a0:<\/strong> sur la rive gauche de la Dr\u00f4me, au sud-ouest du village, en limite de ZA de la Condamine et du ruisseau des Limites (avec la commune de Pi\u00e9gros La Clastre). Cette appellation semble autrefois indiquer la pr\u00e9sence de ferme, m\u00e9tairie, domaine ou cabanon. Il en reste quelques uns. A noter que sur le cadastre de 1811, section A, les Petites Bories de Pi\u00e9gros la Clastre sont mentionn\u00e9s une maison Laborie et un serre Laborie.<\/p>\n\n\n\n<p><strong>Boulard<\/strong>&nbsp;: Probablement, rappelle un patronyme, mais aussi une grosse bille de bois. Il est annot\u00e9 que dans le d\u00e9partement de la Dr\u00f4me ce patronyme arrive au 6<sup>e<\/sup> rang.<\/p>\n\n\n\n<p><strong>Calvaire (Rue du<\/strong>)&nbsp;: au nord du village, entre la rue Antoine Tavan et la rue du Haut Arras. Son appellation vient la pr\u00e9sence de trois croix b\u00e2ties sur un socle en pierre.<\/p>\n\n\n\n<p><\/p>\n\n\n<div class=\"wp-block-image\">\n<figure class=\"aligncenter size-full\"><img loading=\"lazy\" decoding=\"async\" width=\"439\" height=\"217\" src=\"https:\/\/histoire-patrimoine-aoustois.fr\/wp-content\/uploads\/2022\/12\/rues-05.jpg\" alt=\"\" class=\"wp-image-7601\" srcset=\"https:\/\/histoire-patrimoine-aoustois.fr\/wp-content\/uploads\/2022\/12\/rues-05.jpg 439w, https:\/\/histoire-patrimoine-aoustois.fr\/wp-content\/uploads\/2022\/12\/rues-05-300x148.jpg 300w\" sizes=\"(max-width: 439px) 100vw, 439px\" \/><figcaption class=\"wp-element-caption\"><strong><em>le calvaire<\/em><\/strong><\/figcaption><\/figure>\n<\/div>\n\n\n<p><\/p>\n\n\n\n<p><strong>C\u00e8dres (Impasse des)<\/strong>&nbsp;: impasse situ\u00e9e rive gauche de la Dr\u00f4me, desservant les habitations du bord de Dr\u00f4me. D\u00e9bute c\u00f4t\u00e9 gauche de l\u2019avenue de la gare, apr\u00e8s le monument aux morts. Ainsi nomm\u00e9e en r\u00e9f\u00e9rences aux grands c\u00e8dres plant\u00e9s sur le talus du monument aux morts. Jusqu\u2019\u00e0 la fin des ann\u00e9es 1960, au pied de cette butte \u00e9tait install\u00e9 un alambic.<\/p>\n\n\n\n<p><\/p>\n\n\n<div class=\"wp-block-image\">\n<figure class=\"aligncenter size-full\"><img loading=\"lazy\" decoding=\"async\" width=\"495\" height=\"305\" src=\"https:\/\/histoire-patrimoine-aoustois.fr\/wp-content\/uploads\/2022\/12\/rues-06.jpg\" alt=\"\" class=\"wp-image-7602\" srcset=\"https:\/\/histoire-patrimoine-aoustois.fr\/wp-content\/uploads\/2022\/12\/rues-06.jpg 495w, https:\/\/histoire-patrimoine-aoustois.fr\/wp-content\/uploads\/2022\/12\/rues-06-300x185.jpg 300w\" sizes=\"(max-width: 495px) 100vw, 495px\" \/><figcaption class=\"wp-element-caption\"><strong><em>l&rsquo;alambic de Mr Martial Arnaud<\/em><\/strong><\/figcaption><\/figure>\n<\/div>\n\n\n<p><strong>Chabanas (Quartier)<\/strong>&nbsp;: situ\u00e9 rive droite de la Dr\u00f4me, au nord est du village. Rappelle le mot \u00ab&nbsp;cabanas&nbsp;\u00bb signifiant grande cabane d\u00e9labr\u00e9e o\u00f9 l\u2019on abrite les troupeaux. Le mot \u00ab&nbsp;chabanas&nbsp;\u00bb est courant dans le sud de la France d\u00e9nommant les cabanes de pierres s\u00e8ches b\u00e2ties autrefois par les paysans eux-m\u00eames pour servir d&rsquo;abri. Cr\u00e9\u00e9 en 1976.<\/p>\n\n\n\n<p><strong>Chanteloube (Quartier)<\/strong>&nbsp;: Chantaloba XIIIe s.&nbsp;; situ\u00e9 rive droite de la Dr\u00f4me, au sud du village, au pied de Rochecolombe. Ce mot peut rappeler, si l\u2019on s\u2019en r\u00e9f\u00e8re \u00e0 l\u2019occitan&nbsp;: \u00ab lieu o\u00f9 chante la louve \u2013cantar et loba \u00bb. Bien que cela semble d\u2019actualit\u00e9, il fort probable qu\u2019il fasse r\u00e9f\u00e9rence au bruit que faisaient les b\u00fbcherons qui sciaient les arbres . En effet le mot loube, louba&nbsp;\u00bb d\u00e9signe une grande scie pour couper les troncs d\u2019arbre.<\/p>\n\n\n\n<p><\/p>\n\n\n<div class=\"wp-block-image\">\n<figure class=\"aligncenter size-full\"><img loading=\"lazy\" decoding=\"async\" width=\"399\" height=\"228\" src=\"https:\/\/histoire-patrimoine-aoustois.fr\/wp-content\/uploads\/2022\/12\/rues-07.jpg\" alt=\"\" class=\"wp-image-7603\" srcset=\"https:\/\/histoire-patrimoine-aoustois.fr\/wp-content\/uploads\/2022\/12\/rues-07.jpg 399w, https:\/\/histoire-patrimoine-aoustois.fr\/wp-content\/uploads\/2022\/12\/rues-07-300x171.jpg 300w\" sizes=\"(max-width: 399px) 100vw, 399px\" \/><figcaption class=\"wp-element-caption\"><strong><em>cieurs de long<\/em><\/strong><\/figcaption><\/figure>\n<\/div>\n\n\n<p><strong>Charles Chapoutat (Rue)<\/strong>&nbsp;: \u00e0 l\u2019ouest du village, d\u00e9bute rue de la Croix jusqu\u2019au rond point ouest. En hommage au chef de la R\u00e9sistance.<em> <a href=\"https:\/\/histoire-patrimoine-aoustois.fr\/?p=5478\">https:\/\/histoire-patrimoine-aoustois.fr\/?p=5478<\/a><\/em><\/p>\n\n\n\n<p><strong>Charancon (Rue de)&nbsp;<\/strong>: Chalancon au XVIIIe si\u00e8cle&nbsp;; \u00e0 l\u2019ouest du village, sur la rive droite de la Dr\u00f4me, d\u00e9bute rue Chapoutat jusqu\u2019au bord de la rivi\u00e8re. L\u2019appellation de cette rue n\u2019a aucun lien avec l\u2019insecte mais plut\u00f4t d\u00e9riv\u00e9 du mot occitan \u00ab&nbsp;caranco, charancho&nbsp;\u00bb signifiant ruelle \u00e9troite et rapide, pente raide.<\/p>\n\n\n\n<p><strong>Charpentier (Rue du<\/strong>)&nbsp;: au centre du village reliant la rue de Surville et la Grande Rue. Rappelle la pr\u00e9sence d\u2019un charpentier.<\/p>\n\n\n\n<p><\/p>\n\n\n\n<p><strong>Citadelle (Passage de la)<\/strong>&nbsp;: au centre ville, rive droite, relie la rue des enfers \u00e0 la place Gabriel Bonnard. Son nom signale la pr\u00e9sence de l\u2019ancienne citadelle monnayeuse dont les derniers vestiges ont \u00e9t\u00e9 d\u00e9molis en 1976.<\/p>\n\n\n\n<p><\/p>\n\n\n\n<p><\/p>\n\n\n<div class=\"wp-block-image\">\n<figure class=\"aligncenter size-full\"><img loading=\"lazy\" decoding=\"async\" width=\"519\" height=\"341\" src=\"https:\/\/histoire-patrimoine-aoustois.fr\/wp-content\/uploads\/2022\/12\/rues-08.jpg\" alt=\"\" class=\"wp-image-7604\" srcset=\"https:\/\/histoire-patrimoine-aoustois.fr\/wp-content\/uploads\/2022\/12\/rues-08.jpg 519w, https:\/\/histoire-patrimoine-aoustois.fr\/wp-content\/uploads\/2022\/12\/rues-08-300x197.jpg 300w\" sizes=\"(max-width: 519px) 100vw, 519px\" \/><figcaption class=\"wp-element-caption\"><strong><em>rue de la citadelle<\/em><\/strong><\/figcaption><\/figure>\n<\/div>\n\n\n<p><\/p>\n\n\n\n<p><strong>Cobonne (Route de)<\/strong>&nbsp;: au nord du village, c\u2019est la RD 731 qui permet d\u2019atteindre le massif du Vercors. A l\u2019origine il s\u2019agissait de la route reliant Saint Jean en Royans \u00e0 Nyons.<\/p>\n\n\n\n<p><strong>Collet (all\u00e9e du)<\/strong>&nbsp;: situ\u00e9 au nord de le commune, dessert des habitations du lotissement du Signal.<\/p>\n\n\n\n<p><strong>Combe Plane (Quartier)&nbsp;<\/strong>: situ\u00e9 au sud du village, rive gauche. Sa d\u00e9nomination peut d\u00e9signer une petite vall\u00e9e, pli de terrain, lieu bas entour\u00e9 de collines, ce qui correspond assez bien au site, petite d\u00e9pression entre deux collines. Anciennement nomm\u00e9 Cumba Plana , 1413 (Terrier Ev. de Die) \u2013 Serrer Sive Comba Plana, 1608 (Terrier de Quintel)<\/p>\n\n\n\n<p><strong>Condamine (Route de la)<\/strong>&nbsp;: au sud du village, rive droite. Relie l\u2019avenue de la gare (RD 70) au chemin des bories. Ce terme issu de l&rsquo;occitan est employ\u00e9 pour qualifier les terres seigneuriales aux alentours du XIIe si\u00e8cle et dont la signification litt\u00e9rale est \u00a0\u00bb prairie appartenant au seigneur \u00a0\u00bb . Terre exempte de redevance f\u00e9odale. Cette appellation est aussi donn\u00e9e \u00e0 la terre arable dans certaine r\u00e9gions du sud de la France. Actuellement ce quartier est occup\u00e9 par une zone industrielle.<\/p>\n\n\n\n<p><strong>Cordonnier (Rue du)<\/strong>&nbsp;: au centre du village, relie la Grande Rue \u00e0 la rue de Surville. Doit son nom \u00e0 un cordonnier qui poss\u00e9dait une boutique au coin de la Grande Rue. <\/p>\n\n\n\n<p><\/p>\n\n\n<div class=\"wp-block-image\">\n<figure class=\"aligncenter size-full\"><img loading=\"lazy\" decoding=\"async\" width=\"178\" height=\"322\" src=\"https:\/\/histoire-patrimoine-aoustois.fr\/wp-content\/uploads\/2022\/12\/image-1.png\" alt=\"\" class=\"wp-image-7607\" srcset=\"https:\/\/histoire-patrimoine-aoustois.fr\/wp-content\/uploads\/2022\/12\/image-1.png 178w, https:\/\/histoire-patrimoine-aoustois.fr\/wp-content\/uploads\/2022\/12\/image-1-166x300.png 166w\" sizes=\"(max-width: 178px) 100vw, 178px\" \/><figcaption class=\"wp-element-caption\"><strong><em>rue du cordonnier<\/em><\/strong><\/figcaption><\/figure>\n<\/div>\n\n\n<p><\/p>\n\n\n\n<p><strong>Cornerets (Quartier)&nbsp;<\/strong>: au nord est du village, toponyme qui se rapporte au nom de la colline Corneret \u2013 Corneyret , 1605 (d\u00e9lib\u00e9rations consulaires). Rappelle un sommet pointu et sombre.<\/p>\n\n\n\n<p><strong>Cr\u00eates ( chemin des )&nbsp;<\/strong>: au sud du village, chemin en cul de sac longeant la Cr\u00eate de Saint Alban, d\u00e9butant au chemin des Hubacs.<\/p>\n\n\n\n<p><strong>Crest (Route de)<\/strong>&nbsp;: \u00e0 l\u2019ouest du village, portion de la RD 93 en direction de Crest, aussi appel\u00e9e Avenue des Trois Becs. D\u00e9bute au rond point ouest jusqu\u2019au pont de la Lauzi\u00e8re.<\/p>\n\n\n\n<p><strong>Croix (Rue de la)&nbsp;: <\/strong>situ\u00e9e \u00e0 l\u2019ouest du village, entre la rue de l\u2019All\u00e9e et la rue Chapoutat. Son nom rappelle la pr\u00e9sence d\u2019une croix sur socle&nbsp;; cette croix a \u00e9t\u00e9 d\u00e9plac\u00e9e et se trouve maintenant sur la place devant le cimeti\u00e8re. La fontaine situ\u00e9e devant la croix a \u00e9t\u00e9 supprim\u00e9e lors de la mise en place du r\u00e9seau d\u2019eau potable.<\/p>\n\n\n\n<p><strong>Croisi\u00e8re (Rue de la)&nbsp;: <\/strong>au centre du village, rive droite, relie la rue des Moulins et la Grande Rue. Indique une notion de croisement. Avant la d\u00e9molition du caf\u00e9 Davin situ\u00e9 devant l\u2019\u00e9glise, cette rue se prolongeait vers le nord et recoupait la Grande Rue. Elle \u00e9tait la liaison nord-sud entre la rive droite et gauche de la Dr\u00f4me en prolongement de l\u2019ancien pont roman.<\/p>\n\n\n\n<p><\/p>\n\n\n<div class=\"wp-block-image\">\n<figure class=\"aligncenter size-full\"><img loading=\"lazy\" decoding=\"async\" width=\"209\" height=\"133\" src=\"https:\/\/histoire-patrimoine-aoustois.fr\/wp-content\/uploads\/2022\/12\/rues-10.jpg\" alt=\"\" class=\"wp-image-7608\"\/><\/figure>\n<\/div>\n\n\n<p><\/p>\n\n\n\n<p><strong>Dev\u00e8ze (Dev\u00e8s)<\/strong>&nbsp;: \u00e0 l\u2019ouest du village, l\u2019ancienne appellation \u00e9tait le chemin du cimeti\u00e8re. Terme occitan faisant allusion \u00e0 un bois interdit en d\u00e9fens, r\u00e9serve, jach\u00e8re, friche, bois ou p\u00e2turage soumis \u00e0 r\u00e9glementation. Les dev\u00e8s \u00e9taient des r\u00e9serves dans lesquelles on ne peut faire pa\u00eetre m\u00eame apr\u00e8s l\u2019enl\u00e8vement des r\u00e9coltes.<\/p>\n\n\n\n<p><strong>Droits de l&rsquo;Homme (Rue des)<\/strong>&nbsp;: au centre du village. D\u00e9bute \u00e0 la Grande Rue jusqu\u2019au rond point nord de la via Augusta. Ainsi nomm\u00e9e en hommage \u00e0 cette notion.<\/p>\n\n\n\n<p><strong>Eau Vive <\/strong><strong>(<\/strong><strong>Lotissement l&rsquo;<\/strong><strong>)<\/strong>&nbsp;: situ\u00e9 au nord de la commune, cr\u00e9\u00e9 en 2013, desservi par la route des Cornerets.<\/p>\n\n\n\n<p><strong>\u00c9douard Ath\u00e9nor (Rue)&nbsp;<\/strong>: sur la rive gauche, au centre du village. D\u00e9bute au Pont de Dr\u00f4me et finit Place des Anges. Baptis\u00e9e de ce nom en hommage \u00e0 un maire en place de 1864 \u00e0 1896.<\/p>\n\n\n\n<p><strong>E<\/strong><strong>galit\u00e9<\/strong>&nbsp;: ancienne partie du chemin du cimeti\u00e8re, au nord-ouest du village, d\u00e9bute Via Augusta, dessert le cimeti\u00e8re d\u2019Aouste.<\/p>\n\n\n\n<p><strong>Eglise (Place de l&rsquo;)<\/strong>&nbsp;: situ\u00e9e au centre du village, rive droite au croisement de la Grande Rue et La Rue des Droits de l\u2019homme. Ainsi nomm\u00e9e en raison de la pr\u00e9sence de l\u2019\u00e9glise Notre Dame de l\u2019Assomption rempla\u00e7ant en 1878 l\u2019ancienne devenue trop v\u00e9tuste. Cette place a subi diverses modifications, d\u00e9molitions de b\u00e2timents tel le caf\u00e9 Davin en 1966, am\u00e9nagement pi\u00e9tonnier et en 2022, r\u00e9novation et embellissement.<\/p>\n\n\n\n<p><strong>Enfers (Rue des)<\/strong>&nbsp;: une des plus anciennes rues d\u2019Aouste. Situ\u00e9e rive droite au centre du village. Cette rue rappelle, avec la rue de la Synagogue, la pr\u00e9sence du quartier juif. Ainsi nomm\u00e9e en r\u00e9f\u00e9rence \u00e0 leur pr\u00e9sence mais possibilit\u00e9 en souvenir du pillage et de l\u2019incendie de la ville en 1628 durant les guerres de religion.<\/p>\n\n\n\n<p><\/p>\n\n\n<div class=\"wp-block-image\">\n<figure class=\"aligncenter size-full\"><img loading=\"lazy\" decoding=\"async\" width=\"249\" height=\"310\" src=\"https:\/\/histoire-patrimoine-aoustois.fr\/wp-content\/uploads\/2022\/12\/rues-11.jpg\" alt=\"\" class=\"wp-image-7609\" srcset=\"https:\/\/histoire-patrimoine-aoustois.fr\/wp-content\/uploads\/2022\/12\/rues-11.jpg 249w, https:\/\/histoire-patrimoine-aoustois.fr\/wp-content\/uploads\/2022\/12\/rues-11-241x300.jpg 241w\" sizes=\"(max-width: 249px) 100vw, 249px\" \/><figcaption class=\"wp-element-caption\"><strong><em>rue des enfers<\/em><\/strong><\/figcaption><\/figure>\n<\/div>\n\n\n<p><strong>Enjaury, <\/strong><strong>Anjaury<\/strong><strong>&nbsp;:<\/strong> Enjorie, Enjory au XVIIIe si\u00e8cle. Quartier situ\u00e9 rive gauche au sud de la commune entre Combeplanne au sud, l\u2019Eco Parc du Pas de Lauzun au nord, \u00e0 l\u2019est par la commune de Pi\u00e9gros La Clastre et \u00e0 l\u2019ouest par le Lauzens. Ne semble avoir que peu de rapport avec le mot occitan \u00ab&nbsp;enjaurar, enjaurir&nbsp;\u00bb signifiant \u00e9pouvanter, apeurer mais aussi une notion de farouche. Plut\u00f4t le patronyme \u00ab&nbsp;Jaury&nbsp;\u00bb (chez Jaury)&nbsp;.<\/p>\n\n\n\n<p><strong>Facteur (Rue du)<\/strong>&nbsp;: au centre ville, rive droite&nbsp;; relie la Grande Rue et la rue de Surville. Son nom rappelle le facteur qui y r\u00e9sidait.<\/p>\n\n\n\n<p><\/p>\n\n\n<div class=\"wp-block-image\">\n<figure class=\"aligncenter size-full\"><img loading=\"lazy\" decoding=\"async\" width=\"185\" height=\"114\" src=\"https:\/\/histoire-patrimoine-aoustois.fr\/wp-content\/uploads\/2022\/12\/rues-12.jpg\" alt=\"\" class=\"wp-image-7610\"\/><\/figure>\n<\/div>\n\n\n<p><\/p>\n\n\n\n<p><strong>Ferrande (Quartier)<\/strong>&nbsp;: Ferrandes au XVIIIe si\u00e8cle. Situ\u00e9 au sud de la commune, domin\u00e9 par de Serre de Ferrande. Limit\u00e9 au nord par Sauvanne, au sud par Combeplanne, \u00e0 l\u2019est par la commune de Pi\u00e9gros La Clastre et \u00e0 l\u2019ouest par Pimpignoux. Doit son nom \u00e0 la colline homonyme.<\/p>\n\n\n\n<p><strong>Fifre (Rue du)<\/strong> : au centre ville, rive droite&nbsp;; relie la Grande Rue et la rue de Surville. Son nom rappelle un joueur de fifre de la clique municipale, qui y r\u00e9sidait.<\/p>\n\n\n\n<p><strong>Fleury (lotissement le)<\/strong>&nbsp;: situ\u00e9 au rond point ouest de la commune.<\/p>\n\n\n\n<p><strong>Fontagnal (Chemin de) (Quartier)<\/strong>&nbsp;: Fontgnieu, Fontagnau au XVIIIe si\u00e8cle. Situ\u00e9 \u00e0 l\u2019est de la commune, rive droite. Doit son nom \u00e0 une source, fontaine. Attest\u00e9 \u00ab&nbsp;<em>Font Anhant, <\/em><em>1413<\/em><em> (terr<\/em><em>ier<\/em><em> de <\/em><em>l\u2019E<\/em><em>. de Die). \u2014 Lou mas <\/em><em>de<\/em><em> Lanya sive Fonteynial, 1429 (ibid.). &#8212; Fon<\/em><em>t<\/em><em>agnan, Font-Aignan, 1605 (parcel.)<\/em>&nbsp;\u00bb. Possibilit\u00e9 d\u00e9riv\u00e9 d\u2019un patronyme (Lanya).<\/p>\n\n\n\n<p><strong>Fran\u00e7ois Bernard Charmois (Place)<\/strong>&nbsp;: au centre du village, rive droite. Cette place rend hommage \u00e0 Fran\u00e7ois Bernard Charmoy (1793-1868) orientaliste fran\u00e7ais qui a profess\u00e9 en Russie pendant plusieurs ann\u00e9es de 1817 \u00e0 1835. Il consid\u00e8re les sources orientales essentielles pour le Russie et contribue \u00e0 d\u00e9passionner l&rsquo;histoire des relations russo-orientales. <a href=\"https:\/\/aouste-a-coeur.com\/francois-bernard-charmoy\/\"><em>https:\/\/aouste-a-coeur.com\/francois-bernard-charmoy\/<\/em><\/a><\/p>\n\n\n\n<p><strong>Fr\u00eanes (All\u00e9e des <\/strong><strong>et lotissement<\/strong><strong>)<\/strong>&nbsp;: situ\u00e9 au nord-est du village, dessert le lotissement des Fr\u00eanes.<\/p>\n\n\n\n<p><strong>Gabriel Bonnard (Place)<\/strong>&nbsp;: au centre bourg, en hommage au maire \u00e9lu de 1953 \u00e0 1983. Sur cette place \u00e9tait \u00e9difi\u00e9e le donjon de la citadelle.<\/p>\n\n\n\n<p><strong>G<\/strong><strong>arde-champ\u00eatre (imp. du)<\/strong>&nbsp;: situ\u00e9e rive droite de la Dr\u00f4me, d\u00e9bute cot\u00e9 gauche de l\u2019avenue de la Gare. Ainsi nomm\u00e9e en souvenir d\u2019un garde-champ\u00eatre ayant habit\u00e9 au fond de l\u2019impasse.<\/p>\n\n\n\n<p><strong>Gardettes <\/strong><strong>(les)<\/strong>&nbsp;: quartier situ\u00e9 au sud ouest de la commune, limit\u00e9 \u00e0 l\u2019ouest par la commune de Crest, au nord par les Plantas\/Millassoles, \u00e0 l\u2019est par les Terrasses et au sud par Vincent. Son appellation peut venir d\u2019un p\u00e2turage r\u00e9serv\u00e9 ou d\u2019une borne destin\u00e9e \u00e0 garder une limite. Mentionn\u00e9e au XIIIe si\u00e8cle \u00ab&nbsp;<em>el serre de la Gardeta&nbsp;\u00bb<\/em> (le fieus de l\u00e9vesque)<\/p>\n\n\n\n<p><strong>Gare (Rue de la)<\/strong>&nbsp;: sur la rive gauche de la Dr\u00f4me, (RD 70) d\u00e9bute au pont jusqu\u2019au rond point de la d\u00e9viation sud, ancienne route de Saint Jean en Royans \u00e0 Nyons. Dessert les quartiers sud de la commune et l\u2019ancienne gare SNCF d\u00e9finitivement ferm\u00e9e en 1973.<\/p>\n\n\n\n<p><strong>Gaye (Quartier de la)<\/strong>&nbsp;: quartier au nord de la commune partag\u00e9 entre les communes de Aouste et Cobonne. D\u00e9signe un passage \u00e0 gu\u00e9 (gaila).<\/p>\n\n\n\n<p><strong>Grande Rue&nbsp;<\/strong>: La grand-rue \u00e9tait autrefois l&rsquo;avenue principale qui traversait le village. Cette rue correspondait au d\u00e9cumanus romain, le cardo \u00e9tant la rue de la Croisi\u00e8re. Il est a not\u00e9 qu\u2019en France on d\u00e9nombre 3943 Grande-Rues.<\/p>\n\n\n\n<p><\/p>\n\n\n\n<figure class=\"wp-block-image alignwide size-full\"><img loading=\"lazy\" decoding=\"async\" width=\"517\" height=\"324\" src=\"https:\/\/histoire-patrimoine-aoustois.fr\/wp-content\/uploads\/2022\/12\/rues-13.jpg\" alt=\"\" class=\"wp-image-7611\" srcset=\"https:\/\/histoire-patrimoine-aoustois.fr\/wp-content\/uploads\/2022\/12\/rues-13.jpg 517w, https:\/\/histoire-patrimoine-aoustois.fr\/wp-content\/uploads\/2022\/12\/rues-13-300x188.jpg 300w\" sizes=\"(max-width: 517px) 100vw, 517px\" \/><figcaption class=\"wp-element-caption\"><strong><em>la Grande Rue en 1900<\/em><\/strong><\/figcaption><\/figure>\n\n\n\n<p><\/p>\n\n\n\n<p><strong>Gr\u00e8s (les) (quartier)<\/strong>&nbsp;: non situ\u00e9&nbsp;?<\/p>\n\n\n\n<p><strong>Gustave Gresse (Rue)&nbsp;<\/strong>: \u00e0 l\u2019ouest du bourg, rive droite , d\u00e9nomm\u00e9e pour rappeler le maire \u00e9lu de 1896 \u00e0 1908. Relie la rue de Charen\u00e7on \u00e0 la rue Charles Chapoutat&nbsp;; dessert la MJC Nini Chaize.<\/p>\n\n\n\n<p><strong>Hameau de Mi-voie (lotissement)&nbsp;<\/strong>: situ\u00e9 \u00e0 l\u2019ouest du bourg, desservi par la route de Crest.<\/p>\n\n\n\n<p><strong>H\u00f4pital, Opital (Rue de l&rsquo;)<\/strong>&nbsp;: au centre du bourg, relie la Grande Rue \u00e0 la rue Edouard Athenor. Doit son nom \u00e0 la pr\u00e9sence d\u2019un ancien h\u00f4pital d\u00e9j\u00e0 attest\u00e9 en 1350, agrandi par Louis XIII en 1622 et Richelieu en 1629.<\/p>\n\n\n\n<p><\/p>\n\n\n<div class=\"wp-block-image\">\n<figure class=\"aligncenter size-full\"><img loading=\"lazy\" decoding=\"async\" width=\"250\" height=\"187\" src=\"https:\/\/histoire-patrimoine-aoustois.fr\/wp-content\/uploads\/2022\/12\/rues-14.jpg\" alt=\"\" class=\"wp-image-7612\"\/><figcaption class=\"wp-element-caption\"><strong><em>haut de la porte de l&rsquo;h\u00f4pital<\/em><\/strong><\/figcaption><\/figure>\n<\/div>\n\n\n<p><strong>Hubacs <\/strong><strong>(<\/strong><strong>Les)&nbsp;<\/strong>: quartier situ\u00e9 rive droite, limit\u00e9 au nord par Milassolles , au sud par la route d\u2019Aouste \u00e0 la R\u00e9para, \u00e0 l\u2019est par Saint Alban (D411) et \u00e0 l\u2019ouest par la commune de Divajeu. Doit son nom \u00e0 son exposition au nord ou partie d\u2019une vall\u00e9e expos\u00e9e le plus longtemps \u00e0 l\u2019ombre.<\/p>\n\n\n\n<p><strong>Huilerie (lotissement de)<\/strong>&nbsp;: \u00e0 l\u2019ouest du village, rive droite. D\u00e9bute rue Charles Chapoutat. Rappelle l\u2019 huilerie Richard d\u00e9truite par un incendie en 2006.<\/p>\n\n\n\n<p><strong>Ile (Chemin de l&rsquo;)&nbsp;<\/strong>: \u00e0 l\u2019ouest du bourg, au quartier St Pierre, longe la rivi\u00e8re Sye&nbsp;; d\u00e9bute au pont de Sye , rue du Pasteur Boegner jusqu\u2019au chemin de St Pierre. Pourrait d\u00e9signer un endroit couvert d\u2019alluvions au confluent de la Dr\u00f4me et de la Sye.<\/p>\n\n\n\n<p><strong>Iris (<\/strong><strong>chemin<\/strong><strong> des)<\/strong>&nbsp;: au nord de la commune, en cul de sac, d\u00e9bute rue Serpentine et dessert des habitations du lotissement St Fran\u00e7ois. Rappelle une plante aromatique dans le lotissement d\u00e9di\u00e9 aux fleurs.<\/p>\n\n\n\n<p><strong>Jardins d\u2019Augusta ( lotissement)&nbsp;<\/strong>; situ\u00e9 au nord de la commune, cr\u00e9\u00e9 en 2013, desservi par la Route de Cobonne (RD 731)<\/p>\n\n\n\n<p><strong>Jardins (Rue des)<\/strong>&nbsp;: se situe \u00e0 l\u2019ouest de la commune , dans le quartier St Pierre&nbsp;; d\u00e9bute rue St Pierre et finit \u00e0 la D 93. Ainsi nomm\u00e9 car autrefois ce quartier \u00e9tait essentiellement cultiv\u00e9 en jardins potagers.<\/p>\n\n\n\n<p><strong>Jurie<\/strong>&nbsp;: Jurye (1605)&nbsp;: anciennement nom d\u2019un hameau&nbsp;; quartier au sud de la commune, limit\u00e9 au sud par Roche Colombe, les communes de Saou et Soyans, au nord par Peym\u00e9e et Les Hubacs, \u00e0 l\u2019ouest par Soyans et \u00e0 l\u2019est par Chanteloube et Pimpignoux. Possibilit\u00e9 de d\u00e9signation de personne , toutefois on le retrouve avec la signification de \u00ab&nbsp;religion juive, juifs, peuple juif, terre juive, quartier juif&nbsp;\u00bb.<\/p>\n\n\n\n<p><strong>Lassaumes (Quartier)<\/strong>&nbsp;: au sud de la commune, limit\u00e9 au nord par Picouty, au sud par le serre de Pimpignoux, l\u2019est par le ruisseau de Lauzens (RD 70)et \u00e0 l\u2019ouest par la RD 411 (route de La R\u00e9para). Indique un patronyme ou en rapport avec un \u00e9levage d\u2019 \u00e2nesse.<\/p>\n\n\n\n<p><strong>Lavoir (Rue du)<\/strong>&nbsp;: au centre du bourg, rive droite&nbsp;; cette rue relie la rue Berton de Saut et la la rue Edouard Athenor. Cette rue donne acc\u00e8s au lavoir dit \u00ab&nbsp;Petit Bassin&nbsp;\u00bb construit en 1891.<\/p>\n\n\n\n<p><\/p>\n\n\n<div class=\"wp-block-image\">\n<figure class=\"aligncenter size-full\"><img loading=\"lazy\" decoding=\"async\" width=\"400\" height=\"300\" src=\"https:\/\/histoire-patrimoine-aoustois.fr\/wp-content\/uploads\/2022\/12\/rues-15.jpg\" alt=\"\" class=\"wp-image-7613\" srcset=\"https:\/\/histoire-patrimoine-aoustois.fr\/wp-content\/uploads\/2022\/12\/rues-15.jpg 400w, https:\/\/histoire-patrimoine-aoustois.fr\/wp-content\/uploads\/2022\/12\/rues-15-300x225.jpg 300w\" sizes=\"(max-width: 400px) 100vw, 400px\" \/><figcaption class=\"wp-element-caption\"><strong><em>le \u00ab\u00a0Petit Bassin\u00a0\u00bb<\/em><\/strong><\/figcaption><\/figure>\n<\/div>\n\n\n<p><strong>Lilas (lotissement les)<\/strong>&nbsp;: situ\u00e9 au nord de la commune et au nord du lotissement Beausoleil. Cr\u00e9\u00e9 en 1987 (?).<\/p>\n\n\n\n<p><strong>Lozi<\/strong><strong>\u00e8<\/strong><strong>re <\/strong><strong>(La)&nbsp;: <\/strong>Creyssalon au XVIIIe si\u00e8cle.Quartier \u00e0 l\u2019ouest de la commune, limit\u00e9 par le ruisseau de la Lauzi\u00e8re, \u00e0 l\u2019est par les Arras, au sud par les Bas Arras et au nord par Sylvestre. Doit son nom au ruisseau la Lauzi\u00e8re qui, form\u00e9 de la r\u00e9union du Chanterenard et du Craisseron, s\u00e9pare les communes d&rsquo;Aouste et de Crest, et se jette dans la Dr\u00f4me. \u2014 <em>Le rif de la Leauzi\u00e8re ou Saint-Vincent<\/em>, 1651 (parcell. de Crest). \u2014 On lui donnait autrefois le nom de <em>Creisseron<\/em> \u2014 <em>El riou de Creyssalo, juxta lo cementieri de Creyssalo<\/em>, XIIIe si\u00e8cle (Le fieus de levesq.). \u2014 <em>Le rif de Cressalon sive de Saint-Vincent<\/em>, 1611 (parcell. de Crest).<\/p>\n\n\n\n<p><strong>Maillette, <\/strong><strong>Maillete<\/strong>: quartier situ\u00e9 au sud de la commune, limit\u00e9 au nord par RD 164 , au sud par Les Terrasses\/ le Grand Lauzens, \u00e0 l\u2019est par le Lauzens et \u00e0 l\u2019ouest par les Rapaillens. Doit son nom au patronyme d\u2019une personne fabriquant des clous \u00e0 chaussure ou peut avoir indiqu\u00e9 un endroit o\u00f9 a \u00e9t\u00e9 trouv\u00e9 des \u00ab&nbsp;menues monnaies, toutes petites pi\u00e8ces, petites m\u00e9dailles vendues aux p\u00e8lerins\u00a0\u00bb.<\/p>\n\n\n\n<p><strong>Matelassier (Rue du)&nbsp;<\/strong>: situ\u00e9 au centre bourg, rive droite, relie la Grand Rue \u00e0 la rue des Moirans. Elle rappelle le souvenir d\u2019un matelassier qui avait son atelier dans cette rue.<\/p>\n\n\n\n<p><strong>Melchior des Essarts (Rue)<\/strong>&nbsp;; au centre bourg, rive droite, relie les rues Berton de Saut et des Boulards. Nomm\u00e9e ainsi en hommage au po\u00e8te aoustois <em><a href=\"https:\/\/histoire-patrimoine-aoustois.fr\/?p=5440\">https:\/\/histoire-patrimoine-aoustois.fr\/?p=5440<\/a> <\/em>d\u2019une grande famille <em><a href=\"https:\/\/aouste-a-coeur.com\/la-famille-fabre-des-essarts-et-la-ville-daouste-sur-sye\/\">https:\/\/aouste-a-coeur.com\/la-famille-fabre-des-essarts-et-la-ville-daouste-sur-sye\/<\/a><\/em><\/p>\n\n\n\n<p><\/p>\n\n\n<div class=\"wp-block-image\">\n<figure class=\"aligncenter size-full\"><img loading=\"lazy\" decoding=\"async\" width=\"250\" height=\"333\" src=\"https:\/\/histoire-patrimoine-aoustois.fr\/wp-content\/uploads\/2022\/12\/rues-16.jpg\" alt=\"\" class=\"wp-image-7614\" srcset=\"https:\/\/histoire-patrimoine-aoustois.fr\/wp-content\/uploads\/2022\/12\/rues-16.jpg 250w, https:\/\/histoire-patrimoine-aoustois.fr\/wp-content\/uploads\/2022\/12\/rues-16-225x300.jpg 225w\" sizes=\"(max-width: 250px) 100vw, 250px\" \/><figcaption class=\"wp-element-caption\"><strong><em>dans la rue Melchior des Essarts<\/em><\/strong><\/figcaption><\/figure>\n<\/div>\n\n\n<p><\/p>\n\n\n\n<p><strong>Millassoles, Millasolle, Millesolle (Quartier)<\/strong>&nbsp;: au sud, sur la rive gauche, limit\u00e9 au nord par Peyrequatre, au sud par les Gardettes, \u00e0 l\u2019est par les Rapaillens et \u00e0 l\u2019ouest par les Plantas. D\u00e9j\u00e0 mentionn\u00e9 en 1413 Mollassola (terrier de l\u2019\u00e9v\u00eaque de Die) \u2013 Meillesolle en 1513 (archev\u00each\u00e9 de la Dr\u00f4me E2224) \u2013 Milhesolles en 1605 (parcellaire) \u2013 Meillassolla en 1620 (terrier de Quintel). Indique le champ du milieu et humide mais aussi terre \u00e0 millet, \u00e0 ma\u00efs.<\/p>\n\n\n\n<p><strong>Mivoie (Quartier)&nbsp;<\/strong>: rive droite, \u00e0 l\u2019ouest de la commune, limit\u00e9 au nord par les Bas Arras, au sud par la Dr\u00f4me, \u00e0 l\u2019est par le rond point ouest de Aouste et \u00e0 l\u2019ouest par le rond point d\u2019Inter March\u00e9. Ainsi nomm\u00e9 car il se situe \u00e0 mi-chemin entre les villes d\u2019Aouste et Crest. Mentionn\u00e9 en 1685 <em>M\u00e9evie, Meyevie<\/em> (arch. not. Sibeud)<\/p>\n\n\n\n<p><strong>Modiste (Impasse de la)&nbsp;: <\/strong>au centre bourg, rive droite, d\u00e9bute rue de Surville. Ainsi d\u00e9nomm\u00e9e en souvenir d\u2019une modiste exer\u00e7ant son m\u00e9tier au fond de l\u2019impasse.<\/p>\n\n\n\n<p><strong>Moirans (Rue des)&nbsp;: <\/strong>au centre du bourg, rive droite, d\u00e9bute rue des Droits de l\u2019homme et aboutit au Pont de Sye. Cette rue abritait des fabricants de moire (moara)qui servait \u00e0 la fabrication et pour le s\u00e9chage du papier.<\/p>\n\n\n\n<p><strong>Montvert (chemin de)<\/strong>&nbsp;; \u00e0 l\u2019ouest de la commune, rive droite, d\u00e9bute \u00e0 la RD 93, \u00e0 Mi-Voie. Doit son nom \u00e0 une petite colline recouverte d\u2019un bois.<\/p>\n\n\n\n<p><strong>Moulins (Rue des<\/strong>)&nbsp;; au centre bourg, rive droite. D\u00e9bute \u00e0 la Grande Rue et aboutit au Pont de Dr\u00f4me et la place Rochefort. Rappelle la pr\u00e9sence d\u2019anciens moulins d\u00e9j\u00e0 mentionn\u00e9s au XIVe si\u00e8cle et qui, en outre ont fourni l\u2019\u00e9clairage \u00e0 Aouste d\u00e8s 1894.<\/p>\n\n\n\n<p><\/p>\n\n\n<div class=\"wp-block-image\">\n<figure class=\"aligncenter size-full\"><img loading=\"lazy\" decoding=\"async\" width=\"350\" height=\"333\" src=\"https:\/\/histoire-patrimoine-aoustois.fr\/wp-content\/uploads\/2022\/12\/rues-28.jpg\" alt=\"\" class=\"wp-image-7615\" srcset=\"https:\/\/histoire-patrimoine-aoustois.fr\/wp-content\/uploads\/2022\/12\/rues-28.jpg 350w, https:\/\/histoire-patrimoine-aoustois.fr\/wp-content\/uploads\/2022\/12\/rues-28-300x285.jpg 300w\" sizes=\"(max-width: 350px) 100vw, 350px\" \/><\/figure>\n<\/div>\n\n\n<p><strong>Mourier <\/strong><strong>(<\/strong><strong>Quartier <\/strong><strong>)<\/strong>&nbsp;: non situ\u00e9. Dans le cas d\u2019 un toponyme, c\u2019est un lieu o\u00f9 poussent le m\u00fbrier ou les o\u00f9 les m\u00fbres sont abondantes.<\/p>\n\n\n\n<p><strong>Narcisses (All\u00e9e des<\/strong>)&nbsp;; situ\u00e9e dans le lotissement Saint Fran\u00e7ois, au nord de la commune. D\u00e9bute route des Arras et aboutit rue Traversi\u00e8re. Rappelant une plante aromatique dans le lotissement d\u00e9di\u00e9 aux fleurs.<\/p>\n\n\n\n<p><strong>P<\/strong><strong>apeterie (all\u00e9e de la)<\/strong>&nbsp;: au nord du village, rive droite, d\u00e9bute route d Cobonne (RD 731). Rappelle la pr\u00e9sence d\u2019une ancienne papeterie, la Pialle.<\/p>\n\n\n\n<p><strong>Pas de Lauzens (Route du)<\/strong>&nbsp;: il s\u2019agit de la RD 70 d\u00e9bute au rond point sud de la commune jusqu\u2019\u00e0 la for\u00eat de Sao\u00fb. Doit son nom \u00e0 l\u2019 \u00e9troit d\u00e9fil\u00e9, en bordure de la magnifique route d\u00e9partementale 70, une importante chute du ruisseau de Lauzens lui permet de franchir une barre rocheuse. Ancienne route de Saint Jean en Royans \u00e0 Nyons au XIXe et Route de l\u2019Etain dans l\u2019Antiquit\u00e9.<\/p>\n\n\n\n<p><\/p>\n\n\n<div class=\"wp-block-image\">\n<figure class=\"aligncenter size-full\"><img loading=\"lazy\" decoding=\"async\" width=\"300\" height=\"168\" src=\"https:\/\/histoire-patrimoine-aoustois.fr\/wp-content\/uploads\/2022\/12\/rues-17.jpg\" alt=\"\" class=\"wp-image-7616\"\/><figcaption class=\"wp-element-caption\"><strong><em>le Pas de Lauzens<\/em><\/strong><\/figcaption><\/figure>\n<\/div>\n\n\n<p><\/p>\n\n\n\n<p><strong>Pasteur Boegner (Rue)<\/strong>&nbsp;: (RD 494), \u00e0 l\u2019ouest du village. D\u00e9bute au Pont de Sye jusqu\u2019au rond point ouest. Ainsi nomm\u00e9 en hommage \u00e0 Marc Boegner, p<em>asteur au charisme exceptionnel, Marc Boegner est une des grandes figures du protestantisme fran\u00e7ais contemporain. F\u00e9d\u00e9rateur de ses diverses sensibilit\u00e9s, il y assume tr\u00e8s t\u00f4t des charges importantes. <\/em><a href=\"https:\/\/histoire-patrimoine-aoustois.fr\/?p=5488\"><em>https:\/\/histoire-patrimoine-aoustois.fr\/?p=5488<\/em><\/a><\/p>\n\n\n\n<p><\/p>\n\n\n\n<figure class=\"wp-block-image alignwide size-full\"><img loading=\"lazy\" decoding=\"async\" width=\"515\" height=\"323\" src=\"https:\/\/histoire-patrimoine-aoustois.fr\/wp-content\/uploads\/2022\/12\/rues-18.jpg\" alt=\"\" class=\"wp-image-7617\" srcset=\"https:\/\/histoire-patrimoine-aoustois.fr\/wp-content\/uploads\/2022\/12\/rues-18.jpg 515w, https:\/\/histoire-patrimoine-aoustois.fr\/wp-content\/uploads\/2022\/12\/rues-18-300x188.jpg 300w\" sizes=\"(max-width: 515px) 100vw, 515px\" \/><figcaption class=\"wp-element-caption\"><strong><em>Rue du Pasteur Boegner<\/em><\/strong><\/figcaption><\/figure>\n\n\n\n<p><\/p>\n\n\n\n<p><strong>Peym\u00e9e (quartier)&nbsp;: <\/strong>au sud de la commune, situ\u00e9 entre au nord la commune de Divajeu, \u00e0 l\u2019ouest et sud la commune de Soyans, \u00e0 l\u2019est Beaune\/Jurie. Appel\u00e9 <em>Podium Pernas<\/em> en 1413 (terrier de l\u2019\u00e9v\u00eaque de Die). Toponyme en rapport avec une colline (colline de Pernas ?)<\/p>\n\n\n\n<p><strong>Peyrequatre (Quartier)&nbsp;<\/strong>: au sud de la commune, rive gauche, limit\u00e9 au nord par la Dr\u00f4me, au sud par Millassoles, \u00e0 l\u2019est par les Rapaillens et l\u2019ouest par les Plantas. Cette d\u00e9nomination semble rappeler l\u2019emplacement d\u2019un pilier carr\u00e9 ou d\u2019une borne. On peut signaler que ce lieu \u00e9tait un site n\u00e9olithique.<\/p>\n\n\n\n<p><strong>Peyrolle <\/strong><strong>(La)&nbsp;<\/strong><strong>: <\/strong>quartier au nord de la commune, limit\u00e9 au sud par Chabanas, au nord par Simesiane sud , \u00e0 l\u2019est les Cornerets et \u00e0 l\u2019ouest la Sye. Peut-\u00eatre rappelle le nom d\u2019une personne. Mais plus vraisemblablement signifier avec \u00ab&nbsp;peyrol&nbsp; =&nbsp;lieu pierreux&nbsp;\u00bb ou \u00ab&nbsp;pairola&nbsp; &#8211; chaudi\u00e8re&nbsp;\u00bb.<\/p>\n\n\n\n<p><strong>Pialle (Quartier)&nbsp;<\/strong>: situ\u00e9 au nord de la commune, limit\u00e9 au sud par Fontagnal, au nord par Chabanas, \u00e0 l\u2019est par le Puy Saint Pierre et \u00e0 l\u2019ouest par la rivi\u00e8re de Sye. Le mot semble provenir de \u00ab&nbsp;piala&nbsp;\u00bb signifiant&nbsp;: pile, bassin<em>.<\/em> Ce qui est probable dans la mesure o\u00f9 un foulon existait d\u00e9j\u00e0 au bord de la Sye avant le XIVe si\u00e8cle.<\/p>\n\n\n\n<p><\/p>\n\n\n\n<figure class=\"wp-block-image alignwide size-full\"><img loading=\"lazy\" decoding=\"async\" width=\"520\" height=\"222\" src=\"https:\/\/histoire-patrimoine-aoustois.fr\/wp-content\/uploads\/2022\/12\/rues-19.jpg\" alt=\"\" class=\"wp-image-7618\" srcset=\"https:\/\/histoire-patrimoine-aoustois.fr\/wp-content\/uploads\/2022\/12\/rues-19.jpg 520w, https:\/\/histoire-patrimoine-aoustois.fr\/wp-content\/uploads\/2022\/12\/rues-19-300x128.jpg 300w\" sizes=\"(max-width: 520px) 100vw, 520px\" \/><figcaption class=\"wp-element-caption\"><strong><em>usine de La Pialle<\/em><\/strong><\/figcaption><\/figure>\n\n\n\n<p><\/p>\n\n\n\n<p><strong>Picouty<\/strong>&nbsp;: situ\u00e9 au sud de la commune, rive droite, limit\u00e9 au nord par Millassoles\/St Vincent, au sud par les Hubacs, \u00e0 l\u2019est par Saint Alban et \u00e0 l\u2019ouest par commune de Crest. Toponyme se rapportant \u00e0 une terre qui doit \u00eatre travaill\u00e9e \u00e0 la pioche ou un terrain \u00e0 b\u00eacher.<\/p>\n\n\n\n<p><strong>Plan d\u2019Aouste&nbsp;<\/strong>: quartier situ\u00e9 au nord du village ainsi nomm\u00e9 signifiant plateau en contrebas de collines. Limit\u00e9 au nord par la route des Arras, au sud par Mi-voie, \u00e0 l\u2019est par Saint Fran\u00e7ois et \u00e0 l\u2019Ouest par les Bas-Arras.<\/p>\n\n\n\n<p><strong>Plantas <\/strong><strong>(Les)<\/strong>: quartier situ\u00e9 rive droite, au sud ouest de la commune, limit\u00e9 au nord par la Dr\u00f4me, \u00e0 l\u2019est par Peyrequatre, \u00e0 l\u2019ouest par la commune de Crest et au sud par Millassoles. Doit son nom \u00e0 des plantations (arbres ou vignes). Mentionn\u00e9s&nbsp;: <em>Las Plantas au XIIIe s. (le fieus de l\u00e9vesque) \u2013 Les Plant\u00e9es (1548) \u2013 Les Plantas en 1651.<\/em><\/p>\n\n\n\n<p><strong>Poste (Place de la)<\/strong>&nbsp;: au centre bourg, rive droite, d\u00e9bute \u00e0 la Grande rue jusqu\u2019au pont de Dr\u00f4me. Ainsi nomm\u00e9e en m\u00e9moire de la Poste. Sur cette place a exist\u00e9 sous l\u2019Ancien R\u00e9gime un temple protestant jusqu\u2019en 1682 puis l\u2019ancienne \u00e9glise Notre Dame d\u00e9truite en 1862.<\/p>\n\n\n\n<p><\/p>\n\n\n<div class=\"wp-block-image\">\n<figure class=\"aligncenter size-full\"><img loading=\"lazy\" decoding=\"async\" width=\"350\" height=\"262\" src=\"https:\/\/histoire-patrimoine-aoustois.fr\/wp-content\/uploads\/2022\/12\/rues-20.jpg\" alt=\"\" class=\"wp-image-7619\" srcset=\"https:\/\/histoire-patrimoine-aoustois.fr\/wp-content\/uploads\/2022\/12\/rues-20.jpg 350w, https:\/\/histoire-patrimoine-aoustois.fr\/wp-content\/uploads\/2022\/12\/rues-20-300x225.jpg 300w\" sizes=\"(max-width: 350px) 100vw, 350px\" \/><figcaption class=\"wp-element-caption\"><strong><em>PLace de la Poste en 1900<\/em><\/strong><\/figcaption><\/figure>\n<\/div>\n\n\n<p><\/p>\n\n\n\n<p><strong>Pourret (Quartier, chemin du)&nbsp;<\/strong>: rive gauche&nbsp;; au sud de la commune, limit\u00e9 au nord par la Dr\u00f4me, au sud par la d\u00e9viation sud, \u00e0 l\u2019est par la rue de la Gare et \u00e0 l\u2019ouest par le ruisseau de Lauzens. Ainsi appel\u00e9 car c\u2019\u00e9tait autrefois l\u2019endroit o\u00f9 l\u2019on d\u00e9posait les d\u00e9tritus, peut aussi indiquer la demeure d\u2019un marchand de l\u00e9gumes.<\/p>\n\n\n\n<p><strong>Pont Bossu (Quartier)<\/strong>&nbsp;: \u00e0 l\u2019ouest, en limite des communes d\u2019Aouste et Crest. Il s\u2019agit du pont sur la Lauzi\u00e8re, ainsi d\u00e9nomm\u00e9, en tenant compte de l\u2019ancien fran\u00e7ais, signifie \u00ab <em>d<\/em><em>ont la silhouette n&rsquo;est pas en ligne droite; qui pr\u00e9sente des \u00e9minences&nbsp;<\/em>\u00bb. Il est vrai que sous l\u2019Ancien R\u00e9gime ce pont a souvent \u00e9t\u00e9 sujet \u00e0 des d\u00e9gradations.<\/p>\n\n\n\n<p><strong>Pradet (chemin du)<\/strong> au sud de la commune, en impasse, d\u00e9bute route du Pas de Lauzens (D70). Signifie \u00ab&nbsp;petit pr\u00e9&nbsp;\u00bb.<\/p>\n\n\n\n<p><strong>Puy Saint Pierre (Quartier)<\/strong>&nbsp;: au nord-est de la commune, limit\u00e9 au nord par Chabanas, au sud par Fontagnal, \u00e0 l\u2019est par Les Rouveyras et \u00e0 l\u2019ouest par la Pialle. Signifie la colline de Saint Pierre.<\/p>\n\n\n\n<p><strong>Rapaillens, <\/strong><strong>Rapaillans,<\/strong><strong> Rapaillen<\/strong><strong>(Les)<\/strong>&nbsp;: quartier au sud de la commune, rive gauche , limit\u00e9 au nord par la RD 164 , au sud par Millassoles\/Gardettes, \u00e0 l\u2019est par Maillette et \u00e0 l\u2019ouest par Peyrequatre. Mentionn\u00e9&nbsp;: Raspalhenc en 1413 (terre de l&rsquo;\u00e9v. de Die). \u2014 Rapalhens, 1605 (parcellaire). Indique une notion d\u2019\u00e9pis restant apr\u00e8s les gerbes et que l\u2019on r\u00e2telle apr\u00e8s l\u2019enl\u00e8vement des gerbes ou reste de fourrage, de chanvre.<\/p>\n\n\n\n<p><strong>Remparts (Rue des)<\/strong>&nbsp;; \u00e0 l\u2019ouest du centre-bourg, d\u00e9bute \u00e0 la Grande Rue jusqu\u2019\u00e0 la Dr\u00f4me.Ainsi appel\u00e9e car elle longe les anciens remparts ouest de la ville.<\/p>\n\n\n\n<p><\/p>\n\n\n<div class=\"wp-block-image\">\n<figure class=\"aligncenter size-full\"><img loading=\"lazy\" decoding=\"async\" width=\"250\" height=\"333\" src=\"https:\/\/histoire-patrimoine-aoustois.fr\/wp-content\/uploads\/2022\/12\/rues-21.jpg\" alt=\"\" class=\"wp-image-7620\" srcset=\"https:\/\/histoire-patrimoine-aoustois.fr\/wp-content\/uploads\/2022\/12\/rues-21.jpg 250w, https:\/\/histoire-patrimoine-aoustois.fr\/wp-content\/uploads\/2022\/12\/rues-21-225x300.jpg 225w\" sizes=\"(max-width: 250px) 100vw, 250px\" \/><figcaption class=\"wp-element-caption\"><strong><em>rue des Remparts<\/em><\/strong><\/figcaption><\/figure>\n<\/div>\n\n\n<p><\/p>\n\n\n\n<p><strong>Rives du Lauzens (lotissement)<\/strong> situ\u00e9 au sud de la commune, cr\u00e9\u00e9 en 2011, sur la rive droite du ruisseau de Lauzens, desservi par la route du Pas de Lauzens.<\/p>\n\n\n\n<p><strong>Rochecolombe (Impasse)<\/strong>&nbsp;: au nord du bourg, dans le lotissement Saint Fran\u00e7ois. Nomm\u00e9e en honneur de la montagne Roche Colombe qui lui fait face au sud.<\/p>\n\n\n\n<p><\/p>\n\n\n<div class=\"wp-block-image\">\n<figure class=\"aligncenter size-full\"><img loading=\"lazy\" decoding=\"async\" width=\"399\" height=\"193\" src=\"https:\/\/histoire-patrimoine-aoustois.fr\/wp-content\/uploads\/2022\/12\/rues-22.jpg\" alt=\"\" class=\"wp-image-7622\" srcset=\"https:\/\/histoire-patrimoine-aoustois.fr\/wp-content\/uploads\/2022\/12\/rues-22.jpg 399w, https:\/\/histoire-patrimoine-aoustois.fr\/wp-content\/uploads\/2022\/12\/rues-22-300x145.jpg 300w\" sizes=\"(max-width: 399px) 100vw, 399px\" \/><figcaption class=\"wp-element-caption\"><strong><em>Roche Colombe<\/em><\/strong><\/figcaption><\/figure>\n<\/div>\n\n\n<p><\/p>\n\n\n\n<p><strong>Rochefort (Place)&nbsp;<\/strong>: \u00e0 l\u2019ouest du centre bourg, rive gauche, place en impasse d\u00e9butant rue des Moulins. D\u00e9signant un endroit fortifi\u00e9 b\u00e2ti sur une \u00e9minence rocheuse&nbsp;; existait autrefois \u00e0 cet endroit une des quatre tours des remparts.<\/p>\n\n\n\n<p><strong>Rouveyres <\/strong><strong>(les)<\/strong>: quartier situ\u00e9 au nord-ouest de la commune, limit\u00e9 au nord par les Cornerets, au sud Fontagnal, \u00e0 l\u2019est commune de Mirabel et Blacons et \u00e0 l\u2019ouest Chabanas. Mentionn\u00e9 en 1413 <em>Roveria<\/em> (terrier de l\u2019\u00e9v\u00each\u00e9 de Die). Doit son nom \u00e0 un bois de ch\u00eanes-rouvres.<\/p>\n\n\n\n<p><strong>Rue du 19-Mars-1962&nbsp;<\/strong>: en r\u00e9f\u00e9rence au cessez-le-feu du 19 mars 1962, qui marque la fin de la guerre d&rsquo;Alg\u00e9rie.<\/p>\n\n\n\n<p><strong>Saint Alban (quartier et route)<\/strong>&nbsp;: situ\u00e9 au sud de la commune, rive gauche, limit\u00e9 au nord par les Terrasses, \u00e0 l\u2019est par le ruisseau de Lauzens, au sud par Picouty et \u00e0 l\u2019ouest par les Hubacs. Nomm\u00e9 ainsi par la pr\u00e9sence d\u2019une chapelle d\u00e9di\u00e9e \u00e0 Saint Alban. Appel\u00e9 Saint Aulban en 1605 (parcellaire).<\/p>\n\n\n\n<p><\/p>\n\n\n<div class=\"wp-block-image\">\n<figure class=\"aligncenter size-full\"><img loading=\"lazy\" decoding=\"async\" width=\"300\" height=\"192\" src=\"https:\/\/histoire-patrimoine-aoustois.fr\/wp-content\/uploads\/2022\/12\/rues-23.jpg\" alt=\"\" class=\"wp-image-7623\"\/><figcaption class=\"wp-element-caption\"><strong><em>quartier Saint Alban<\/em><\/strong><\/figcaption><\/figure>\n<\/div>\n\n\n<p><\/p>\n\n\n\n<p><strong>Saint Christophe, <\/strong><strong>Christophle<\/strong><strong> (Quartier)<\/strong>&nbsp;: \u00e0 l\u2019ouest du centre bourg, limit\u00e9 au nord par la d\u00e9viation nord, \u00e0 l\u2019est par la rue de la Croix et des Remparts, au sud par la Dr\u00f4me et \u00e0 l\u2019ouest par le rond point ouest. Doit son nom \u00e0 la pr\u00e9sence, jusqu\u2019au XVIIIe s. de l\u2019\u00e9glise paroissiale St Christophe et du cimeti\u00e8re. C\u2019\u00e9tait aussi le nom de la porte ouest des remparts. Nomm\u00e9: Sent Christouffe en 1694 (d\u00e9lib. Consul.) &#8211; Sainct Christo en 1505 (parcellaire) \u2013 Sainct Cristofle en 1608 (terrier Quintel).<\/p>\n\n\n\n<p><strong>Saint Fran\u00e7ois (Quartier <\/strong><strong>et lotissement<\/strong><strong>)<\/strong>&nbsp;: au nord de la commune, rive droite, limit\u00e9 au nord et est par la route des Arras., au sud par la d\u00e9viation nord, et \u00e0 l\u2019ouest par le Plan d\u2019Aouste. Le lotissement a \u00e9t\u00e9 cr\u00e9\u00e9 en 1976.<\/p>\n\n\n\n<p><strong>Saint Pierre (Chemin de) (Quartier)<\/strong>&nbsp;: \u00e0 l\u2019est de la commune, rive droite. Limit\u00e9 au nord par la route de Blacons (RD 93), au sud par la Dr\u00f4me, \u00e0 l\u2019ouest par la rivi\u00e8re Sye et \u00e0 l\u2019est par la Dr\u00f4me et la commune de Mirabel et Blacons. Nomm\u00e9 au XIV e s.&nbsp;: <em>Prioratus de Augusta,<\/em> (Pouill\u00e9 de Die). \u2014 <em>Prioratus Sanctorum Petri et Xpistofori de Augusta; ecelesia Beati Petri de Augusta prope et extra <\/em><em>locum<\/em><em> Auguste,<\/em> 1509 (vis. \u00e9pisc.). \u2014 <em>L<\/em><em>e<\/em><em> prior\u00e9 de Sa<\/em><em>i<\/em><em>n<\/em><em>c<\/em><em>t Pierre d&rsquo;Oste<\/em>, 1550 (terr. de Quintel). \u2014 <em>En Sent Pierre<\/em>, 1607 (terr. de Quintel). Rappelle l\u2019emplacement d\u2019un prieur\u00e9 de l\u2019ordre de St Beno\u00eet, filiale de St G\u00e9raud d\u2019Aurillac.<\/p>\n\n\n\n<p><strong>Saint Vincent (Quartier) (Chemin de)<\/strong>&nbsp;: \u00e0 l\u2019ouest de la commune, rive droite. Limit\u00e9 au nord par les Bas-Arras., au sud par la RD 93, \u00e0 l\u2019est par Mi-voie et \u00e0 l\u2019 ouest par le ruisseau de la Lozi\u00e8re. Appel\u00e9&nbsp;: <em>Ecclesia de Crescelon<\/em>, 1196 (Cart. de Die, 59). &#8211; <em>Sainct Vincent de Crescelon<\/em>, 1529 (arch. hosp. de Crest). &#8211; <em>Ad Sanctum Vincentium sive Creyssalo<\/em>, 1413 ( terrier de l&rsquo;\u00e9v. de Die). Ainsi nomm\u00e9 pour rappeler l\u2019emplacement d&rsquo;une \u00e9glise, qui \u00e9tait voisine de la maladrerie de m\u00eame nom et qui, d\u00e9pendant tout \u00e0 la fois de l&rsquo;abbaye de Saint-Ruf et de l&rsquo;\u00e9v\u00each\u00e9 de Die, fut paroissiale jusqu&rsquo;au XVe si\u00e8cle.<\/p>\n\n\n\n<p><strong>Sauvanes (Quartier)<\/strong>&nbsp;: situ\u00e9 au sud de la commune, rive droite; limit\u00e9 au nord par Ferrande, au sud et est par la commune de Pi\u00e9gros La Clastre, \u00e0 l\u2019ouest par Pimpignoux et Chanteloube. Appel\u00e9 <em>Salvana<\/em>, 1540 (Inv. de la chambre des comptes). \u2014 <em>L<\/em><em>a grange de Souvane<\/em>, 1597 (ibid.). &#8211; <em>Saum<\/em><em>a<\/em><em>ne<\/em>, 1634 (arch. de la Dr\u00f4me, E 4033). Semble d\u00e9signer un lieu inculte ou un patronyme.<\/p>\n\n\n\n<p><strong>Senteurs (Chemin des)&nbsp;<\/strong>: au sud de la commune, dans la zone artisanale de la Condamine, d\u00e9bute chemin des Bories, dessert les entreprises de la zone artisanale.<\/p>\n\n\n\n<p><strong>Serpentine<\/strong>&nbsp;: au nord de la commune&nbsp;; rue desservant le lotissement Saint Fran\u00e7ois, d\u00e9bute route des Arras. Rappelant une plante aromatique dans ce lotissement d\u00e9di\u00e9 aux fleurs.<\/p>\n\n\n\n<p><strong>Signal (Lotissement l&rsquo;All<\/strong><strong>\u00e9<\/strong><strong>e du)&nbsp;:<\/strong> situ\u00e9 au nord du village, entre la rue du calvaire et la route de Souvion.<\/p>\n\n\n\n<p><strong>Simesiane, <\/strong><strong>Semiziane, Simiziane<\/strong><strong> (Quartier)&nbsp;<\/strong>: au nord-est de la commune, limit\u00e9 au nord et \u00e0 l\u2019ouest par la commune de Cobonne, au sud par les Cornerets, et \u00e0 l\u2019est par les Aubes et commune de Suze. Divis\u00e9 entre Simesiane nord et Simesiane sud. Appel\u00e9 &nbsp;<em>Semizana <\/em>en 1413 (terrier de l\u2019\u00e9v. De Die) \u2013 <em>Semyzana<\/em> en 1489 (terrier de l\u2019\u00e9v. De Die). Peut indiquer des champs ensemenc\u00e9s ou d\u00e9riv\u00e9 d\u2019un patronyme.<\/p>\n\n\n\n<p><strong>Souvion (Quartier)<\/strong>&nbsp;: au nord de la commune, limit\u00e9 au nord par les Chiprons\/la commune de Cobonne, au sud par les Arras\/Plan d\u2019Aouste, \u00e0 l\u2019est par la route de Cobonne et \u00e0 l\u2019ouest par les Arras. Rappelle un patronyme.<\/p>\n\n\n\n<p><strong>Surville, Soubreville<\/strong>&nbsp;: Rue au centre du village ainsi d\u00e9nomm\u00e9e car cette rue est situ\u00e9e sous le rempart nord tel que l\u2019on nomm\u00e9e ces rues sous l\u2019Ancien R\u00e9gime. Dans les archives Municipales des 16<sup>e<\/sup> au 19<sup>e<\/sup> on la trouve sous l\u2019appellation \u00ab&nbsp;soubreville&nbsp;\u00bb.<\/p>\n\n\n\n<p><\/p>\n\n\n<div class=\"wp-block-image\">\n<figure class=\"aligncenter size-full\"><img loading=\"lazy\" decoding=\"async\" width=\"172\" height=\"153\" src=\"https:\/\/histoire-patrimoine-aoustois.fr\/wp-content\/uploads\/2022\/12\/rues-24.jpg\" alt=\"\" class=\"wp-image-7624\"\/><figcaption class=\"wp-element-caption\"><strong><em>quelque part dans Surville .<\/em><\/strong>..<\/figcaption><\/figure>\n<\/div>\n\n\n<p><\/p>\n\n\n\n<p><strong>Sye (quartier)<\/strong>&nbsp;: aux environs du Pont de Sye. Nomm\u00e9 en 1413 Porta de Sya (terrier de l\u2019\u00e9v. De Die). Doit son nom \u00e0 la proximit\u00e9 de la rivi\u00e8re Sye, appel\u00e9e <em>S\u00eea<\/em>, 1240 (Chartes valent.) &#8211; <em>Aqua de sya,<\/em> 1383 (arch. de la. Dr\u00f4me, E 509) &#8211; <em>Ripparia de Sirs alias de Sio<\/em>, 1508 (terr. de Quintel) &#8211;<em>Le rif de Sie,<\/em> 1594 ( d\u00e9lib. consul. d&rsquo;Aouste) &#8211; <em>Scie<\/em>, 1757 (id.).<\/p>\n\n\n\n<p><\/p>\n\n\n\n<p><\/p>\n\n\n<div class=\"wp-block-image\">\n<figure class=\"aligncenter size-full\"><img loading=\"lazy\" decoding=\"async\" width=\"556\" height=\"351\" src=\"https:\/\/histoire-patrimoine-aoustois.fr\/wp-content\/uploads\/2022\/12\/rues-25.jpg\" alt=\"\" class=\"wp-image-7625\" srcset=\"https:\/\/histoire-patrimoine-aoustois.fr\/wp-content\/uploads\/2022\/12\/rues-25.jpg 556w, https:\/\/histoire-patrimoine-aoustois.fr\/wp-content\/uploads\/2022\/12\/rues-25-300x189.jpg 300w\" sizes=\"(max-width: 556px) 100vw, 556px\" \/><figcaption class=\"wp-element-caption\"><strong><em>le pont de Sye avec le moulkin en arri\u00e8re-plan<\/em><\/strong><\/figcaption><\/figure>\n<\/div>\n\n\n<p><\/p>\n\n\n\n<p><strong>Sylvestre (quartier)<\/strong>&nbsp;: situ\u00e9 au nord de la commune, limit\u00e9 au nord par les communes de Crest et Cobonne, au sud par la Lozi\u00e8re, \u00e0 l\u2019ouest par la commune de Crest et \u00e0 l\u2019est par Souvion. \u00c9voque un patronyme.<\/p>\n\n\n\n<p><strong>Synagogue (Rue de la)<\/strong>&nbsp;: au centre bourg, rive droite. D\u00e9bute place des Anges jusqu\u2019\u00e0 la place des Trois Balcons. Doit son nom la pr\u00e9sence du quartier juif au XIV et XVe s. <em><\/em><a href=\"https:\/\/histoire-patrimoine-aoustois.fr\/?p=5437\">https:\/\/histoire-patrimoine-aoustois.fr\/?p=5437<\/a><\/p>\n\n\n\n<p><strong>Terrasses <\/strong><strong>(les)<\/strong>&nbsp;: quartier au sud, rive gauche, limit\u00e9 au sud par Saint Alban, au nord par Maillette, \u00e0 l\u2019est par le Lauzens et \u00e0 l\u2019ouest par les Gardettes\/St Vincent. Doit son nom au paliers am\u00e9nag\u00e9s sur un versant avec des murets de pierres s\u00e8ches pour en permettre la culture.<\/p>\n\n\n\n<p><strong>T<\/strong><strong>errasses (lotissement les)&nbsp;<\/strong>: situ\u00e9 au sud de la commune, desservi par le chemin de Saint Alban.<\/p>\n\n\n\n<p><strong>Tisserand (Rue du)<\/strong>&nbsp;: au centre bourg, rive droite. Relie la Grande Rue \u00e0 la rue de Surville. Doit son nom \u00e0 la pr\u00e9sence, autrefois \u00e0 l\u2019atelier de tissage de Mr Faure.<\/p>\n\n\n\n<p><strong>Tournepierre (Quartier)<\/strong>&nbsp;: situ\u00e9&nbsp;sur la Cr\u00eate de Saint Alban, \u00e0 l\u2019ouest et au sud des Hubacs, \u00e0 l\u2019est Saint Alban et au nord les Terrasses, desservi par le chemin des Cr\u00eates.<\/p>\n\n\n\n<p><strong>Traversi\u00e8re (Rue la)&nbsp;<\/strong>: situ\u00e9 au nord de le commune, dessert des habitations du lotissement Saint Fran\u00e7ois. Relie la rue Serpentine et l\u2019all\u00e9e des narcisses.<\/p>\n\n\n\n<p><strong>Trois balcons&nbsp;<\/strong>: la plus petite place d\u2019Aouste situ\u00e9e dans le quartier des \u00ab&nbsp;Enfers&nbsp;\u00bb ainsi d\u00e9nomm\u00e9e en r\u00e9f\u00e9rence aux balcons bordant la place. Cette place est la plus ancienne d\u2019Aouste sur Sye ayant r\u00e9v\u00e9l\u00e9 en sous-sol des traces de murs gallo-romains.<\/p>\n\n\n\n<p><\/p>\n\n\n<div class=\"wp-block-image\">\n<figure class=\"aligncenter size-full\"><img loading=\"lazy\" decoding=\"async\" width=\"350\" height=\"262\" src=\"https:\/\/histoire-patrimoine-aoustois.fr\/wp-content\/uploads\/2022\/12\/rues-26.jpg\" alt=\"\" class=\"wp-image-7626\" srcset=\"https:\/\/histoire-patrimoine-aoustois.fr\/wp-content\/uploads\/2022\/12\/rues-26.jpg 350w, https:\/\/histoire-patrimoine-aoustois.fr\/wp-content\/uploads\/2022\/12\/rues-26-300x225.jpg 300w\" sizes=\"(max-width: 350px) 100vw, 350px\" \/><figcaption class=\"wp-element-caption\"><strong><em>PLace des Trois Balcons<\/em><\/strong><\/figcaption><\/figure>\n<\/div>\n\n\n<p><\/p>\n\n\n\n<p><strong>Trois Becs (Rue des)<\/strong>&nbsp;: situ\u00e9 au nord de le commune, dessert des habitations du lotissement Saint Fran\u00e7ois. Rappelle le site des Trois Becs.<\/p>\n\n\n\n<p><strong>Tulipes (All\u00e9e des)<\/strong>&nbsp;: situ\u00e9 au nord de le commune, dessert des habitations du lotissement Saint Fran\u00e7ois. D\u00e9bute rue Serpentine.<\/p>\n\n\n\n<p><strong>Veyou (Rue du)&nbsp;<\/strong>:situ\u00e9 au nord de le commune, dessert des habitations du lotissement Le Signal. Rappellerait le point culminant du massif des Trois Becs.<\/p>\n\n\n\n<p><strong>Voconces (rue des)&nbsp;<\/strong>: au nord du centre-bourg, relie la rue de L\u2019All\u00e9e \u00e0 la rue des Droits de l\u2019homme. Ainsi nomm\u00e9e en souvenir de la f\u00e9d\u00e9ration de peuples gaulois install\u00e9s dans le village avant les Romains.<br><\/p>\n\n\n\n<p><\/p>\n\n\n<div class=\"wp-block-image\">\n<figure class=\"aligncenter size-full\"><img loading=\"lazy\" decoding=\"async\" width=\"178\" height=\"183\" src=\"https:\/\/histoire-patrimoine-aoustois.fr\/wp-content\/uploads\/2022\/12\/rues-27.jpg\" alt=\"\" class=\"wp-image-7627\"\/><\/figure>\n<\/div>\n\n\n<p><\/p>\n\n\n\n<p><br><br><br><br><br><\/p>\n\n\n\n<p><\/p>\n\n\n\n<p><\/p>\n\n\n\n<h1 class=\"has-text-align-center has-text-color has-medium-font-size wp-block-heading\" id=\"ruesquartiersetlieuxdits\" style=\"color:#1540ff\"><span class=\"ez-toc-section\" id=\"Rues_Quartiers_et_Lieux-dits_mentionnes_dans_les_parcellaires_du_XVII%C2%B0et_XVIII%C2%B0_siecles\"><\/span>Rues, <strong>Quartiers et Lieux-dits mentionn\u00e9s dans les parcellaires<\/strong> <strong>du XVII\u00b0et XVIII\u00b0 si\u00e8cles<\/strong><span class=\"ez-toc-section-end\"><\/span><\/h1>\n\n\n\n<p><\/p>\n\n\n\n<p class=\"has-text-align-center\"><br><br><\/p>\n\n\n\n<p><strong>NB<\/strong> : Certains quartiers et lieux-dits mentionn\u00e9s (en italiques ) dans cette liste font actuellement partie de la commune de Mirabel et Blacons suite au transfert de 1946<\/p>\n\n\n\n<p><\/p>\n\n\n\n<p><\/p>\n\n\n\n<figure class=\"wp-block-table\"><table><tbody><tr><td>Artigoules, Entigoules<\/td><td>Aureille, Aureillette<\/td><\/tr><tr><\/tr><tr><\/tr><tr><\/tr><tr><\/tr><tr><\/tr><tr><\/tr><tr><\/tr><tr><\/tr><tr><\/tr><tr><td>Auveillot<\/td><td>Aux Aubes, Haubes<\/td><\/tr><tr><\/tr><tr><\/tr><tr><\/tr><tr><\/tr><tr><\/tr><tr><\/tr><tr><\/tr><tr><\/tr><tr><\/tr><tr><td>Aux Bayardons<\/td><td>Aux Jullians<\/td><\/tr><tr><\/tr><tr><\/tr><tr><\/tr><tr><\/tr><tr><\/tr><tr><\/tr><tr><\/tr><tr><\/tr><tr><\/tr><tr><td>Barastons<\/td><td>Bas Chabanas<\/td><\/tr><tr><\/tr><tr><\/tr><tr><\/tr><tr><\/tr><tr><\/tr><tr><\/tr><tr><\/tr><tr><\/tr><tr><\/tr><tr><td>Beaune<\/td><td>Borie<\/td><\/tr><tr><\/tr><tr><\/tr><tr><\/tr><tr><\/tr><tr><\/tr><tr><\/tr><tr><\/tr><tr><\/tr><tr><\/tr><tr><td>Breynouses<\/td><td>Campanes<\/td><\/tr><tr><\/tr><tr><\/tr><tr><\/tr><tr><\/tr><tr><\/tr><tr><\/tr><tr><\/tr><tr><\/tr><tr><\/tr><tr><td>Cantouye<\/td><td>Chabanas<\/td><\/tr><tr><\/tr><tr><\/tr><tr><\/tr><tr><\/tr><tr><\/tr><tr><\/tr><tr><\/tr><tr><\/tr><tr><\/tr><tr><td>Chalancon<\/td><td>Chamalots, Chamarot<\/td><\/tr><tr><\/tr><tr><\/tr><tr><\/tr><tr><\/tr><tr><\/tr><tr><\/tr><tr><\/tr><tr><\/tr><tr><\/tr><tr><td>Champ Vachier<\/td><td>Chavaret<\/td><\/tr><tr><\/tr><tr><\/tr><tr><\/tr><tr><\/tr><tr><\/tr><tr><\/tr><tr><\/tr><tr><\/tr><tr><\/tr><tr><td>Claux<\/td><td>Coin, Coing<\/td><\/tr><tr><\/tr><tr><\/tr><tr><\/tr><tr><\/tr><tr><\/tr><tr><\/tr><tr><\/tr><tr><\/tr><tr><\/tr><tr><td>Col d&rsquo;Aouste<\/td><td>Collet<\/td><\/tr><tr><\/tr><tr><\/tr><tr><\/tr><tr><\/tr><tr><\/tr><tr><\/tr><tr><\/tr><tr><\/tr><tr><\/tr><tr><td>Collet des Auberts<\/td><td>Collet des Aubes<\/td><\/tr><tr><\/tr><tr><\/tr><tr><\/tr><tr><\/tr><tr><\/tr><tr><\/tr><tr><\/tr><tr><\/tr><tr><\/tr><tr><td>Collet ou La Cheuve<\/td><td>Combe de St Alban<\/td><\/tr><tr><\/tr><tr><\/tr><tr><\/tr><tr><\/tr><tr><\/tr><tr><\/tr><tr><\/tr><tr><\/tr><tr><\/tr><tr><td>Combe Garenc, Combe Garenne<\/td><td>Combe Girard<\/td><\/tr><tr><\/tr><tr><\/tr><tr><\/tr><tr><\/tr><tr><\/tr><tr><\/tr><tr><\/tr><tr><\/tr><tr><\/tr><tr><td>Combeplane<\/td><td>Condamine de St Pierre<\/td><\/tr><tr><\/tr><tr><\/tr><tr><\/tr><tr><\/tr><tr><\/tr><tr><\/tr><tr><\/tr><tr><\/tr><tr><\/tr><tr><td>Coste Final, Coste Finaud<\/td><td>Coulet, Coullet<\/td><\/tr><tr><\/tr><tr><\/tr><tr><\/tr><tr><\/tr><tr><\/tr><tr><\/tr><tr><\/tr><tr><\/tr><tr><\/tr><tr><td>Coulli\u00e8re de Combeplane<\/td><td>Courneyret<\/td><\/tr><tr><\/tr><tr><\/tr><tr><\/tr><tr><\/tr><tr><\/tr><tr><\/tr><tr><\/tr><tr><\/tr><tr><\/tr><tr><td>Creyssalon<\/td><td>Cros<\/td><\/tr><tr><\/tr><tr><\/tr><tr><\/tr><tr><\/tr><tr><\/tr><tr><\/tr><tr><\/tr><tr><\/tr><tr><\/tr><tr><td>Dinechin, Dinechy<\/td><td>Douvette<\/td><\/tr><tr><\/tr><tr><\/tr><tr><\/tr><tr><\/tr><tr><\/tr><tr><\/tr><tr><\/tr><tr><\/tr><tr><\/tr><tr><td>En Clapisse ou au Cabert<\/td><td>En cour de Verane<\/td><\/tr><tr><\/tr><tr><\/tr><tr><\/tr><tr><\/tr><tr><\/tr><tr><\/tr><tr><\/tr><tr><\/tr><tr><\/tr><tr><td>En la Rouyet<\/td><td>En l&rsquo;Enclauze<\/td><\/tr><tr><\/tr><tr><\/tr><tr><\/tr><tr><\/tr><tr><\/tr><tr><\/tr><tr><\/tr><tr><\/tr><tr><\/tr><tr><td>En Lenteaume, Lentelme<\/td><td>En Scie proche la tour de Millan<\/td><\/tr><tr><\/tr><tr><\/tr><tr><\/tr><tr><\/tr><tr><\/tr><tr><\/tr><tr><\/tr><tr><\/tr><tr><\/tr><tr><td>En Siallard<\/td><td>En Vallon<\/td><\/tr><tr><\/tr><tr><\/tr><tr><\/tr><tr><\/tr><tr><\/tr><tr><\/tr><tr><\/tr><tr><\/tr><tr><\/tr><tr><td>Enjorie, Enjory<\/td><td>Enteriou, Enteviou<\/td><\/tr><tr><\/tr><tr><\/tr><tr><\/tr><tr><\/tr><tr><\/tr><tr><\/tr><tr><\/tr><tr><\/tr><tr><\/tr><tr><td>Ferandes<\/td><td>Fonclauze<\/td><\/tr><tr><\/tr><tr><\/tr><tr><\/tr><tr><\/tr><tr><\/tr><tr><\/tr><tr><\/tr><tr><\/tr><tr><\/tr><tr><td>Font Chatet<\/td><td>Font de Grangier<\/td><\/tr><tr><\/tr><tr><\/tr><tr><\/tr><tr><\/tr><tr><\/tr><tr><\/tr><tr><\/tr><tr><\/tr><tr><\/tr><tr><td>Fontagnau, Fontagnieu<\/td><td>Gensonnenche, Genssonnenche, Geyssonnenche<\/td><\/tr><tr><\/tr><tr><\/tr><tr><\/tr><tr><\/tr><tr><\/tr><tr><\/tr><tr><\/tr><tr><\/tr><tr><\/tr><tr><td><em>Gervane<\/em><\/td><td>Grand Lauzenc, Grand Lauzens<\/td><\/tr><tr><\/tr><tr><\/tr><tr><\/tr><tr><\/tr><tr><\/tr><tr><\/tr><tr><\/tr><tr><\/tr><tr><\/tr><tr><td>Grande Rue<\/td><td>Grangier ou Lizoarde<\/td><\/tr><tr><\/tr><tr><\/tr><tr><\/tr><tr><\/tr><tr><\/tr><tr><\/tr><tr><\/tr><tr><\/tr><tr><\/tr><tr><td>Jaterie, Juterie (Juiverie)<\/td><td>La Chabre<\/td><\/tr><tr><\/tr><tr><\/tr><tr><\/tr><tr><\/tr><tr><\/tr><tr><\/tr><tr><\/tr><tr><\/tr><tr><\/tr><tr><td>La Clause<\/td><td>La Condamine<\/td><\/tr><tr><\/tr><tr><\/tr><tr><\/tr><tr><\/tr><tr><\/tr><tr><\/tr><tr><\/tr><tr><\/tr><tr><\/tr><tr><td>La Cour<\/td><td>La Croix<\/td><\/tr><tr><\/tr><tr><\/tr><tr><\/tr><tr><\/tr><tr><\/tr><tr><\/tr><tr><\/tr><tr><\/tr><tr><\/tr><tr><td>la Croste, La Crote, La Crotte<\/td><td>La Font de la ville<\/td><\/tr><tr><\/tr><tr><\/tr><tr><\/tr><tr><\/tr><tr><\/tr><tr><\/tr><tr><\/tr><tr><\/tr><tr><\/tr><tr><td>La Font des graviers de la Tour<\/td><td>La Gardette<\/td><\/tr><tr><\/tr><tr><\/tr><tr><\/tr><tr><\/tr><tr><\/tr><tr><\/tr><tr><\/tr><tr><\/tr><tr><\/tr><tr><td>La Gaye<\/td><td>La Lauziere<\/td><\/tr><tr><\/tr><tr><\/tr><tr><\/tr><tr><\/tr><tr><\/tr><tr><\/tr><tr><\/tr><tr><\/tr><tr><\/tr><tr><td>La Planche<\/td><td>La Rabonnenc<\/td><\/tr><tr><\/tr><tr><\/tr><tr><\/tr><tr><\/tr><tr><\/tr><tr><\/tr><tr><\/tr><tr><\/tr><tr><\/tr><tr><td>La Rabonn\u00e8re<\/td><td>La Rouyet<\/td><\/tr><tr><\/tr><tr><\/tr><tr><\/tr><tr><\/tr><tr><\/tr><tr><\/tr><tr><\/tr><tr><\/tr><tr><\/tr><tr><td>La Sarpe, La Serpe<\/td><td>La Scie<\/td><\/tr><tr><\/tr><tr><\/tr><tr><\/tr><tr><\/tr><tr><\/tr><tr><\/tr><tr><\/tr><tr><\/tr><tr><\/tr><tr><td>La Tour<\/td><td>Larra<\/td><\/tr><tr><\/tr><tr><\/tr><tr><\/tr><tr><\/tr><tr><\/tr><tr><\/tr><tr><\/tr><tr><\/tr><tr><\/tr><tr><td>Las Champs<\/td><td>Las Combes<\/td><\/tr><tr><\/tr><tr><\/tr><tr><\/tr><tr><\/tr><tr><\/tr><tr><\/tr><tr><\/tr><tr><\/tr><tr><\/tr><tr><td>Lauzenc, Lauzens<\/td><td>Lavignac, Lavignas, Lavignat<\/td><\/tr><tr><\/tr><tr><\/tr><tr><\/tr><tr><\/tr><tr><\/tr><tr><\/tr><tr><\/tr><tr><\/tr><tr><\/tr><tr><td>Les Blaches<\/td><td>Les Broas<\/td><\/tr><tr><\/tr><tr><\/tr><tr><\/tr><tr><\/tr><tr><\/tr><tr><\/tr><tr><\/tr><tr><\/tr><tr><\/tr><tr><td>Les Terrasses<\/td><td>Les Ubacs, Ubats<\/td><\/tr><tr><\/tr><tr><\/tr><tr><\/tr><tr><\/tr><tr><\/tr><tr><\/tr><tr><\/tr><tr><\/tr><tr><\/tr><tr><td>Leychalete<\/td><td>Maillete, Maillette<\/td><\/tr><tr><\/tr><tr><\/tr><tr><\/tr><tr><\/tr><tr><\/tr><tr><\/tr><tr><\/tr><tr><\/tr><tr><\/tr><tr><td>Meanie, Myanie<\/td><td>Millasolle, Millesolle<\/td><\/tr><tr><\/tr><tr><\/tr><tr><\/tr><tr><\/tr><tr><\/tr><tr><\/tr><tr><\/tr><tr><\/tr><tr><\/tr><tr><td>Nais, Naix<\/td><td>Ogier<\/td><\/tr><tr><\/tr><tr><\/tr><tr><\/tr><tr><\/tr><tr><\/tr><tr><\/tr><tr><\/tr><tr><\/tr><tr><\/tr><tr><td>Petit Bony (Bary)<\/td><td>Petit Bouc<\/td><\/tr><tr><\/tr><tr><\/tr><tr><\/tr><tr><\/tr><tr><\/tr><tr><\/tr><tr><\/tr><tr><\/tr><tr><\/tr><tr><td>Petite Rouvi\u00e8re<\/td><td>Pey Arnaud<\/td><\/tr><tr><\/tr><tr><\/tr><tr><\/tr><tr><\/tr><tr><\/tr><tr><\/tr><tr><\/tr><tr><\/tr><tr><\/tr><tr><td>Peybonnet<\/td><td>Peychier<\/td><\/tr><tr><\/tr><tr><\/tr><tr><\/tr><tr><\/tr><tr><\/tr><tr><\/tr><tr><\/tr><tr><\/tr><tr><\/tr><tr><td>Peym\u00e9e<\/td><td>Peymoutet<\/td><\/tr><tr><\/tr><tr><\/tr><tr><\/tr><tr><\/tr><tr><\/tr><tr><\/tr><tr><\/tr><tr><\/tr><tr><\/tr><tr><td>Peypinoux<\/td><td>Peyraquatre, Peyrequatre<\/td><\/tr><tr><\/tr><tr><\/tr><tr><\/tr><tr><\/tr><tr><\/tr><tr><\/tr><tr><\/tr><tr><\/tr><tr><\/tr><tr><td>Peyrenier, Pereynier<\/td><td><em>Peyrolland<\/em><\/td><\/tr><tr><\/tr><tr><\/tr><tr><\/tr><tr><\/tr><tr><\/tr><tr><\/tr><tr><\/tr><tr><\/tr><tr><\/tr><tr><td>Peyrolle<\/td><td>Place de la Cour<\/td><\/tr><tr><\/tr><tr><\/tr><tr><\/tr><tr><\/tr><tr><\/tr><tr><\/tr><tr><\/tr><tr><\/tr><tr><\/tr><tr><td>Place du ch\u00e2teau<\/td><td>Place du Pont<\/td><\/tr><tr><\/tr><tr><\/tr><tr><\/tr><tr><\/tr><tr><\/tr><tr><\/tr><tr><\/tr><tr><\/tr><tr><\/tr><tr><td>Place et rue du Pont de Dr\u00f4me<\/td><td>Plan des Ubacs, des Ubats<\/td><\/tr><tr><\/tr><tr><\/tr><tr><\/tr><tr><\/tr><tr><\/tr><tr><\/tr><tr><\/tr><tr><\/tr><tr><\/tr><tr><td>Plantas<\/td><td>Porte de St Christophe<\/td><\/tr><tr><\/tr><tr><\/tr><tr><\/tr><tr><\/tr><tr><\/tr><tr><\/tr><tr><\/tr><tr><\/tr><tr><\/tr><tr><td>Pouret<\/td><td>Puy Saint Pierre<\/td><\/tr><tr><\/tr><tr><\/tr><tr><\/tr><tr><\/tr><tr><\/tr><tr><\/tr><tr><\/tr><tr><\/tr><tr><\/tr><tr><td>Rapaillenc, Rapaillens<\/td><td>Rif de La Chanal, de la Chanau, la Chanaud<\/td><\/tr><tr><\/tr><tr><\/tr><tr><\/tr><tr><\/tr><tr><\/tr><tr><\/tr><tr><\/tr><tr><\/tr><tr><\/tr><tr><td>Ririet<\/td><td>Rochefort<\/td><\/tr><tr><\/tr><tr><\/tr><tr><\/tr><tr><\/tr><tr><\/tr><tr><\/tr><tr><\/tr><tr><\/tr><tr><\/tr><tr><td>Rue allant au pont de La Dr\u00f4me<\/td><td>Rue allant de la croisi\u00e8re au pont de Dr\u00f4me<\/td><\/tr><tr><\/tr><tr><\/tr><tr><\/tr><tr><\/tr><tr><\/tr><tr><\/tr><tr><\/tr><tr><\/tr><tr><\/tr><tr><td>Rue allant du pont de Dr\u00f4me au pont de Scie<\/td><td>Rue allant en Surville<\/td><\/tr><tr><\/tr><tr><\/tr><tr><\/tr><tr><\/tr><tr><\/tr><tr><\/tr><tr><\/tr><tr><\/tr><tr><\/tr><tr><td>Rue Berthon de Saut, Berton de Saut<\/td><td>Rue de \u00ab\u00a0l&rsquo;Opital\u00a0\u00bb au pont<\/td><\/tr><tr><\/tr><tr><\/tr><tr><\/tr><tr><\/tr><tr><\/tr><tr><\/tr><tr><\/tr><tr><\/tr><tr><\/tr><tr><td>Rue de l&rsquo;Opital<\/td><td>Rue de Rejoly, Roujoly, Roujouly<\/td><\/tr><tr><\/tr><tr><\/tr><tr><\/tr><tr><\/tr><tr><\/tr><tr><\/tr><tr><\/tr><tr><\/tr><tr><\/tr><tr><td>Rue de Rochefort<\/td><td>Rue de Surville<\/td><\/tr><tr><\/tr><tr><\/tr><tr><\/tr><tr><\/tr><tr><\/tr><tr><\/tr><tr><\/tr><tr><\/tr><tr><\/tr><tr><td>Rue des Boulards<\/td><td>Rue des Campanes<\/td><\/tr><tr><\/tr><tr><\/tr><tr><\/tr><tr><\/tr><tr><\/tr><tr><\/tr><tr><\/tr><tr><\/tr><tr><\/tr><tr><td>Rue des Moirans<\/td><td>Rue des Ristres, Ruistres, Rustres<\/td><\/tr><tr><\/tr><tr><\/tr><tr><\/tr><tr><\/tr><tr><\/tr><tr><\/tr><tr><\/tr><tr><\/tr><tr><\/tr><tr><td>Rue du Ch\u00e2teau<\/td><td>Rue du ch\u00e2teau \u00e0 l&rsquo;h\u00f4pital<\/td><\/tr><tr><\/tr><tr><\/tr><tr><\/tr><tr><\/tr><tr><\/tr><tr><\/tr><tr><\/tr><tr><\/tr><tr><\/tr><tr><td>Rue du Four<\/td><td>Rue du Moulin<\/td><\/tr><tr><\/tr><tr><\/tr><tr><\/tr><tr><\/tr><tr><\/tr><tr><\/tr><tr><\/tr><tr><\/tr><tr><\/tr><tr><td>Rue du Pont<\/td><td>rue Interier<\/td><\/tr><tr><\/tr><tr><\/tr><tr><\/tr><tr><\/tr><tr><\/tr><tr><\/tr><tr><\/tr><tr><\/tr><tr><\/tr><tr><td>Saint Alban<\/td><td>Ruine du Barry<\/td><\/tr><tr><\/tr><tr><\/tr><tr><\/tr><tr><\/tr><tr><\/tr><tr><\/tr><tr><\/tr><tr><\/tr><tr><\/tr><tr><td>Saint Fran\u00e7ois<\/td><td>Saint Christophle, Christophe<\/td><\/tr><tr><\/tr><tr><\/tr><tr><\/tr><tr><\/tr><tr><\/tr><tr><\/tr><tr><\/tr><tr><\/tr><tr><\/tr><tr><td>Saumane<\/td><td>Saint Pierre<\/td><\/tr><tr><\/tr><tr><\/tr><tr><\/tr><tr><\/tr><tr><\/tr><tr><\/tr><tr><\/tr><tr><\/tr><tr><\/tr><tr><td>Serre de Juriers<\/td><td>Semiziane, Simiziane<\/td><\/tr><tr><\/tr><tr><\/tr><tr><\/tr><tr><\/tr><tr><\/tr><tr><\/tr><tr><\/tr><tr><\/tr><tr><\/tr><tr><td>Siallard<\/td><td>Serre de Pommier<\/td><\/tr><tr><\/tr><tr><\/tr><tr><\/tr><tr><\/tr><tr><\/tr><tr><\/tr><tr><\/tr><tr><\/tr><tr><\/tr><tr><td>Soubreville, Surville<\/td><td><em>Somelonge<\/em><\/td><\/tr><tr><\/tr><tr><\/tr><tr><\/tr><tr><\/tr><tr><\/tr><tr><\/tr><tr><\/tr><tr><\/tr><tr><\/tr><tr><td>Sonnalier<\/td><td>Sous Saint Pierre<\/td><\/tr><tr><\/tr><tr><\/tr><tr><\/tr><tr><\/tr><tr><\/tr><tr><\/tr><tr><\/tr><tr><\/tr><tr><\/tr><tr><td>Terrasses<\/td><td>Tournepierre<\/td><\/tr><tr><\/tr><tr><\/tr><tr><\/tr><tr><\/tr><tr><\/tr><tr><\/tr><tr><\/tr><tr><\/tr><tr><\/tr><tr><td>Viol Berthon de Saut<\/td><td>Viol de la Cour<\/td><\/tr><tr><\/tr><tr><\/tr><tr><\/tr><tr><\/tr><tr><\/tr><tr><\/tr><tr><\/tr><tr><\/tr><tr><\/tr><tr><td>Viol des Campanes<\/td><td>Viol de Mirabel<\/td><\/tr><tr><\/tr><tr><\/tr><tr><\/tr><tr><\/tr><tr><\/tr><tr><\/tr><tr><\/tr><tr><\/tr><tr><\/tr><tr><td>Viol du Pont<\/td><td>Viol de la Rabonne<\/td><\/tr><tr><\/tr><tr><\/tr><tr><\/tr><tr><\/tr><tr><\/tr><tr><\/tr><tr><\/tr><tr><\/tr><tr><\/tr><tr><td>Viol des Ristres, Rustres<\/td><td>Viol de Rochefort<\/td><\/tr><tr><\/tr><tr><\/tr><tr><\/tr><tr><\/tr><tr><\/tr><tr><\/tr><tr><\/tr><tr><\/tr><tr><\/tr><tr><td>Viol de Rojoly (Rozoly)<\/td><td>Viol de St Jean<\/td><\/tr><tr><\/tr><tr><\/tr><tr><\/tr><tr><\/tr><tr><\/tr><tr><\/tr><tr><\/tr><tr><\/tr><tr><\/tr><tr><td>Viol de Surville<\/td><td>Vivier<\/td><\/tr><\/tbody><\/table><\/figure>\n\n\n\n<p><br><br><\/p>\n\n\n\n<p><strong>Aureille, Aureillette&nbsp;:<\/strong> peut avoir d\u00e9sign\u00e9 une bordure, l\u2019or\u00e9e d\u2019un bois<\/p>\n\n\n\n<p><strong>A<\/strong><strong>uveillot<\/strong>&nbsp;: nom de famille sans doute d\u00e9riv\u00e9 du latin villa (= domaine) ou de \u00ab\u00a0vieil\u00a0\u00bb (= vieux)<\/p>\n\n\n\n<p><strong>B<\/strong><strong>ara<\/strong><strong>s<\/strong><strong>ton<\/strong><strong>s<\/strong>&nbsp;: semble indiquer une notion de tromperie ou rapport avec une famille. Peut donner \u00e0 penser \u00e0 \u00ab&nbsp;banaston&nbsp;\u00bb: petite hotte<\/p>\n\n\n\n<p><strong>Bayardons<\/strong>&nbsp;: nom de famille rappellante un baquet servant au lavage<\/p>\n\n\n\n<p><strong>Breynouses<\/strong>&nbsp;: semble avoir un rapport avec un lieu souill\u00e9 d\u2019ordures<\/p>\n\n\n\n<p><strong>Cabert<\/strong>&nbsp;: r\u00e9f\u00e9rence \u00e0 un patronyme<\/p>\n\n\n\n<p><strong>Campanes<\/strong>&nbsp;: rappelle les cloches mais aussi les champs<\/p>\n\n\n\n<p><strong>Cantouye<\/strong>&nbsp;: il devrait plut\u00f4t s&rsquo;agir d&rsquo;un toponyme (= coin, angle).<\/p>\n\n\n\n<p><strong>Chamalots, Chamarot&nbsp;<\/strong>: rappelle une \u00e9toffe de poil ou de laine<\/p>\n\n\n\n<p><strong>Champ Vachier<\/strong>&nbsp;; champ se rapportant \u00e0 un patronyme ou servant \u00e0 garder des vaches<\/p>\n\n\n\n<p><strong>Ch\u00e2teau (place du)&nbsp;: <\/strong>indiquait l\u2019emplacement de l\u2019ancienne citadelle<\/p>\n\n\n\n<p><strong>C<\/strong><strong>hanal (rif de la), de la Chanau, la Chanaud<\/strong>&nbsp;: ruisseau rappelant un canal, un chenal<\/p>\n\n\n\n<p><strong>Chavaret<\/strong>&nbsp;: il s\u2019agit d\u2019un lieu creus\u00e9 ou fouill\u00e9 mais d\u00e9signe aussi un lieu creus\u00e9 de terriers de lapin<\/p>\n\n\n\n<p><strong>Clapisse<\/strong>&nbsp;: rappelle un lieu couvert de pierrailles, d\u00e9combres, petit coin de terre pierreuse<\/p>\n\n\n\n<p><strong>Claux<\/strong>&nbsp;: d\u00e9finit un terrain cultiv\u00e9 entour\u00e9 de haies, murs ou cl\u00f4tures. Anciennement Le Clot, 1607 (parcellaire) \u2013 Ad Closum ,1413 (terrier de l\u2019\u00e9v. De Die)<\/p>\n\n\n\n<p><strong>Coin, Coing<\/strong>: d\u00e9signe un sommet, une pointe mais aussi le fruit<\/p>\n\n\n\n<p><strong>Collet, <\/strong><strong>Coulet, Coullet<\/strong>&nbsp;: d\u00e9signe une petite colline<\/p>\n\n\n\n<p><strong>Combe<\/strong>&nbsp;: pli de terrain entour\u00e9 de collines<\/p>\n\n\n\n<p><strong>Combe Garenc, Combe Garenne&nbsp;<\/strong>: endroit peupl\u00e9 de lapins<\/p>\n\n\n\n<p><strong>Combe Girard<\/strong>&nbsp;: la combe appartenant \u00e0 la famille Girard<\/p>\n\n\n\n<p><strong>Combe de Saint Alban<\/strong>&nbsp;: la combe de l\u2019ancien ermitage de Saint Alban<\/p>\n\n\n\n<p><strong>Condamine Saint Pierre<\/strong>&nbsp;: terre seigneuriale libre de toute redevance au quartier St Pierre<\/p>\n\n\n\n<p><strong>Coste Final, Coste Finaud&nbsp;<\/strong>: la derni\u00e8re c\u00f4te<\/p>\n\n\n\n<p><strong>Couill\u00e8re de Combeplane<\/strong>&nbsp;: indique un conduit de fontaine par lequel s\u2019\u00e9coule l\u2019eau ou source \u00e0 Combeplane<\/p>\n\n\n\n<p><strong>Courneyret<\/strong>&nbsp;: rappelle un coin, roc pointu noir<\/p>\n\n\n\n<p><strong>Creysselon<\/strong>&nbsp;: indique un rapport avec le cresson<\/p>\n\n\n\n<p><strong>Cros<\/strong>&nbsp;: donne une id\u00e9e de fosse, de cavit\u00e9 mais peut aussi d\u00e9signer une croix<\/p>\n\n\n\n<p><strong>Croisi\u00e8re<\/strong>&nbsp;: toponyme avec le sens de croisement (carrefour)<\/p>\n\n\n\n<p><strong>Dinechin, Dinechy<\/strong>&nbsp;: peut \u00eatre se rapporte \u00e0 un patronyme. Rapport avec un chien (chin, chy)&nbsp;?<\/p>\n\n\n\n<p><strong>Douvette<\/strong>&nbsp;: semble d\u00e9signer un foss\u00e9 d\u2019\u00e9coulement pour l\u2019eau<\/p>\n\n\n\n<p><strong>Enclauze<\/strong>&nbsp;: terre enclav\u00e9e, entour\u00e9e<\/p>\n\n\n\n<p><strong>Enjaury, <\/strong><strong>Anjaury<\/strong><strong>&nbsp;:<\/strong> Enjorie, Enjory au XVIIIe si\u00e8cle. Doit son nom au patronyme \u00ab&nbsp;Jaury&nbsp;\u00bb (chez Jaury)&nbsp;,d\u00e9riv\u00e9 de jaun, jaur = seigneur).&nbsp;<\/p>\n\n\n\n<p><strong>Enteriou, Enteviou, <\/strong><strong>Interier<\/strong><strong>&nbsp;:<\/strong> Doit son nom au ruisseau de Millassoles qui le limite \u00e0 l\u2019ouest (\u00ab&nbsp;riou&nbsp;\u00bb = ruisseau et \u00ab&nbsp;anta&nbsp;\u00bb = avant, contre). Attest\u00e9 depuis 1413&nbsp;: <em>Anterious<\/em> (terrier de l&rsquo;\u00e9v\u00each\u00e9 de Die)&nbsp;; en 1607&nbsp;: <em>Antarioux<\/em> et <em>Antherioux<\/em> (terrier du prieur\u00e9 de Saillans)&nbsp;;au XVIIe&nbsp;si\u00e8cle&nbsp;: <em>le rif d&rsquo;Enterriou<\/em> (parcellaire)&nbsp;; au XIXe&nbsp;si\u00e8cle&nbsp;: <em>Antaripa<\/em> et <em>Antariol<\/em> (plans cadastraux) et en 1891&nbsp;: <em>Antaripa<\/em>, quartier et ruisseau de la commune d&rsquo;Aouste.<\/p>\n\n\n\n<p><strong>Ferrandes&nbsp;<\/strong>: &nbsp; Doit son nom au patronyme d&rsquo;origine germanique.<\/p>\n\n\n\n<p><strong>Fontclauze<\/strong>&nbsp;: indique une fontaine ou source entour\u00e9e ou cl\u00f4tur\u00e9e.<\/p>\n\n\n\n<p><strong>Font de Grangier<\/strong>&nbsp;: Fontaine ou source dans la propri\u00e9t\u00e9 de Grangier (qui poss\u00e8de une petite ferme)<\/p>\n\n\n\n<p><strong>Font Chatet&nbsp;<\/strong>: Fontaine ou source dont l\u2019eau est claire et pure<\/p>\n\n\n\n<p><strong>Fontagnau, Fontagnieu<\/strong>&nbsp;: Fontaine ou source, d\u00e9riv\u00e9 d\u2019un patronyme (Lanya)<\/p>\n\n\n\n<p><strong>Gensonnenche, Genssonnenche, Geyssonnenche<\/strong>&nbsp;: d\u00e9signe une propri\u00e9t\u00e9 appartenant \u00e0 un homme d\u00e9nomm\u00e9 Gessius.<\/p>\n\n\n\n<p><strong>G<\/strong><strong>rand Lauzenc, Grand Lauzens&nbsp;<\/strong>: quartier nomm\u00e9 en rapport au ruisseau qui prend sa source dans la for\u00eat de Sao\u00fb, traverse les communes de Pi\u00e9gros-Ia-Clastre et d&rsquo;Ao\u00fbste et se jette dans la Dr\u00f4me. Anciennement nomm\u00e9. \u2014 Rivus de Lousono, 1413 (terr. de l&rsquo;\u00e9v. de Die). \u2014 Rivus de Leuzens, Lou grand Louzens, 1508 (terr. de Quintel).\u2014 Le rifz de Louzent, 1660 (ibid.). &#8211; Losens, 1605 (parceil. d&rsquo;Aouste). Louzens, 1608 (terr. de Quintel). Lauzain (Cassini) &#8211; Lauzent au XIXe s. C&rsquo;est un toponyme avec le sens de pierre plate, dalle schisteuse.<\/p>\n\n\n\n<p><strong>G<\/strong><strong>rangier<\/strong>&nbsp;: patronyme, d\u00e9signe soit celui qui poss\u00e8de une grange (au sens de petite ferme), soit celui qui engrange les r\u00e9coltes.<\/p>\n\n\n\n<p><strong>Jaterie, j<\/strong><strong>utarie, juterie&nbsp;<\/strong>: indique un lieu de r\u00e9union de juifs; quartier juif<\/p>\n\n\n\n<p><strong>Jullians<\/strong>&nbsp;: Le nom vient du latin Julianus, lui-m\u00eame d\u00e9riv\u00e9 de Julius.<\/p>\n\n\n\n<p><strong>La Chabre&nbsp;<\/strong>: d\u00e9signant soit celle qui est agile comme un chevreau, soit par m\u00e9tonymie une jeune gardienne de ch\u00e8vres, soit encore un lieu ou viennent les ch\u00e8vres.<\/p>\n\n\n\n<p><strong>La Clause&nbsp;:<\/strong> d\u00e9signe un enclos, un domaine rural.<\/p>\n\n\n\n<p><strong>La Condamine&nbsp;:<\/strong> Ce terme issu de l&rsquo;occitan est employ\u00e9 pour qualifier les terres seigneuriales aux alentours du XIIe si\u00e8cle et dont la signification litt\u00e9rale est \u00a0\u00bb prairie appartenant au seigneur \u00a0\u00bb . Terre exempte de redevance f\u00e9odale. Cette appellation est aussi donn\u00e9e \u00e0 la terre arable dans certaine r\u00e9gions du sud de la France. D\u00e9signe une terre que le seigneur n&rsquo;a pas attribu\u00e9e \u00e0 un particulier.<\/p>\n\n\n\n<p><strong>La Croix<\/strong>&nbsp;: Ce quartier se situait entre la route du Pas de Lauzens et le ruisseau de Lauzens, face aux Terrasses au sud et au Serre de la Reboule au nord. Devait son nom \u00e0 l\u2019implantation d\u2019une croix au XVIIIe si\u00e8cle.<\/p>\n\n\n\n<p><strong>L<\/strong><strong>a Croste, La Crote, La Crotte&nbsp;<\/strong>: toponyme qui a le sens de souterrain, caverne, grotte.<\/p>\n\n\n\n<p><strong>La Font de la ville<\/strong>&nbsp;: la source qui alimentait le village<\/p>\n\n\n\n<p><strong>La Font des graviers de la Tour&nbsp;<\/strong>: il s\u2019agit d\u2019une source coulant des graviers au pied d\u2019une des tours du village<\/p>\n\n\n\n<p><strong>La Gardette<\/strong>&nbsp;: Son appellation peut venir d\u2019un p\u00e2turage r\u00e9serv\u00e9, d\u2019une borne destin\u00e9e \u00e0 garder une limite mais aussi une petite tour de garde. Mentionn\u00e9e au XIIIe si\u00e8cle \u00ab&nbsp;<em>el serre de la Gardeta&nbsp;\u00bb<\/em> (le fieus de l\u00e9vesque)<\/p>\n\n\n\n<p><strong>L<\/strong><strong>a Planche<\/strong>&nbsp;: le nom \u00e9voque en g\u00e9n\u00e9ral une passerelle (planche pour passer un cours d&rsquo;eau).<\/p>\n\n\n\n<p><strong>L<\/strong><strong>a Rabonnenc, La Rabonn\u00e8re&nbsp;<\/strong>: toponyme indiquant une terre plant\u00e9e de petites raves (Rabonne)<\/p>\n\n\n\n<p><strong>Le Rouyet&nbsp;<\/strong>: toponyme indiquant un lieu o\u00f9 pousse le ch\u00eane rouvre mais aussi indique un fabricant de roue de charrette.<\/p>\n\n\n\n<p><strong>L<\/strong><strong>a Sarpe, la Serpe<\/strong>&nbsp;: terrain ayant la forme d\u2019une serpe<\/p>\n\n\n\n<p><strong>Lavignac, Lavignas, Lavignat&nbsp;<\/strong>: toponyme indiquant le domaine de Lavinius, nom d&rsquo;homme latin.<\/p>\n\n\n\n<p><strong>L<\/strong><strong>a<\/strong><strong>uz<\/strong><strong>ens<\/strong>, ruisseau prend sa source dans la for\u00eat de Saou, traverse les communes de Pi\u00e9gros-la-Clastre et d&rsquo;Aouste et se jette dans la Dr\u00f4me \u2014 <em>Ri<\/em><em>vus<\/em><em> de Lousono, <\/em><em>141<\/em><em>3 (terr. de l&rsquo;\u00e9v. de Die). \u2014 Ri<\/em><em>vus<\/em><em> de Leuzens, <\/em><em>l<\/em><em>ou grand Louzens, <\/em><em>1508<\/em><em> (terr. de Quintel).\u2014 Le rif<\/em><em>z<\/em><em> de Lou<\/em><em>z<\/em><em>ant, <\/em><em>1660 (ibid) <\/em><em>\u2014 <\/em><em>Lausens<\/em><em>, 1635 (parcell. d&rsquo;<\/em><em>A<\/em><em>ouste). \u2014 Lou<\/em><em>s<\/em><em>ens, 1608 (terr. de Quinte<\/em><em>l<\/em><em>). \u2014 Lauzain (Cassini) &#8211; <\/em><em>Lauzent au XIXe s. <\/em>C&rsquo;est un toponyme avec le sens de pierre plate, dalle schisteuse.<\/p>\n\n\n\n<p><strong>Lenteaume, Lentelme<\/strong>&nbsp;: quartier doit son nom \u00e0 un patronyme d&rsquo;origine germanique, Landhelm (land = pays + helm = casque)<\/p>\n\n\n\n<p><strong>L<\/strong><strong>es Blaches<\/strong>&nbsp;: C&rsquo;est un toponyme d\u00e9signant un bois de ch\u00eanes blancs. Le ch\u00eane blanc (ou Quercus pubescens) est consid\u00e9r\u00e9 comme un des meilleurs ch\u00eanes truffiers.<\/p>\n\n\n\n<p><strong>Les Broas<\/strong>&nbsp;: toponyme d\u00e9signant un lieu broussailleux mais aussi un grand talus bois\u00e9<\/p>\n\n\n\n<p><strong>Les Ubacs, Les Ubats<\/strong>&nbsp;: lieu expos\u00e9 au nord, partie d\u2019une vall\u00e9e la plus longtemps expos\u00e9e \u00e0 l\u2019ombre<\/p>\n\n\n\n<p><strong>Leychalette<\/strong>&nbsp;: Le pas de l\u2019Eycharette, 1639 (parcellaire) \u2013 L\u2019Echalette. Toponyme signifiant chemin de la petite \u00e9chelle, &nbsp; petit passage pi\u00e9tonnier en pente, am\u00e9nag\u00e9 en escalier en totalit\u00e9 ou en partie .<\/p>\n\n\n\n<p><strong>Lizoarde<\/strong>&nbsp;: patronyme f\u00e9minin d&rsquo;origine germanique, Isoward (is = fer + wardan = garder) ou Isohard (hard = dur)<\/p>\n\n\n\n<p><strong>Meanie, Myanie&nbsp;<\/strong>: toponyme indiquant&nbsp;: situ\u00e9 au milieu, \u00e0 mi-chemin<\/p>\n\n\n\n<p><strong>Nais, Naix<\/strong>&nbsp;: d\u00e9signait un routoir (fond de vall\u00e9e, lieu humide dans lequel on rouissait le chanvre).<\/p>\n\n\n\n<p><strong>Ogier<\/strong>&nbsp;: indique un patronyme d&rsquo;origine germanique, Adalgari (adal = noble + gari = lance).<\/p>\n\n\n\n<p><strong>Petit Bary, <\/strong><strong>Barry, <\/strong><strong>Petit Bony&nbsp;<\/strong>: toponyme d\u00e9signant le faubourg mais aussi un rempart et un foss\u00e9. Il est aussi indiqu\u00e9 dans certains documents d\u2019archives&nbsp;: la ruine du Barry<\/p>\n\n\n\n<p><strong>Petit Bouc&nbsp;<\/strong>: indique une entaille, une cavit\u00e9, un trou mais aussi<\/p>\n\n\n\n<p><strong>P<\/strong><strong>etite Rouvi\u00e8re&nbsp;<\/strong>: toponyme indiquant un petit bois de ch\u00eanes rouvres<\/p>\n\n\n\n<p><strong>Pey Arnaud<\/strong>&nbsp;: d\u00e9signant un sommet rocheux, un lieu escarp\u00e9 une colline d\u2019Arnaud<\/p>\n\n\n\n<p><strong>Peybonnet<\/strong>&nbsp;: d\u00e9signant un sommet rocheux, un lieu escarp\u00e9 une colline de Bonnet<\/p>\n\n\n\n<p><strong>Peychier<\/strong>&nbsp;: peut-\u00eatre un patronyme&nbsp;?<\/p>\n\n\n\n<p><strong>Peym\u00e9e:<\/strong> Toponyme en rapport avec une colline (colline de Pernas?) ou colline du milieu<\/p>\n\n\n\n<p><strong>Peyrequatre, <\/strong><strong>Peyraquatre<\/strong>: Cette d\u00e9nomination semble rappeler l\u2019emplacement d\u2019un pilier carr\u00e9 ou d\u2019une borne. On peut signaler que ce lieu \u00e9tait un site n\u00e9olithique.<\/p>\n\n\n\n<p><strong>P<\/strong><strong>eypinoux, <\/strong><strong>Pimpignous<\/strong>&nbsp;: colline en forme de pomme de pin&nbsp;<\/p>\n\n\n\n<p><strong>Peyrenier, Pereynier, Pey-Reynier<\/strong>&nbsp;: Peu Reynier, 1736 (arch. de la Dr\u00f4me, E 509). Indique la colline de Reynier<\/p>\n\n\n\n<p><strong>Peyrolland&nbsp;<\/strong>: Podium Rollandi, 1413 (terr de l&rsquo;\u00e9v. de Die). \u2014 Peyrolaud, I780 (arch. de la Dr\u00f4me, E 545). Indique la colline de Rolland<\/p>\n\n\n\n<p><strong>Peyrolle<\/strong>&nbsp;: Toponyme d\u00e9signant un lieu pierreux, rocheux<\/p>\n\n\n\n<p><strong>Puy Saint Pierre<\/strong>&nbsp;: colline d\u00e9di\u00e9e \u00e0 Saint Pierre<\/p>\n\n\n\n<p><strong>Rejoly, <\/strong><strong>Rozoly, <\/strong><strong>Roujoly, Roujouly<\/strong>&nbsp;: rappelle un patronyme&nbsp;?<\/p>\n\n\n\n<p><strong>Ririet<\/strong>&nbsp;: petit ruisseau ou patronyme&nbsp;?<\/p>\n\n\n\n<p><strong>Ristres, Rustres, Ruistres<\/strong>&nbsp;: indique le chanvre peign\u00e9, le chanvre le plus fin<\/p>\n\n\n\n<p><strong>Rouyet<\/strong>&nbsp;: lieu o\u00f9 pousse le ch\u00eane rouvre<\/p>\n\n\n\n<p><strong>Saumane<\/strong>&nbsp;: toponyme \u00e9voquant le sommet (som) ou l\u2019\u00e2nesse (sauma).<\/p>\n\n\n\n<p><strong>Serre de Pommier<\/strong>&nbsp;: colline indiquant le propri\u00e9taire<\/p>\n\n\n\n<p>Serre de Juriers&nbsp;: colline de Jury (toponyme<\/p>\n\n\n\n<p><strong>Siallart<\/strong>&nbsp;: d&rsquo;un patronyme, semble d\u00e9signer un effondrement de terrain<\/p>\n\n\n\n<p><strong>Somelonge<\/strong>&nbsp;: toponyme indiquant une colline allong\u00e9e<\/p>\n\n\n\n<p><strong>Sonnalier<\/strong>&nbsp;: peut-\u00eatre un rapport avec celui qui sonne les cloches<\/p>\n\n\n\n<p><strong>Sye<\/strong>&nbsp;: Sia, 1240 (Chartes valent.) &#8211; Aqua de Sya , 1388 (arch. de la Dr\u00f4rne, E 509) &#8211; Ripparia de Sirs alias de Sio, 1508 (terrier de Quintel) \u2013 Le Rif de Sie, 1594 (d\u00e9lib. Cons. Aouste) &#8211; Scie, 1757 (ibid) c\u00a0\u00bb d&rsquo;Aouste. \u2014 Pour le quartier on a&nbsp;:Porta de Sya, 1413 (terr. de l&rsquo;\u00e9v. deDie).<\/p>\n\n\n\n<p><strong>Vallon<\/strong>&nbsp;: quartier doit son nom \u00e0 un patronyme.<\/p>\n\n\n\n<p><strong>Verane<\/strong>&nbsp;: r\u00e9f\u00e9rence \u00e0 un patronyme signifiant \u00ab&nbsp;jeune, printanier&nbsp;\u00bb<\/p>\n\n\n\n<p><strong>Vivier<\/strong>&nbsp;: toponyme indiquant une prairie mar\u00e9cageuse, humide<\/p>\n\n\n\n<p><br><br><br><\/p>\n\n\n\n<p><\/p>\n\n\n<div class=\"wp-block-image\">\n<figure class=\"aligncenter size-full\"><img loading=\"lazy\" decoding=\"async\" width=\"750\" height=\"479\" src=\"https:\/\/histoire-patrimoine-aoustois.fr\/wp-content\/uploads\/2022\/12\/rues-29.jpg\" alt=\"\" class=\"wp-image-7629\" srcset=\"https:\/\/histoire-patrimoine-aoustois.fr\/wp-content\/uploads\/2022\/12\/rues-29.jpg 750w, https:\/\/histoire-patrimoine-aoustois.fr\/wp-content\/uploads\/2022\/12\/rues-29-300x192.jpg 300w\" sizes=\"(max-width: 750px) 100vw, 750px\" \/><\/figure>\n<\/div>\n\n\n<p><br><br><br><\/p>\n","protected":false},"excerpt":{"rendered":"<p>La d\u00e9couverte des rues et des quartiers d&rsquo;Aouste sur Sye (Dr\u00f4me) avec leurs situations et leurs  histoires<\/p>\n","protected":false},"author":1,"featured_media":0,"comment_status":"open","ping_status":"open","sticky":false,"template":"","format":"standard","meta":{"_jetpack_memberships_contains_paid_content":false,"footnotes":"","jetpack_publicize_message":"","jetpack_publicize_feature_enabled":true,"jetpack_social_post_already_shared":false,"jetpack_social_options":{"image_generator_settings":{"template":"highway","default_image_id":0,"font":"","enabled":false},"version":2}},"categories":[8],"tags":[9,36,35,34,37],"class_list":["post-7594","post","type-post","status-publish","format-standard","hentry","category-chroniques-aoustoises","tag-aouste-sur-sye","tag-lieux-dits","tag-quartiers","tag-rues","tag-situations","entry"],"yoast_head":"<!-- This site is optimized with the Yoast SEO plugin v27.4 - https:\/\/yoast.com\/product\/yoast-seo-wordpress\/ -->\n<title>Les rues et les quartiers d&#039;Aouste sur Sye - HISTOIRE PATRIMOINE AOUSTOIS<\/title>\n<meta name=\"description\" content=\"La d\u00e9couverte des rues et des quartiers d&#039;Aouste sur Sye (Dr\u00f4me) avec leurs situations et leurs histoires.\" \/>\n<meta name=\"robots\" content=\"index, follow, max-snippet:-1, max-image-preview:large, max-video-preview:-1\" \/>\n<link rel=\"canonical\" href=\"https:\/\/histoire-patrimoine-aoustois.fr\/?p=7594\" \/>\n<meta property=\"og:locale\" content=\"fr_FR\" \/>\n<meta property=\"og:type\" content=\"article\" \/>\n<meta property=\"og:title\" content=\"Les rues et les quartiers d&#039;Aouste sur Sye - HISTOIRE PATRIMOINE AOUSTOIS\" \/>\n<meta property=\"og:description\" content=\"La d\u00e9couverte des rues et des quartiers d&#039;Aouste sur Sye (Dr\u00f4me) avec leurs situations et leurs histoires.\" \/>\n<meta property=\"og:url\" content=\"https:\/\/histoire-patrimoine-aoustois.fr\/?p=7594\" \/>\n<meta property=\"og:site_name\" content=\"HISTOIRE PATRIMOINE AOUSTOIS\" \/>\n<meta property=\"article:published_time\" content=\"2022-12-24T14:25:41+00:00\" \/>\n<meta property=\"article:modified_time\" content=\"2023-01-28T07:22:27+00:00\" \/>\n<meta property=\"og:image\" content=\"https:\/\/histoire-patrimoine-aoustois.fr\/wp-content\/uploads\/2022\/12\/rues-01.jpg\" \/>\n<meta name=\"author\" content=\"c.grangeon@orange.fr\" \/>\n<meta name=\"twitter:card\" content=\"summary_large_image\" \/>\n<meta name=\"twitter:label1\" content=\"\u00c9crit par\" \/>\n\t<meta name=\"twitter:data1\" content=\"c.grangeon@orange.fr\" \/>\n\t<meta name=\"twitter:label2\" content=\"Dur\u00e9e de lecture estim\u00e9e\" \/>\n\t<meta name=\"twitter:data2\" content=\"48 minutes\" \/>\n<script type=\"application\/ld+json\" class=\"yoast-schema-graph\">{\"@context\":\"https:\\\/\\\/schema.org\",\"@graph\":[{\"@type\":\"Article\",\"@id\":\"https:\\\/\\\/histoire-patrimoine-aoustois.fr\\\/?p=7594#article\",\"isPartOf\":{\"@id\":\"https:\\\/\\\/histoire-patrimoine-aoustois.fr\\\/?p=7594\"},\"author\":{\"name\":\"c.grangeon@orange.fr\",\"@id\":\"https:\\\/\\\/histoire-patrimoine-aoustois.fr\\\/#\\\/schema\\\/person\\\/37a62d238dcee0c26cbd84b5b753e806\"},\"headline\":\"Les rues et les quartiers d&rsquo;Aouste sur Sye\",\"datePublished\":\"2022-12-24T14:25:41+00:00\",\"dateModified\":\"2023-01-28T07:22:27+00:00\",\"mainEntityOfPage\":{\"@id\":\"https:\\\/\\\/histoire-patrimoine-aoustois.fr\\\/?p=7594\"},\"wordCount\":9162,\"commentCount\":0,\"publisher\":{\"@id\":\"https:\\\/\\\/histoire-patrimoine-aoustois.fr\\\/#organization\"},\"image\":{\"@id\":\"https:\\\/\\\/histoire-patrimoine-aoustois.fr\\\/?p=7594#primaryimage\"},\"thumbnailUrl\":\"https:\\\/\\\/histoire-patrimoine-aoustois.fr\\\/wp-content\\\/uploads\\\/2022\\\/12\\\/rues-01.jpg\",\"keywords\":[\"aouste sur sye\",\"lieux-dits\",\"quartiers\",\"rues\",\"situations\"],\"articleSection\":[\"Chroniques aoustoises\"],\"inLanguage\":\"fr-FR\",\"potentialAction\":[{\"@type\":\"CommentAction\",\"name\":\"Comment\",\"target\":[\"https:\\\/\\\/histoire-patrimoine-aoustois.fr\\\/?p=7594#respond\"]}]},{\"@type\":\"WebPage\",\"@id\":\"https:\\\/\\\/histoire-patrimoine-aoustois.fr\\\/?p=7594\",\"url\":\"https:\\\/\\\/histoire-patrimoine-aoustois.fr\\\/?p=7594\",\"name\":\"Les rues et les quartiers d'Aouste sur Sye - HISTOIRE PATRIMOINE AOUSTOIS\",\"isPartOf\":{\"@id\":\"https:\\\/\\\/histoire-patrimoine-aoustois.fr\\\/#website\"},\"primaryImageOfPage\":{\"@id\":\"https:\\\/\\\/histoire-patrimoine-aoustois.fr\\\/?p=7594#primaryimage\"},\"image\":{\"@id\":\"https:\\\/\\\/histoire-patrimoine-aoustois.fr\\\/?p=7594#primaryimage\"},\"thumbnailUrl\":\"https:\\\/\\\/histoire-patrimoine-aoustois.fr\\\/wp-content\\\/uploads\\\/2022\\\/12\\\/rues-01.jpg\",\"datePublished\":\"2022-12-24T14:25:41+00:00\",\"dateModified\":\"2023-01-28T07:22:27+00:00\",\"description\":\"La d\u00e9couverte des rues et des quartiers d'Aouste sur Sye (Dr\u00f4me) avec leurs situations et leurs histoires.\",\"breadcrumb\":{\"@id\":\"https:\\\/\\\/histoire-patrimoine-aoustois.fr\\\/?p=7594#breadcrumb\"},\"inLanguage\":\"fr-FR\",\"potentialAction\":[{\"@type\":\"ReadAction\",\"target\":[\"https:\\\/\\\/histoire-patrimoine-aoustois.fr\\\/?p=7594\"]}]},{\"@type\":\"ImageObject\",\"inLanguage\":\"fr-FR\",\"@id\":\"https:\\\/\\\/histoire-patrimoine-aoustois.fr\\\/?p=7594#primaryimage\",\"url\":\"https:\\\/\\\/histoire-patrimoine-aoustois.fr\\\/wp-content\\\/uploads\\\/2022\\\/12\\\/rues-01.jpg\",\"contentUrl\":\"https:\\\/\\\/histoire-patrimoine-aoustois.fr\\\/wp-content\\\/uploads\\\/2022\\\/12\\\/rues-01.jpg\",\"width\":520,\"height\":390},{\"@type\":\"BreadcrumbList\",\"@id\":\"https:\\\/\\\/histoire-patrimoine-aoustois.fr\\\/?p=7594#breadcrumb\",\"itemListElement\":[{\"@type\":\"ListItem\",\"position\":1,\"name\":\"Accueil\",\"item\":\"https:\\\/\\\/histoire-patrimoine-aoustois.fr\\\/\"},{\"@type\":\"ListItem\",\"position\":2,\"name\":\"Les rues et les quartiers d&rsquo;Aouste sur Sye\"}]},{\"@type\":\"WebSite\",\"@id\":\"https:\\\/\\\/histoire-patrimoine-aoustois.fr\\\/#website\",\"url\":\"https:\\\/\\\/histoire-patrimoine-aoustois.fr\\\/\",\"name\":\"HISTOIRE PATRIMOINE AOUSTOIS\",\"description\":\"\",\"publisher\":{\"@id\":\"https:\\\/\\\/histoire-patrimoine-aoustois.fr\\\/#organization\"},\"potentialAction\":[{\"@type\":\"SearchAction\",\"target\":{\"@type\":\"EntryPoint\",\"urlTemplate\":\"https:\\\/\\\/histoire-patrimoine-aoustois.fr\\\/?s={search_term_string}\"},\"query-input\":{\"@type\":\"PropertyValueSpecification\",\"valueRequired\":true,\"valueName\":\"search_term_string\"}}],\"inLanguage\":\"fr-FR\"},{\"@type\":\"Organization\",\"@id\":\"https:\\\/\\\/histoire-patrimoine-aoustois.fr\\\/#organization\",\"name\":\"histoire patrimoine aoustois\",\"url\":\"https:\\\/\\\/histoire-patrimoine-aoustois.fr\\\/\",\"logo\":{\"@type\":\"ImageObject\",\"inLanguage\":\"fr-FR\",\"@id\":\"https:\\\/\\\/histoire-patrimoine-aoustois.fr\\\/#\\\/schema\\\/logo\\\/image\\\/\",\"url\":\"\",\"contentUrl\":\"\",\"caption\":\"histoire patrimoine aoustois\"},\"image\":{\"@id\":\"https:\\\/\\\/histoire-patrimoine-aoustois.fr\\\/#\\\/schema\\\/logo\\\/image\\\/\"}},{\"@type\":\"Person\",\"@id\":\"https:\\\/\\\/histoire-patrimoine-aoustois.fr\\\/#\\\/schema\\\/person\\\/37a62d238dcee0c26cbd84b5b753e806\",\"name\":\"c.grangeon@orange.fr\",\"image\":{\"@type\":\"ImageObject\",\"inLanguage\":\"fr-FR\",\"@id\":\"https:\\\/\\\/secure.gravatar.com\\\/avatar\\\/cc761b3b59da1005e87bc0d8d6ae0ecd5168729c45828cb7f6f0db169d1b9b5a?s=96&d=blank&r=g\",\"url\":\"https:\\\/\\\/secure.gravatar.com\\\/avatar\\\/cc761b3b59da1005e87bc0d8d6ae0ecd5168729c45828cb7f6f0db169d1b9b5a?s=96&d=blank&r=g\",\"contentUrl\":\"https:\\\/\\\/secure.gravatar.com\\\/avatar\\\/cc761b3b59da1005e87bc0d8d6ae0ecd5168729c45828cb7f6f0db169d1b9b5a?s=96&d=blank&r=g\",\"caption\":\"c.grangeon@orange.fr\"},\"sameAs\":[\"http:\\\/\\\/histoire-patrimoine-aoustois.fr\"],\"url\":\"https:\\\/\\\/histoire-patrimoine-aoustois.fr\\\/?author=1\"}]}<\/script>\n<!-- \/ Yoast SEO plugin. -->","yoast_head_json":{"title":"Les rues et les quartiers d'Aouste sur Sye - HISTOIRE PATRIMOINE AOUSTOIS","description":"La d\u00e9couverte des rues et des quartiers d'Aouste sur Sye (Dr\u00f4me) avec leurs situations et leurs histoires.","robots":{"index":"index","follow":"follow","max-snippet":"max-snippet:-1","max-image-preview":"max-image-preview:large","max-video-preview":"max-video-preview:-1"},"canonical":"https:\/\/histoire-patrimoine-aoustois.fr\/?p=7594","og_locale":"fr_FR","og_type":"article","og_title":"Les rues et les quartiers d'Aouste sur Sye - HISTOIRE PATRIMOINE AOUSTOIS","og_description":"La d\u00e9couverte des rues et des quartiers d'Aouste sur Sye (Dr\u00f4me) avec leurs situations et leurs histoires.","og_url":"https:\/\/histoire-patrimoine-aoustois.fr\/?p=7594","og_site_name":"HISTOIRE PATRIMOINE AOUSTOIS","article_published_time":"2022-12-24T14:25:41+00:00","article_modified_time":"2023-01-28T07:22:27+00:00","og_image":[{"url":"https:\/\/histoire-patrimoine-aoustois.fr\/wp-content\/uploads\/2022\/12\/rues-01.jpg","type":"","width":"","height":""}],"author":"c.grangeon@orange.fr","twitter_card":"summary_large_image","twitter_misc":{"\u00c9crit par":"c.grangeon@orange.fr","Dur\u00e9e de lecture estim\u00e9e":"48 minutes"},"schema":{"@context":"https:\/\/schema.org","@graph":[{"@type":"Article","@id":"https:\/\/histoire-patrimoine-aoustois.fr\/?p=7594#article","isPartOf":{"@id":"https:\/\/histoire-patrimoine-aoustois.fr\/?p=7594"},"author":{"name":"c.grangeon@orange.fr","@id":"https:\/\/histoire-patrimoine-aoustois.fr\/#\/schema\/person\/37a62d238dcee0c26cbd84b5b753e806"},"headline":"Les rues et les quartiers d&rsquo;Aouste sur Sye","datePublished":"2022-12-24T14:25:41+00:00","dateModified":"2023-01-28T07:22:27+00:00","mainEntityOfPage":{"@id":"https:\/\/histoire-patrimoine-aoustois.fr\/?p=7594"},"wordCount":9162,"commentCount":0,"publisher":{"@id":"https:\/\/histoire-patrimoine-aoustois.fr\/#organization"},"image":{"@id":"https:\/\/histoire-patrimoine-aoustois.fr\/?p=7594#primaryimage"},"thumbnailUrl":"https:\/\/histoire-patrimoine-aoustois.fr\/wp-content\/uploads\/2022\/12\/rues-01.jpg","keywords":["aouste sur sye","lieux-dits","quartiers","rues","situations"],"articleSection":["Chroniques aoustoises"],"inLanguage":"fr-FR","potentialAction":[{"@type":"CommentAction","name":"Comment","target":["https:\/\/histoire-patrimoine-aoustois.fr\/?p=7594#respond"]}]},{"@type":"WebPage","@id":"https:\/\/histoire-patrimoine-aoustois.fr\/?p=7594","url":"https:\/\/histoire-patrimoine-aoustois.fr\/?p=7594","name":"Les rues et les quartiers d'Aouste sur Sye - HISTOIRE PATRIMOINE AOUSTOIS","isPartOf":{"@id":"https:\/\/histoire-patrimoine-aoustois.fr\/#website"},"primaryImageOfPage":{"@id":"https:\/\/histoire-patrimoine-aoustois.fr\/?p=7594#primaryimage"},"image":{"@id":"https:\/\/histoire-patrimoine-aoustois.fr\/?p=7594#primaryimage"},"thumbnailUrl":"https:\/\/histoire-patrimoine-aoustois.fr\/wp-content\/uploads\/2022\/12\/rues-01.jpg","datePublished":"2022-12-24T14:25:41+00:00","dateModified":"2023-01-28T07:22:27+00:00","description":"La d\u00e9couverte des rues et des quartiers d'Aouste sur Sye (Dr\u00f4me) avec leurs situations et leurs histoires.","breadcrumb":{"@id":"https:\/\/histoire-patrimoine-aoustois.fr\/?p=7594#breadcrumb"},"inLanguage":"fr-FR","potentialAction":[{"@type":"ReadAction","target":["https:\/\/histoire-patrimoine-aoustois.fr\/?p=7594"]}]},{"@type":"ImageObject","inLanguage":"fr-FR","@id":"https:\/\/histoire-patrimoine-aoustois.fr\/?p=7594#primaryimage","url":"https:\/\/histoire-patrimoine-aoustois.fr\/wp-content\/uploads\/2022\/12\/rues-01.jpg","contentUrl":"https:\/\/histoire-patrimoine-aoustois.fr\/wp-content\/uploads\/2022\/12\/rues-01.jpg","width":520,"height":390},{"@type":"BreadcrumbList","@id":"https:\/\/histoire-patrimoine-aoustois.fr\/?p=7594#breadcrumb","itemListElement":[{"@type":"ListItem","position":1,"name":"Accueil","item":"https:\/\/histoire-patrimoine-aoustois.fr\/"},{"@type":"ListItem","position":2,"name":"Les rues et les quartiers d&rsquo;Aouste sur Sye"}]},{"@type":"WebSite","@id":"https:\/\/histoire-patrimoine-aoustois.fr\/#website","url":"https:\/\/histoire-patrimoine-aoustois.fr\/","name":"HISTOIRE PATRIMOINE AOUSTOIS","description":"","publisher":{"@id":"https:\/\/histoire-patrimoine-aoustois.fr\/#organization"},"potentialAction":[{"@type":"SearchAction","target":{"@type":"EntryPoint","urlTemplate":"https:\/\/histoire-patrimoine-aoustois.fr\/?s={search_term_string}"},"query-input":{"@type":"PropertyValueSpecification","valueRequired":true,"valueName":"search_term_string"}}],"inLanguage":"fr-FR"},{"@type":"Organization","@id":"https:\/\/histoire-patrimoine-aoustois.fr\/#organization","name":"histoire patrimoine aoustois","url":"https:\/\/histoire-patrimoine-aoustois.fr\/","logo":{"@type":"ImageObject","inLanguage":"fr-FR","@id":"https:\/\/histoire-patrimoine-aoustois.fr\/#\/schema\/logo\/image\/","url":"","contentUrl":"","caption":"histoire patrimoine aoustois"},"image":{"@id":"https:\/\/histoire-patrimoine-aoustois.fr\/#\/schema\/logo\/image\/"}},{"@type":"Person","@id":"https:\/\/histoire-patrimoine-aoustois.fr\/#\/schema\/person\/37a62d238dcee0c26cbd84b5b753e806","name":"c.grangeon@orange.fr","image":{"@type":"ImageObject","inLanguage":"fr-FR","@id":"https:\/\/secure.gravatar.com\/avatar\/cc761b3b59da1005e87bc0d8d6ae0ecd5168729c45828cb7f6f0db169d1b9b5a?s=96&d=blank&r=g","url":"https:\/\/secure.gravatar.com\/avatar\/cc761b3b59da1005e87bc0d8d6ae0ecd5168729c45828cb7f6f0db169d1b9b5a?s=96&d=blank&r=g","contentUrl":"https:\/\/secure.gravatar.com\/avatar\/cc761b3b59da1005e87bc0d8d6ae0ecd5168729c45828cb7f6f0db169d1b9b5a?s=96&d=blank&r=g","caption":"c.grangeon@orange.fr"},"sameAs":["http:\/\/histoire-patrimoine-aoustois.fr"],"url":"https:\/\/histoire-patrimoine-aoustois.fr\/?author=1"}]}},"jetpack_publicize_connections":[],"jetpack_featured_media_url":"","jetpack_sharing_enabled":true,"_links":{"self":[{"href":"https:\/\/histoire-patrimoine-aoustois.fr\/index.php?rest_route=\/wp\/v2\/posts\/7594","targetHints":{"allow":["GET"]}}],"collection":[{"href":"https:\/\/histoire-patrimoine-aoustois.fr\/index.php?rest_route=\/wp\/v2\/posts"}],"about":[{"href":"https:\/\/histoire-patrimoine-aoustois.fr\/index.php?rest_route=\/wp\/v2\/types\/post"}],"author":[{"embeddable":true,"href":"https:\/\/histoire-patrimoine-aoustois.fr\/index.php?rest_route=\/wp\/v2\/users\/1"}],"replies":[{"embeddable":true,"href":"https:\/\/histoire-patrimoine-aoustois.fr\/index.php?rest_route=%2Fwp%2Fv2%2Fcomments&post=7594"}],"version-history":[{"count":0,"href":"https:\/\/histoire-patrimoine-aoustois.fr\/index.php?rest_route=\/wp\/v2\/posts\/7594\/revisions"}],"wp:attachment":[{"href":"https:\/\/histoire-patrimoine-aoustois.fr\/index.php?rest_route=%2Fwp%2Fv2%2Fmedia&parent=7594"}],"wp:term":[{"taxonomy":"category","embeddable":true,"href":"https:\/\/histoire-patrimoine-aoustois.fr\/index.php?rest_route=%2Fwp%2Fv2%2Fcategories&post=7594"},{"taxonomy":"post_tag","embeddable":true,"href":"https:\/\/histoire-patrimoine-aoustois.fr\/index.php?rest_route=%2Fwp%2Fv2%2Ftags&post=7594"}],"curies":[{"name":"wp","href":"https:\/\/api.w.org\/{rel}","templated":true}]}}