{"id":8422,"date":"2023-07-25T13:47:02","date_gmt":"2023-07-25T13:47:02","guid":{"rendered":"https:\/\/histoire-patrimoine-aoustois.fr\/?p=8422"},"modified":"2023-07-25T14:06:02","modified_gmt":"2023-07-25T14:06:02","slug":"la-transhumance-vers-le-vercors-dromois-au-xviiie-siecle","status":"publish","type":"post","link":"https:\/\/histoire-patrimoine-aoustois.fr\/?p=8422","title":{"rendered":"LA TRANSHUMANCE VERS LE VERCORS DR\u00d4MOIS AU XVIIIe SIECLE"},"content":{"rendered":"\n<p><br><br><\/p>\n\n\n\n<p class=\"has-text-align-center has-text-color has-medium-font-size\" style=\"color:#1307e3\"><strong>La Transhumance vers le Vercors dr\u00f4mois au XVIII<sup>e<\/sup> si\u00e8cle<\/strong><\/p>\n\n\n\n<p><br><br><\/p>\n\n\n\n<p class=\"has-medium-font-size\">La Provence a toujours \u00e9t\u00e9 un pays essentiellement pastoral. La partie occidentale de ce pays, enti\u00e8rement occup\u00e9e par les immenses plaines de la Crau et de la Camargue, est, par destination, une terre des plus propices \u00e0 l&rsquo;\u00e9levage du b\u00e9tail. Aussi, est-ce dans<a href=\"#lepaysdarles\"> le pays d&rsquo;Arles<\/a> (1), qui comprend les vastes p\u00e2turages de la Crau, o\u00f9 pousse une herbe courte et drue, mais tr\u00e8s savoureuse et \u00e9minemment propre \u00e0 la nourriture des b\u00eates \u00e0 laine, qu&rsquo;il convient de rechercher les derniers vestiges des antiques m\u0153urs pastorales que la moderne banalit\u00e9 tend \u00e0 faire dispara\u00eetre. Au premier rang de ces vieilles coutumes, pratiqu\u00e9es depuis des si\u00e8cles en terre d&rsquo;Arles, comme, d&rsquo;ailleurs, en Espagne et divers autres pays, il convient de placer la transhumance, connue de tous les peuples pasteurs. Durant les longs mois de l&rsquo;\u00e9t\u00e9 proven\u00e7al, la plaine de la Crau est d\u00e9pourvue de toute v\u00e9g\u00e9tation, c&rsquo;est une v\u00e9ritable steppe asiatique, immense et caillouteuse, \u00e0 l&rsquo;aspect d\u00e9sol\u00e9. Les moutons ne sauraient trouver le moindre brin d&rsquo;herbe dans cette plaine aride; c&rsquo;est alors que les troupeaux \u00e9migrent vers les montagnes de la haute Provence, du Dauphin\u00e9, de la Savoie et du Pi\u00e9mont, o\u00f9 ils trouvent, de juin \u00e0 novembre, une herbe fra\u00eeche et abondante. C&rsquo;est cette, \u00e9migration vers les plateaux des Alpes qu&rsquo; on appelle transhumance.<\/p>\n\n\n\n<p><br><br><\/p>\n\n\n<div class=\"wp-block-image\">\n<figure class=\"aligncenter size-full\"><img fetchpriority=\"high\" decoding=\"async\" width=\"418\" height=\"598\" src=\"https:\/\/histoire-patrimoine-aoustois.fr\/wp-content\/uploads\/2023\/07\/transhumance-berger.jpg\" alt=\"\" class=\"wp-image-8425\" srcset=\"https:\/\/histoire-patrimoine-aoustois.fr\/wp-content\/uploads\/2023\/07\/transhumance-berger.jpg 418w, https:\/\/histoire-patrimoine-aoustois.fr\/wp-content\/uploads\/2023\/07\/transhumance-berger-210x300.jpg 210w\" sizes=\"(max-width: 418px) 100vw, 418px\" \/><\/figure>\n<\/div>\n\n\n<p class=\"has-medium-font-size\"><br><br>Avant de suivre les troupeaux dans leur exode vers la Montagne, de parcourir \u00e0 leur suite les chemins qui y conduisent, voyons les pr\u00e9liminaires de la mise en marche.<\/p>\n\n\n\n<p class=\"has-medium-font-size\">Chaque propri\u00e9taire a conduit son b\u00e9tail ; pr\u00e9alablement marqu\u00e9 d&rsquo;un signe distinctif, \u00e0 l&rsquo;endroit indiqu\u00e9 pour la formation du grand troupeau qui, sous la conduite du \u00a0\u00bb&nbsp;<em>b<\/em><em>aile<\/em>&nbsp;\u00a0\u00bb et des bergers, doit se diriger vers l&rsquo;estivage. L&rsquo;avant-garde est form\u00e9e par l&rsquo;escadron noir et barbu des boucs et des ch\u00e8vres; ces derni\u00e8res fournissent. du lait pour les agneaux faibles et la nourriture des bergers; les boucs sont plac\u00e9s en t\u00e8te pour diriger la marche. Un troupeau sans boucs ne cheminerait que lentement et nombre de b\u00eates s&rsquo;\u00e9gareraient faute d&rsquo;un point de ralliement. Aussit\u00f4t apr\u00e8s cette t\u00eate de colonne viennent les \u00e2nes avec leur barde \u00e0 doubles corbeilles, dans lesquelles sont plac\u00e9s les bagages des bergers. Au retour, ils porteront les agneaux nouveau-n\u00e9s trop faibles pour suivre les m\u00e8res. Enfin arrive le troupeau form\u00e9 de deux groupes: l&rsquo;un, marchant le premier, compos\u00e9 de toutes les b\u00eates valides&nbsp;; l&rsquo;autre des b\u00eates les plus faibles, qu&rsquo;on nomme la \u00a0\u00bb&nbsp;<em>curaille&nbsp;\u00ab\u00a0<\/em>. Derri\u00e8re cette troupe b\u00ealante, et fermant la marche vient. Les bergers drap\u00e9s dans des manteaux de cadis roux qui leur tombent sur les talons comme des chapes.<\/p>\n\n\n\n<p class=\"has-medium-font-size\">Le voyage dure de quinze \u00e0 vingt cinq jours; les brebis soutiendraient difficilement la fatigue d&rsquo;une plus longue marche; le plus ou moins de proximit\u00e9 d&rsquo;une montagne influe beaucoup sur le prix des herbages. Les bergers prennent pareillement en consid\u00e9ration sa fertilit\u00e9, ses acc\u00e8s plus ou moins faciles; les chances d&rsquo;accidents qu&rsquo;elle pr\u00e9sente; la connaissance de la valeur relative des diff\u00e9rentes montagnes est un de leurs secrets qu&rsquo;ils doivent \u00e0 une longue exp\u00e9rience et \u00e0 des fr\u00e9quents voyages.<\/p>\n\n\n\n<p class=\"has-medium-font-size\">Les p\u00e2turages d&rsquo;\u00e9t\u00e9 sont \u00e0 1500 ou 2000 m\u00e8tres d&rsquo;altitude. Ils s&rsquo;\u00e9tendent de l&rsquo;Is\u00e8re au Var, des bords de la Dr\u00f4me \u00e0 ceux de<a href=\"#ladoireripaire\"> la Doire Ripaire<\/a> (2). La vie pastorale continue sur ces hauteurs comme dans les plaines d&rsquo;Arles. La surveillance des bergers y redouble d&rsquo;activit\u00e9; ils ont \u00e0 pr\u00e9server leurs b\u00eates des chutes dans les pr\u00e9cipices et de la dent des loups et des ours.<\/p>\n\n\n\n<p class=\"has-medium-font-size\">Le s\u00e9jour en montagne se prolonge jusqu&rsquo;aux premiers froids; c&rsquo;est ordinairement en octobre ou novembre que les troupeaux descendent en Provence et regagnent leurs ti\u00e8des p\u00e2turages d&rsquo;hiver, apr\u00e8s une absence de cinq mois.<\/p>\n\n\n\n<p class=\"has-medium-font-size\">De nos jours, la transhumance se pratique encore, mais de fa\u00e7on diff\u00e9rente; elle est devenue plus moderne, moins pittoresque sans doute mais infiniment plus pratique, c\u2019est-\u00e0-dire plus rapide et moins co\u00fbteuse : les propri\u00e9taires se bornent \u00e0 embarquer leur b\u00e9tail en gare d&rsquo;Arles, et les trains portent, en quelques heures, le troupeau entier au pied des montagnes.<\/p>\n\n\n\n<p class=\"has-medium-font-size\">Au temps, encore non loin de nous, o\u00f9 la transhumance se pratiquait \u00e0 la fa\u00e7on antique, les troupeaux suivaient, de belles routes pastorales, ayant, \u00e0 certains points, jusqu&rsquo;\u00e0 40 m\u00e8tres de largeur; quelques-unes de ces routes existent encore sous le nom de \u00ab\u00a0<em>&nbsp;carraires<\/em>&nbsp;\u00ab\u00a0. D\u00e8s le XIII<sup>e<\/sup> si\u00e8cle, la ville d&rsquo;Arles, agissant dans l&rsquo;int\u00e9r\u00eat des nombreux pasteurs se livrant \u00e0 l&rsquo;\u00e9levage, s&rsquo;\u00e9tait assur\u00e9e, le long de ces routes, des lieux de parcage pour les troupeaux; c&rsquo;\u00e9tait ce qu&rsquo;on appelait des \u00a0\u00bb&nbsp;<em>pousadous<\/em>&nbsp;\u00ab\u00a0; les troupeaux y trouvaient, \u00e0 la fin de l&rsquo;\u00e9tape, la p\u00e2ture et un abreuvoir.<\/p>\n\n\n\n<p class=\"has-medium-font-size\">Les carraires sont des voies fort anciennes, dont l&rsquo;existence est formellement attest\u00e9e \u00e0 partir de 1232; il n&rsquo;est pas douteux qu&rsquo;elles existaient ant\u00e9rieurement \u00e0 cette \u00e9poque, et sans aller jusqu&rsquo;\u00e0 affirmer qu&rsquo;elles \u00e9taient vraisemblablement les seules voies trac\u00e9es avant les voies. romaines, il y a tout lieu de croire qu&rsquo;elles remontent \u00e0 une \u00e9poque tr\u00e8s recul\u00e9e.<\/p>\n\n\n\n<p class=\"has-medium-font-size\">Les journaux de route des bailes comptables, charg\u00e9s de veiller \u00e0 la marche des troupeaux, de commander aux bergers, de parlementer avec les collecteurs des droits, les consuls des communaut\u00e9s travers\u00e9es, les propri\u00e9taires de biens riverains des carraires, en un mot, d&rsquo;administrer<\/p>\n\n\n\n<p class=\"has-medium-font-size\">toute la colonne, fournissent des indications de diverse nature : tout d&rsquo;abord ils font conna\u00eetre, localit\u00e9 par localit\u00e9, le chemin parcouru depuis le territoire d&rsquo;Arles jusqu&rsquo;aux plateaux des Alpes, l&rsquo;\u00e9tat de ces chemins. Ils donnent ensuite, par le menu, le montant des droits acquitt\u00e9s sur le parcours et souvent aussi une observation originale sur les proc\u00e9d\u00e9s de cette arm\u00e9e de seigneurs, consuls, agents des fermes et paysans, qui pressurent et pers\u00e9cutent, \u00e0 l&rsquo;aller comme au retour, les pauvres bergers ayant la charge de conduire les moutons \u00e0 travers le pays de Provence.<\/p>\n\n\n\n<p class=\"has-medium-font-size\">Le r\u00e9tr\u00e9cissement des carraires, quoique tr\u00e8s dommageable aux propri\u00e9taires int\u00e9ress\u00e9s, n&rsquo;\u00e9tait pas la seule fa\u00e7on d&rsquo;entraver la libre pratique de la transhumance; les bailes conducteurs de troupeaux \u00e9taient en butte \u00e0 des exactions sans nombre, \u00e0 des taxations arbitraires, en argent ou en nature, qui rendaient fort on\u00e9reuse la travers\u00e9e de certaines communaut\u00e9s. Ainsi, en 1766, bien que les droits de passage et de \u00ab\u00a0<em>&nbsp;<a href=\"#droitfeodal\">pulv\u00e9rage<\/a>&nbsp;<\/em>\u00a0\u00bb (3) eussent \u00e9t\u00e9 supprim\u00e9s, ils continuaient \u00e0 \u00eatre per\u00e7us sur les troupeaux transhumants. Les concussions exorbitantes qu&rsquo;ils essuient depuis quelques ann\u00e9es sur les routes, les surexactions arbitraires de certains droits de passage ou pulv\u00e9rage express\u00e9ment supprim\u00e9s par divers arr\u00eats du Conseil de Sa Majest\u00e9 et que les poss\u00e9dants fiefs ne cessent cependant d&rsquo;exiger, sans titres ni concessions, les pr\u00e9judices consid\u00e9rables auxquels les conducteurs de ces troupeaux sont malicieusement expos\u00e9s, sans qu&rsquo;on leur permette m\u00eame le droit de s&rsquo;en plaindre, engagent les suppliants de recourir \u00e0 l&rsquo;autorit\u00e9 du Roy pour faire cesser des abus aussi criants.<\/p>\n\n\n\n<p class=\"has-medium-font-size\">Les chemins qui avoient autrefois la largeur prescrite par l&rsquo;ordonnance ont \u00e9t\u00e9 ou r\u00e9tr\u00e9cis par usurpation ou d\u00e9frich\u00e9s, en sorte qu&rsquo;ils ne sont plus que de petits sentiers, ce qui retarde la marche des compagnies de b\u00e9tail \u00e0 laine et expose les conducteurs \u00e0 des pr\u00e9tentions en dommages de la part des propri\u00e9taires voisins qui en exigent un remboursement arbitraire; et si quelques-uns se pr\u00eatent \u00e0 une liquidation, elle est d\u00e9f\u00e9r\u00e9e \u00e0 des possesseurs locaux qui, devenant les juges de leur propre cause, appesantissent la main sur l&rsquo;\u00e9tranger et commettent les injustices les plus criantes.<\/p>\n\n\n\n<p class=\"has-medium-font-size\">Il n&rsquo;est point de communaut\u00e9 par o\u00f9 passent ces troupeaux qui n&rsquo;exige des contributions aussi injustes qu&rsquo;abondantes.<\/p>\n\n\n\n<p class=\"has-medium-font-size\">Si les bailes comptables veulent les pr\u00e9venir et n&rsquo;\u00eatre point retard\u00e9s dans leur marche, ils sont soumis \u00e0 des pr\u00e9sents arbitraires envers les consuls et officiers des communaut\u00e9s et les gardes-terres des seigneurs, en argent, laitage, fromage et repas somptueux. Il est, dans ces communaut\u00e9s, des particuliers qui, aux approches des troupeaux d&rsquo;Arles, font enlever malicieusement et \u00e0 dessein les bayes qui d\u00e9fendent leurs propri\u00e9t\u00e9s pour leur occasionner des dommages qui, souvent, ne sont qu&rsquo;apparents, quelquefois de peu de valeur, mais toujours liquid\u00e9s \u00e0 la derni\u00e8re rigueur par des individus qui n&rsquo;\u00e9coutent dans ce but que l&rsquo;int\u00e9r\u00eat de leurs compatriotes auquel ils participent eux-m\u00eames.<\/p>\n\n\n\n<p class=\"has-medium-font-size\">Ces troupeaux trouvent, sur leur route, des villages et hameaux au milieu desquels ils doivent passer. Les habitants sont attentifs \u00e0 ouvrir les portes de leurs cours, maisons, \u00e9curies, pour s&#8217;emparer facilement du b\u00e9tail qui y entre et les referment aussit\u00f4t pour les \u00f4ter de la vue des bergers.<\/p>\n\n\n\n<p class=\"has-medium-font-size\">Il arrive souvent, que les loups attaquent les troupeaux dans la nuit et les \u00e9cartent au loin, hors de la vue et de la recherche des bergers; ceux qui les trouvent ne se font aucune peine de s&rsquo;en saisir et de les vendre \u00e0 la plus prochaine foire.<\/p>\n\n\n\n<p class=\"has-medium-font-size\">On observe enfin que le payement de chaque \u00a0\u00bb&nbsp;<em>trentenier<\/em>&nbsp;\u00a0\u00bb (roupeau de trente t\u00eates)<\/p>\n\n\n\n<p class=\"has-medium-font-size\">qui n&rsquo;\u00e9tait autrefois que 15 \u00e0 16 livres, s&rsquo;\u00e9l\u00e8ve \u00e0 pr\u00e9sent jusqu&rsquo;\u00e0 30 livres, par une suite des diff\u00e9rentes vexations que les troupeaux essuient dans leur marche .<\/p>\n\n\n\n<p><br><br><\/p>\n\n\n\n<p class=\"has-medium-font-size\"><strong>Une de ces routes conduit les troupeaux d&rsquo;&nbsp;Arles vers les p\u00e2turages du Vercors<\/strong><\/p>\n\n\n\n<p><br><br><\/p>\n\n\n\n<p class=\"has-medium-font-size\">L&rsquo;itin\u00e9raire ci-apr\u00e8s pr\u00e9sente une particularit\u00e9 int\u00e9ressante qu&rsquo;il convient de signaler. Les troupeaux partant d&rsquo;Arles vers le Vercors sembleraient devoir remonter la rive gauche du Rh\u00f4ne et passer par Avignon et Orange; on les voit au contraire franchir le fleuve entre Tarascon et Beaucaire et le remonter sur la rive droite, du c\u00f4t\u00e9 du Languedoc. Ils ne peuvent traverser aussi librement le Comtat-Venaissin appartenant au Saint-Si\u00e8ge et c&rsquo;est pourquoi ils vont emprunter l&rsquo;autre rive qu&rsquo;ils remontent jusqu&rsquo;au Pont-Saint-Esprit; \u00e0 cet endroit les moutons repassent le Rh\u00f4ne sur le c\u00e9l\u00e8bre pont, et poursuivent leur ascension vers les montagnes du Dauphin\u00e9 en passant par Boll\u00e8ne, Saint-Paul-Trois-Ch\u00e2teaux, Grignan, Puy-Saint-Martin, Ombl\u00e8ze et Vassieux.<\/p>\n\n\n\n<p class=\"has-medium-font-size\">Le journal de route du baile pr\u00e9pos\u00e9 \u00e0 la conduite des troupeaux dans cette partie du Dauphin\u00e9 donne l&rsquo;indication de toutes les localit\u00e9s travers\u00e9es, avec le compte exact des droits et lib\u00e9ralit\u00e9s, que, bon gr\u00e9 mal gr\u00e9, il a fallu acquitter au cours du voyage.<\/p>\n\n\n\n<p><br><br><\/p>\n\n\n\n<p class=\"has-text-align-center has-medium-font-size\"><strong>\u00a0\u00bb&nbsp;M\u00e9moire de la routte de l&rsquo;Abeill\u00e9 qui va d\u00e9pa\u00eetre pendant d&rsquo;\u00e9t\u00e9 \u00e0 la Montagne de <a href=\"#gresse\">Crece<\/a> (4), en Dauphin\u00e9 , le dit b\u00e9tail ont parti d&rsquo;Arles le 1<sup>er<\/sup> juin 1763.&nbsp;\u00ab\u00a0<\/strong><br><br><br><\/p>\n\n\n\n<figure class=\"wp-block-table has-medium-font-size\"><table><tbody><tr><td>Passant par Fonvielle (arr. et can. d&rsquo;Arles (Bouches du Rh\u00f4ne)<\/td><td>18 livres.<\/td><\/tr><tr><td>A Saint Gabriel (Hameau sur le territoire de Tarascon ( Bouches du Rh\u00f4ne), pour la montagne.<\/td><td>24<\/td><\/tr><tr><td>A Tarascon (Bouches du Rh\u00f4ne) pay\u00e9 au bureau des fermes du roy <br>pay\u00e9 aux embulens. <br>pay\u00e9 pour le p\u00e9age de Lubi\u00e8res (Quartier sur le territoire de Tarascon.) <br>pay\u00e9 pour le passage du pont <br>pour la brigade de Tarascon<\/td><td>42 <br>3 <br>24 7<br>5 <br>15<\/td><\/tr><tr><td>A Beaucaire (Chef-lieu de canton, arr. de Nimes (Gard) pour le p\u00e9age <br>pour la brigade dudit lieu <br>pour le receveur du bureau ou employ\u00e9<\/td><td>24 <br>12 <br>15<\/td><\/tr><tr><td>A Jonqui\u00e8re (Jonqui\u00e8res et Saint-Vincent , can. de Beaucaire (Gard)), pour le dommage caus\u00e9 <br>pour l\u2019\u00e9trenne du chasseur du seigneur dudit <br>pour les deux chasseurs de Saint-Vincent (D\u00e9pendance de la commune ci-dessus.). <br>pour le chasseur de Montfrin (arr. de N\u00eemes, can. d&rsquo;Aramon ( Gard)<\/td><td><br>10 <br>6<br> 9 <br><br>15<\/td><\/tr><tr><td>A Laidenon (can. de Marguerittes, arr. de N\u00eemes), pour le passage, \u00e0 la communaut\u00e9 <br>pour l\u2019\u00e9trenne du chasseur <br>pour les deux guides du troupeau<\/td><td>24 <br><br>6 <br>5<\/td><\/tr><tr><td>A Saint-Bonnet (canton. d&rsquo;Aramon , arr. de N\u00eemes), pour le passage, \u00e0 la communaut\u00e9 <br>pour le p\u00e9age du roy et de M. de Montfrin.<br> pour le garde terre.<\/td><td><br>20 <br>5 <br>3<\/td><\/tr><tr><td>A Remain (Remoulins, chef-lieu de canton, arr. d&rsquo;Uz\u00e8s (Gard), , pour le relargage (p\u00e2turage lou\u00e9 par la communaut\u00e9), \u00e0 la communaut\u00e9<\/td><td>30<\/td><\/tr><tr><td>A Saint Priva ( Hameau de la commune de Vers, can. de Remoulins) pour le relargage <br>pour l\u2019\u00e9trenne du garde terre<\/td><td>150 3<\/td><\/tr><tr><td>A la. B\u00e9gude ( Hameau de Saint-Laurent-des-Arbres, can. de Roquetnaure (Gard), pour le passage <br>p\u00e9age du roy et de M. de Montfrin<\/td><td><br>24<br>50<\/td><\/tr><tr><td>A Castillon (Castillon-du-Gard , can. de Remoulins). pour le dommage caus\u00e9. pour le passage, \u00e0 la communaut\u00e9<\/td><td>15 <br>54<\/td><\/tr><tr><td>A Valleigui\u00e8re (Valligui\u00e9re, can. de Remoulins ), pour le relarg des herbages <br>pour le repas fait \u00e0 Valleigui\u00e8re, donn\u00e9 aux. consuls et experts et 3 livres donn\u00e9es \u00e0 un chacun des consuls et experts, tout compris<br> pour les dommages <br>pour le garde et guides des troupeaux<\/td><td>118<br><br>50<br>9 <br>6<\/td><\/tr><tr><td>A Prouya (Pouzillac , can. de Remoulins) pour le passage des devens (P\u00e2turages ou bois communaux dont l&rsquo;usage est r\u00e9glement\u00e9.) pour le droit du chasseur de M. le marquis pour les guides des troupeaux.<\/td><td><br>18 9 6<\/td><\/tr><tr><td>Gaujeas (Gaujac, can. de Bagnols-sur-C\u00e8ze, arr. d&rsquo;Uz\u00e8s (Gard).), pour le devens de Madame <br>pour le droit du garde-terre<\/td><td><br>24 <br>3<\/td><\/tr><tr><td>A Counau ( Connaux, can. de Bagnols-sur-C\u00e8ze. ) pour deux guides de troupeaux.<\/td><td>3<\/td><\/tr><tr><td>A Tresque ( Tresques, can. de Bagnols-sur-C\u00e8ze.) pour le passage, <br>\u00e0 la communaut\u00e9<br> pour les dommages <br>pour les droits des consuls <br>pour la vacation des experts <br>pour les deux chasseurs du seigneur pour le garde de la communaut\u00e9<\/td><td>20 <br>6 <br>9 <br>9 <br>6<br>6<\/td><\/tr><tr><td>A Saint-Nazaire (Canton de Bagnols-sur-C\u00e8ze), pour le passage, \u00e0 la communaut\u00e9 <br>pour le droit des Consuls. <br>pour les dommages.<\/td><td><br>50 <br>6<br>12<\/td><\/tr><tr><td>Au Saint-Esprit (Pont-Saint-Esprit, chef-lieu de canton, arr. d&rsquo;Uz\u00e8s), <br>pour l&rsquo;\u00e9trenne de la brigade pour l&rsquo;\u00e9trenne du commis dudit bureau. <br>pour le s\u00e9dentaire et portier du pont.<\/td><td>18 <br>12 <br>6<\/td><\/tr><tr><td>A la Motte (Lamotte, can. de Boll\u00e8ne, arr. d&rsquo;Orange ( Vaucluse), pour le relargage <br>pour le dommage. <br>pour les vacations des experts<\/td><td><br>12 <br>6 <br>6<\/td><\/tr><tr><td>A. Boulenne (Boll\u00e8ne, chef-lieu de canton, arr. d&rsquo;Orange) pour le p\u00e9age. <br>pour l\u2019\u00e9trenne du viguier <br>pour le fisqual (Procureur fiscal: officier de justice seigneuriale qui veillait aux droits du seigneur et aux int\u00e9r\u00eats communs \u00e0 toute la seigneurie) <br>pour le valet de ville. <br>pour des dommages dans le terroir <br>pour les vacations des experts<\/td><td>80<br>24 <br>6 <br><br>6 <br>67<br>15<\/td><\/tr><tr><td>A Saint-Paul-Trois Ch\u00e2teaux (Chef-lieu de canton , arr. de Mont\u00e9limar. (Dr\u00f4me). pour dommages dans le terroir <br>pour l\u2019\u00e9trenne du receveur du bureau. <br>pour la brigade de Pierrelatte (ibid). <br>pour la brigade de Grignan (ibid) <br>pour les vacations des experts:<\/td><td><br>162 <br>12 <br>12 <br>6 <br>12<\/td><\/tr><tr><td>A Clanssaille (Clansayes; can. de Saint-Paul-Trois-Ch\u00e2teaux), pour le.pulv\u00e9rage du seigneur <br>pour le relargage <br>pour passage, \u00e0 la communaut\u00e9 <br>pour les Consuls <br>pour le ch\u00e2telain <br>pour le valet de ville <br>pour les guides des troupeaux <br>pour les dommages <br>pour les vacations des experts<\/td><td><br>24 <br>30 <br>48 <br>12 <br>9 <br>6 <br>6 <br>120 <br>21<\/td><\/tr><tr><td>A Chantemerle (Canton de Grignan), pour le passage, \u00e0 la communaut\u00e9 <br>pour le pulv\u00e9rage du seigneur <br>pour le ch\u00e2telain <br>pour les consuls <br>pour les dommages dans le terroir <br>pour les vacations des experts<\/td><td>35 <br>30 <br>9 <br>6 <br>150 <br>12<\/td><\/tr><tr><td>A Grignan, pour passage, \u00e0 la communaut\u00e9 <br>pour le chasseur du seigneur <br>pour les consuls et secr\u00e9taire <br>pour les guides des troupeaux. <br>pour les dommages dans le terroir <br>pour les vacations des experts.<\/td><td>30 <br>18 <br>18 <br>12 <br>60 <br>24<\/td><\/tr><tr><td>A Salle (Salles, can. de Grignan), pour les droits des consuls <br>pour le ch\u00e2telain <br>pour dommage dans ladite terre <br>pour les vacations des experts<br>pour le secr\u00e9taire et guides.<\/td><td>9 <br>6 <br>60 <br>6 <br>12<\/td><\/tr><tr><td>A Leyra (Alleyrac, can. de Dieulefit, arr. de Mont\u00e9limar) pour les dommages dans le terroir.<br>pour les vacations des experts <br>pour les consuls ou secr\u00e9taire<\/td><td><br>18 <br>6<br>6<\/td><\/tr><tr><td>A Ch\u00e2teauneuf (Ch\u00e2teauneuf-de-Mazenc, ibid ) pour dommages dans le terroir<br> pour les vacations des experts <br>pour le secr\u00e9taire<\/td><td>12 <br>6 <br>6<\/td><\/tr><tr><td>A Charrole (Charols, can. de Marsanne, arr. de Mont\u00e9limar), pour des dommages <br>pour vacations des experts <br>pour le ch\u00e2telain <br>pour le procureur d&rsquo;office <br>pour le greffier <br>pour les droits des consuls<\/td><td>46 <br>3<br>6 <br>3 <br>6 <br>6<\/td><\/tr><tr><td>Au Puits-Saint-Martin ( Puy-Saint-Martin, can. de Crest sud, arr. de Die (Dr\u00f4me) pour le p\u00e9age du seigneur <br>pour le ch\u00e2telain, greffier et procureur <br>pour les dommages dans la dicte terre <br>pour les vacations des experts<\/td><td><br>30 <br>18 <br>42 <br>12<\/td><\/tr><tr><td>A Souillans (Soyans, ibid.) pour les dommages dans ladite terre <br>pour les vacations des experts <br>pour le passage du seigneur <br>pour le droit du ch\u00e2telain et aux consuls<\/td><td>160 <br>15 <br>60 <br>15<\/td><\/tr><tr><td>A Divoge (Divajeu, ibid.) pour le passage, \u00e0 la communaut\u00e9 <br>pour les dommages <br>pour les vacations des experts<\/td><td>18 <br>6 <br>3<\/td><\/tr><tr><td>A Hosto (Aouste, can. de Crest nord), pour le passage, au seigneur <br>pour le droit de ch\u00e2telain, greffier et consuls <br>pour les dommages dans le terroir dud. lieu <br>pour les vacations des experts<\/td><td>70 <br>48 <br>140 <br>12<\/td><\/tr><tr><td>A Coubonne (Cobonne , can. de Crest-nord.), pour le relargage<br> pour les dommages <br>pour les vacations des experts et greffer <br>pour les droits des consuls et garde-terre<\/td><td>50 <br>56 <br>18 <br>9<\/td><\/tr><tr><td>A Gigaut (Gigors, ibid.), pour le passage du seigneur <br>pour le droit de la communaut\u00e9 <br>pour les dommages dans ladite terre <br>pour les vacations des experts <br>pour les droits des consuls<\/td><td>36<br>60 <br>105 <br>9 <br>6<\/td><\/tr><tr><td>A Comboin (Combovin , can. de Chabeuil, arr. de Valence ( Dr\u00f4me), pour le passage du seigneur <br>pour le ch\u00e2telain <br>pour les dommages audit lieu <br>vacations des experts<\/td><td><br>50 <br>10 <br>21 <br>6<\/td><\/tr><tr><td>A la Vacherie (Hameau de la commune du Chaffal, can. de Chabeuil.) , pour les consuls <br>pour le ch\u00e2telain <br>pour les dommages <br>pour les experts. <br>Au couvent de Lincel (L\u00e9oncel, can. de Saint-Jean-en-Royans, arr. de Valence.), pour le passage<\/td><td><br>6 <br>6 <br>18 <br>6<br><br>40<\/td><\/tr><tr><td>A Embl\u00e8ze (Ombl\u00e8ze, can. de Crest-nord.), pour le passage, \u00e0 la communaut\u00e9<br> pour le droit de consul et ch\u00e2telain <br>pour les dommages <br>pour les experts.<\/td><td>12<br> 9 <br>12<br> 6<\/td><\/tr><tr><td>A Vassieu (Vassieux, can.de la Chapelle-en-Vercors, arr. de Die (Dr\u00f4me), pour le droit du seigneur <br>pour les dommages dans lad. terre <br>pour les vacations des experts <br>pour le ch\u00e2telain <br>pour les consuls<\/td><td><br>48<br>18 <br>6 <br>12 <br>6<\/td><\/tr><\/tbody><\/table><\/figure>\n\n\n\n<p><\/p>\n\n\n\n<p><\/p>\n\n\n\n<p><\/p>\n\n\n\n<p class=\"has-medium-font-size\">De nos jours, lorsqu&rsquo;ils n&#8217;empruntent pas la voie ferr\u00e9e, les propri\u00e9taires qui font encore transhumer leurs troupeaux font suivre \u00e0 ceuxci les routes nationales ou d\u00e9partementalises et les chemins de grande communication d&rsquo;un acc\u00e8s bien plus commode. De la transhumance telle. qu&rsquo;elle se pratiquait en Provence depuis une si haute antiquit\u00e9 et des voies anciennes qu&rsquo;elle empruntait il ne restera bient\u00f4t, plus qu&rsquo;un souvenir.<\/p>\n\n\n\n<p><br><br><\/p>\n\n\n\n<p class=\"has-medium-font-size\"><strong>Notes<\/strong><\/p>\n\n\n\n<p><br><br><\/p>\n\n\n\n<p class=\"has-medium-font-size\" id=\"lepaysdarles\"><em>(I) Sous ce nom, on comprend g\u00e9n\u00e9ralement les territoires d&rsquo;Arles, des Saintes-Maries et de Fos. Un tiers environ de la Camargue appartient aux Saintes-Maries; une petite portion de la Crau, de Fos. La superficie de la commune d&rsquo;Arles est de 103 050 hectares, plus du double du d\u00e9partement de la Seine; celle des Saintes-Maries, de 35 598 hectares; celle de Fos, de 11364 hectares.<\/em><\/p>\n\n\n\n<p class=\"has-medium-font-size\" id=\"ladoireripaire\"><em>(2) La Doire Ripaire (en italien&nbsp;: Dora Riparia et D\u00f2ira Rivaira en pi\u00e9montais) est un cours d&rsquo;eau du Pi\u00e9mont long de 125&nbsp;km, dot\u00e9 d&rsquo;un bassin de 1&nbsp;251&nbsp;km<sup>2<\/sup>, et affluent de rive gauche du P\u00f4. Son parcours se d\u00e9roule presque enti\u00e8rement dans le val de Suse en Province de Turin. Le cours d&rsquo;eau na\u00eet sur les Alpes cottiennes en territoire fran\u00e7ais, pr\u00e8s du col de Montgen\u00e8vre sous le nom de Piccola Dora (Petite Doire), prenant apr\u00e8s quelques km plus en aval pr\u00e8s de Cesana Torinese la d\u00e9nomination propre de Doire Ripaire (Dora Riparia), \u00e0 la suite de la confluence avec le torrent Ripa (provenant du val Argentera) et le torrent Thuras de Bousson.<\/em><\/p>\n\n\n\n<p class=\"has-medium-font-size\" id=\"droitfeodal\"><em>(3) Droit f\u00e9odal sur les troupeaux de passage; ainsi d\u00e9nomm\u00e9 a pulvere. de la poussi\u00e8re que l\u00e8vent les troupeaux en marchant.<\/em><\/p>\n\n\n\n<p class=\"has-medium-font-size\" id=\"gresse\"><em>(4) Gresse, canton du Monestier-de-Clermont, arr. de Grenoble (Is\u00e8re).<\/em><\/p>\n\n\n\n<p><br><br><\/p>\n\n\n<div class=\"wp-block-image\">\n<figure class=\"aligncenter size-full\"><img decoding=\"async\" width=\"450\" height=\"308\" src=\"https:\/\/histoire-patrimoine-aoustois.fr\/wp-content\/uploads\/2023\/07\/transhumance-berger-02-1.jpg\" alt=\"\" class=\"wp-image-8431\" srcset=\"https:\/\/histoire-patrimoine-aoustois.fr\/wp-content\/uploads\/2023\/07\/transhumance-berger-02-1.jpg 450w, https:\/\/histoire-patrimoine-aoustois.fr\/wp-content\/uploads\/2023\/07\/transhumance-berger-02-1-300x205.jpg 300w\" sizes=\"(max-width: 450px) 100vw, 450px\" \/><\/figure>\n<\/div>\n\n\n<p><br><br><\/p>\n\n\n\n<p class=\"has-medium-font-size\"><strong><em>Sources&nbsp;: \u00a0\u00bb&nbsp;Les chemins de transhumance en Provence et en Dauphin\u00e9, d&rsquo;apr\u00e8s les journaux de route des conducteurs de troupeaux au XVIIIe si\u00e8cle&nbsp;\u00ab\u00a0par Joseph Fournier.<\/em><\/strong><\/p>\n\n\n\n<p><br><br><\/p>\n","protected":false},"excerpt":{"rendered":"<p>La Transhumance vers le Vercors dr\u00f4mois au XVIIIe si\u00e8cle La Provence a toujours \u00e9t\u00e9 un pays essentiellement pastoral. La partie occidentale de ce pays, enti\u00e8rement occup\u00e9e par les immenses plaines de la Crau et de la Camargue, est, par destination, une terre des plus propices \u00e0 l&rsquo;\u00e9levage du b\u00e9tail. Aussi, est-ce dans le pays d&rsquo;Arles [&hellip;]<\/p>\n","protected":false},"author":1,"featured_media":0,"comment_status":"open","ping_status":"open","sticky":false,"template":"","format":"standard","meta":{"_jetpack_memberships_contains_paid_content":false,"footnotes":"","jetpack_publicize_message":"","jetpack_publicize_feature_enabled":true,"jetpack_social_post_already_shared":true,"jetpack_social_options":{"image_generator_settings":{"template":"highway","default_image_id":0,"font":"","enabled":false},"version":2}},"categories":[11],"tags":[],"class_list":["post-8422","post","type-post","status-publish","format-standard","hentry","category-chroniques-dromoises","entry"],"yoast_head":"<!-- This site is optimized with the Yoast SEO plugin v27.4 - https:\/\/yoast.com\/product\/yoast-seo-wordpress\/ -->\n<title>LA TRANSHUMANCE VERS LE VERCORS DR\u00d4MOIS AU XVIIIe SIECLE - HISTOIRE PATRIMOINE AOUSTOIS<\/title>\n<meta name=\"description\" content=\"Les troupeaux partant d&#039;Arles vers le Vercors remontaient la rive gauche du Rh\u00f4ne et poursuivaient leur ascension vers les montagnes du Dauphin\u00e9 en passant par Boll\u00e8ne, Puy-Saint-Martin,Aouste ...\" \/>\n<meta name=\"robots\" content=\"index, follow, max-snippet:-1, max-image-preview:large, max-video-preview:-1\" \/>\n<link rel=\"canonical\" href=\"https:\/\/histoire-patrimoine-aoustois.fr\/?p=8422\" \/>\n<meta property=\"og:locale\" content=\"fr_FR\" \/>\n<meta property=\"og:type\" content=\"article\" \/>\n<meta property=\"og:title\" content=\"LA TRANSHUMANCE VERS LE VERCORS DR\u00d4MOIS AU XVIIIe SIECLE - HISTOIRE PATRIMOINE AOUSTOIS\" \/>\n<meta property=\"og:description\" content=\"Les troupeaux partant d&#039;Arles vers le Vercors remontaient la rive gauche du Rh\u00f4ne et poursuivaient leur ascension vers les montagnes du Dauphin\u00e9 en passant par Boll\u00e8ne, Puy-Saint-Martin,Aouste ...\" \/>\n<meta property=\"og:url\" content=\"https:\/\/histoire-patrimoine-aoustois.fr\/?p=8422\" \/>\n<meta property=\"og:site_name\" content=\"HISTOIRE PATRIMOINE AOUSTOIS\" \/>\n<meta property=\"article:published_time\" content=\"2023-07-25T13:47:02+00:00\" \/>\n<meta property=\"article:modified_time\" content=\"2023-07-25T14:06:02+00:00\" \/>\n<meta property=\"og:image\" content=\"https:\/\/histoire-patrimoine-aoustois.fr\/wp-content\/uploads\/2023\/07\/transhumance-berger.jpg\" \/>\n<meta name=\"author\" content=\"c.grangeon@orange.fr\" \/>\n<meta name=\"twitter:card\" content=\"summary_large_image\" \/>\n<meta name=\"twitter:label1\" content=\"\u00c9crit par\" \/>\n\t<meta name=\"twitter:data1\" content=\"c.grangeon@orange.fr\" \/>\n\t<meta name=\"twitter:label2\" content=\"Dur\u00e9e de lecture estim\u00e9e\" \/>\n\t<meta name=\"twitter:data2\" content=\"17 minutes\" \/>\n<script type=\"application\/ld+json\" class=\"yoast-schema-graph\">{\"@context\":\"https:\\\/\\\/schema.org\",\"@graph\":[{\"@type\":\"Article\",\"@id\":\"https:\\\/\\\/histoire-patrimoine-aoustois.fr\\\/?p=8422#article\",\"isPartOf\":{\"@id\":\"https:\\\/\\\/histoire-patrimoine-aoustois.fr\\\/?p=8422\"},\"author\":{\"name\":\"c.grangeon@orange.fr\",\"@id\":\"https:\\\/\\\/histoire-patrimoine-aoustois.fr\\\/#\\\/schema\\\/person\\\/37a62d238dcee0c26cbd84b5b753e806\"},\"headline\":\"LA TRANSHUMANCE VERS LE VERCORS DR\u00d4MOIS AU XVIIIe SIECLE\",\"datePublished\":\"2023-07-25T13:47:02+00:00\",\"dateModified\":\"2023-07-25T14:06:02+00:00\",\"mainEntityOfPage\":{\"@id\":\"https:\\\/\\\/histoire-patrimoine-aoustois.fr\\\/?p=8422\"},\"wordCount\":3342,\"commentCount\":0,\"publisher\":{\"@id\":\"https:\\\/\\\/histoire-patrimoine-aoustois.fr\\\/#organization\"},\"image\":{\"@id\":\"https:\\\/\\\/histoire-patrimoine-aoustois.fr\\\/?p=8422#primaryimage\"},\"thumbnailUrl\":\"https:\\\/\\\/histoire-patrimoine-aoustois.fr\\\/wp-content\\\/uploads\\\/2023\\\/07\\\/transhumance-berger.jpg\",\"articleSection\":[\"chroniques dromoises\"],\"inLanguage\":\"fr-FR\",\"potentialAction\":[{\"@type\":\"CommentAction\",\"name\":\"Comment\",\"target\":[\"https:\\\/\\\/histoire-patrimoine-aoustois.fr\\\/?p=8422#respond\"]}]},{\"@type\":\"WebPage\",\"@id\":\"https:\\\/\\\/histoire-patrimoine-aoustois.fr\\\/?p=8422\",\"url\":\"https:\\\/\\\/histoire-patrimoine-aoustois.fr\\\/?p=8422\",\"name\":\"LA TRANSHUMANCE VERS LE VERCORS DR\u00d4MOIS AU XVIIIe SIECLE - HISTOIRE PATRIMOINE AOUSTOIS\",\"isPartOf\":{\"@id\":\"https:\\\/\\\/histoire-patrimoine-aoustois.fr\\\/#website\"},\"primaryImageOfPage\":{\"@id\":\"https:\\\/\\\/histoire-patrimoine-aoustois.fr\\\/?p=8422#primaryimage\"},\"image\":{\"@id\":\"https:\\\/\\\/histoire-patrimoine-aoustois.fr\\\/?p=8422#primaryimage\"},\"thumbnailUrl\":\"https:\\\/\\\/histoire-patrimoine-aoustois.fr\\\/wp-content\\\/uploads\\\/2023\\\/07\\\/transhumance-berger.jpg\",\"datePublished\":\"2023-07-25T13:47:02+00:00\",\"dateModified\":\"2023-07-25T14:06:02+00:00\",\"description\":\"Les troupeaux partant d'Arles vers le Vercors remontaient la rive gauche du Rh\u00f4ne et poursuivaient leur ascension vers les montagnes du Dauphin\u00e9 en passant par Boll\u00e8ne, Puy-Saint-Martin,Aouste ...\",\"breadcrumb\":{\"@id\":\"https:\\\/\\\/histoire-patrimoine-aoustois.fr\\\/?p=8422#breadcrumb\"},\"inLanguage\":\"fr-FR\",\"potentialAction\":[{\"@type\":\"ReadAction\",\"target\":[\"https:\\\/\\\/histoire-patrimoine-aoustois.fr\\\/?p=8422\"]}]},{\"@type\":\"ImageObject\",\"inLanguage\":\"fr-FR\",\"@id\":\"https:\\\/\\\/histoire-patrimoine-aoustois.fr\\\/?p=8422#primaryimage\",\"url\":\"https:\\\/\\\/histoire-patrimoine-aoustois.fr\\\/wp-content\\\/uploads\\\/2023\\\/07\\\/transhumance-berger.jpg\",\"contentUrl\":\"https:\\\/\\\/histoire-patrimoine-aoustois.fr\\\/wp-content\\\/uploads\\\/2023\\\/07\\\/transhumance-berger.jpg\",\"width\":418,\"height\":598},{\"@type\":\"BreadcrumbList\",\"@id\":\"https:\\\/\\\/histoire-patrimoine-aoustois.fr\\\/?p=8422#breadcrumb\",\"itemListElement\":[{\"@type\":\"ListItem\",\"position\":1,\"name\":\"Accueil\",\"item\":\"https:\\\/\\\/histoire-patrimoine-aoustois.fr\\\/\"},{\"@type\":\"ListItem\",\"position\":2,\"name\":\"LA TRANSHUMANCE VERS LE VERCORS DR\u00d4MOIS AU XVIIIe SIECLE\"}]},{\"@type\":\"WebSite\",\"@id\":\"https:\\\/\\\/histoire-patrimoine-aoustois.fr\\\/#website\",\"url\":\"https:\\\/\\\/histoire-patrimoine-aoustois.fr\\\/\",\"name\":\"HISTOIRE PATRIMOINE AOUSTOIS\",\"description\":\"\",\"publisher\":{\"@id\":\"https:\\\/\\\/histoire-patrimoine-aoustois.fr\\\/#organization\"},\"potentialAction\":[{\"@type\":\"SearchAction\",\"target\":{\"@type\":\"EntryPoint\",\"urlTemplate\":\"https:\\\/\\\/histoire-patrimoine-aoustois.fr\\\/?s={search_term_string}\"},\"query-input\":{\"@type\":\"PropertyValueSpecification\",\"valueRequired\":true,\"valueName\":\"search_term_string\"}}],\"inLanguage\":\"fr-FR\"},{\"@type\":\"Organization\",\"@id\":\"https:\\\/\\\/histoire-patrimoine-aoustois.fr\\\/#organization\",\"name\":\"histoire patrimoine aoustois\",\"url\":\"https:\\\/\\\/histoire-patrimoine-aoustois.fr\\\/\",\"logo\":{\"@type\":\"ImageObject\",\"inLanguage\":\"fr-FR\",\"@id\":\"https:\\\/\\\/histoire-patrimoine-aoustois.fr\\\/#\\\/schema\\\/logo\\\/image\\\/\",\"url\":\"\",\"contentUrl\":\"\",\"caption\":\"histoire patrimoine aoustois\"},\"image\":{\"@id\":\"https:\\\/\\\/histoire-patrimoine-aoustois.fr\\\/#\\\/schema\\\/logo\\\/image\\\/\"}},{\"@type\":\"Person\",\"@id\":\"https:\\\/\\\/histoire-patrimoine-aoustois.fr\\\/#\\\/schema\\\/person\\\/37a62d238dcee0c26cbd84b5b753e806\",\"name\":\"c.grangeon@orange.fr\",\"image\":{\"@type\":\"ImageObject\",\"inLanguage\":\"fr-FR\",\"@id\":\"https:\\\/\\\/secure.gravatar.com\\\/avatar\\\/cc761b3b59da1005e87bc0d8d6ae0ecd5168729c45828cb7f6f0db169d1b9b5a?s=96&d=blank&r=g\",\"url\":\"https:\\\/\\\/secure.gravatar.com\\\/avatar\\\/cc761b3b59da1005e87bc0d8d6ae0ecd5168729c45828cb7f6f0db169d1b9b5a?s=96&d=blank&r=g\",\"contentUrl\":\"https:\\\/\\\/secure.gravatar.com\\\/avatar\\\/cc761b3b59da1005e87bc0d8d6ae0ecd5168729c45828cb7f6f0db169d1b9b5a?s=96&d=blank&r=g\",\"caption\":\"c.grangeon@orange.fr\"},\"sameAs\":[\"http:\\\/\\\/histoire-patrimoine-aoustois.fr\"],\"url\":\"https:\\\/\\\/histoire-patrimoine-aoustois.fr\\\/?author=1\"}]}<\/script>\n<!-- \/ Yoast SEO plugin. -->","yoast_head_json":{"title":"LA TRANSHUMANCE VERS LE VERCORS DR\u00d4MOIS AU XVIIIe SIECLE - HISTOIRE PATRIMOINE AOUSTOIS","description":"Les troupeaux partant d'Arles vers le Vercors remontaient la rive gauche du Rh\u00f4ne et poursuivaient leur ascension vers les montagnes du Dauphin\u00e9 en passant par Boll\u00e8ne, Puy-Saint-Martin,Aouste ...","robots":{"index":"index","follow":"follow","max-snippet":"max-snippet:-1","max-image-preview":"max-image-preview:large","max-video-preview":"max-video-preview:-1"},"canonical":"https:\/\/histoire-patrimoine-aoustois.fr\/?p=8422","og_locale":"fr_FR","og_type":"article","og_title":"LA TRANSHUMANCE VERS LE VERCORS DR\u00d4MOIS AU XVIIIe SIECLE - HISTOIRE PATRIMOINE AOUSTOIS","og_description":"Les troupeaux partant d'Arles vers le Vercors remontaient la rive gauche du Rh\u00f4ne et poursuivaient leur ascension vers les montagnes du Dauphin\u00e9 en passant par Boll\u00e8ne, Puy-Saint-Martin,Aouste ...","og_url":"https:\/\/histoire-patrimoine-aoustois.fr\/?p=8422","og_site_name":"HISTOIRE PATRIMOINE AOUSTOIS","article_published_time":"2023-07-25T13:47:02+00:00","article_modified_time":"2023-07-25T14:06:02+00:00","og_image":[{"url":"https:\/\/histoire-patrimoine-aoustois.fr\/wp-content\/uploads\/2023\/07\/transhumance-berger.jpg","type":"","width":"","height":""}],"author":"c.grangeon@orange.fr","twitter_card":"summary_large_image","twitter_misc":{"\u00c9crit par":"c.grangeon@orange.fr","Dur\u00e9e de lecture estim\u00e9e":"17 minutes"},"schema":{"@context":"https:\/\/schema.org","@graph":[{"@type":"Article","@id":"https:\/\/histoire-patrimoine-aoustois.fr\/?p=8422#article","isPartOf":{"@id":"https:\/\/histoire-patrimoine-aoustois.fr\/?p=8422"},"author":{"name":"c.grangeon@orange.fr","@id":"https:\/\/histoire-patrimoine-aoustois.fr\/#\/schema\/person\/37a62d238dcee0c26cbd84b5b753e806"},"headline":"LA TRANSHUMANCE VERS LE VERCORS DR\u00d4MOIS AU XVIIIe SIECLE","datePublished":"2023-07-25T13:47:02+00:00","dateModified":"2023-07-25T14:06:02+00:00","mainEntityOfPage":{"@id":"https:\/\/histoire-patrimoine-aoustois.fr\/?p=8422"},"wordCount":3342,"commentCount":0,"publisher":{"@id":"https:\/\/histoire-patrimoine-aoustois.fr\/#organization"},"image":{"@id":"https:\/\/histoire-patrimoine-aoustois.fr\/?p=8422#primaryimage"},"thumbnailUrl":"https:\/\/histoire-patrimoine-aoustois.fr\/wp-content\/uploads\/2023\/07\/transhumance-berger.jpg","articleSection":["chroniques dromoises"],"inLanguage":"fr-FR","potentialAction":[{"@type":"CommentAction","name":"Comment","target":["https:\/\/histoire-patrimoine-aoustois.fr\/?p=8422#respond"]}]},{"@type":"WebPage","@id":"https:\/\/histoire-patrimoine-aoustois.fr\/?p=8422","url":"https:\/\/histoire-patrimoine-aoustois.fr\/?p=8422","name":"LA TRANSHUMANCE VERS LE VERCORS DR\u00d4MOIS AU XVIIIe SIECLE - HISTOIRE PATRIMOINE AOUSTOIS","isPartOf":{"@id":"https:\/\/histoire-patrimoine-aoustois.fr\/#website"},"primaryImageOfPage":{"@id":"https:\/\/histoire-patrimoine-aoustois.fr\/?p=8422#primaryimage"},"image":{"@id":"https:\/\/histoire-patrimoine-aoustois.fr\/?p=8422#primaryimage"},"thumbnailUrl":"https:\/\/histoire-patrimoine-aoustois.fr\/wp-content\/uploads\/2023\/07\/transhumance-berger.jpg","datePublished":"2023-07-25T13:47:02+00:00","dateModified":"2023-07-25T14:06:02+00:00","description":"Les troupeaux partant d'Arles vers le Vercors remontaient la rive gauche du Rh\u00f4ne et poursuivaient leur ascension vers les montagnes du Dauphin\u00e9 en passant par Boll\u00e8ne, Puy-Saint-Martin,Aouste ...","breadcrumb":{"@id":"https:\/\/histoire-patrimoine-aoustois.fr\/?p=8422#breadcrumb"},"inLanguage":"fr-FR","potentialAction":[{"@type":"ReadAction","target":["https:\/\/histoire-patrimoine-aoustois.fr\/?p=8422"]}]},{"@type":"ImageObject","inLanguage":"fr-FR","@id":"https:\/\/histoire-patrimoine-aoustois.fr\/?p=8422#primaryimage","url":"https:\/\/histoire-patrimoine-aoustois.fr\/wp-content\/uploads\/2023\/07\/transhumance-berger.jpg","contentUrl":"https:\/\/histoire-patrimoine-aoustois.fr\/wp-content\/uploads\/2023\/07\/transhumance-berger.jpg","width":418,"height":598},{"@type":"BreadcrumbList","@id":"https:\/\/histoire-patrimoine-aoustois.fr\/?p=8422#breadcrumb","itemListElement":[{"@type":"ListItem","position":1,"name":"Accueil","item":"https:\/\/histoire-patrimoine-aoustois.fr\/"},{"@type":"ListItem","position":2,"name":"LA TRANSHUMANCE VERS LE VERCORS DR\u00d4MOIS AU XVIIIe SIECLE"}]},{"@type":"WebSite","@id":"https:\/\/histoire-patrimoine-aoustois.fr\/#website","url":"https:\/\/histoire-patrimoine-aoustois.fr\/","name":"HISTOIRE PATRIMOINE AOUSTOIS","description":"","publisher":{"@id":"https:\/\/histoire-patrimoine-aoustois.fr\/#organization"},"potentialAction":[{"@type":"SearchAction","target":{"@type":"EntryPoint","urlTemplate":"https:\/\/histoire-patrimoine-aoustois.fr\/?s={search_term_string}"},"query-input":{"@type":"PropertyValueSpecification","valueRequired":true,"valueName":"search_term_string"}}],"inLanguage":"fr-FR"},{"@type":"Organization","@id":"https:\/\/histoire-patrimoine-aoustois.fr\/#organization","name":"histoire patrimoine aoustois","url":"https:\/\/histoire-patrimoine-aoustois.fr\/","logo":{"@type":"ImageObject","inLanguage":"fr-FR","@id":"https:\/\/histoire-patrimoine-aoustois.fr\/#\/schema\/logo\/image\/","url":"","contentUrl":"","caption":"histoire patrimoine aoustois"},"image":{"@id":"https:\/\/histoire-patrimoine-aoustois.fr\/#\/schema\/logo\/image\/"}},{"@type":"Person","@id":"https:\/\/histoire-patrimoine-aoustois.fr\/#\/schema\/person\/37a62d238dcee0c26cbd84b5b753e806","name":"c.grangeon@orange.fr","image":{"@type":"ImageObject","inLanguage":"fr-FR","@id":"https:\/\/secure.gravatar.com\/avatar\/cc761b3b59da1005e87bc0d8d6ae0ecd5168729c45828cb7f6f0db169d1b9b5a?s=96&d=blank&r=g","url":"https:\/\/secure.gravatar.com\/avatar\/cc761b3b59da1005e87bc0d8d6ae0ecd5168729c45828cb7f6f0db169d1b9b5a?s=96&d=blank&r=g","contentUrl":"https:\/\/secure.gravatar.com\/avatar\/cc761b3b59da1005e87bc0d8d6ae0ecd5168729c45828cb7f6f0db169d1b9b5a?s=96&d=blank&r=g","caption":"c.grangeon@orange.fr"},"sameAs":["http:\/\/histoire-patrimoine-aoustois.fr"],"url":"https:\/\/histoire-patrimoine-aoustois.fr\/?author=1"}]}},"jetpack_publicize_connections":[],"jetpack_featured_media_url":"","jetpack_sharing_enabled":true,"_links":{"self":[{"href":"https:\/\/histoire-patrimoine-aoustois.fr\/index.php?rest_route=\/wp\/v2\/posts\/8422","targetHints":{"allow":["GET"]}}],"collection":[{"href":"https:\/\/histoire-patrimoine-aoustois.fr\/index.php?rest_route=\/wp\/v2\/posts"}],"about":[{"href":"https:\/\/histoire-patrimoine-aoustois.fr\/index.php?rest_route=\/wp\/v2\/types\/post"}],"author":[{"embeddable":true,"href":"https:\/\/histoire-patrimoine-aoustois.fr\/index.php?rest_route=\/wp\/v2\/users\/1"}],"replies":[{"embeddable":true,"href":"https:\/\/histoire-patrimoine-aoustois.fr\/index.php?rest_route=%2Fwp%2Fv2%2Fcomments&post=8422"}],"version-history":[{"count":8,"href":"https:\/\/histoire-patrimoine-aoustois.fr\/index.php?rest_route=\/wp\/v2\/posts\/8422\/revisions"}],"predecessor-version":[{"id":8436,"href":"https:\/\/histoire-patrimoine-aoustois.fr\/index.php?rest_route=\/wp\/v2\/posts\/8422\/revisions\/8436"}],"wp:attachment":[{"href":"https:\/\/histoire-patrimoine-aoustois.fr\/index.php?rest_route=%2Fwp%2Fv2%2Fmedia&parent=8422"}],"wp:term":[{"taxonomy":"category","embeddable":true,"href":"https:\/\/histoire-patrimoine-aoustois.fr\/index.php?rest_route=%2Fwp%2Fv2%2Fcategories&post=8422"},{"taxonomy":"post_tag","embeddable":true,"href":"https:\/\/histoire-patrimoine-aoustois.fr\/index.php?rest_route=%2Fwp%2Fv2%2Ftags&post=8422"}],"curies":[{"name":"wp","href":"https:\/\/api.w.org\/{rel}","templated":true}]}}