{"id":8458,"date":"2023-08-04T03:43:35","date_gmt":"2023-08-04T03:43:35","guid":{"rendered":"https:\/\/histoire-patrimoine-aoustois.fr\/?p=8458"},"modified":"2023-08-04T03:43:37","modified_gmt":"2023-08-04T03:43:37","slug":"implantation-et-croissance-du-village-de-saillans-26","status":"publish","type":"post","link":"https:\/\/histoire-patrimoine-aoustois.fr\/?p=8458","title":{"rendered":"IMPLANTATION ET CROISSANCE DU VILLAGE DE SAILLANS-26"},"content":{"rendered":"\n<p><br><br><br><\/p>\n\n\n\n<p class=\"has-text-align-center has-text-color has-medium-font-size\" style=\"color:#1b07e3\"><strong>Implantation et croissance du village de Saillans jusqu&rsquo;au XIXe si\u00e8cle<\/strong><\/p>\n\n\n\n<p class=\"has-text-align-center\"><br><br><\/p>\n\n\n\n<p class=\"has-medium-font-size\"><em><strong>Article de Mr M. PEYRARD, extrait du Bulletin N\u00b0 du 17 F\u00e9vrier 1969 de l&rsquo;Association Universitaire d&rsquo;Etudes Dr\u00f4moises, r\u00e9sum\u00e9 d&rsquo;une \u00e9tude parue dans le N\u00b0 369 &#8211; Tome LXXVII -Septembre 1968, du Bulletin de la Soci\u00e9t\u00e9 d&rsquo;Arch\u00e9ologie de la Dr\u00f4me sous le titre \u00ab\u00a0TOPOGRAPHIE DU VIEUX SAILLANS\u00a0\u00bb.<\/strong><\/em><\/p>\n\n\n\n<p><br><br><\/p>\n\n\n<div class=\"wp-block-image\">\n<figure class=\"aligncenter size-full\"><img fetchpriority=\"high\" decoding=\"async\" width=\"599\" height=\"384\" src=\"https:\/\/histoire-patrimoine-aoustois.fr\/wp-content\/uploads\/2023\/08\/village-saillans.jpg\" alt=\"\" class=\"wp-image-8460\" srcset=\"https:\/\/histoire-patrimoine-aoustois.fr\/wp-content\/uploads\/2023\/08\/village-saillans.jpg 599w, https:\/\/histoire-patrimoine-aoustois.fr\/wp-content\/uploads\/2023\/08\/village-saillans-300x192.jpg 300w\" sizes=\"(max-width: 599px) 100vw, 599px\" \/><\/figure>\n<\/div>\n\n\n<p><\/p>\n\n\n\n<p class=\"has-medium-font-size\"><br><br>SAILLANS s&rsquo;est \u00e9tabli dans l&rsquo;un des bassins que la Dr\u00f4me traverse tout au long de son cours, bassin confin\u00e9 entre deux d\u00e9fil\u00e9s : le D\u00e9troit \u00e0 l&rsquo;Est, le Collet \u00e0 l&rsquo;Ouest, et deux plateaux : celui de la.Tour au Nord, ad: Sud celui de la Mure (altitude 300 \u00e0 316 m). La partie plane (Moyenne 260 m) s&rsquo;\u00e9tend en un croissant tr\u00e8s ouvert sur 3 km de long et moins d&rsquo;un km de large. Les collines sont de rochers et de pierrailles coup\u00e9es de ravins nombreux.<\/p>\n\n\n\n<p class=\"has-medium-font-size\">Si les plateaux et les coteaux graveleux sont propices \u00e0 la culture de la vigne, le reste du sol sauf en de rares endroits est assez pauvre. Le ruisseau du Cont\u00e8cle issu du pied de Rochecourbe permet un peu d&rsquo;irrigation, celui du Rieussec est sans eau une grande partie de l&rsquo;ann\u00e9e et d&rsquo;ailleurs bien au-dessous du niveau des terres riveraines.<\/p>\n\n\n\n<p class=\"has-medium-font-size\">Malgr\u00e9 ces conditions d\u00e9favorables, le village a connu autrefois des p\u00e9riodes de bonne prosp\u00e9rit\u00e9. Il semble qu&rsquo;on doive en chercher l&rsquo;origine moins dans l&rsquo;exploitation agricole que dans une position g\u00e9o-graphique particuli\u00e8rement favorable.<\/p>\n\n\n\n<p class=\"has-medium-font-size\">En fait si la Dr\u00f4me et ses affluent ont model\u00e9 le paysage, d\u00e9pos\u00e9 sur les. plateaux et dans les fonds des alluvions utiles, ils ont aussi \u00e9t\u00e9 une g\u00e8ne. Le courant de la rivi\u00e8re est rapide : elle ne met que 30 heures pour aller de La B\u00e2tie des Fonts \u00e0 Saillans. La brutalit\u00e9 et la violence de ses crues \u00e9taient autrefois redout\u00e9es : \u00ab\u00a0<em>Tous les ans, la D<\/em><em>r\u00f4m<\/em><em>e <\/em><em>\u00e0<\/em><em> cheval <\/em><em>o<\/em><em>u homme<\/em>\u00ab\u00a0<\/p>\n\n\n\n<p class=\"has-medium-font-size\">Les pistes et les chemins ne r\u00e9sistaient pas longtemps sur ses bords. La voie romaine suivait la rive droite tout au long \u00ab\u00a0sauf peut-\u00eatre, de Pontaix aux tours de Quint pour \u00e9viter un passage scabreux\u00a0\u00bb (H.Desaye), -mais \u00e0 une attitude relativement forte, et ne retrouvait le niveau de la vall\u00e9e qu&rsquo;aux abords actuels de Saillans, apr\u00e8s avoir d\u00e9val\u00e9 le Pas de l&rsquo;Escharenne.<\/p>\n\n\n\n<p class=\"has-medium-font-size\">Quant au franchissement il n&rsquo;\u00e9tait possible que par des gu\u00e9s. Il est notoire que ces gu\u00e9s ont d\u00e9termin\u00e9 plus d&rsquo;un \u00e9tablissement.<\/p>\n\n\n\n<p class=\"has-medium-font-size\">Cela semble \u00eatre le cas Pour la mutatio DARENTIACA. Ce petit domaine, cette villa-g\u00eete d&rsquo;\u00e9tape, est signal\u00e9e par l&rsquo;Itin\u00e9raire de Bordeaux \u00e0 J\u00e9rusalem (IV\u00b0 S.). C&rsquo;est la premi\u00e8re mention du site.. M. Desaye l&rsquo;a situ\u00e9e \u00e0 un kilom\u00e8tre environ du village actuel, en aval. On y a retrouv\u00e9 les restes d&rsquo;un monument gallo-romain, probablement portique destin\u00e9 \u00e0 marquer la station militaire et le carrefour important de la voie romaine venue de l&rsquo;Est et, du chemin venu de Provence par Bourdeaux, La Chaudi\u00e8re, les flancs du ravin de la Tuili\u00e8re, et qui apr\u00e8s avoir travers\u00e9 la Dr\u00f4me rejoignait Valence par Montclar et Beaufort. Le gu\u00e9 (le \u00ab\u00a0pas\u00a0\u00bb) est tout proche, et aussi le confluent du Ruisseau de St.Jean que la voie romaine enjambait d&rsquo;un saut au ras du monument, de sorte que le Pas de Romanon pouvait tout simplement d\u00e9signer les deux passages.<\/p>\n\n\n\n<p class=\"has-medium-font-size\">D&rsquo;autres villas se r\u00e9v\u00e8lent encore par des fragments de c\u00e9ramique, des tuilots, des monnaies (le plus souvent du III\u00b0 s.) trouv\u00e9s \u00e0 St.Maurice, au Villard, \u00e0 la Mure, \u00e0 Boudrat, \u00e0 la Chaux. Il ne para\u00eet pas cependant qu&rsquo;il y ait eu existence d&rsquo;un village, du moins \u00e0 cette \u00e9poque.<\/p>\n\n\n\n<p class=\"has-medium-font-size\">Il est probable cependant que le premier groupement se soit constitu\u00e9 aux temps m\u00e9rovingiens&nbsp;; petite communaut\u00e9 chr\u00e9tienne autour d&rsquo;une chapelle (reb\u00e2tie vers le XII\u00b0 s. sous le nom de N.D.. du Bourg) non loin d&rsquo;une source abondante, La Font, confluent (alors plus occidental) du Rieussec et de la Dr\u00f4me. On traverse la Dr\u00f4me par un gu\u00e9 voisin : le G\u00e2 Michel et le carrefour se d\u00e9place vers l\u2019est; la route de Provence coupe la voie romaine sur la rive droite du ruisseau et rejoint Montclar par La Rousti\u00e8re et Puymorel.<\/p>\n\n\n\n<p class=\"has-medium-font-size\">Lorsque G\u00e9raud comte-abb\u00e9 d&rsquo;Aurillac fonde un prieur\u00e9 parmi tant d&rsquo;autres, sur la route de p\u00e8lerinage qui conduisait \u00e0 Rome,- il choisit un emplacement au pied m\u00eame de l.a montagne de Chabrier, \u00e0 l&rsquo;endroit o\u00f9 la voie romaine atteint la vall\u00e9e, au bord de la Dr\u00f4me. L\u00e0 aussi se trouve un gu\u00e9 : on en voit encore les lauzes par temps de maigre. Il coupe la rivi\u00e8re en biais, afin de contourner la falaise de la rive gauche. La puissante abbaye acquiert du comte de Toulouse le petit territoire born\u00e9 \u00e0 l&rsquo;Ouest, au Nord et \u00e0 l&rsquo;Est par les lignes de partage des eaux qui le s\u00e9parent de Miribel, V\u00e9ronne et Espenel. Au Sud c&rsquo;est l&rsquo;axe du lit qui forme la limite avec Chastel-Arnaud.<\/p>\n\n\n\n<ul class=\"wp-block-list\">\n<li class=\"has-medium-font-size\">Le prieur\u00e9 s&rsquo;installe donc \u00e0 l&rsquo;Est dans son enclos.<\/li>\n<\/ul>\n\n\n\n<ul class=\"wp-block-list\">\n<li class=\"has-medium-font-size\"> La Ville, en face un peu plus au Nord; on y a \u00e9tabli les \u00ab\u00a0h\u00f4tes\u00a0\u00bb venus pour construire le monast\u00e8re et travailler ses terres.<\/li>\n<\/ul>\n\n\n\n<ul class=\"wp-block-list\">\n<li class=\"has-medium-font-size\">Le Bourg l&rsquo;ancien hameau, est au Sud-Ouest.<\/li>\n<\/ul>\n\n\n\n<p><\/p>\n\n\n\n<p class=\"has-medium-font-size\"><br><\/p>\n\n\n\n<figure class=\"wp-block-image size-full\"><img decoding=\"async\" width=\"740\" height=\"451\" src=\"https:\/\/histoire-patrimoine-aoustois.fr\/wp-content\/uploads\/2023\/08\/village-saillans-prieure.jpg\" alt=\"\" class=\"wp-image-8461\" srcset=\"https:\/\/histoire-patrimoine-aoustois.fr\/wp-content\/uploads\/2023\/08\/village-saillans-prieure.jpg 740w, https:\/\/histoire-patrimoine-aoustois.fr\/wp-content\/uploads\/2023\/08\/village-saillans-prieure-300x183.jpg 300w\" sizes=\"(max-width: 740px) 100vw, 740px\" \/><\/figure>\n\n\n\n<p class=\"has-medium-font-size\"><br><\/p>\n\n\n\n<p><\/p>\n\n\n\n<p class=\"has-medium-font-size\">Encore que tr\u00e8s proches, ces trois \u00e9l\u00e9ments de l&rsquo;agglom\u00e9ration resteront longtemps s\u00e9par\u00e9s, topographiquement comme affectivement.<br>Encore que tr\u00e8s proches, ces trois \u00e9l\u00e9ments de l&rsquo;agglom\u00e9ration resteront longtemps s\u00e9par\u00e9s, topographiquement comme affectivement.<\/p>\n\n\n\n<p class=\"has-medium-font-size\">Au XII\u00b0 s. l&rsquo;agrandissement de l&rsquo;\u00c9glise, ou mieux sa r\u00e9fection, semble co\u00efncider avec un premier d\u00e9veloppement du village et une assiette plus s\u00fbre de son implantation. Il s&rsquo;entoure de murailles; perc\u00e9es de deux portes, celle du levant et celle du couchant, avec une \u00e9troite rue centrale. Le Bourg reste extra-muros et d\u00e8s cette \u00e9poque, Saillans devient un petit centre et la mention de son nom appara\u00eet pour la premi\u00e8re fois : SAIENTIUM (1090) &#8211; VILLA DE SALLENZ (1201) probablement de \u00ab\u00a0aqua saliens\u00a0\u00bb : la source.<\/p>\n\n\n\n<p class=\"has-medium-font-size\">Il ne fait aucun doute que la petite cit\u00e9 prit un.nouvel essor apr\u00e8s la construction du pont sur la Dr\u00f4me, au cours du XIII\u00b0 s., sensiblement \u00e0 l&#8217;emplacement actuel. Les ouvrages de ce genre, m\u00eame pr\u00e9caires, \u00e9taient alors rares, et ils en prenaient d&rsquo;autant plus d&rsquo;importance. Ils \u00e9taient d&rsquo;ailleurs tr\u00e8s longs \u00e0 \u00e9difier. Un texte conserv\u00e9 aux archives municipales de Saillans indique qu&rsquo;apr\u00e8s avoir b\u00e2ti sur le gravier le socle massif qui servira de base \u00e0 une pile, on le laisse s&rsquo;enfoncer par son propre poids et l&rsquo;affouillement des crues. A mesure qu&rsquo;il dispara\u00eet peu \u00e0 peu, on le charge de ma\u00e7onnerie nouvelle. Au moment o\u00f9 il semble stabilis\u00e9 on \u00e9l\u00e8ve la pile. Les sommiers sont faits de poutres de noyer, et le tablier de troncs de peuplier \u00e9quarris. On recouvre de sable et de terre. Difficile \u00e0 entretenir et vuln\u00e9rable aux crues, on m\u00e9nage le pont au point d&rsquo;en interdire souvent le passage aux charrettes charg\u00e9es.<\/p>\n\n\n\n<p class=\"has-medium-font-size\">Les routes s&rsquo;infl\u00e9chissent \u00e0 nouveau : vers l&rsquo;Est pour celles de la rive gauche, de La Chaudi\u00e8re par le Villard, vers l&rsquo;Ouest pour les chemins de Chastel-Arnaud, d&rsquo;Espenel; toutes concourent vers le Pont ou ses bords imm\u00e9diats, au pied m\u00eame des nouveaux remparts.<\/p>\n\n\n\n<p class=\"has-medium-font-size\">Indispensables au commerce local ou r\u00e9gional, aux d\u00e9placements des troupes, elles n&rsquo;en sont pas pour autant bien entretenues. Le Pas de l&rsquo;Escharenne sur des roches friables, sans cesse r\u00e9par\u00e9 et sans cesse d\u00e9truit \u00e0 pic sur la rivi\u00e8re, est le point le plus dangereux. Mais les routes du plan ne sont pas meilleures et d&rsquo;incessantes corv\u00e9es s&rsquo;affairent \u00e0 r\u00e9tablir ce que la Dr\u00f4me emporte, et les fondri\u00e8res o\u00f9 s&rsquo;enlisent l\u00e9s attelages. est au point qu&rsquo;en mai 1602 deux lourds fardiers \u00e0 quatre chevaux ramenant du Lyonnais des meules de moulin, quittent \u00e0 Aouste le Grand Chemin Royal pour passer \u00e0 travers champs. En 1574 le sieur de Glandage se rendant \u00e0 Die pr\u00e9f\u00e8re suivre les gorges du Cont\u00e8cle et remonter apr\u00e8s St Moirans les pentes du Col du Perrier qui le conduisent par St Beno\u00eet, Pennes et Barnave aux approches de sa r\u00e9sidence. En 1629 les arm\u00e9es fran\u00e7aises qui se rendent en Italie pour assi\u00e9ger Mantoue ont pour g\u00eetes d&rsquo;\u00e9tapes Saillans et Montmaur. On leur fournit des guides pour atteindre par ces m\u00eames chemins escarp\u00e9s le Col du Perrier, St.Benoit, Rimon et redescendre sur la Vall\u00e9e de la Dr\u00f4me en amont de Pont de Quart. On peut imaginer l&rsquo;\u00e9tat en lequel se trouvait la voie ancienne de la vall\u00e9e pour qu&rsquo;on l&rsquo;abandonn\u00e2t au profit d&rsquo;itin\u00e9raires aujourd&rsquo;hui tr\u00e8s difficiles.<\/p>\n\n\n\n<p><br><br><\/p>\n\n\n<div class=\"wp-block-image\">\n<figure class=\"aligncenter size-full\"><img decoding=\"async\" width=\"600\" height=\"372\" src=\"https:\/\/histoire-patrimoine-aoustois.fr\/wp-content\/uploads\/2023\/08\/village-saillans-entree.jpg\" alt=\"\" class=\"wp-image-8462\" srcset=\"https:\/\/histoire-patrimoine-aoustois.fr\/wp-content\/uploads\/2023\/08\/village-saillans-entree.jpg 600w, https:\/\/histoire-patrimoine-aoustois.fr\/wp-content\/uploads\/2023\/08\/village-saillans-entree-300x186.jpg 300w\" sizes=\"(max-width: 600px) 100vw, 600px\" \/><\/figure>\n<\/div>\n\n\n<p><\/p>\n\n\n\n<p class=\"has-medium-font-size\"><br><br>Ce n\u0153ud de communications fait de Saillans la convergence des produits d&rsquo;alentour. Le comte-\u00e9v\u00eaque Guillaume de Roussillon en lui accordant deux foires, en 1328, accentue encore cette activit\u00e9. Les franchises sont de neuf jours, et s&rsquo;ajoutent \u00e0 celles qui dispensaient les habitants des p\u00e9ages depuis Livron jusqu&rsquo;\u00e0 Poyols et Ch\u00e2tillon, La foire de printemps (1<sup>er<\/sup>; puis 2 mai) est celle des bestiaux, des \u00e9toffes, (soieries du Languedoc, draps du Dauphin\u00e9), des outils venus des \u00ab\u00a0Fauries\u00a0\u00bb du Vercors ou des martinets de l\u2019Ard\u00e8che, des poteries de Provence.<\/p>\n\n\n\n<p class=\"has-medium-font-size\">Celle d&rsquo;automne (13 octobre) la St G\u00e9raud, passait pour la plus importante de la r\u00e9gion. L&rsquo;affluence \u00e9tait telle qu&rsquo;il fallait loger les troupeaux sur la rive gauche, au Champ St. G\u00e9raud. C&rsquo;\u00e9tait la foire aux grains, aux l\u00e9gumes (secs), au foin, au vin, aux volailles. La croissance simultan\u00e9e des villages voisins ou circonvoisins maintient une animation constante ; les moulins, (et leurs \u00ab\u00a0artifices\u00a0\u00bb \u00ab\u00a0treuils\u00a0\u00bb\u00e0 huile de noix, \u00ab\u00a0foulons\u00a0\u00bb \u00e0 teinture), les tisserands de chanvre et de laine, les marchands d&rsquo;\u00e9toffes, les nombreuses auberges, les artisans de toutes sortes, attirent les gens de St.Sauveur d&rsquo;Aubenasson, d&rsquo;Espenel, de Vercheny, d&rsquo;Aurel, de V\u00e9ronne et ceux de la Vall\u00e9e de la Roanne, des pays de Bourdeaux et de Dieulefit. Au milieu du XV\u00b0 s. la population de Saillans passait le quart de celle de Valence.<\/p>\n\n\n\n<p class=\"has-medium-font-size\">Le village s&rsquo;\u00e9tait \u00e9tendu et les murailles qui englobaient le Bourg, et aussi le Prieur\u00e9, s&rsquo;ouvraient par cinq portes. Les rues \u00e9troites sont les \u00ab\u00a0viols\u00a0\u00bb d&rsquo;aujourd&rsquo;hui, inchang\u00e9s. Les grands personnages de la r\u00e9gion y avaient leurs demeures : l&rsquo;\u00e9v\u00eaque, l&rsquo;Abb\u00e9 de Val-croissant, les Poitiers St Vallier, les de Bonne, les de Lers, et tous les petits nobles des environs. Cette prosp\u00e9rit\u00e9 alla s&rsquo;accentuant jusqu&rsquo;aux premiers conflits des troubles religieux. Pris et repris le village se vida : les catholiques se r\u00e9fugi\u00e8rent \u00e0 Crest, les protestants \u00e0 Espenel, Pontaix ou au ch\u00e2teau de Vach\u00e8res, pr\u00e8s de Montclar. La peste de 1586 paracheva la ruine. Ses tours et son clocher ras\u00e9s, ses murailles abattues il lui faudra plus d&rsquo;un demi-si\u00e8cle pour se retrouver au niveau du pass\u00e9.<\/p>\n\n\n\n<p class=\"has-medium-font-size\">Il est vrai qu&rsquo;il devint rapidement par la suite le c\u0153ur d&rsquo;une large exploitation s\u00e9ricicole : 20.000 m\u00fbriers, 50.000 kg de cocons, 5 usines de soie. Au cours du XVIII\u00b0 s. une manufacture royale y est cr\u00e9\u00e9e pour tisser serges et ratines, une autre pour filer le coton (il y en aura 3 au d\u00e9but du XIX\u00b0 s.)<\/p>\n\n\n\n<p class=\"has-medium-font-size\">D\u00e8s la fin du XVIII\u00b0 s. les remparts commencent \u00e0 dispara\u00eetre et l&rsquo;extension du village se fait \u00e0 l&rsquo;Est. La population atteindra 2.000 habitants. Les deux grandes crises agricoles de 1850 (maladies des vers \u00e0 soie) et de 1870 (phyllox\u00e9ra) font dispara\u00eetre les deux ressources principales de la r\u00e9gion. Un temps encore, sur sa lanc\u00e9e l&rsquo;\u00e9conomie maintiendra son rythme, mais les villages satellites se d\u00e9peuplent rapidement, les facilit\u00e9s de communication drainent vers Die, Crest ou Valence les clients d&rsquo;autrefois, la modernisation de l&rsquo;usine r\u00e9duit consid\u00e9rablement ses effectifs et Saillans n&rsquo;a pas plus d&rsquo;habitants qu&rsquo;en 1762: il figurait alors dans les dix plus grandes agglom\u00e9rations de ce qui fut peu apr\u00e8s notre d\u00e9partement; il est aujourd&rsquo;hui au quarante septi\u00e8me rang.<\/p>\n\n\n\n<p class=\"has-medium-font-size\">Modeste g\u00eete d&rsquo;\u00e9tape militaire, devenu cit\u00e9 de carrefour, de commerce prosp\u00e8re et d&rsquo;artisanat actif, ce n&rsquo;est aujourd&rsquo;hui qu&rsquo;un lieu de passage o\u00f9 le tourisme apporte une certaine vie. D&rsquo;autres villes , comme Crest, ou celles de la Vall\u00e9e du Rh\u00f4ne ont d\u00e9tourn\u00e9 vers elles le courant Nord-Sud et leurs terres plus riches les rendent stables. On ne voit pas l&rsquo;avenir renverser cet \u00e9tat de choses.<br><\/p>\n\n\n\n<p><\/p>\n\n\n\n<p class=\"has-text-align-right\">M. PEYRARD<\/p>\n","protected":false},"excerpt":{"rendered":"<p>Implantation et croissance du village de Saillans jusqu&rsquo;au XIXe si\u00e8cle Article de Mr M. PEYRARD, extrait du Bulletin N\u00b0 du 17 F\u00e9vrier 1969 de l&rsquo;Association Universitaire d&rsquo;Etudes Dr\u00f4moises, r\u00e9sum\u00e9 d&rsquo;une \u00e9tude parue dans le N\u00b0 369 &#8211; Tome LXXVII -Septembre 1968, du Bulletin de la Soci\u00e9t\u00e9 d&rsquo;Arch\u00e9ologie de la Dr\u00f4me sous le titre \u00ab\u00a0TOPOGRAPHIE DU [&hellip;]<\/p>\n","protected":false},"author":1,"featured_media":0,"comment_status":"open","ping_status":"open","sticky":false,"template":"","format":"standard","meta":{"_jetpack_memberships_contains_paid_content":false,"footnotes":"","jetpack_publicize_message":"","jetpack_publicize_feature_enabled":true,"jetpack_social_post_already_shared":true,"jetpack_social_options":{"image_generator_settings":{"template":"highway","default_image_id":0,"font":"","enabled":false},"version":2}},"categories":[11],"tags":[],"class_list":["post-8458","post","type-post","status-publish","format-standard","hentry","category-chroniques-dromoises","entry"],"yoast_head":"<!-- This site is optimized with the Yoast SEO plugin v27.4 - https:\/\/yoast.com\/product\/yoast-seo-wordpress\/ -->\n<title>IMPLANTATION ET CROISSANCE DU VILLAGE DE SAILLANS-26 - HISTOIRE PATRIMOINE AOUSTOIS<\/title>\n<meta name=\"description\" content=\"SAILLANS s&#039;est \u00e9tabli dans l&#039;un des bassins que la Dr\u00f4me traverse tout au long de son cours, bassin confin\u00e9 entre deux d\u00e9fil\u00e9s : le D\u00e9troit \u00e0 l&#039;Est, le Collet \u00e0 l&#039;Ouest, et deux plateaux : celui de la.Tour au Nord, ad: Sud celui de la Mure.\" \/>\n<meta name=\"robots\" content=\"index, follow, max-snippet:-1, max-image-preview:large, max-video-preview:-1\" \/>\n<link rel=\"canonical\" href=\"https:\/\/histoire-patrimoine-aoustois.fr\/?p=8458\" \/>\n<meta property=\"og:locale\" content=\"fr_FR\" \/>\n<meta property=\"og:type\" content=\"article\" \/>\n<meta property=\"og:title\" content=\"IMPLANTATION ET CROISSANCE DU VILLAGE DE SAILLANS-26 - HISTOIRE PATRIMOINE AOUSTOIS\" \/>\n<meta property=\"og:description\" content=\"SAILLANS s&#039;est \u00e9tabli dans l&#039;un des bassins que la Dr\u00f4me traverse tout au long de son cours, bassin confin\u00e9 entre deux d\u00e9fil\u00e9s : le D\u00e9troit \u00e0 l&#039;Est, le Collet \u00e0 l&#039;Ouest, et deux plateaux : celui de la.Tour au Nord, ad: Sud celui de la Mure.\" \/>\n<meta property=\"og:url\" content=\"https:\/\/histoire-patrimoine-aoustois.fr\/?p=8458\" \/>\n<meta property=\"og:site_name\" content=\"HISTOIRE PATRIMOINE AOUSTOIS\" \/>\n<meta property=\"article:published_time\" content=\"2023-08-04T03:43:35+00:00\" \/>\n<meta property=\"article:modified_time\" content=\"2023-08-04T03:43:37+00:00\" \/>\n<meta property=\"og:image\" content=\"https:\/\/histoire-patrimoine-aoustois.fr\/wp-content\/uploads\/2023\/08\/village-saillans.jpg\" \/>\n<meta name=\"author\" content=\"c.grangeon@orange.fr\" \/>\n<meta name=\"twitter:card\" content=\"summary_large_image\" \/>\n<meta name=\"twitter:label1\" content=\"\u00c9crit par\" \/>\n\t<meta name=\"twitter:data1\" content=\"c.grangeon@orange.fr\" \/>\n\t<meta name=\"twitter:label2\" content=\"Dur\u00e9e de lecture estim\u00e9e\" \/>\n\t<meta name=\"twitter:data2\" content=\"11 minutes\" \/>\n<script type=\"application\/ld+json\" class=\"yoast-schema-graph\">{\"@context\":\"https:\\\/\\\/schema.org\",\"@graph\":[{\"@type\":\"Article\",\"@id\":\"https:\\\/\\\/histoire-patrimoine-aoustois.fr\\\/?p=8458#article\",\"isPartOf\":{\"@id\":\"https:\\\/\\\/histoire-patrimoine-aoustois.fr\\\/?p=8458\"},\"author\":{\"name\":\"c.grangeon@orange.fr\",\"@id\":\"https:\\\/\\\/histoire-patrimoine-aoustois.fr\\\/#\\\/schema\\\/person\\\/37a62d238dcee0c26cbd84b5b753e806\"},\"headline\":\"IMPLANTATION ET CROISSANCE DU VILLAGE DE SAILLANS-26\",\"datePublished\":\"2023-08-04T03:43:35+00:00\",\"dateModified\":\"2023-08-04T03:43:37+00:00\",\"mainEntityOfPage\":{\"@id\":\"https:\\\/\\\/histoire-patrimoine-aoustois.fr\\\/?p=8458\"},\"wordCount\":2189,\"commentCount\":0,\"publisher\":{\"@id\":\"https:\\\/\\\/histoire-patrimoine-aoustois.fr\\\/#organization\"},\"image\":{\"@id\":\"https:\\\/\\\/histoire-patrimoine-aoustois.fr\\\/?p=8458#primaryimage\"},\"thumbnailUrl\":\"https:\\\/\\\/histoire-patrimoine-aoustois.fr\\\/wp-content\\\/uploads\\\/2023\\\/08\\\/village-saillans.jpg\",\"articleSection\":[\"chroniques dromoises\"],\"inLanguage\":\"fr-FR\",\"potentialAction\":[{\"@type\":\"CommentAction\",\"name\":\"Comment\",\"target\":[\"https:\\\/\\\/histoire-patrimoine-aoustois.fr\\\/?p=8458#respond\"]}]},{\"@type\":\"WebPage\",\"@id\":\"https:\\\/\\\/histoire-patrimoine-aoustois.fr\\\/?p=8458\",\"url\":\"https:\\\/\\\/histoire-patrimoine-aoustois.fr\\\/?p=8458\",\"name\":\"IMPLANTATION ET CROISSANCE DU VILLAGE DE SAILLANS-26 - HISTOIRE PATRIMOINE AOUSTOIS\",\"isPartOf\":{\"@id\":\"https:\\\/\\\/histoire-patrimoine-aoustois.fr\\\/#website\"},\"primaryImageOfPage\":{\"@id\":\"https:\\\/\\\/histoire-patrimoine-aoustois.fr\\\/?p=8458#primaryimage\"},\"image\":{\"@id\":\"https:\\\/\\\/histoire-patrimoine-aoustois.fr\\\/?p=8458#primaryimage\"},\"thumbnailUrl\":\"https:\\\/\\\/histoire-patrimoine-aoustois.fr\\\/wp-content\\\/uploads\\\/2023\\\/08\\\/village-saillans.jpg\",\"datePublished\":\"2023-08-04T03:43:35+00:00\",\"dateModified\":\"2023-08-04T03:43:37+00:00\",\"description\":\"SAILLANS s'est \u00e9tabli dans l'un des bassins que la Dr\u00f4me traverse tout au long de son cours, bassin confin\u00e9 entre deux d\u00e9fil\u00e9s : le D\u00e9troit \u00e0 l'Est, le Collet \u00e0 l'Ouest, et deux plateaux : celui de la.Tour au Nord, ad: Sud celui de la Mure.\",\"breadcrumb\":{\"@id\":\"https:\\\/\\\/histoire-patrimoine-aoustois.fr\\\/?p=8458#breadcrumb\"},\"inLanguage\":\"fr-FR\",\"potentialAction\":[{\"@type\":\"ReadAction\",\"target\":[\"https:\\\/\\\/histoire-patrimoine-aoustois.fr\\\/?p=8458\"]}]},{\"@type\":\"ImageObject\",\"inLanguage\":\"fr-FR\",\"@id\":\"https:\\\/\\\/histoire-patrimoine-aoustois.fr\\\/?p=8458#primaryimage\",\"url\":\"https:\\\/\\\/histoire-patrimoine-aoustois.fr\\\/wp-content\\\/uploads\\\/2023\\\/08\\\/village-saillans.jpg\",\"contentUrl\":\"https:\\\/\\\/histoire-patrimoine-aoustois.fr\\\/wp-content\\\/uploads\\\/2023\\\/08\\\/village-saillans.jpg\",\"width\":599,\"height\":384},{\"@type\":\"BreadcrumbList\",\"@id\":\"https:\\\/\\\/histoire-patrimoine-aoustois.fr\\\/?p=8458#breadcrumb\",\"itemListElement\":[{\"@type\":\"ListItem\",\"position\":1,\"name\":\"Accueil\",\"item\":\"https:\\\/\\\/histoire-patrimoine-aoustois.fr\\\/\"},{\"@type\":\"ListItem\",\"position\":2,\"name\":\"IMPLANTATION ET CROISSANCE DU VILLAGE DE SAILLANS-26\"}]},{\"@type\":\"WebSite\",\"@id\":\"https:\\\/\\\/histoire-patrimoine-aoustois.fr\\\/#website\",\"url\":\"https:\\\/\\\/histoire-patrimoine-aoustois.fr\\\/\",\"name\":\"HISTOIRE PATRIMOINE AOUSTOIS\",\"description\":\"\",\"publisher\":{\"@id\":\"https:\\\/\\\/histoire-patrimoine-aoustois.fr\\\/#organization\"},\"potentialAction\":[{\"@type\":\"SearchAction\",\"target\":{\"@type\":\"EntryPoint\",\"urlTemplate\":\"https:\\\/\\\/histoire-patrimoine-aoustois.fr\\\/?s={search_term_string}\"},\"query-input\":{\"@type\":\"PropertyValueSpecification\",\"valueRequired\":true,\"valueName\":\"search_term_string\"}}],\"inLanguage\":\"fr-FR\"},{\"@type\":\"Organization\",\"@id\":\"https:\\\/\\\/histoire-patrimoine-aoustois.fr\\\/#organization\",\"name\":\"histoire patrimoine aoustois\",\"url\":\"https:\\\/\\\/histoire-patrimoine-aoustois.fr\\\/\",\"logo\":{\"@type\":\"ImageObject\",\"inLanguage\":\"fr-FR\",\"@id\":\"https:\\\/\\\/histoire-patrimoine-aoustois.fr\\\/#\\\/schema\\\/logo\\\/image\\\/\",\"url\":\"\",\"contentUrl\":\"\",\"caption\":\"histoire patrimoine aoustois\"},\"image\":{\"@id\":\"https:\\\/\\\/histoire-patrimoine-aoustois.fr\\\/#\\\/schema\\\/logo\\\/image\\\/\"}},{\"@type\":\"Person\",\"@id\":\"https:\\\/\\\/histoire-patrimoine-aoustois.fr\\\/#\\\/schema\\\/person\\\/37a62d238dcee0c26cbd84b5b753e806\",\"name\":\"c.grangeon@orange.fr\",\"image\":{\"@type\":\"ImageObject\",\"inLanguage\":\"fr-FR\",\"@id\":\"https:\\\/\\\/secure.gravatar.com\\\/avatar\\\/cc761b3b59da1005e87bc0d8d6ae0ecd5168729c45828cb7f6f0db169d1b9b5a?s=96&d=blank&r=g\",\"url\":\"https:\\\/\\\/secure.gravatar.com\\\/avatar\\\/cc761b3b59da1005e87bc0d8d6ae0ecd5168729c45828cb7f6f0db169d1b9b5a?s=96&d=blank&r=g\",\"contentUrl\":\"https:\\\/\\\/secure.gravatar.com\\\/avatar\\\/cc761b3b59da1005e87bc0d8d6ae0ecd5168729c45828cb7f6f0db169d1b9b5a?s=96&d=blank&r=g\",\"caption\":\"c.grangeon@orange.fr\"},\"sameAs\":[\"http:\\\/\\\/histoire-patrimoine-aoustois.fr\"],\"url\":\"https:\\\/\\\/histoire-patrimoine-aoustois.fr\\\/?author=1\"}]}<\/script>\n<!-- \/ Yoast SEO plugin. -->","yoast_head_json":{"title":"IMPLANTATION ET CROISSANCE DU VILLAGE DE SAILLANS-26 - HISTOIRE PATRIMOINE AOUSTOIS","description":"SAILLANS s'est \u00e9tabli dans l'un des bassins que la Dr\u00f4me traverse tout au long de son cours, bassin confin\u00e9 entre deux d\u00e9fil\u00e9s : le D\u00e9troit \u00e0 l'Est, le Collet \u00e0 l'Ouest, et deux plateaux : celui de la.Tour au Nord, ad: Sud celui de la Mure.","robots":{"index":"index","follow":"follow","max-snippet":"max-snippet:-1","max-image-preview":"max-image-preview:large","max-video-preview":"max-video-preview:-1"},"canonical":"https:\/\/histoire-patrimoine-aoustois.fr\/?p=8458","og_locale":"fr_FR","og_type":"article","og_title":"IMPLANTATION ET CROISSANCE DU VILLAGE DE SAILLANS-26 - HISTOIRE PATRIMOINE AOUSTOIS","og_description":"SAILLANS s'est \u00e9tabli dans l'un des bassins que la Dr\u00f4me traverse tout au long de son cours, bassin confin\u00e9 entre deux d\u00e9fil\u00e9s : le D\u00e9troit \u00e0 l'Est, le Collet \u00e0 l'Ouest, et deux plateaux : celui de la.Tour au Nord, ad: Sud celui de la Mure.","og_url":"https:\/\/histoire-patrimoine-aoustois.fr\/?p=8458","og_site_name":"HISTOIRE PATRIMOINE AOUSTOIS","article_published_time":"2023-08-04T03:43:35+00:00","article_modified_time":"2023-08-04T03:43:37+00:00","og_image":[{"url":"https:\/\/histoire-patrimoine-aoustois.fr\/wp-content\/uploads\/2023\/08\/village-saillans.jpg","type":"","width":"","height":""}],"author":"c.grangeon@orange.fr","twitter_card":"summary_large_image","twitter_misc":{"\u00c9crit par":"c.grangeon@orange.fr","Dur\u00e9e de lecture estim\u00e9e":"11 minutes"},"schema":{"@context":"https:\/\/schema.org","@graph":[{"@type":"Article","@id":"https:\/\/histoire-patrimoine-aoustois.fr\/?p=8458#article","isPartOf":{"@id":"https:\/\/histoire-patrimoine-aoustois.fr\/?p=8458"},"author":{"name":"c.grangeon@orange.fr","@id":"https:\/\/histoire-patrimoine-aoustois.fr\/#\/schema\/person\/37a62d238dcee0c26cbd84b5b753e806"},"headline":"IMPLANTATION ET CROISSANCE DU VILLAGE DE SAILLANS-26","datePublished":"2023-08-04T03:43:35+00:00","dateModified":"2023-08-04T03:43:37+00:00","mainEntityOfPage":{"@id":"https:\/\/histoire-patrimoine-aoustois.fr\/?p=8458"},"wordCount":2189,"commentCount":0,"publisher":{"@id":"https:\/\/histoire-patrimoine-aoustois.fr\/#organization"},"image":{"@id":"https:\/\/histoire-patrimoine-aoustois.fr\/?p=8458#primaryimage"},"thumbnailUrl":"https:\/\/histoire-patrimoine-aoustois.fr\/wp-content\/uploads\/2023\/08\/village-saillans.jpg","articleSection":["chroniques dromoises"],"inLanguage":"fr-FR","potentialAction":[{"@type":"CommentAction","name":"Comment","target":["https:\/\/histoire-patrimoine-aoustois.fr\/?p=8458#respond"]}]},{"@type":"WebPage","@id":"https:\/\/histoire-patrimoine-aoustois.fr\/?p=8458","url":"https:\/\/histoire-patrimoine-aoustois.fr\/?p=8458","name":"IMPLANTATION ET CROISSANCE DU VILLAGE DE SAILLANS-26 - HISTOIRE PATRIMOINE AOUSTOIS","isPartOf":{"@id":"https:\/\/histoire-patrimoine-aoustois.fr\/#website"},"primaryImageOfPage":{"@id":"https:\/\/histoire-patrimoine-aoustois.fr\/?p=8458#primaryimage"},"image":{"@id":"https:\/\/histoire-patrimoine-aoustois.fr\/?p=8458#primaryimage"},"thumbnailUrl":"https:\/\/histoire-patrimoine-aoustois.fr\/wp-content\/uploads\/2023\/08\/village-saillans.jpg","datePublished":"2023-08-04T03:43:35+00:00","dateModified":"2023-08-04T03:43:37+00:00","description":"SAILLANS s'est \u00e9tabli dans l'un des bassins que la Dr\u00f4me traverse tout au long de son cours, bassin confin\u00e9 entre deux d\u00e9fil\u00e9s : le D\u00e9troit \u00e0 l'Est, le Collet \u00e0 l'Ouest, et deux plateaux : celui de la.Tour au Nord, ad: Sud celui de la Mure.","breadcrumb":{"@id":"https:\/\/histoire-patrimoine-aoustois.fr\/?p=8458#breadcrumb"},"inLanguage":"fr-FR","potentialAction":[{"@type":"ReadAction","target":["https:\/\/histoire-patrimoine-aoustois.fr\/?p=8458"]}]},{"@type":"ImageObject","inLanguage":"fr-FR","@id":"https:\/\/histoire-patrimoine-aoustois.fr\/?p=8458#primaryimage","url":"https:\/\/histoire-patrimoine-aoustois.fr\/wp-content\/uploads\/2023\/08\/village-saillans.jpg","contentUrl":"https:\/\/histoire-patrimoine-aoustois.fr\/wp-content\/uploads\/2023\/08\/village-saillans.jpg","width":599,"height":384},{"@type":"BreadcrumbList","@id":"https:\/\/histoire-patrimoine-aoustois.fr\/?p=8458#breadcrumb","itemListElement":[{"@type":"ListItem","position":1,"name":"Accueil","item":"https:\/\/histoire-patrimoine-aoustois.fr\/"},{"@type":"ListItem","position":2,"name":"IMPLANTATION ET CROISSANCE DU VILLAGE DE SAILLANS-26"}]},{"@type":"WebSite","@id":"https:\/\/histoire-patrimoine-aoustois.fr\/#website","url":"https:\/\/histoire-patrimoine-aoustois.fr\/","name":"HISTOIRE PATRIMOINE AOUSTOIS","description":"","publisher":{"@id":"https:\/\/histoire-patrimoine-aoustois.fr\/#organization"},"potentialAction":[{"@type":"SearchAction","target":{"@type":"EntryPoint","urlTemplate":"https:\/\/histoire-patrimoine-aoustois.fr\/?s={search_term_string}"},"query-input":{"@type":"PropertyValueSpecification","valueRequired":true,"valueName":"search_term_string"}}],"inLanguage":"fr-FR"},{"@type":"Organization","@id":"https:\/\/histoire-patrimoine-aoustois.fr\/#organization","name":"histoire patrimoine aoustois","url":"https:\/\/histoire-patrimoine-aoustois.fr\/","logo":{"@type":"ImageObject","inLanguage":"fr-FR","@id":"https:\/\/histoire-patrimoine-aoustois.fr\/#\/schema\/logo\/image\/","url":"","contentUrl":"","caption":"histoire patrimoine aoustois"},"image":{"@id":"https:\/\/histoire-patrimoine-aoustois.fr\/#\/schema\/logo\/image\/"}},{"@type":"Person","@id":"https:\/\/histoire-patrimoine-aoustois.fr\/#\/schema\/person\/37a62d238dcee0c26cbd84b5b753e806","name":"c.grangeon@orange.fr","image":{"@type":"ImageObject","inLanguage":"fr-FR","@id":"https:\/\/secure.gravatar.com\/avatar\/cc761b3b59da1005e87bc0d8d6ae0ecd5168729c45828cb7f6f0db169d1b9b5a?s=96&d=blank&r=g","url":"https:\/\/secure.gravatar.com\/avatar\/cc761b3b59da1005e87bc0d8d6ae0ecd5168729c45828cb7f6f0db169d1b9b5a?s=96&d=blank&r=g","contentUrl":"https:\/\/secure.gravatar.com\/avatar\/cc761b3b59da1005e87bc0d8d6ae0ecd5168729c45828cb7f6f0db169d1b9b5a?s=96&d=blank&r=g","caption":"c.grangeon@orange.fr"},"sameAs":["http:\/\/histoire-patrimoine-aoustois.fr"],"url":"https:\/\/histoire-patrimoine-aoustois.fr\/?author=1"}]}},"jetpack_publicize_connections":[],"jetpack_featured_media_url":"","jetpack_sharing_enabled":true,"_links":{"self":[{"href":"https:\/\/histoire-patrimoine-aoustois.fr\/index.php?rest_route=\/wp\/v2\/posts\/8458","targetHints":{"allow":["GET"]}}],"collection":[{"href":"https:\/\/histoire-patrimoine-aoustois.fr\/index.php?rest_route=\/wp\/v2\/posts"}],"about":[{"href":"https:\/\/histoire-patrimoine-aoustois.fr\/index.php?rest_route=\/wp\/v2\/types\/post"}],"author":[{"embeddable":true,"href":"https:\/\/histoire-patrimoine-aoustois.fr\/index.php?rest_route=\/wp\/v2\/users\/1"}],"replies":[{"embeddable":true,"href":"https:\/\/histoire-patrimoine-aoustois.fr\/index.php?rest_route=%2Fwp%2Fv2%2Fcomments&post=8458"}],"version-history":[{"count":2,"href":"https:\/\/histoire-patrimoine-aoustois.fr\/index.php?rest_route=\/wp\/v2\/posts\/8458\/revisions"}],"predecessor-version":[{"id":8463,"href":"https:\/\/histoire-patrimoine-aoustois.fr\/index.php?rest_route=\/wp\/v2\/posts\/8458\/revisions\/8463"}],"wp:attachment":[{"href":"https:\/\/histoire-patrimoine-aoustois.fr\/index.php?rest_route=%2Fwp%2Fv2%2Fmedia&parent=8458"}],"wp:term":[{"taxonomy":"category","embeddable":true,"href":"https:\/\/histoire-patrimoine-aoustois.fr\/index.php?rest_route=%2Fwp%2Fv2%2Fcategories&post=8458"},{"taxonomy":"post_tag","embeddable":true,"href":"https:\/\/histoire-patrimoine-aoustois.fr\/index.php?rest_route=%2Fwp%2Fv2%2Ftags&post=8458"}],"curies":[{"name":"wp","href":"https:\/\/api.w.org\/{rel}","templated":true}]}}