{"id":8691,"date":"2023-11-30T16:20:53","date_gmt":"2023-11-30T16:20:53","guid":{"rendered":"https:\/\/histoire-patrimoine-aoustois.fr\/?p=8691"},"modified":"2023-11-30T16:39:35","modified_gmt":"2023-11-30T16:39:35","slug":"la-drome-en-1698","status":"publish","type":"post","link":"https:\/\/histoire-patrimoine-aoustois.fr\/?p=8691","title":{"rendered":"LE DEPARTEMENT DE LA DR\u00d4ME EN 1698"},"content":{"rendered":"\n<p><br><br><br><\/p>\n\n\n\n<p class=\"has-text-align-center has-text-color has-link-color has-medium-font-size wp-elements-fb4771dc41145ce70e8d0df770662f84\" style=\"color:#2207e3\"><strong>La Dr\u00f4me en 1698<\/strong><br><br><br><\/p>\n\n\n<div class=\"wp-block-image\">\n<figure class=\"aligncenter size-full\"><img fetchpriority=\"high\" decoding=\"async\" width=\"520\" height=\"691\" src=\"https:\/\/histoire-patrimoine-aoustois.fr\/wp-content\/uploads\/2023\/11\/drome-1698-titre-memoires.jpg\" alt=\"\" class=\"wp-image-8693\" srcset=\"https:\/\/histoire-patrimoine-aoustois.fr\/wp-content\/uploads\/2023\/11\/drome-1698-titre-memoires.jpg 520w, https:\/\/histoire-patrimoine-aoustois.fr\/wp-content\/uploads\/2023\/11\/drome-1698-titre-memoires-226x300.jpg 226w\" sizes=\"(max-width: 520px) 100vw, 520px\" \/><\/figure>\n<\/div>\n\n\n<p class=\"has-medium-font-size\"><br><br><br><br><strong>Sommaire<\/strong><br><\/p>\n\n\n\n<p class=\"has-text-align-left has-medium-font-size\"><strong><a href=\"#Ihistoireetgeographie\">I. Histoire et g\u00e9ographie<\/a><\/strong><\/p>\n\n\n\n<p class=\"has-text-align-left has-medium-font-size\"><strong><a href=\"#IIvillesetbourgs\">II.Villes et bourgs<\/a><\/strong><\/p>\n\n\n\n<p class=\"has-text-align-left has-medium-font-size\"><strong><a href=\"#IIIroutesetponts\">III. Routes et ponts<\/a><\/strong><\/p>\n\n\n\n<p class=\"has-text-align-left has-medium-font-size\"><strong><a href=\"#IVpopulation\">IV. Population<\/a><\/strong><\/p>\n\n\n\n<p class=\"has-text-align-left has-medium-font-size\"><strong><a href=\"#Vfoiresetmarches\">V. Foires et march\u00e9s<\/a><\/strong><\/p>\n\n\n\n<p class=\"has-text-align-left has-medium-font-size\"><strong><a href=\"#VIcommerceetindustrie\">VI. Commerce et industrie<\/a><\/strong><\/p>\n\n\n\n<p class=\"has-text-align-left has-medium-font-size\"><strong><a href=\"#VIItaillesetgabelles\">VIl. Tailles et gabelles<\/a><\/strong><\/p>\n\n\n\n<p class=\"has-text-align-left has-medium-font-size\"><strong><a href=\"#VIIIdouanesetpeages\">VIII. Douanes et p\u00e9ages<\/a><\/strong><\/p>\n\n\n\n<p class=\"has-text-align-left has-medium-font-size\"><strong><a href=\"#IXdomaine\">IX. Domaine<\/a><\/strong><\/p>\n\n\n\n<p class=\"has-text-align-left has-medium-font-size\"><strong><a href=\"#Xparlement\">X. Parlement<\/a><\/strong><\/p>\n\n\n\n<p class=\"has-text-align-left has-medium-font-size\"><strong><a href=\"#XIpresidialdevalence\">XI. Pr\u00e9sidial de Valence<\/a><\/strong><\/p>\n\n\n\n<p class=\"has-text-align-left has-medium-font-size\"><strong><a href=\"#XIIbailliagesetsenechaussees\">XII. Bailliages et s\u00e9n\u00e9chauss\u00e9es<\/a><\/strong><\/p>\n\n\n\n<p class=\"has-text-align-left has-medium-font-size\"><strong><a href=\"#XIIIjudicaturesroyales\">XIII. Judicatures royales<\/a>, \u00e9piscopales et seigneuriales<\/strong><\/p>\n\n\n\n<p class=\"has-text-align-left has-medium-font-size\"><strong><a href=\"#XIVchambredescomptes\">XIV. Chambre des comptes<\/a>, Bureau des finances, etc . . .<\/strong><\/p>\n\n\n\n<p class=\"has-text-align-left has-medium-font-size\"><strong><a href=\"#XVelections\">XV. \u00c9lections<\/a><\/strong><\/p>\n\n\n\n<p class=\"has-text-align-left has-medium-font-size\"><strong><a href=\"#XVIlesmagistrats\">XVI. Les magistrats<\/a><\/strong><\/p>\n\n\n\n<p class=\"has-text-align-left has-medium-font-size\"><strong><a href=\"#XVIIuniversitedevalence\">XVII. Universit\u00e9 de Valence<\/a><\/strong><\/p>\n\n\n\n<p class=\"has-text-align-left has-medium-font-size\"><strong><a href=\"#XVIIIetatecclesiastique\">XVIII. \u00c9tat eccl\u00e9siastique<\/a><\/strong><\/p>\n\n\n\n<p class=\"has-text-align-left has-text-color has-link-color has-medium-font-size wp-elements-5b309d6d215b8d17c89694f70eac97b1\" style=\"color:#3107e3\">\u2014 <strong><a href=\"#diocesedevienne\">dioc\u00e8se de Vienne<\/a><\/strong><\/p>\n\n\n\n<p class=\"has-text-align-left has-medium-font-size\">\u2014 <strong><a href=\"#lediocesedevalence\">de Valence<\/a><\/strong><\/p>\n\n\n\n<p class=\"has-text-align-left has-medium-font-size\">\u2014 <strong><a href=\"#diocesededie\">de Die<\/a><\/strong><\/p>\n\n\n\n<p class=\"has-text-align-left has-medium-font-size\">\u2014 <strong><a href=\"#diocesedesaintpaultroischateaux\">de Saint-Paul-trois-Ch\u00e2teaux<\/a><\/strong> <\/p>\n\n\n\n<p class=\"has-text-align-left has-medium-font-size\">\u2014 <strong><a href=\"#diocesedegap\">de Gap<\/a><\/strong><\/p>\n\n\n\n<p class=\"has-text-align-left has-medium-font-size\">\u2014 <strong><a href=\"#diocesedevaison\">de Vaison<\/a>.<\/strong><\/p>\n\n\n\n<p class=\"has-medium-font-size\"><strong>\u2014 <a href=\"#collegesetseminaire\">Coll\u00e8ge et s\u00e9minaire<\/a><\/strong><\/p>\n\n\n\n<p class=\"has-text-align-left has-medium-font-size\"><strong><a href=\"#XIXetatmilitaire\">XIX. \u00c9tat militaire<\/a><\/strong><\/p>\n\n\n\n<p class=\"has-text-align-left has-medium-font-size\"><strong><a href=\"#XXetatdelanoblesse\">XX. \u00c9tat de la noblesse<\/a><\/strong><\/p>\n\n\n\n<p class=\"has-text-align-left has-medium-font-size\"><strong><a href=\"#XXIduchesetautresterrestitrees\">XXI. Duch\u00e9s et autres terres titr\u00e9es<\/a><\/strong><br><br><br><br><\/p>\n\n\n\n<p class=\"has-text-align-center has-medium-font-size\"><strong>Une image de la Dr\u00f4me en 1698<\/strong><br><br><br><br><br><\/p>\n\n\n<div class=\"wp-block-image\">\n<figure class=\"aligncenter size-large\"><img decoding=\"async\" width=\"718\" height=\"1024\" src=\"https:\/\/histoire-patrimoine-aoustois.fr\/wp-content\/uploads\/2023\/11\/drome-1698-carte-718x1024.jpg\" alt=\"\" class=\"wp-image-8692\" srcset=\"https:\/\/histoire-patrimoine-aoustois.fr\/wp-content\/uploads\/2023\/11\/drome-1698-carte-718x1024.jpg 718w, https:\/\/histoire-patrimoine-aoustois.fr\/wp-content\/uploads\/2023\/11\/drome-1698-carte-210x300.jpg 210w, https:\/\/histoire-patrimoine-aoustois.fr\/wp-content\/uploads\/2023\/11\/drome-1698-carte-768x1096.jpg 768w, https:\/\/histoire-patrimoine-aoustois.fr\/wp-content\/uploads\/2023\/11\/drome-1698-carte-1077x1536.jpg 1077w, https:\/\/histoire-patrimoine-aoustois.fr\/wp-content\/uploads\/2023\/11\/drome-1698-carte.jpg 1153w\" sizes=\"(max-width: 718px) 100vw, 718px\" \/><\/figure>\n<\/div>\n\n\n<p><br><br><\/p>\n\n\n\n<p><\/p>\n\n\n\n<p><\/p>\n\n\n\n<p class=\"has-medium-font-size\">En 1697, un questionnaire que le duc de Bourgogne, anticipant sur les soucis de la royaut\u00e9, avait fait adresser \u00e0 tous les intendants du royaume. Bouchu lui r\u00e9pond par un m\u00e9moire. De tout ce qui constituait autrefois notre ancienne province de Dauphin\u00e9, il en est fait mention dans le \u00a0\u00bb&nbsp;<em>M\u00e9moire<\/em> <em>de l&rsquo;Intendant <\/em><a href=\"#jeanetiennebouchu\"><em>Etienne-Jean Bouchu<\/em>,<\/a>&nbsp;\u00a0\u00bb de sa topographie, de son histoire, de son \u00e9tat commercial, industrie et financier, de ses institutions religieuses, judiciaires et civiles, de son organisation militaire et f\u00e9odale, de sa population, de tout ce qu&rsquo;elle renfermait. Comment l&rsquo;Intendant de Dauphin\u00e9 voyait la Dr\u00f4me en 1698, cet article en est issu.<\/p>\n\n\n\n<p class=\"has-medium-font-size\">Sous le Premier Empire, le pr\u00e9fet Jean-Baptiste Collin, administrateur des douanes, nouvellement nomm\u00e9 le 2 mars 1800 dans la Dr\u00f4me, r\u00e9dige <a href=\"https:\/\/histoire-patrimoine-aoustois.fr\/?p=8665\">un long m\u00e9moire<\/a> et d\u00e9crit une situation peu enviable du d\u00e9partement.<br><br><\/p>\n\n\n\n<p><\/p>\n\n\n\n<p class=\"has-text-align-center has-medium-font-size\" id=\"Ihistoireetgeographie\"><strong>I . HISTOIRE ET G\u00c9OGRAPHIE.<\/strong><br><br><\/p>\n\n\n\n<p><\/p>\n\n\n\n<p class=\"has-medium-font-size\"><strong>Les principales rivi\u00e8res<\/strong> de la province de Dauphin\u00e9, outre le Rh\u00f4ne, irriguant la Dr\u00f4me sont&nbsp;:<\/p>\n\n\n\n<p class=\"has-medium-font-size\"><em><strong>La Dr\u00f4me<\/strong><\/em> ou Droumme (Drumma) na\u00eet aupr\u00e8s du presbyt\u00e8re de la B\u00e2tie-des-fonts et se jette dans le Rh\u00f4ne au-dessous de Livron sur Dr\u00f4me, apr\u00e8s un cours de 110 kilom\u00e8tres. La fr\u00e9quence des inondations de cette rivi\u00e8re, qu&rsquo;Ausone et Papire-Masson comparent \u00e0 un torrent imp\u00e9tueux, permet de lui appliquer le dicton relatif \u00e0 une rivi\u00e8re du Bessin : <em>\u00ab La rivi\u00e8re de Dr\u00f4me<\/em>, <em>tous les ans cheval ou homme. \u00bb<\/em><\/p>\n\n\n\n<p class=\"has-medium-font-size\"><em><strong>L<\/strong><\/em><em><strong>&lsquo;Is\u00e8re<\/strong><\/em>, qui prend sa source dans la Tarentaise, commence \u00e0 \u00eatre navigable pr\u00e8s de Montm\u00e9lian, passe \u00e0 Grenoble et se jette dans le Rh\u00f4ne au-dessus de Valence, apr\u00e8s un cours navigable de vingt-quatre lieues (<em>1 lieue \u00e9quivaut \u00e0 4,820 km)<\/em>;<\/p>\n\n\n\n<p class=\"has-medium-font-size\"><em><strong>La Bourne<\/strong><\/em> est un des plus consid\u00e9rables affluents de l&rsquo;Is\u00e8re, dans laquelle elle se jette aupr\u00e8s de Saint-Nazaire-en-Royans, apr\u00e8s un cours de 22 kilom\u00e8tres \u00e0 travers le Vercors, la vall\u00e9e de Choranche et le Royans, depuis les montagnes du Villard-de-Lans, o\u00f9 elle prend sa source. Plus que toute autre, cette rivi\u00e8re m\u00e9rite la qualification de poissonneuse donn\u00e9e par l&rsquo;intendant \u00e0 toutes celles du Dauphin\u00e9.<\/p>\n\n\n\n<p class=\"has-medium-font-size\"><em><strong>La Galaure<\/strong><\/em> (Galaber) a 30 kilom\u00e8tres de cours, depuis Roybon (Is\u00e8re) jusqu&rsquo;\u00e0 Saint-Vallier, o\u00f9 elle se jette dans le Rh\u00f4ne.<\/p>\n\n\n\n<p class=\"has-medium-font-size\"><em><strong>Le Roubion<\/strong><\/em>, appel\u00e9 aussi Robiol, est un gros torrent qui commence dans les montagnes de Bouvi\u00e8res et se perd dans le Rh\u00f4ne, pr\u00e8s de Mont\u00e9limar. Son cours est de 45 kilom\u00e8tres.<\/p>\n\n\n\n<p class=\"has-medium-font-size\">Il y a plusieurs autres rivi\u00e8res non navigables dans la province dont les principales sont la Durance qui prend sa source au Mont-Gen\u00e8vre dans le Brian\u00e7onnais, et va se perdre dans le Rh\u00f4ne au-dessous d&rsquo;Avignon ; la Douaire, ou Doria, qui prend sa source \u00e0 la montagne et se va jeter dans le P\u00f4, au-dessous de Turin ; le Guil, la Romanche, le Drac, le Guiers, la Bourne, la Bette, le Gierre et Lauzon ; toutes ces rivi\u00e8res sont tr\u00e8s abondantes en truites qui est presque l&rsquo;unique poisson qu&rsquo;elles produisent.<\/p>\n\n\n\n<p class=\"has-medium-font-size\">Dans la partie m\u00e9ridionale de la province, le probl\u00e8me de l&rsquo;eau \u00e9tait de plus en plus aigu vers le sud. Dans les plaines du Valentinois, on ne se plaignait pas d&rsquo;un manque d&rsquo;eau g\u00e9n\u00e9ral, mais de son insuffisance dans une partie du terroir seulement et de l&rsquo;impossibilit\u00e9 d&rsquo;irriguer autant qu&rsquo;on l&rsquo;aurait voulu. Dans le Diois et les Baronnies, dans les plaines de Mont\u00e9limar et de Pierrelatte, la plainte \u00e9tait g\u00e9n\u00e9rale contre l&rsquo;insuffisance de l&rsquo;eau n\u00e9cessaire aux humains, au b\u00e9tail et aux terres, au moins en \u00e9t\u00e9, et contre les cons\u00e9quences : accaparement de l&rsquo;eau disponible par les seigneurs, n\u00e9cessit\u00e9 d&rsquo;aller prendre l&rsquo;eau loin du village, surtout dans le sud de la province o\u00f9 beaucoup des maisons \u00e9taient perch\u00e9es sur les hauteurs, enfin, n\u00e9cessit\u00e9 de construire et entretenir \u00e0 grands frais des r\u00e9seaux de canaux d&rsquo;irrigation, les b\u00e9ali\u00e8res, avec des r\u00e9sultats souvent tr\u00e8s limit\u00e9s ; car ces r\u00e9seaux ne se cr\u00e9aient qu&rsquo;au niveau d&rsquo;une communaut\u00e9, sans entente avec les communaut\u00e9s voisines.<\/p>\n\n\n\n<p class=\"has-medium-font-size\">Un des aspect des probl\u00e8mes de l&rsquo;eau \u00e9tait constitu\u00e9 par la pr\u00e9sence d&rsquo;eaux stagnantes sous forme d&rsquo;\u00e9tangs et de marais. et paluds nombreux dans les vall\u00e9es \u00e0 la pente faible et au fond plat o\u00f9 se d\u00e9posaient les alluvions, dans la plaine de Mont\u00e9limar, Dr\u00f4me dans la plaine de Valence. L&rsquo;Intendant parle de marais \u00e0 ass\u00e9cher, en affirmant que le travail de ass\u00e8chement, commenc\u00e9 pour les marais, s&rsquo;est arr\u00eat\u00e9 faute d&rsquo;argent ; la v\u00e9rit\u00e9 est autre : les travaux avaient cess\u00e9 parce que les habitants des communaut\u00e9s concern\u00e9es s&rsquo;y \u00e9taient oppos\u00e9s, en d\u00e9truisant les remblais et digues, en bouchant les canaux de drainage, en coupant les arbres plant\u00e9s. L\u00e0 comme ailleurs, les paysans se servaient des marais et r\u00e9gions tr\u00e8s humides comme de p\u00e2tures pour le b\u00e9tail et se gardaient bien d&rsquo;y effectuer ou d&rsquo;y laisser effectuer des travaux de drainage pour qu&rsquo;ils soient transform\u00e9s en \u00a0\u00bb&nbsp;<em>terroir de grande \u00e9tendue \u00a0\u00bb&nbsp;<\/em>.<\/p>\n\n\n\n<p class=\"has-medium-font-size\">On peut rappeler que l&#8217;emploi de l&rsquo;eau de la Dr\u00f4me, au r\u00e9gime tr\u00e8s irr\u00e9gulier dans l&rsquo;ann\u00e9e, n&rsquo;en permettait pas l&rsquo;utilisation comme source d&rsquo;\u00e9nergie pour les nombreux \u00a0\u00bb&nbsp;artifices \u00a0\u00bb&nbsp; moulins \u00e0 farine et \u00e0 huile, battoirs \u00e0 chanvre, forges et martinets. Leur installation se trouvait essentiellement sur les canaux.<\/p>\n\n\n\n<p class=\"has-medium-font-size\">De m\u00eame, pour le transport du bois, l&rsquo;utilisation de la rivi\u00e8re Dr\u00f4me, au r\u00e9gime contrast\u00e9 entre hautes eaux de printemps et d&rsquo;automne et basses eaux d&rsquo;hiver et d&rsquo;\u00e9t\u00e9, et aussi au profil m\u00eame du lit, ne pouvait de faire que dans sa partie aval. Seuls le Rh\u00f4ne et l&rsquo;Is\u00e8re \u00e9taient consid\u00e9r\u00e9s comme navigables.<\/p>\n\n\n\n<p class=\"has-medium-font-size\"><strong>Un lac<\/strong> d&rsquo;une lieue se forma sur la Dr\u00f4me en amont de Luc en Diois suite \u00e0 un \u00e9boulement en 1442.<\/p>\n\n\n\n<p class=\"has-medium-font-size\"><strong>Les montagnes<\/strong>, qui offrent g\u00e9n\u00e9ralement d&rsquo;excellents p\u00e2turages aux bestiaux pendant l&rsquo;\u00e9t\u00e9 <strong>(1)<\/strong>, sont encore fertiles en plantes rares, particuli\u00e8rement celles de Toulaud, souvent visit\u00e9es par les gens vers\u00e9s dans la connaissance des simples. Dans la Dr\u00f4me, se trouvent le Toulaud sur les confins du Royannais et du Vercors auquel il faut ajouter ceux de Rochecourbe en Diois et encore la montagne de Lens ou de Lans, sur laquelle on trouve, \u00a0\u00bb&nbsp;<em>l&rsquo;\u00e9toile terrestre<\/em>&nbsp;\u00ab\u00a0, fleur remarquable s&rsquo;il en fut, puisque ses p\u00e9tales incolores et diaphanes r\u00e9pandent pendant la nuit &nbsp;\u00a0\u00bb <em>non une simple lueur, mais une v\u00e9ritable lumi\u00e8re<\/em> \u00ab\u00a0.<\/p>\n\n\n\n<p class=\"has-medium-font-size\"><em><strong>(1)<\/strong> Aujourd&rsquo;hui encore (1874), et plus encore peut-\u00eatre, de nombreux troupeaux, connus dans le pays sous le nom de beilles, viennent chaque ann\u00e9e des plaines de la Crau sur les montagnes dauphinoises, o\u00f9 elles paissent pendant toute la belle saison, moyennant une faible r\u00e9tribution de vingt \u00e0 trente centimes par t\u00e8te. Aux approches et \u00e0 la sortie de l&rsquo;hiver, on les voit d\u00e9filer \u00e0 la suite de lourdes b\u00eates de somme charg\u00e9es des provisions de la caravane, sous la conduite de leurs bailes, p\u00e2tres aux m\u0153urs primitives, vivant sous la tente, du lait de leurs brebis et se v\u00eatant de leur toison<\/em>. <a href=\"https:\/\/histoire-patrimoine-aoustois.fr\/?p=8422\" target=\"_blank\" rel=\"noreferrer noopener\">https:\/\/histoire-patrimoine-aoustois.fr\/?p=8422<\/a><\/p>\n\n\n\n<p><\/p>\n\n\n\n<p class=\"has-medium-font-size\">Dans le d\u00e9partement de la Dr\u00f4me, les p\u00e2turages les plus fr\u00e9quent\u00e9s sont ceux d&rsquo;Ambel, voisins de l&rsquo;ancienne abbaye de L\u00e9oncel, \u00e0 qui ils appartenaient en vertu de diverses donations que je crois bon de rappeler ici :<\/p>\n\n\n\n<p class=\"has-medium-font-size\">L&rsquo;an 1173, Lambert de Fland\u00e8nes, seigneur en partie de Saint-Nazaire-en- Royans, albergea \u00e0 ladite abbaye toute la partie occidentale d&rsquo;Ambel, appel\u00e9e montagne de la Saulce, moyennant l&rsquo;introge ( droit \u00e0 r\u00e9gler \u00e0 l&rsquo;entr\u00e9e en charge d&rsquo;une ferme) de 300 sous viennois, plus un cens annuel de 5 s\u00e9tiers de seigle et 5 d&rsquo;avoine, auquel il renon\u00e7a en 1199, de concert avec son fils Pierre, qui ratifia cette donation.<\/p>\n\n\n\n<p class=\"has-medium-font-size\">La m\u00eame ann\u00e9e 1173, Guidelin de Royans et sa femme Flotte donn\u00e8rent aux religieux de L\u00e9oncel tout ce qu&rsquo;ils poss\u00e9daient, comme seigneurs de Saint-Nazaire, sur la montagne de Musan (autre partie d&rsquo;Ambel), dont le reste leur advint en 1214, ensuite d&rsquo;une lib\u00e9ralit\u00e9 de Gu\u00e9line, femme de Lantelme de Gigors.<\/p>\n\n\n\n<p class=\"has-medium-font-size\">Enfin, le 12 octobre 1238, Jarenton, \u00e9v\u00eaque de Die, \u00a0\u00bb&nbsp;<em>dat Deo et beatae Mariae et fratribus de Leoncello presentibus et futuris totum jus et dominium quod habebat in montanea de Ambel<\/em>&nbsp;\u00ab\u00a0.<\/p>\n\n\n\n<p class=\"has-medium-font-size\">Ces diverses donations furent confirm\u00e9es en 1177 par l&#8217;empereur Fr\u00e9d\u00e9ric 1<sup>er<\/sup>; en 1231, par Guidelin de Royans, fils d&rsquo;autre; en 1243, par Arnaud Guclin, seigneur de Rochechinard; en 1251, par le dauphin Guigues, et le 4 septembre 1514, par Meraud d&rsquo;Hostun, seigneur de Saint-Nazaire; ce qui n&#8217;emp\u00eacha pas les communaut\u00e9s voisines de disputer aux religieux de L\u00e9oncel la jouissance de ces p\u00e2turages, pr\u00e9tentions qui donn\u00e8rent lieu \u00e0 une foule de proc\u00e8s.<br>Ces diverses donations furent confirm\u00e9es en 1177 par l&#8217;empereur Fr\u00e9d\u00e9ric 1<sup>er<\/sup>; en 1231, par Guidelin de Royans, fils d&rsquo;autre; en 1243, par Arnaud Guclin, seigneur de Rochechinard; en 1251, par le dauphin Guigues, et le 4 septembre 1514, par Meraud d&rsquo;Hostun, seigneur de Saint-Nazaire; ce qui n&#8217;emp\u00eacha pas les communaut\u00e9s voisines de disputer aux religieux de L\u00e9oncel la jouissance de ces p\u00e2turages, pr\u00e9tentions qui donn\u00e8rent lieu \u00e0 une foule de proc\u00e8s.<\/p>\n\n\n\n<p><\/p>\n\n\n\n<p class=\"has-medium-font-size\"><br><em><strong>Les eaux min\u00e9rales&nbsp;<\/strong><\/em>: On y trouve \u00e9galement des sources d&rsquo;eaux min\u00e9rales froides \u00e0&nbsp;:<\/p>\n\n\n\n<ul class=\"wp-block-list\">\n<li class=\"has-medium-font-size\">Aouste-en-Diois. Deux sources, dont une, dite de la Gaye, alcaline, gazeuse, et l&rsquo;autre, dite des Ubacs, magn\u00e9sienne.<\/li>\n\n\n\n<li class=\"has-medium-font-size\">Aurel-en-Diois. Eaux alcalines, gazeuses, tr\u00e8s-salutaires contre la fi\u00e8vre tierce<\/li>\n\n\n\n<li class=\"has-medium-font-size\">Bondonneau, pr\u00e8s de Mont\u00e9limar, Eaux ferrugineuses, gazeuses, iodur\u00e9es, dont l&rsquo;exploitation a \u00e9t\u00e9 autoris\u00e9e en 1855.<\/li>\n\n\n\n<li class=\"has-medium-font-size\">Bouvantes, pr\u00e8s de l&rsquo;ancienne abbaye de L\u00e9oncel et de la Chartreuse du Val-Sainte-Marie. Eaux sulfureuses.<\/li>\n\n\n\n<li class=\"has-medium-font-size\">Condillac. Eaux ferrugineuses,gazeuses, etc., tr\u00e8s renomm\u00e9es comme eaux de table. Exploitation autoris\u00e9e le 1<sup>er<\/sup> mai 1852.<\/li>\n\n\n\n<li class=\"has-medium-font-size\">La Motte-Chalancon. Eaux alcalines.<\/li>\n\n\n\n<li class=\"has-medium-font-size\">Mollans. Eaux sulfureuses,magn\u00e9siennes,jaillissant d&rsquo;une grotte appel\u00e9e le Soutein.<\/li>\n\n\n\n<li class=\"has-medium-font-size\">Nyons. Deux sources d&rsquo;eaux ferrugineuses, magn\u00e9siennes.<\/li>\n\n\n\n<li class=\"has-medium-font-size\">Oriol. Eaux alcalines gazeuses.<\/li>\n\n\n\n<li class=\"has-medium-font-size\">Pont-de-Barret. Eaux alcalines, gazeuses, conc\u00e9d\u00e9es en 1851.<\/li>\n\n\n\n<li class=\"has-medium-font-size\">Propiac. Eaux s\u00e9l\u00e9nito-magn\u00e9siennes tr\u00e8s-fr\u00e9quent\u00e9es par les habitants de la contr\u00e9e, et gard\u00e9e.<\/li>\n\n\n\n<li class=\"has-medium-font-size\">Dans le Diois, celles de N Dde Boisvieux et d&rsquo;Aix, fontaines sal\u00e9es gard\u00e9es par deux gardes<\/li>\n<\/ul>\n\n\n\n<p class=\"has-medium-font-size\">Le territoire de Larnage, pr\u00e8s de Tain, renferme une mine de vitriol et de couperose et une de terre propre \u00e0 la fabrication des pipes, qui a lieu \u00e0 Tain.<\/p>\n\n\n\n<p class=\"has-medium-font-size\"><em><strong>Le climat<\/strong><\/em> est, dans le Valentinois \u00a0\u00bb&nbsp;<em>plus chaud que froid<\/em>&nbsp;\u00ab\u00a0, dans le Diois \u00a0\u00bb&nbsp; <em>est assez temp\u00e9r\u00e9<\/em>&nbsp;\u00a0\u00bb et les Baronnies \u00a0\u00bb&nbsp;sont plus chaudes que froides&nbsp;\u00ab\u00a0.<br><\/p>\n\n\n\n<p><\/p>\n\n\n\n<p class=\"has-medium-font-size\"><em><strong><a href=\"https:\/\/histoire-patrimoine-aoustois.fr\/?p=8096\">Les d\u00e9gats et inondations<\/a><\/strong><\/em><br><\/p>\n\n\n\n<p class=\"has-medium-font-size\">A Valence, en 1651, une crue du Rh\u00f4ne emportait une partie des fortifications.<\/p>\n\n\n\n<p class=\"has-medium-font-size\"><br><br><strong>L&rsquo;agriculture,<\/strong> en Dauphin\u00e9 ne c\u00e8de \u00e0 aucune autre province du royaume; toutes les terres, m\u00eame les m\u00e9diocres, \u00e9tant cultiv\u00e9es avec soin, malgr\u00e9 la d\u00e9population occasionn\u00e9e par la derni\u00e8re guerre et autres <a href=\"#accidents\">accidents<\/a> <strong>(1)<\/strong>. Aussi r\u00e9colte-t-on dans cette province toute sorte de fruits, de grains et de l\u00e9gumes et notamment du chanvre, dans le Graisivaudan, le Viennois et le haut-Valentinois, des olives, des amandes et de la feuille de<a href=\"#murier\"> m\u00fbrier<\/a> <strong>(2)<\/strong> dans le bas-Valentinois et les Baronnies, des noix, des ch\u00e2taignes et du vin partout, except\u00e9 dans le Brian\u00e7onnais, o\u00f9 la vigne n&rsquo;est cultiv\u00e9e qu&rsquo;\u00e0 Exilles et \u00e0 Chaumont, sur la fronti\u00e8re pi\u00e9montaise; mais, en revanche, les vins de C\u00f4te-Rotie et de l&rsquo;Ermitage sont d&rsquo;excellente <a href=\"#qualite\">qualit\u00e9<\/a> <strong>(3)<\/strong>.<\/p>\n\n\n\n<p class=\"has-medium-font-size\" id=\"accidents\">(<em>I) accidents &#8211; Il s&rsquo;agit ici de la campagne de 1693, illustr\u00e9e psr la conduite de Philis de la Charce, qui repoussa, \u00e0 la t\u00eate de volontaires dauphinois, les troupes savoisiennes envahissant notre province. La d\u00e9tresse de l&rsquo;Embrunais et du Gapen\u00e7ais \u00e9tait tellement grande \u00e0 la suite de cette campagne, qu&rsquo;une somme de 400 000 livres envoy\u00e9e par le roi pour ce dernier pays ne suffit pas \u00e0 r\u00e9parer la centi\u00e8me partie des d\u00e9vastations exerc\u00e9e par l&rsquo;ennemi, qui avait tout saccag\u00e9 sur son passage. Aussi les archives de cette \u00e9poque mentionnent -t-elles plusieurs ann\u00e9es durant de continuelles demandes de d\u00e9gr\u00e8vements d&rsquo;imp\u00f4ts.<\/em><\/p>\n\n\n\n<p class=\"has-medium-font-size\"><em>Les autres causes de d\u00e9population \u00e9taient la r\u00e9vocation de l&rsquo;\u00e9dit de Nantes, qui fit expatrier pr\u00e8s de 10 000 Dauphinois, et la disette de 1695 r\u00e9sultant en partie des ravages occasionn\u00e9s par la pr\u00e9c\u00e9dente guerre.<\/em><\/p>\n\n\n\n<p class=\"has-medium-font-size\" id=\"murier\"><em><strong>(2)<\/strong> Murier &#8211; Le Dauphin\u00e9 est, sinon la premi\u00e8re, du moins l&rsquo;une des premi\u00e8res provinces de la France o\u00f9 l&rsquo;on ait cultiv\u00e9 le m\u00fbrier, si justement appel\u00e9 autrefois \u00a0\u00bb&nbsp;L&rsquo;arbre d&rsquo;or&nbsp;\u00ab\u00a0.&nbsp;&nbsp; A la fin du dernier si\u00e8cle, en montrait encore au hameau de la B\u00e9gude, commune d&rsquo;Allan, pr\u00e8s de Mont\u00e9limar. un de ces arbres, seul survivant de quatre r\u00e9put\u00e9s pour avoir \u00e9t\u00e9 les premiers plant\u00e9s en France, apport\u00e9s du royaume de Naples, au retour de l&rsquo;exp\u00e9dition du roi Charles VIII, en 1494, suivant Ollivier de Serres, et selon d&rsquo;autres, de Syrie, \u00e0 l&rsquo;issue de l\u00e0 derni\u00e8re croisade. Henri Lucretius de la Tour-du-Pin-Lachau, seigneur d&rsquo;Allan, par sa femme Fran\u00e7oise-Hippolyte Leriget de Lafaye, avait fait entourer d&rsquo;un appui en ma\u00e7onnerie cet arbre v\u00e9n\u00e9rable,qui mena\u00e7ait ruine \u00e0 cause de son extr\u00eame v\u00e9tust\u00e9. mais il parait d\u00e9montr\u00e9 aujourd&rsquo;hui (en 1874) que la culture du m\u00fbrier en France est bien ant\u00e9rieure \u00e0 la fin du XV<sup>e<\/sup> si\u00e8cle ; du moins cette opinion a \u00e9t\u00e9 soutenue en 1858 par Lacroix, dans un article cit\u00e9 par M. de Quatrefages dans son Essai sur l&rsquo;histoire de la s\u00e9riciculture.<\/em><\/p>\n\n\n\n<p class=\"has-medium-font-size\" id=\"qualite\"><em><strong>(3)<\/strong> Qualit\u00e9 &#8211; Pline l&rsquo;Ancien (liv. IV, ch. I ), Plutarque (\u0152uvres morales) et Martial dans ses Epigrammes,nous apprennent combien les vins de Vienne (improprement appel\u00e9s de Cote-R\u00f4tie, puisque les coteaux qui portent ce nom sont sur la rive droite du Rh\u00f4ne) \u00e9taient recherch\u00e9s par les Romains, \u00e0 cause du poissage qu&rsquo;on leur faisait subir et peut-\u00eatre encore parce qu&rsquo;ils empruntaient leur go\u00fbt de poix aux outres enduites de cette mati\u00e8re dans lesquelles on les transportait \u00e0 Rome, afin d&rsquo;adoucir le go\u00fbt du vin et d&rsquo;assurer l&rsquo;\u00e9tanch\u00e9it\u00e9 de la fermeture. Ajoutons que le premier de ces auteurs nous apprend qu&rsquo;ils n&rsquo;\u00e9taient pas encore connus au temps de Virgile.<\/em><\/p>\n\n\n\n<p class=\"has-medium-font-size\">La r\u00e9putation des cr\u00fbs de l&rsquo;Ermitage est bien moins ancienne, car elle ne parait pas remonter an del\u00e0 du XVII<sup>e<\/sup> si\u00e8cle; cependant il est \u00e9vident qu&rsquo;\u00e0 cette \u00e9poque ils jouissaient d\u00e9j\u00e0 d&rsquo;une grande estime, puisque Boileau les donne dans sa troisi\u00e8me satyre comme le type des vins de choix :<\/p>\n\n\n\n<p class=\"has-text-align-center has-medium-font-size\"><em>\u00a0\u00bb&nbsp; Un laquais effront\u00e9 m&rsquo;apporte un rouge-bord<\/em><\/p>\n\n\n\n<p class=\"has-text-align-center has-medium-font-size\"><em>D&rsquo;un Auvernat fumeux qui, m\u00eal\u00e9 de Lignage,<\/em><\/p>\n\n\n\n<p class=\"has-text-align-center has-medium-font-size\"><em>Se vendait chez Crenet pour vin de l&rsquo;Ermitage.&nbsp;\u00ab\u00a0<\/em><\/p>\n\n\n\n<p class=\"has-medium-font-size\">Quant aux vins ordinaires, ils n&rsquo;avaient g\u00e9n\u00e9ralement qu&rsquo;une bien infime valeur, ceux de Mont\u00e9limar et de Donz\u00e8re except\u00e9s; tellement que Guy Allard cite comme exorbitant le prix de 5 \u00e0 6 livres la charge qu&rsquo;ils se payaient de son temps, observant qu&rsquo;en 1504 les m\u00eames vins se vendaient<\/p>\n\n\n\n<p class=\"has-medium-font-size\">\u00e0 raison de 14 sous et 1 denier la saum\u00e9e<strong>.<\/strong> La charge \u00e9tait de 84 livres ; pour la saum\u00e9e, elle a tellement vari\u00e9e suivant les temps et les lieux qu&rsquo;on ne saurait en pr\u00e9ciser la capacit\u00e9 ,( en g\u00e9n\u00e9ral 110 litres).<\/p>\n\n\n\n<p class=\"has-medium-font-size\">Divers travaux ont \u00e9t\u00e9 projet\u00e9s depuis quelque temps pour l&rsquo;am\u00e9lioration ou l&rsquo;accroissement du sol dauphinois. Dans la Dr\u00f4me, quelques particuliers, sous le nom de M. le prince de Conti, seigneur engagiste <em>(seigneur engagiste, est celui qui tient du roi quelque terre ou seigneurie, \u00e0 titre d&rsquo;engagement, c&rsquo;est &#8211; \u00e0 &#8211; dire, sous facult\u00e9 perp\u00e9tuelle de rachat)<\/em> de la terre de Pierrelatte, ont demand\u00e9 et obtenu du roi l&rsquo;autorisation de creuser un canal qui prendraient l&rsquo;eau du Rh\u00f4ne au dessus dudit Pierrelatte, pour la rejeter dans le m\u00eame fleuve, un peu au dessous de ce bourg, apr\u00e8s avoir arros\u00e9 une vaste surface, qui se bonifierait ainsi en passant de l&rsquo;\u00e9tat de terres arables \u00e0 celui de prairies, mais \u00e0 ce projet encore il n&rsquo;a pas \u00e9t\u00e9 donn\u00e9 de suite. Le canal de Pierrelatte n&rsquo;a finalement \u00e9t\u00e9 ex\u00e9cut\u00e9 qu&rsquo;en 1812-1819.<br><br><\/p>\n\n\n\n<p><\/p>\n\n\n\n<p class=\"has-text-align-center has-medium-font-size\" id=\"IIvillesetbourgs\"><strong>II \u2013 VILLES ET BOURGS<\/strong><br><br><\/p>\n\n\n\n<p><\/p>\n\n\n\n<p class=\"has-medium-font-size\">La d\u00e9nomination de ville, accord\u00e9e \u00e0 quelques centres de population en regard de celle de bourg donn\u00e9e \u00e0 un plus grand nombre d&rsquo;autres, n&rsquo;implique pas n\u00e9cessairement, comme on pourrait le croire, une plus grande importance de ceux-l\u00e0; quelques bourgs, tels que le Buis \u00e9tant, soit par le fait du chiffre de leur population, soit \u00e0 cause des administrations dont ils \u00e9taient le si\u00e8ge, plus consid\u00e9rables que certaines villes, telles que Die, par exemple. Elle d\u00e9signe simplement celles des communaut\u00e9s dauphinoises qui, en vertu d&rsquo;un droit dont on ne conna\u00eet pas l&rsquo;origine, mais, en tout cas, fort ancien, se faisaient repr\u00e9senter comme corps aux \u00c9tats g\u00e9n\u00e9raux de la province, o\u00f9 leurs d\u00e9put\u00e9s si\u00e9geaient imm\u00e9diatement apr\u00e8s ceux de la noblesse, \u00e0 la t\u00e8te du tiers-\u00e9tat.<\/p>\n\n\n\n<p class=\"has-medium-font-size\">Villes et bourgs jouissaient, du reste, \u00e0 quelques petites modifications pr\u00e8s et d&rsquo;ailleurs \u00e9trang\u00e8res \u00e0 ces diff\u00e9rentes appellations, de m\u00eames franchises, privil\u00e8ges et immunit\u00e9s, et poss\u00e9daient la m\u00eame organisation municipale. Chez les uns et les autres, un conseil, recrut\u00e9 parmi les habitants en nombre proportionnel dans les trois ordres, choisissait (presque partout obligatoirement dans la bourgeoisie), les consuls, magistrats responsables, qui r\u00e9unissaient dans leurs attributions la g\u00e9rance des affaires de la communaut\u00e9, la d\u00e9fense de ses int\u00e9r\u00eats,la conservation de ses immunit\u00e9s, la police de son territoire et le maniement des deniers publics, \u00e0 quoi un \u00e9dit royal de mars 1673 ajouta encore une juridiction semblable \u00e0 celle de nos tribunaux de commerce.<\/p>\n\n\n\n<p class=\"has-medium-font-size\">Dans les villes \u00e9piscopales, cette organisation datait de l&rsquo;\u00e9poque romaine. D\u00e9fendu et ensuite prot\u00e9g\u00e9 par les \u00e9v\u00eaques au milieu des r\u00e9volutions qui suivirent la chute de l&rsquo;Empire Romain, le municipe, avec ses droits, ses privil\u00e8ges et ses franchises, s&rsquo;\u00e9tait perp\u00e9tu\u00e9 dans la commune, o\u00f9 les syndics, les procureurs, les prudhommes, puis les consuls avaient remplac\u00e9 les flamines, les duumvirs, les d\u00e9curions et les questeurs. Dans les antres villes et bourgs, soit d&rsquo;origine gallo-romaine, soit de fondation moderne, le point de d\u00e9part de la commune est une charte \u00e9man\u00e9e du seigneur du lieu, \u00e9mancipant et affranchissant ses vassaux, \u00e9tablissant leur droit de former d\u00e9sormais une communaut\u00e9 administr\u00e9e par leurs d\u00e9l\u00e9gu\u00e9s, et stipulant enfin les obligations de cette communaut\u00e9 envers lui. Quelquefois, cet acte, comme la plupart de ceux octroy\u00e9s au XIV<sup>e<\/sup> si\u00e8cle par les Dauphins, n&rsquo;\u00e9tait que l&rsquo;effet dune vente ou cession de droits par le seigneur ob\u00e9r\u00e9; mais le plus souvent c&rsquo;\u00e9tait un compromis entre les parties, \u00e0 la suite de longs d\u00e9m\u00eal\u00e9s.<\/p>\n\n\n\n<p class=\"has-medium-font-size\">Maintes fois, le pouvoir royal chercha \u00e0 s&rsquo;immiscer dans l&rsquo;administration des villes, saisissant avec empressement l&rsquo;occasion du plus l\u00e9ger dissentiment et du moindre conflit pour intervenir, malgr\u00e9 les protestations des communes, jalouses et fi\u00e8res ajuste litre de leur ind\u00e9pendance.Tels furent les \u00e9dits d&rsquo;ao\u00fbt 1692 et mars 1697, \u00e9tablissant dans chaque ville et communaut\u00e9 un maire de nomination royale, dont les fonctions primaient celles du corps de ville; mais en cette circonstance les malheurs du royaume vinrent en aide aux communes dont la libert\u00e9 \u00e9tait en p\u00e9ril. \u00c9puis\u00e9 par la guerre, le gouvernement permit \u00e0 chacune d&rsquo;elles, trois ans apr\u00e8s, de s&rsquo;exon\u00e9rer des nouveaux fonctionnaires, moyennant finance.<\/p>\n\n\n\n<p class=\"has-medium-font-size\">Il y a dix villes en Dauphin\u00e9 dont pour la Dr\u00f4me&nbsp;: <a href=\"#romans\">Romans<\/a> <strong>(1)<\/strong>, <a href=\"#valence\">Valence<\/a> <strong>(2)<\/strong>, <a href=\"#montelimar\">Mont\u00e9limar<\/a> <strong>(3)<\/strong>, <a href=\"#crest\">Crest<\/a> <strong>(4)<\/strong>, <a href=\"#die\">Die <\/a><strong>(5)<\/strong>. Les principaux bourgs de la Dr\u00f4me sont: Tain, Chabeuil, \u00c9toile, Loriol, Pierrelatte, Saint-Paul-Trois-Chateaux, Nyons, Le Buis, Saillans.<\/p>\n\n\n\n<p><\/p>\n\n\n\n<p class=\"has-medium-font-size\" id=\"romans\"><em><strong>(1)<\/strong> Romans &#8211; L&rsquo;\u00e9tablissement du r\u00e9gime municipal ou plut\u00f4t d&rsquo;une ind\u00e9pendance communale quelconque parait avoir suivi de pr\u00e8s, sinon la fondation de cette ville, dont le point de d\u00e9part extr\u00eame est la fondation de l&rsquo;abbaye de Saint-Barnard vers le milieu de IX<sup>e<\/sup> si\u00e8cle, du moins l&rsquo;assiette d&rsquo;un certain d\u00e9veloppement. Le premier acte qui donne \u00e0 Romans le titre de ville (villam ecclesia adjacentem) est, en effet, de 1096, et d\u00e8s 1160 on voit les Romanais, appel\u00e9s burgenses, faire, conjointement avec les chanoines de Saint-Barnard, un trait\u00e9 avec le seigneur de Cl\u00e9rieu, qui s&rsquo;opposait \u00e0 la cl\u00f4ture de la ville. Cependant, il est douteux que les droits des habitants, de m\u00eame que ceux des chanoines et de l&rsquo;archev\u00eaque de Vienne, seigneur de Romans comme abb\u00e9 de Saint-Barnard, aient \u00e9t\u00e9 d\u00e9finis d&rsquo;une mani\u00e8re pr\u00e9cise avant la transaction intervenue en 1212 entre les parties \u00e0 la suite d&rsquo;un soul\u00e8vement populaire. Par cet acte, il \u00e9tait \u00e9tabli que toute juridiction et seigneurie appartenaient \u00e0 l&rsquo;archev\u00eaque et au chapitre, sans la permission de qui les habitants de Romans ne pouvaient faire \u00e0 l&rsquo;avenir ni coll\u00e8ge, ni assembl\u00e9e, si ce n&rsquo;est une soci\u00e9t\u00e9 priv\u00e9e de marchands. Les consuls n&rsquo;eurent d\u00e9sormais aucune autorit\u00e9, rest\u00e8rent seulement un conseil de l&rsquo; \u00e9glise et de cette ville, ou devaient \u00eatre d\u00e9battues les questions d&rsquo; utilit\u00e9 publique, et des syndics charg\u00e9s de convoquer les habitants pour imposition de la taille, dont devaient \u00eatre exempts les eccl\u00e9siastiques et gens du leur maison.<\/em><\/p>\n\n\n\n<p class=\"has-medium-font-size\"><em>Cette compression des libert\u00e9s municipales donna lieu naturellement \u00e0 biens des r\u00e9clamations plus ou moins mena\u00e7antes de la part des Romanais qui obtinrent en 1274 per !a m\u00e9diation du pape Gr\u00e9goire X, une am\u00e9lioration \u00e0 leurs statuts, dont les clauses on\u00e9reuses furent enfin d\u00e9finitivement abolies en 1342 par le dauphin Humbert II qui devint en 1344 seigneur parier de Romans, en vertu d&rsquo;un \u00e9change fait avec le pape Cl\u00e9ment VI.<\/em><\/p>\n\n\n\n<p class=\"has-medium-font-size\"><em>En 1366, l&#8217;empereur Charles IV, dans le but d&rsquo;accentuer ses droits sur l&rsquo;ancien royaume de Bourgogne, accorda aux habitants de Romans l&rsquo;affranchissement de toute esp\u00e8ce de tribut dans l&#8217;empire, plus la facult\u00e9 de s&rsquo;assembler librement et d&rsquo;\u00e9lire leurs consuls, concessions qui furent confirm\u00e9es la m\u00eame ann\u00e9e par le roi-dauphin, puis de nouveau en 1368, et cela malgr\u00e9 les protestations du chapitre de Saint-Barnard.<\/em><\/p>\n\n\n\n<p class=\"has-medium-font-size\" id=\"valence\"><em>(<strong>2)<\/strong> A Valence, l&rsquo;\u00e9v\u00eaque, apr\u00e8s avoir \u00e9t\u00e9 durant plusieurs si\u00e8cles le d\u00e9fenseur des libert\u00e9s de la commune, en fut le contempteur, et l&rsquo;histoire de cette ville pendant le moyen \u00e2ge r\u00e9v\u00e8le \u00e0 chaque ligne la r\u00e9sistance des citoyens aux empi\u00e9tements du pr\u00e9lat. Tant\u00f4t celui-ci faisait appel \u00e0 la puissance imp\u00e9riale, comme en 1178, \u00e9poque \u00e0 laquelle il obtint de Fr\u00e9d\u00e9ric 1<sup>er<\/sup> l&rsquo;abolition de tous les privil\u00e8ges des Valentinois : Civis communitatis nullum faciant juramentum, nec aliquam jurent societatem, sine arbitrio et consensu episcopi, dit la bulle; tant\u00f4t il avait recours aux armes, comme en 1228, pour d\u00e9truire la maison de la confr\u00e9rie, si\u00e8ge des assembl\u00e9es populaires. Cependant, \u00e0 la suite de ce dernier conflit, une charte accorda aux habitants de Valence la libert\u00e9 de leurs personnes et de leurs biens et l&rsquo;affranchissement de tout imp\u00f4t direct ou indirect. En 1425 seulement, une transaction faite avec l&rsquo;\u00e9v\u00eaque Jean de Poitiers, leur conc\u00e9da le droit de s&rsquo;assembler, au nombre de quatre-vingts, pour la d\u00e9lib\u00e9ration des affaires publiques sans la permission de l&rsquo;\u00e9v\u00eaque, en l&rsquo;absence de qui ils avaient la garde des clefs de la ville. De plus, l&rsquo;\u00e9v\u00eaque et ses officiers \u00e9taient tenus, l&rsquo;un \u00e0 son av\u00e8nement, les autres \u00e0 leur entr\u00e9e en fonctions, de pr\u00eater serment de respecter et garder les libert\u00e9s, franchises, usages et coutumes del\u00e0 cit\u00e9, bourgs et faubourgs.<\/em><\/p>\n\n\n\n<p class=\"has-medium-font-size\" id=\"montelimar\"><em><strong>(3)<\/strong> Mont\u00e9limar, qui occupe, dit-on, l&#8217;emplacement d&rsquo;Acusium, station de la voie domitienne dont on pr\u00e9tend retrouver le nom dans celui d&rsquo;Aigu que porte un quartier de son territoire, emprunte sa d\u00e9nomination actuelleMontilium Adhemari \u00e0 l&rsquo;ancienne et puissante famille Adh\u00e9mar, qui l&rsquo;a probablement fond\u00e9, en tout cas longtemps poss\u00e9d\u00e9, et \u00e0 qui cette ville est redevable de son \u00e9mancipation. Le 21 mars 1094, une premi\u00e8re charte d&rsquo;affranchissement fut accord\u00e9e aux habitants de Mont\u00e9limar par quatre fr\u00e8res Adh\u00e9mar, Lambert, Giraud, Giraudel et Giraudonet, \u00e0 la veille de partir pour la premi\u00e8re croisade avec leur oncle, l&rsquo;\u00e9v\u00eaque du Puy, l\u00e9gat du Saint-Si\u00e8ge; mais cet acte n&rsquo;eut vraisemblablement pas d&rsquo;effet, car la charte de 1198, consid\u00e9r\u00e9e comme le point de d\u00e9part de la commune de Mont\u00e9limar, sans rappeler le souvenir d&rsquo;aucune libert\u00e9 ant\u00e9rieure, stipule express\u00e9ment que d\u00e9sormais les hommes de Mont\u00e9limar ne pourront \u00eatre soumis \u00e0 aucun imp\u00f4t direct ou indirect de la part du seigneur, et que dans le cas o\u00f9 celui-ci tenterait de violer ce droit acquis, ses vassaux seraient exon\u00e9r\u00e9s vis-\u00e0-vis de lui de tout tien de fid\u00e9lit\u00e9 et d&rsquo;hommage. Les divers trait\u00e9s et compromis survenus dans la suite ne furent que le commentaire plus ou moins d\u00e9velopp\u00e9 de cet acte, dont la ville de Mont\u00e9limar conserve une transcription sur pierre, qui parait \u00eatre contemporaine de l&rsquo;acte lui-m\u00eame.<\/em><\/p>\n\n\n\n<p class=\"has-medium-font-size\" id=\"crest\"><em><strong>(4) <\/strong>Crest &#8211; La charte par laquelle Aimar de Poitiers, comte de Valentinois, conc\u00e8de quelques libert\u00e9s aux gens de Crest, est en date de mars 1188; mais il est \u00e9vident que ceux-ci jouissaient d\u00e9j\u00e0 d&rsquo;une organisation communale ou association quelconque de citoyens, sans laquelle ils n&rsquo;auraient pas pu acqu\u00e9rir, comme ils l&rsquo;avaient fait environ douze ann\u00e9es auparavant (1164-1167), le ban ou imp\u00f4t sur le vin,moyennant soixante sous valentinois, de l&rsquo;\u00e9v\u00eaque de Die, cessionnaire d&rsquo;une partie des droits d&rsquo;Arnaud de Crest depuis 1146, et d&rsquo;un Guillaume de Crest qui n&rsquo;est autre que Guillaume de Poitiers, p\u00e8re du susdit Aymar. Plus tard, l&rsquo;\u00e9tat pr\u00e9caire des comtes de Valentinois permit aux habitants de Crest d&rsquo;\u00e9largir, moyennant finance, le cercle de leurs immunit\u00e9s, mais ce n&rsquo;est gu\u00e8re qu&rsquo;apr\u00e8s l&rsquo;union \u00e0 la France des deux comt\u00e9s, qu&rsquo;il leur fut accord\u00e9 une d\u00e9finition exacte et pr\u00e9cise et une interpr\u00e9tation d\u00e9taill\u00e9e de leurs libert\u00e9s et de leurs franchises municipales.<\/em><\/p>\n\n\n\n<p class=\"has-medium-font-size\"><em>Dans cette ville, la commune fut administr\u00e9e tout d&rsquo;abord par les notables du lieu, \u00e0 la t\u00eate desquels on trouve, d\u00e8s les premi\u00e8res ann\u00e9es du XV<sup>e <\/sup>si\u00e8cle, deux consuls \u00e9lus pour deux ans et exer\u00e7ant chacun une ann\u00e9e. En mai 1610, un arr\u00eat du conseil du roi, dans le but de mettre fin aux contestations qui depuis longtemps existaient entre les protestants et les catholiques de cette ville, fixa d\u00e9finitivement le nombre des membres du conseil g\u00e9n\u00e9ral de cette commune \u00e0 quatre-vingt-cinq, dont treize de la religion reform\u00e9e. Ce conseil, \u00e0 qui appartenait te choix des consuls, \u00e9lisait en outre tes membres d&rsquo;un second conseil appel\u00e9 conseil ordinaire ou particulier, plus sp\u00e9cialement charg\u00e9 de la gestion des affaires publiques. Le 15 janvier 1661, un second arr\u00eat r\u00e9duisit \u00e0 quarante-huit les membres du conseil g\u00e9n\u00e9ral, dont sept r\u00e9form\u00e9s, deux nobles et trois chanoines, et ceux du conseil particulier \u00e0 douze, dont neuf catholiques et trois r\u00e9form\u00e9s.<\/em><\/p>\n\n\n\n<p class=\"has-medium-font-size\" id=\"die\"><strong>(5)<\/strong> <em>Die (Dea Vocontiorum), ancienne capitale du premier district des Voconces, pass\u00e9e sous la domination de ses \u00e9v\u00eaques \u00e0 la chute du royaume burgonde, est une des villes dauphinoises dont les libert\u00e9s municipales \u00e9taient les plus \u00e9tendues. De temps imm\u00e9morial, ses magistrats poss\u00e9daient la justice, moyenne et basse, c&rsquo;est-\u00e0-dire la juridiction des cas de non-paiement des contributions communales et des crimes et d\u00e9lits autres que l&rsquo;homicide et l&rsquo;adult\u00e8re commis par un citoyen de garde, ainsi que nous l&rsquo;apprend une charte de confirmation et d&rsquo;aveu octroy\u00e9e aux habitants de cette ville en 1218 par l&rsquo;\u00e9v\u00eaque Didier.<\/em><\/p>\n\n\n\n<p class=\"has-medium-font-size\"><em>En 1246, une r\u00e9daction g\u00e9n\u00e9rale des privil\u00e8ges et coutumes de la cit\u00e9, faite d&rsquo;un commun accord entre les habitants et le comte-\u00e9v\u00eaque, reconnut aux consuls le droit de police et de voirie urbaines, celui de garde des fortifications de la ville, plus un pouvoir l\u00e9gislatif, non-seulement en fait d&rsquo;administration municipale, mais encore relativement \u00e0 la proc\u00e9dure et \u00e0 l&rsquo;organisation du tribunal \u00e9piscopal.<\/em><\/p>\n\n\n\n<p class=\"has-text-align-center has-medium-font-size\"><br><br><\/p>\n\n\n\n<p class=\"has-text-align-center has-medium-font-size\" id=\"IIIroutesetponts\"><strong>III. ROUTES ET PONTS<\/strong><br><br><\/p>\n\n\n\n<p><\/p>\n\n\n\n<p class=\"has-medium-font-size\"><strong>La principale route<\/strong> de la province de Dauphin\u00e9 est celle qui va de Lyon en Provence, c\u00f4toyant le Rh\u00f4ne&nbsp;; dans la Dr\u00f4me elle passe par Saint-Vallier, Tain, le port de la Roche, o\u00f9 le passage de l&rsquo;Is\u00e8re est p\u00e9rilleux, si non impossible, quand les eaux sont grosses (1), Valence, Livron, o\u00f9 l&rsquo;on traverse difficilement la Dr\u00f4me en temps d&rsquo;inondation (2), Loriol, Mont\u00e9limar, Donz\u00e8re, enfin Pierrelatte, o\u00f9 elle se divise en deux branches, l&rsquo;une allant en Provence par la principaut\u00e9 d&rsquo;Orange et le Comtat, l&rsquo;autre en Languedoc par le Pont-Saint-Esprit (3).<\/p>\n\n\n\n<p class=\"has-medium-font-size\"><em>(1) En cet endroit, appel\u00e9 Sillart, le service de la route \u00e9tait fait par un bac dont l&rsquo;importance appela maintes fois l&rsquo;attention des intendants et m\u00eame des secr\u00e9taires d&rsquo;\u00e9tat, pour y ordonner des r\u00e9parations et parer ainsi aux accidents, qui ne manquaient pas d&rsquo;arriver cependant, car nous trouvons dans une lettre du 6 avril 1766 : \u00ab Hier, sur les neuf heures du matin, tandis que MM.*\u00a0\u00bb\u00a0\u00bb de la Vallonne et de Fontenay, avec leur suite, passoient, le traillon cassa, ce qui pensa mener tout ce beau monde-l\u00e0 \u00e0 Marseille. \u00bb<\/em><\/p>\n\n\n\n<p class=\"has-medium-font-size\">En 1769, on rempla\u00e7a ce bac par une passerelle en bois, mais celle-ci ayant \u00e9t\u00e9 emport\u00e9e par une crue de l&rsquo;Is\u00e8re cn 1778, le bac fut r\u00e9tabli, et, plus que jamais, constitua pour le seigneur de la Roche-de-Glun, \u00e0 qui un arr\u00eat du conseil d&rsquo;Etat en avait confirme la possession, un fort beau revenu, ainsi qu&rsquo;il appert des comptes de d\u00e9penses et recettes. Du 8 d\u00e9cembre 1778, \u00e9poque \u00e0 laquelle il fut r\u00e9tabli, jusqu&rsquo;au 28 f\u00e9vrier suivant, le b\u00e9n\u00e9fice net du bac de Silllart fut de 1095 livres, ce qui engagea sans doute le sieur Raymond Bonnet, de Saint-Vallier, \u00e0 le prendre \u00e0 ferme, au prix de 6900 livres. Du m\u00eame 8 d\u00e9cembre 1778 au 31 mai 1780, c&rsquo;est-\u00e0-dire pendant moins de dix-huit mois, les recettes furent de 15803 livres et les d\u00e9penses de 10411 livres. (Archives de la Dr\u00f4me, C, 276, 277, 278-et 279.)<\/p>\n\n\n\n<p class=\"has-medium-font-size\"><strong>(<em>2)<\/em><\/strong><em> A Livron, le passage de la Dr\u00f4me se pratiquait \u00e9galement \u00e0 l&rsquo;aide d&rsquo;un bac appartenant \u00e0 l&rsquo;\u00e9v\u00eaque de Valence, seigneur du lieu. Ce bac fut emport\u00e9 en d\u00e9cembre 1765. D\u00e9j\u00e0 l&rsquo;ann\u00e9e pr\u00e9c\u00e9dente la rupture du c\u00e2ble avait occasionn\u00e9 la perte du courrier de France, qui se noya dans la Dr\u00f4me. (Ibid C 279.)<\/em><\/p>\n\n\n\n<p class=\"has-medium-font-size\"><em><strong>(3) <\/strong>La voie romaine construite, peu apr\u00e8s la conqu\u00eate de Domitius Aenobarbus, pour relier Gen\u00e8ve \u00e0 la voie Aur\u00e9lienne allant des Pyr\u00e9n\u00e9es \u00e0 Rome, suivait \u00e0 peu pr\u00e8s le m\u00eame trac\u00e9 que cette route, aujourd&rsquo;hui connue sous le nom de route imp\u00e9riale N\u00b0 7 de Paris \u00e0 Antibes.<\/em><\/p>\n\n\n\n<p class=\"has-medium-font-size\">Entre le Lez et Lyon, c&rsquo;est-\u00e0-dire sur le territoire qui plus tard forma la province de Dauphin\u00e9, cette voie appel\u00e9e tour \u00e0 tour voie Domitienne (Via Domitia), en m\u00e9moire du conqu\u00e9rant qui avait contribu\u00e9, sans doute, \u00e0 son \u00e9tablissement, et grande voie (Via magna), \u00e0 cause de son importance, avait pour principales stations, \u00e0 partir de la ville de Vienne, pour la partie dr\u00f4moise :<\/p>\n\n\n\n<ul class=\"wp-block-list\">\n<li class=\"has-medium-font-size\">Figlina, station correspondante an pont du Bancel;<\/li>\n\n\n\n<li class=\"has-medium-font-size\">Ursolis, qui, suivant M. Delacroix, appuy\u00e9 sur les rapports \u00e9tymologiques, serait Roussillon, tandis que M. Mac\u00e9, qui se base sur les distances opine pour Saint-Vallier;<\/li>\n\n\n\n<li class=\"has-medium-font-size\">Tegna. Tain;<\/li>\n\n\n\n<li class=\"has-medium-font-size\">Valence, point de d\u00e9part de la voie allant aux Alpes par la vall\u00e9e de la Dr\u00f4me;<\/li>\n\n\n\n<li class=\"has-medium-font-size\">Umbunum, que tous les auteurs disent \u00eatre Ambonil, ce qui est invraisemblable, car cette localit\u00e9 est \u00e0 20 kilom\u00e8tres de Valence, tandis qu&rsquo; Umbunum en \u00e9tait \u00e0 neuf milles, soit environ 13300 m\u00e8tres. Il est donc plus logique de placer cette station \u00e0 \u00c9toile, dont la distance de Valence est de 13 kilom\u00e8tres ;<\/li>\n\n\n\n<li class=\"has-medium-font-size\">Banlianis ou Bancianis, dont on retrouve le nom dans celui de Bance, territoire de la commune de Saulce;<\/li>\n\n\n\n<li class=\"has-medium-font-size\">Acusium ou Acunum, Mont\u00e9limar ou Ancone;<\/li>\n\n\n\n<li class=\"has-medium-font-size\">Novem Cravis, le hameau ou logis de Berre, sur la rivi\u00e8re de ce nom;<\/li>\n\n\n\n<li class=\"has-medium-font-size\">Lectoce, Boll\u00e8ne sur le Lez, limite du d\u00e9partement de la Dr\u00f4me.<\/li>\n<\/ul>\n\n\n\n<p class=\"has-medium-font-size\">Dans le cours du XVIII<sup>e<\/sup> si\u00e8cle, cette route, dite alors de Lyon en Provence, fut consid\u00e9rablement am\u00e9lior\u00e9e, \u00e0 l&rsquo;aide de subventions obtenues du Tr\u00e9sor royal et ensuite des \u00c9tats, lesquels d\u00e9pens\u00e8rent pendant cette p\u00e9riode entre Saint-Rambert et le Lez, c&rsquo;est-\u00e0-dire sur le territoire du d\u00e9partement de la Dr\u00f4me actuel, la somme \u00e9norme pour le temps de 3 244 824 livres, non compris les travaux ex\u00e9cut\u00e9s par les communaut\u00e9s voisines, charg\u00e9es en outre de l&rsquo;entretien annuel, et qu&rsquo;un \u00e9tat de l&rsquo;an 1751 \u00e9value \u00e0 16 sols 8 deniers la toise courante (soit 420 francs (de 1874) environ par kilom\u00e8tre).<\/p>\n\n\n\n<p class=\"has-medium-font-size\">A propos de routes, il est bon d&rsquo;observer qu&rsquo;il y en a deux par \u00e9tapes en Dauphin\u00e9; l&rsquo;une pour aller de Lyon en Languedoc, et l&rsquo;autre de la m\u00eame ville en Brian\u00e7onnais. La premi\u00e8re commence \u00e0<\/p>\n\n\n\n<p class=\"has-medium-font-size\">Vienne, d&rsquo;o\u00f9 l&rsquo;infanterie s&rsquo;achemine sur Saint-Romain-d&rsquo;Albon, tandis que la cavalerie va \u00e0 Moras et de l\u00e0 \u00e0 Romans, Valence, Livron, Mont\u00e9limar, Saint-Paul et le Saint-Esprit, qui est l&rsquo;entr\u00e9e du Languedoc. La seconde route d&rsquo;\u00e9tape commence aussi par Vienne et Saint-Romain-d&rsquo;Albon, d&rsquo;o\u00f9 l&rsquo;infanterie va \u00e0 Valence et de l\u00e0 \u00e0 Crest, tandis que la cavalerie passe \u00e0 Romans, pour se diriger,\u00e0 partir de Crest, conjointement avec les troupes de pied, sur Die, Lesches, Bauri\u00e8res,Fourcinet, Veynes, Gap, Chorges, Embrun et Brian\u00e7on.<\/p>\n\n\n\n<p><\/p>\n\n\n\n<p class=\"has-medium-font-size\"><strong>Les grands chemins <\/strong>sont au nombre de quatre :<\/p>\n\n\n\n<ul class=\"wp-block-list\">\n<li class=\"has-medium-font-size\">1\u00b0 celui de Lyon \u00e0 Grenoble par Heyrieux, Arias et Moirans<\/li>\n\n\n\n<li class=\"has-medium-font-size\">2\u00b0 celui de Grenoble \u00e0 Chamb\u00e9ry par Crosle, Barraux et Chapareillan (1)<\/li>\n\n\n\n<li class=\"has-medium-font-size\">3\u00b0 celui de Grenoble \u00e0 Valence, par Moirans, Saint-Marcellin et Romans(2)<\/li>\n\n\n\n<li class=\"has-medium-font-size\">4\u00b0 celui de Lyon \u00e0 Chamb\u00e9ry, par la Verpili\u00e8re, Bourgoin et Pont-dc-Beauvoisin .<\/li>\n<\/ul>\n\n\n\n<p class=\"has-medium-font-size\">Tous ces chemins, o\u00f9 passent commod\u00e9ment les carrosses et charriots,sont entretenus aussi bien que faire se peut avec les fonds qu&rsquo;il pla\u00eet au roi d&rsquo;assigner chaque ann\u00e9e sur l&rsquo;\u00e9tat des ponts et chauss\u00e9es (3).<\/p>\n\n\n\n<p class=\"has-medium-font-size\"><em><strong>(1)<\/strong> A l&rsquo;\u00e9poque romaine, Valence et Lyon communiquaient avec Grenoble par la voie dite de Vienne \u00e0 Turin soud\u00e9e \u00e0 la voie Domitienne dans la premi\u00e8re de ces villes et passant par Tourdan (Turecionum, Moirans (Morginum), Grenoble (Cularo), la vall\u00e9e d&rsquo;Oisans, o\u00f9 se voient encore quelques vestiges d\u00e9sign\u00e9s sous le nom de chemin de Rochetaill\u00e9e, Mont-de-Lans (Mellosedum). o\u00f9 elle traversait de nouveau la Romanche, Villard-d&rsquo;Ar\u00e8nes (Durotiacum), le col du Lautaret, le Monestier-de-Brian\u00e7on (Stabalion), Brian\u00e7on (Brigiani), on s&#8217;embranchait la voie d&rsquo;Arles \u00e0 Milan, le mont Gen\u00e8vre, Oulx (Ocellum et ad Marlis), Suzc (Secusia), etc.<\/em><\/p>\n\n\n\n<p class=\"has-medium-font-size\"><em>De Gap, une autre voie se dirigeait vers Valence par la vall\u00e9e de te Dr\u00f4me, passant \u00e0 Veynes (Davianum), Mont-de-Lans (Mans Selcucus), le col de Cabres, Luc (Lucum), Die (Dea Voconliorum), Saillans (Darentiaca), Aouste (Augusta) et Montoison (Cerebelliaca), c&rsquo;est-\u00e0-dire suivant \u00e0 peu pr\u00e8s le m\u00eame trac\u00e9 que la route d\u00e9partementale D 93 de Valence \u00e0 Sisteron.<\/em><\/p>\n\n\n\n<p class=\"has-medium-font-size\"><strong>(2) <\/strong>Cette route, aujourd&rsquo;hui imp\u00e9riale, class\u00e9e sous le D 92 de Valence \u00e0 Gen\u00e8ve, \u00e9tait alors appel\u00e9e roule de Valence ou de Provence en Bugey.<\/p>\n\n\n\n<p class=\"has-medium-font-size\"><em><strong>(3)<\/strong> Les anciennes coutumes f\u00e9odales, attribuaient aux seigneurs des terres travers\u00e9es l&rsquo;entretien des diverses voies de communication, en compensation de quoi, ceux-ci obtinrent pour la plupart, du souverain, l&rsquo;autorisation d&rsquo;\u00e9tablir sur les routes des p\u00e9ages \u00e0 leur profit. Cet \u00e9tat de choses \u00e9tant fort pr\u00e9judiciable \u00e0 la viabilit\u00e9, les int\u00e9ress\u00e9s, g\u00e9n\u00e9ralement tr\u00e8s-jaloux de leurs droits, l&rsquo;\u00e9tant beaucoup moins de leurs charges, un \u00e9dit de l&rsquo;an 1599 pla\u00e7a sous la main royale les voies importantes, d\u00e8s lors appel\u00e9es \u00e0 cause de cela chemins royaux, tandis que les autres, rest\u00e9es \u00e0 la charge des propri\u00e9taires du voisinage, furent d\u00e9nomm\u00e9es chemins voisinaux, et il fut \u00e9tabli dans chaque province un commissaire pour la visite et r\u00e9paration des chemins royaux et autres, recevant ses pouvoirs du roi, avec l&rsquo;assentiment des \u00c9tats de la province.<\/em><\/p>\n\n\n\n<p class=\"has-medium-font-size\">Cinq ans apr\u00e8s, Salomon du Faure, successeur de Jocerand Bertrand dans celle charge, ne trouvant pas ses droits, devoirs et attributions assez clairement d\u00e9finis, adressa pour cet effet plusieurs requ\u00eates au parlement de Grenoble, qui le 23 mai 1605 publia en forme d&rsquo;arr\u00eat un r\u00e8glement g\u00e9n\u00e9ral. Par cet acte, il \u00e9tait enjoint audit commissaire de faire la visite de tons les chemins de la province, \u00e0 commencer par les environs de Grenoble, l&rsquo;autorisant \u00e0 se donner trois substituts dans ses fonctions, dont un pour le Viennois, un pour le Valentinois et le Diois, et l&rsquo;autre pour les montagnes.<\/p>\n\n\n\n<p class=\"has-medium-font-size\">Les chemins royaux devaient avoir douze toises de largeur dans les bois et vingt pieds partout ailleurs, les foss\u00e9s non compris, \u00ab\u00a0<em>&nbsp;sinon que l&rsquo;assiette du lieu ne le p\u00fbt commod\u00e9ment souffrir ; quant aux autres, ils n&rsquo;avaient pas de largeur sp\u00e9cifi\u00e9e, mais devaient, autant que possible, \u00eatre pourvus de foss\u00e9s pour l&rsquo;\u00e9coulement des eaux pluviales, en tout cas en bon \u00e9tat, les arbres incommodant le passage coup\u00e9s et les pierres rang\u00e9es en mura<\/em><em>ill<\/em><em>es au bord desdits chemins; et ce de l&rsquo;avis des ch\u00e2t<\/em><em>e<\/em><em>lains et consuls, <\/em><em>l<\/em><em>es propri\u00e9taires des fonds aboutissants appel\u00e9s, car \u00e0 ces derniers incomb<\/em><em>a<\/em><em>ient toutes les r\u00e9parations, \u00e0 moins qu&rsquo;ils ne \u00bb pr\u00e9f\u00e9rassent abandonner lesdits fonds, qui alors seraient mis \u00e0 l&rsquo;inquant et d\u00e9livrez au dernier ench\u00e9risseur, qui en sera mis en possession par le ch\u00e2telain, sans autre d\u00e9cret de justice, pour \u00eatre les deniers qui <\/em><em>e<\/em><em>n sortiront employez auxdites r\u00e9paration<\/em><em>s<\/em><em> et frais n\u00e9cessaires, et ou l&rsquo;ench\u00e8re ne suffirait, la communaut\u00e9 y suppl\u00e9era, comme aussi elle fournira auxdits frais, s&rsquo;il ne se trouve ench\u00e9risseur, en retirant lesdits fond<\/em><em>s<\/em><em> acquis \u00e0 icelles, sans autre formalit\u00e9 de justice&nbsp;\u00ab\u00a0<\/em>. &#8211; Enfin, il \u00e9tait ordonn\u00e9 aux communaut\u00e9s de faire planter le long des chemins sujets \u00e0 \u00eatre encombr\u00e9s par les neiges \u00ab\u00a0<em>&nbsp;marques de bois ou de pierre, ainsi que la commodit\u00e9 des <\/em><em>li<\/em><em>eux le portera, de hauteur suffisante, en forme de \u00bb croix aux deux extr\u00e9mit\u00e9s, et entre deux <\/em><em>e<\/em><em>n forme de pilier, qui surpasse les neiges en temps de la plus grande abondance d<\/em><em>&lsquo;<\/em><em>icelles, qui seront posez <\/em><em>e<\/em><em>n telle distance qu&rsquo;on puisse voir de l&rsquo;une l&rsquo;autre : le <\/em><em>t<\/em><em>out \u00e0 peine d&rsquo;en \u00eatre les ch\u00e2telains et consuls responsables \u00e0 leur priv\u00e9 nom. \u00a0\u00bb&nbsp;<\/em><\/p>\n\n\n\n<p class=\"has-medium-font-size\">En 1627, lors de l&rsquo;\u00e9tablissement d&rsquo;un bureau des finances \u00e0 Grenoble, l&rsquo;inspection et police des routes et chemins royaux furent plac\u00e9es dans ses attributions, et les pr\u00e9sidents de \u00efa nouvelle compagnie crurent pouvoir ajouter \u00e0 leurs titres celui de grands noyers en Dauphin\u00e9. De m\u00eame, ils<\/p>\n\n\n\n<p class=\"has-medium-font-size\">pr\u00e9tendirent plus tard \u00e9tendre leur juridiction sur toutes les questions de voirie grande et petite et publi\u00e8rent \u00e0 cet effet, notamment en 1683, 1684, 1722, 1775, 1776 et 1777, diverses ordonnances destin\u00e9es \u00e0 r\u00e9glementer l&rsquo;entretien des chemins voisinaux, aussi bien que celui des routes royales, enjoignant aux ch\u00e2telains et aux communaut\u00e9s, comme ans seigneurs p\u00e9agers, d&rsquo;avoir \u00e0 faire ex\u00e9cuter les r\u00e9parations n\u00e9cessaires leur incombant; ce qui donna lieu te 4 mars 1780 \u00e0 un arr\u00eat du parlement de Grenoble \u00e9tablissant que la juridiction des tr\u00e9soriers de France au bureau des finances de Dauphin\u00e9, en mati\u00e8re de voirie, ne s&rsquo;\u00e9tendait que sur tous les lieux de la province dont la justice \u00e9tait au roi, sur tous les chemins construits par ordre du roi et sur tous les grands chemins vulgairement nomm\u00e9s royaux; la police et inspection des autres chemins appartenant aux juges des seigneurs hauts justiciers dans le ressort de qui ils \u00e9taient \u00e9tablis; nulle loi, ni \u00e9dit ne leur ayant enlev\u00e9 le droit de conna\u00eetre des faits y relatifs.<\/p>\n\n\n\n<p class=\"has-medium-font-size\">En 1776, l&rsquo;administration des routes et chemins fut rendue aux Etats de la province par un \u00e9dit royal du 11 ao\u00fbt, enregistr\u00e9 le 7 d\u00e9cembre au parlement, qui adressa \u00e0 cette occasion des remerciements au roi.<\/p>\n\n\n\n<p class=\"has-medium-font-size\">Lorsque l&rsquo;organisation du corps des ponts et chauss\u00e9es fut \u00e9tablie en Dauphin\u00e9, il y eut un inspecteur g\u00e9n\u00e9ral de la province r\u00e9sidant \u00e0 Paris, un ing\u00e9nieur en chef et un inspecteur fix\u00e9s \u00e0 Grenoble, sept sous-ing\u00e9nieurs dont deux pour cette derni\u00e8re ville et un pour chacune de celles de Vienne, Gap, Brian\u00e7on, la C\u00f4te-Saint-Andr\u00e9 et Saint-Marcellin, enfin un tr\u00e9sorier des ponts et chauss\u00e9es attach\u00e9 aux bureaux de l&rsquo;intendance.<\/p>\n\n\n\n<p class=\"has-medium-font-size\">Par la suite, dans la province de Dauphin\u00e9, ce nombre des chemins royaux fut consid\u00e9rablement augment\u00e9. Ainsi, le 6 juillet 1683, une ordonnance du bureau des finances de Dauphin\u00e9 imposa la largeur r\u00e9glementaire de vingt pieds aux chemins suivants, pour la Dr\u00f4me on a :<\/p>\n\n\n\n<p class=\"has-medium-font-size\">De Grenoble \u00e0 Valence, Mont\u00e9limar et Pont-Saint-Esprit, par Romans&nbsp;;<\/p>\n\n\n\n<p class=\"has-medium-font-size\">De Grenoble en Provence, par Lns-la-Croix-Haute;<\/p>\n\n\n\n<p class=\"has-medium-font-size\">De Vienne \u00e0 Lyon et Valence;<\/p>\n\n\n\n<p class=\"has-medium-font-size\">De Vienne \u00e0 Romans, par Beaurepaire;<\/p>\n\n\n\n<p class=\"has-medium-font-size\">De Romans \u00e0 Crest et \u00e0 Tain;<\/p>\n\n\n\n<p class=\"has-medium-font-size\">De Crest en Provence, pur Ch\u00e2teauneuf-de-Mazenc, Aleyrac et Salles;<\/p>\n\n\n\n<p class=\"has-medium-font-size\">De Crest \u00e0 Mont\u00e9limar par Sauset;<\/p>\n\n\n\n<p class=\"has-medium-font-size\">De Crest \u00e0 Gap, par Die, Lesches et Veynes;<\/p>\n\n\n\n<p class=\"has-medium-font-size\">De Saint-Paul-Trois-Ch\u00e2teaux au Pont-Saint-Esprit<\/p>\n\n\n\n<p class=\"has-medium-font-size\">De Saint-Paul-Trois-Ch\u00e2teaux \u00e0 Veynes, par Nyons, le Buis et Orpierre;<\/p>\n\n\n\n<p><\/p>\n\n\n\n<p class=\"has-medium-font-size\"><strong>Quant aux ponts,<\/strong> ils sont peu nombreux actuellement (1698) dans cette province; concernant ceux de la Dr\u00f4me les seuls dignes de consid\u00e9ration \u00e9taient celui de <a href=\"#romanssurlisere\">Romans sur l&rsquo;Is\u00e8re <\/a><strong>(1)<\/strong> construit moiti\u00e9 de pierres, moiti\u00e9 de bois, sur les ruines d&rsquo;un plus ancien d\u00e9truit en 1651 mais dans un si mis\u00e9rable \u00e9tat qu&rsquo;il ne saurait durer encore plus de dix ans <strong>(2)<\/strong>.<\/p>\n\n\n\n<p class=\"has-medium-font-size\">Plusieurs autres ponts emport\u00e9s par l&rsquo;inondation de 1651 n&rsquo;ont pas \u00e9t\u00e9 reconstruits, et il serait tr\u00e8s urgent de les r\u00e9tablir au plus t\u00f4t, comme aussi d&rsquo;en construire plusieurs \u00e0 neuf, savoir : un au port de <a href=\"#larochesurlisere\">la Roche sur l&rsquo;Is\u00e8re<\/a> <strong>(2)<\/strong>, un sur la Dr\u00f4me, \u00e0 <a href=\"#livron\">Livron<\/a> <strong>(3)<\/strong>, et un \u00e0 Mont\u00e9limar sur <a href=\"#leroubion\">le Roubion<\/a> <strong>(4)<\/strong>, ces trois derniers \u00e9tant sur la route de Lyon en Provence, dont le commerce a beaucoup \u00e0 souffrir toutes les fois que les rivi\u00e8res grossissent, soit par l&rsquo;effet des pluies, soit par la fonte des neiges.<\/p>\n\n\n\n<p class=\"has-medium-font-size\" id=\"romanssurlisere\"><em><strong>(1<\/strong>) De temps imm\u00e9morial, il existait \u00e0 Romans sur l&rsquo;Is\u00e8re un pont qui fut emport\u00e9 par les eaux en 1219. R\u00e9tabli peu de temps apr\u00e8s par l&rsquo;archev\u00eaque de Vienne, Jean de Bernin, abb\u00e9 et seigneur de Romans, qui fit construire sur la premi\u00e8re arche, avec une petite chapelle d\u00e9di\u00e9e \u00e0 Notre-Dame, un asile pour les pauvres jacini\u00e8res (femmes en couches), celui-ci fut ruin\u00e9 en partie avec cet asile par Am\u00e9d\u00e9e de Roussillon, \u00e9v\u00eaque de Valence, assi\u00e9geant les Romanais r\u00e9volt\u00e9s en 1281. Depuis lors, les r\u00e9parations qui y furent faites ensuite de diverses inondations, notamment de celle de 1350, dur\u00e8rent peu, ce qui engagea la commune de Romans et le chapitre de Saint-Barnard, qui y avait un droit de pontonnage, \u00e0 le faire r\u00e9parer d&rsquo;une mani\u00e8re convenable. En effet, dans les premi\u00e8res ann\u00e9es du XV<sup>e<\/sup> si\u00e8cle une r\u00e9\u00e9dification s\u00e9rieuse fut faite, partie \u00e0 l&rsquo;aide d&rsquo;un imp\u00f4t sur le vin \u00e9tabli \u00e0 celte occasion, partie avec le produit de qu\u00eates et diverses offrandes des habitants et des chanoines.Ruin\u00e9 de nouveau en 1651, le pont de Romans fut alors construit en bois par les soins et aux frais de S\u00e9bastien de Lyonne de Leyssins, seigneur de Triors, Mercurol, Fland\u00e8nes et G\u00e9nissieu, qui obtint en compensation du bureau des tr\u00e9soriers de France l&rsquo;autorisation de percevoir un droit de passage \u00e0 son profit.<\/em><\/p>\n\n\n\n<p class=\"has-medium-font-size\"><em>D\u00e9truit en 1712 et r\u00e9\u00e9difi\u00e9 cinq ans apr\u00e8s par l&rsquo;administration royale, ce nouveau pont a dur\u00e9 ainsi jusqu&rsquo;en 1814, \u00e9poque \u00e0 laquelle on en fit sauter une arche pour intercepter le passage des arm\u00e9es alli\u00e9es. Enfin en 1856 le pont de Romans a \u00e9t\u00e9 \u00e9largi, et alors seulement a \u00e9t\u00e9 d\u00e9molie la chapelle de Notre-Dame b\u00e2tie par Jean de Bernin. Il est \u00e0 remarquer cependant qu&rsquo;il n&rsquo;y a jamais eu de reconstruction totale, et que la premi\u00e8re arche du c\u00f4t\u00e9 de la ville est probablement ant\u00e9rieure \u00e0 l&rsquo;an 1219, car l&rsquo;\u00e9pitaphe de l&rsquo;archev\u00eaque de Bernin mentionne express\u00e9ment qu&rsquo;il fit reb\u00e2tir le pont en partie.<\/em><\/p>\n\n\n\n<p class=\"has-medium-font-size\"><em>D&rsquo;antre part, il faut observer que pendant la dur\u00e9e des diverses ruptures de ce pont, le chapitre de Saint-Barnard,usant d&rsquo;un droit obtenu des empereurs d&rsquo;Allemagne, confirm\u00e9 en 1348 par le dauphin Humbert II, fit \u00e9tablir chaque fois un bac pour faciliter la travers\u00e9e de l&rsquo;Is\u00e8re, ce qui donna lieu \u00e0 de grandes contestations avec les officiers royaux, pr\u00e9tendant que l&rsquo;\u00e9tablissement de ce bac par le chapitre \u00e9tait attentatoire aux pr\u00e9rogatives du roi dauphin. N\u00e9anmoins, un arr\u00eat du conseil delphinal rendu le 16 novembre 1398, sous la pr\u00e9sidence du gouverneur du Dauphin\u00e9, Charles de Bouville, maintint les l\u00e9gitimes pr\u00e9tentions du chapitre de Romans.<\/em><\/p>\n\n\n\n<p class=\"has-medium-font-size\" id=\"larochesurlisere\"><em><strong>(2)<\/strong> La Roche sur l&rsquo;Is\u00e8re &#8211;  Le premier pont \u00e9tabli sur l&rsquo;Is\u00e8re au port de la Roche-de-Glun fut construit en bois en 1769, suivant les plans et devis de l&rsquo;inspecteur g\u00e9n\u00e9ral Bouchet, par le sieur Jean Lemoine, qui s&rsquo;en \u00e9tait rendu adjudicataire au prix de 168 000 livres. Une crue de la rivi\u00e8re l&#8217;emporta en 1778, et le bac fut r\u00e9tabli.<\/em><\/p>\n\n\n\n<p class=\"has-medium-font-size\"><em>Sous le premier empire, pareille construction eut lien dans les m\u00eames conditions. Ce nouveau pont fut br\u00fbl\u00e9 en 1814 par ordre d&rsquo;Augereau pour couper le passage aux troupes alli\u00e9es. Enfin, il a \u00e9t\u00e9 b\u00e2ti un troisi\u00e8me en pierre en 1822-25, dont la d\u00e9pense s&rsquo;est \u00e9lev\u00e9e \u00e0 1 375 000 francs; c&rsquo;est le pont actuel.<\/em><\/p>\n\n\n\n<p class=\"has-medium-font-size\" id=\"livron\"><em><strong>(3) <\/strong>Livron &#8211; Tr\u00e8s anciennement il existait \u00e0 Livron un pont sur la Dr\u00f4me, ruin\u00e9 d\u00e8s les premi\u00e8res ann\u00e9es du XVI<sup>e<\/sup> si\u00e8cle, et dont la reconstruction fut alors entreprise par les habitants de ce bourg, qui pour cela firent appel \u00e0 la lib\u00e9ralit\u00e9 des communaut\u00e9s voisines du Dauphin\u00e9 et du Languedoc. A cet appel r\u00e9pondirent, entre autres, Guillaume Bri\u00e7onnet, cardinal-archev\u00eaque de Narbonne; Guillaume P\u00e9lissier, \u00e9v\u00eaque de Maguelonne; Pierre, archev\u00eaque d&rsquo;Aix, et Claude de Tournon, \u00e9v\u00eaque de Viviers, qui, le 12 octobre, le 26 septembre, le 13 novembre 1512 et le 14 avril 1513, publi\u00e8rent des lettres accordant le premier cent jours et les autres quarante jours d&rsquo;indulgence \u00e0 tous ceux qui contribueraient d&rsquo;une mani\u00e8re quelconque \u00e0 la r\u00e9\u00e9dification du pont de Livron, \u00e0 quoi Christophe de Sallient, vicaire g\u00e9n\u00e9ral de Claude de Tournon, \u00e9v\u00eaque de Valence et de Die, ajouta, par lettre du 23 ao\u00fbt 1513, autres quarante jours d&rsquo;indulgence aux m\u00eames conditions, et de plus ordonna aux cur\u00e9s et vicaires du dioc\u00e8se de laisser faire aux procureurs du pont telles qu\u00eates qu&rsquo;ils jugeraient convenables, d&rsquo;exhorter le peuple de concourir \u00e2 cette \u0153uvre et de faire des processions pour cette \u0153uvre pie.<\/em><\/p>\n\n\n\n<p class=\"has-medium-font-size\"><em>Ce deuxi\u00e8me pont ayant \u00e9t\u00e9 d\u00e9moli, probablement pendant les guerres de religion dont Livron eut tant \u00e0 souffrir, l&rsquo;\u00e9v\u00eaque de Valence, seigneur du lieu, fit \u00e9tablir \u00e0 sa place un bac qui a desservi le passage de la Dr\u00f4me jusqu&rsquo;en 1789. ( <a href=\"https:\/\/histoire-patrimoine-aoustois.fr\/?p=5066\">https:\/\/histoire-patrimoine-aoustois.fr\/?p=5066<\/a>)<\/em><\/p>\n\n\n\n<p class=\"has-medium-font-size\"><em>Cette ann\u00e9e-l\u00e0 fut livr\u00e9 \u00e0 la circulation le pont actuel, dont la construction, commenc\u00e9e en 1766, avait \u00e9t\u00e9 adjug\u00e9e le 23 novembre de cette ann\u00e9e \u00e2 Jean Lemoine, moyennant le prix de 536 000 livres augment\u00e9 en 1781 de 401 000 livres et en 1783 de 65 000 livres, ce qui porte la d\u00e9pense totale 1 005 000 livres<\/em>.<\/p>\n\n\n\n<p class=\"has-medium-font-size\"><em>Le pont de Livron est fameux dans l&rsquo;histoire contemporaine par le combat que s&rsquo;y livr\u00e8rent le 2 avril 1815 les troupes royales venant du midi et les gardes nationales charg\u00e9es de s&rsquo;opposer \u00e0 leur passage.<\/em><\/p>\n\n\n\n<p class=\"has-medium-font-size\" id=\"leroubion\"><em>(4) Le Roubion &#8211; En 1783, un pont en bois, construit suivant les plans de l&rsquo;ing\u00e9nieur Marmillod, fut construit sur le Roubion par l&rsquo;entrepreneur Rey-Giraud, \u00e0 qui il avait \u00e9t\u00e9 adjug\u00e9 au prix de 125 509 livres ; plus tard, il fut repris en ma\u00e7onnerie et enfin livr\u00e9 au public cn 1806, dans l&rsquo;\u00e9tat o\u00f9 il est aujourd&rsquo;hui au XX<sup>e<\/sup> si\u00e8cle. Le m\u00eame ing\u00e9nieur avait d\u00e9j\u00e0 fait construire sur cette partie de la route de Lyon en Provence trente-cinq ponceaux sur divers ruisseaux et torrents.<\/em><br><br><\/p>\n\n\n\n<p><\/p>\n\n\n\n<p class=\"has-text-align-center has-medium-font-size\" id=\"IVpopulation\"><strong>IV. POPULATION.<\/strong><br><br><\/p>\n\n\n\n<p><\/p>\n\n\n\n<p class=\"has-medium-font-size\"><strong>La population <\/strong>du Dauphin\u00e9 a \u00e9t\u00e9 plus importante qu&rsquo;elle ne l&rsquo;est actuellement d&rsquo;un huiti\u00e8me environ. Cette diminution provient de la derni\u00e8re <a href=\"#guerre\">guerre<\/a> <strong>(1)<\/strong>, de la st\u00e9rilit\u00e9 des ann\u00e9es 1603 et 1694 qui occasionna une grande mortalit\u00e9 et de la d\u00e9sertion d&rsquo;une partie des <a href=\"#nouveauxconvertis\">nouveaux convertis<\/a> <strong>(2)<\/strong>. En l&rsquo;\u00e9tat donc, le nombre de ses <a href=\"#habitants\">habitants<\/a> est de 513 385 <strong>(3)<\/strong>, dont 28 944 <a href=\"#religionnaires\">religionnaires <\/a><strong>(4)<\/strong>, 10 300 de ceux-ci ayant d\u00e9sert\u00e9 dans le courant de l&rsquo;ann\u00e9e 1687, laquelle population dr\u00f4moise se r\u00e9partit en 415 communaut\u00e9s, de la mani\u00e8re suivante :<\/p>\n\n\n\n<p class=\"has-medium-font-size\">&#8211; \u00c9lection de Valence, en 81 communaut\u00e9s, 54 670 habitants, y compris 4 229 religionnaires, 617 \u00e9tant d\u00e9serteurs. La population actuelle de Valence: 16 870 habitants.<\/p>\n\n\n\n<p class=\"has-medium-font-size\">&#8211; \u00c9lection de Romans, en 103 communaut\u00e9s, 68 707 habitants, dont 318 religionnaires, non compris 373 d\u00e9serteurs. Dans une assembl\u00e9e des habitants de la ville de Romans tenue le 31 mars 1359, il y eut 400 chefs de famille, ce qui suppose alors une population d&rsquo;environ 2 000 \u00e2mes. Romans compte \u00e0 pr\u00e9sent 12 000 habitants.<\/p>\n\n\n\n<p class=\"has-medium-font-size\">&#8211; \u00c9lection de Mont\u00e9limar , en 230 communaut\u00e9s, 93 919 habitants, dont 12 864 religionnaires, plus 2 716 d\u00e9serteurs. La population actuelle de Mont\u00e9limar 11 523 habitants.<\/p>\n\n\n\n<p class=\"has-medium-font-size\">Le terme de paroisse n&rsquo;est connu en Dauphin\u00e9 que par rapport au spirituel&nbsp;; en toutes autres affaires, soit militaires, de justice ou de finance, on utilise le terme de communaut\u00e9.<\/p>\n\n\n\n<p class=\"has-medium-font-size\">Sur le tableau suivant, on trouve la population des villes, bourgs et villages de la Dr\u00f4me<\/p>\n\n\n\n<p><\/p>\n\n\n\n<p><\/p>\n\n\n\n<div class=\"wp-block-group has-medium-font-size\"><div class=\"wp-block-group__inner-container is-layout-constrained wp-block-group-is-layout-constrained\">\n<figure class=\"wp-block-table\"><table class=\"has-fixed-layout\"><tbody><tr><td><strong>Noms des communaut\u00e9s<\/strong> <strong>en 1698<\/strong><\/td><td>    <br>             <strong>Communes actuelles<\/strong><br><\/td><td><strong>Nombre de personnes en 1698<\/strong><\/td><\/tr><tr><td><br><\/td><td><br><\/td><td><br><\/td><\/tr><tr><td>Aix<\/td><td>Aix-en-Diois<\/td><td>128<\/td><\/tr><tr><td>Albon<\/td><td>Albon, Andancette, Anneyron, Saint-Rambert-d&rsquo;Albon<\/td><td>1484<\/td><\/tr><tr><td>Alen\u00e7on<\/td><td>Roche-Saint-Secret-B\u00e9conne<\/td><td>32<\/td><\/tr><tr><td>Aleyrac<\/td><td>Aleyrac<\/td><td>40<\/td><\/tr><tr><td>Alixan<\/td><td>Alixan (Saint-Marcel-l\u00e8s-Valence)<\/td><td>1280<\/td><\/tr><tr><td>Allex et Aubonne<\/td><td>Allex<\/td><td>864<\/td><\/tr><tr><td>Ambonil<\/td><td>Ambonil<\/td><td>60<\/td><\/tr><tr><td>Anc\u00f4ne<\/td><td>Anc\u00f4ne<\/td><td>408<\/td><\/tr><tr><td>Ansage, Ombl\u00e8ze et les P\u00e9chers<\/td><td>Ombl\u00e8ze<\/td><td>316<\/td><\/tr><tr><td>Aouste<\/td><td><a href=\"https:\/\/histoire-patrimoine-aoustois.fr\/?p=5591\">Aouste-sur-Sye<\/a><\/td><td>928<\/td><\/tr><tr><td>Arnayon<\/td><td>Arnayon<\/td><td>152<\/td><\/tr><tr><td>Arpavon<\/td><td>Arpavon<\/td><td>284<\/td><\/tr><tr><td>Arth\u00e9monay<\/td><td>Arth\u00e9monay ( Le Chalon)<\/td><td>148<\/td><\/tr><tr><td>Aubenasson<\/td><td>Aubenasson<\/td><td>84<\/td><\/tr><tr><td>Aubres<\/td><td>Aubres<\/td><td>316<\/td><\/tr><tr><td>Aucelon<\/td><td>Aucelon<\/td><td>224<\/td><\/tr><tr><td>Aulan<\/td><td>Aulan<\/td><td>104<\/td><\/tr><tr><td>Aurel<\/td><td>Aurel<\/td><td>564<\/td><\/tr><tr><td>Auriples<\/td><td>Auriples<\/td><td>144<\/td><\/tr><tr><td>Autanne<\/td><td>Buis-les-Baronnies<\/td><td>48<\/td><\/tr><tr><td>Auterives<\/td><td>Hauterives, Tersanne<\/td><td>972<\/td><\/tr><tr><td>Autichamp<\/td><td>Autichamp<\/td><td>228<\/td><\/tr><tr><td>Baix aux Montagnes<\/td><td>Plan de Baix<\/td><td>352<\/td><\/tr><tr><td>Ballons<\/td><td>Ballons<\/td><td>384<\/td><\/tr><tr><td>Barbi\u00e8res<\/td><td>Barbi\u00e8res<\/td><td>388<\/td><\/tr><tr><td>Barcelonne<\/td><td>Barcelonne<\/td><td>292<\/td><\/tr><tr><td>Barnave<\/td><td>Barnave<\/td><td>244<\/td><\/tr><tr><td>Barry et Vercheny<\/td><td>Vercheny<\/td><td>376<\/td><\/tr><tr><td>Bathernay<\/td><td>Bathernay<\/td><td>104<\/td><\/tr><tr><td>Beaufort<\/td><td><a href=\"https:\/\/aouste-a-coeur.fr\/beaufort-sur-gervanne\/\">Beaufort sur Gervanne<\/a><\/td><td>264<\/td><\/tr><tr><td>Beaumont<\/td><td>Beaumont-l\u00e8s-Valence<\/td><td>780<\/td><\/tr><tr><td>Beaumont<\/td><td>Beaumont-en-Diois<\/td><td>212<\/td><\/tr><tr><td>Beaumont-Monteux<\/td><td>Beaumont-Monteux Granges-l\u00e8s-Beaumont<\/td><td>528<\/td><\/tr><tr><td>Beauregard, Jaillans Meymans<\/td><td>Beauregard-Baret, Jaillans<\/td><td>984<\/td><\/tr><tr><td>Beauri\u00e8res et Saint-Cassiat<\/td><td>Beauri\u00e8res<\/td><td>184<\/td><\/tr><tr><td>Beausemblant<\/td><td>Beaussemblant<\/td><td>348<\/td><\/tr><tr><td>B\u00e9conne<\/td><td>La Roche-Saint-Secret-B\u00e9conne<\/td><td>104<\/td><\/tr><tr><td>Bellecombe, Penafol et Tarendol<\/td><td>Bellecombe-Tarendol<\/td><td>160<\/td><\/tr><tr><td>Bellegarde<\/td><td>Bellegarde en Diois<\/td><td>392<\/td><\/tr><tr><td>Benivay et Beauvoisin<\/td><td>Benivay-Ollon Beauvoisin<\/td><td>256<\/td><\/tr><tr><td>B\u00e9signan<\/td><td>B\u00e9signan<\/td><td>140<\/td><\/tr><tr><td>Bezaudun<\/td><td>Bezaudun-sur-B\u00eene<\/td><td>340<\/td><\/tr><tr><td>Bonlieu<\/td><td>Bonlieu sur Roubion<\/td><td>124<\/td><\/tr><tr><td>Bonneval<\/td><td>Boulc<\/td><td>204<\/td><\/tr><tr><td>Boulc<\/td><td>Boulc<\/td><td>276<\/td><\/tr><tr><td>Bourdeaux<\/td><td>Bourdeaux<\/td><td>932<\/td><\/tr><tr><td>Bourg-l\u00e8s-Valence<\/td><td>Bourg-l\u00e8s-Valence (Saint-Marcel-l\u00e8s-Valence)<\/td><td>1592<\/td><\/tr><tr><td>Bouvante<\/td><td>Bouvante<\/td><td>612<\/td><\/tr><tr><td>Bouvi\u00e8res et Guisand<\/td><td>Bouvi\u00e8res<\/td><td>488<\/td><\/tr><tr><td>Bren<\/td><td>Bren<\/td><td>260<\/td><\/tr><tr><td>Brette Pradelle et Brette et le Gleyzol<\/td><td>Brette Pradelle<\/td><td>320<\/td><\/tr><tr><td>Chabeuil<\/td><td>Chabeuil, Malissard<\/td><td>2616<\/td><\/tr><tr><td>Chabrillan<\/td><td>Chabrillan<\/td><td>708<\/td><\/tr><tr><td>Chalancon<\/td><td>Chalancon<\/td><td>432<\/td><\/tr><tr><td>Chamaloc<\/td><td>Chamaloc<\/td><td>224<\/td><\/tr><tr><td>Chamaret-le-Maigre<\/td><td>Chamaret<\/td><td>380<\/td><\/tr><tr><td>Chanos et Curson<\/td><td>Chanos-Curson<\/td><td>472<\/td><\/tr><tr><td>Chantemerle<\/td><td>Chantemerle-les-Bl\u00e9s<\/td><td>588<\/td><\/tr><tr><td>Charens<\/td><td>Charens<\/td><td>168<\/td><\/tr><tr><td>Charmes<\/td><td>Charmes-sur-l&rsquo;Herbasse<\/td><td>312<\/td><\/tr><tr><td>Charois<\/td><td>Charois<\/td><td>184<\/td><\/tr><tr><td>Charpey<\/td><td>Cbarpey, Besayes, Saint Vincent la Commanderie<\/td><td>1880<\/td><\/tr><tr><td>Chastel Arnaud<\/td><td>Chastel Arnaud, Saint Sauveur en Diois<\/td><td>320<\/td><\/tr><tr><td>Ch\u00e2teaudouble et Peyrus<\/td><td>Ch\u00e2teaudouble Peyrus (L\u00e9oncel)<\/td><td>1180<\/td><\/tr><tr><td>Ch\u00e2teauneuf de Galaure<\/td><td>Ch\u00e2teauneuf de Galaure<\/td><td>736<\/td><\/tr><tr><td>Ch\u00e2teauneuf-d&rsquo;Is\u00e8re<\/td><td>Ch\u00e2teauneuf-d&rsquo;Is\u00e8re (Saint-Marcel-l\u00e8s-Valence)<\/td><td>1232<\/td><\/tr><tr><td>Ch\u00e2teauneuf-de-Bordette<\/td><td>Cb\u00e2teauneuf-de-Bordette<\/td><td>164<\/td><\/tr><tr><td>Ch\u00e2teauneuf-de-Mazenc<\/td><td>La B\u00e9gude-de-Mazenc<\/td><td>928<\/td><\/tr><tr><td>Ch\u00e2teauneuf-du-Rh\u00f4ne<\/td><td>Ch\u00e2teauneuf-du-Rh\u00f4ne<\/td><td>640<\/td><\/tr><tr><td>Ch\u00e2tillon<\/td><td>Ch\u00e2tillon-en-Diois<\/td><td>968<\/td><\/tr><tr><td>Ch\u00e2tillon et Saint-Jean<\/td><td>Ch\u00e2tillon Saint-Jean<\/td><td>252<\/td><\/tr><tr><td>Chaudebonne<\/td><td>Chaudebonne<\/td><td>224<\/td><\/tr><tr><td>Chauvac<\/td><td>Chauvac<\/td><td>156<\/td><\/tr><tr><td>Chavannes<\/td><td>Chavannes<\/td><td>156<\/td><\/tr><tr><td>Clansayes<\/td><td>Clansayes<\/td><td>352<\/td><\/tr><tr><td>Claveyson<\/td><td>Claveyson<\/td><td>428<\/td><\/tr><tr><td>Cl\u00e9on-d&rsquo;Andran<\/td><td>Cl\u00e9on-d&rsquo;Andran<\/td><td>336<\/td><\/tr><tr><td>Cl\u00e9rieux<\/td><td>Cl\u00e9rieux, Saint-Bardoux<\/td><td>1012<\/td><\/tr><tr><td>Cliousclat<\/td><td>Cliousclat<\/td><td>372<\/td><\/tr><tr><td>Cobonne<\/td><td>Cobonne<\/td><td>220<\/td><\/tr><tr><td>Combovin<\/td><td>Combovin<\/td><td>664<\/td><\/tr><tr><td>Comps et Truinas<\/td><td>Comps Truinas<\/td><td>368<\/td><\/tr><tr><td>Condillac<\/td><td>Condillac<\/td><td>128<\/td><\/tr><tr><td>Condorcet<\/td><td>Condorcet<\/td><td>672<\/td><\/tr><tr><td>Cr\u00e9pol<\/td><td>Cr\u00e9pol (Le Chalon)<\/td><td>528<\/td><\/tr><tr><td>Crest<\/td><td>Crest<\/td><td>2756<\/td><\/tr><tr><td>Creyers<\/td><td>Treschenu-Creyers<\/td><td>144<\/td><\/tr><tr><td>Crispalot<\/td><td>Beauregard-Baret<\/td><td>32<\/td><\/tr><tr><td>Crozes<\/td><td>Crozes-Hermitage<\/td><td>112<\/td><\/tr><tr><td>Crupies<\/td><td>Crupies<\/td><td>324<\/td><\/tr><tr><td>Die<\/td><td>Die<\/td><td>2176<\/td><\/tr><tr><td>Dieulefit<\/td><td>Dieulefit<\/td><td>1608<\/td><\/tr><tr><td>Divajeu et Chomiane<\/td><td>Divajeu<\/td><td>476<\/td><\/tr><tr><td>Donz\u00e8re<\/td><td>Donz\u00e8re<\/td><td>1044<\/td><\/tr><tr><td>Echevis<\/td><td>Echevis<\/td><td>172<\/td><\/tr><tr><td>Espeluche<\/td><td>Espeluche<\/td><td>424<\/td><\/tr><tr><td>Espenel<\/td><td>Espenel<\/td><td>284<\/td><\/tr><tr><td>Establet<\/td><td>Establet<\/td><td>176<\/td><\/tr><tr><td>\u00c9toile<\/td><td>\u00c9toile-sur-Rh\u00f4ne<\/td><td>1976<\/td><\/tr><tr><td>Eurre<\/td><td>Eurre<\/td><td>644<\/td><\/tr><tr><td>Eygaliers<\/td><td>Eygaliers<\/td><td>116<\/td><\/tr><tr><td>Eygluy et le col de V\u00e9rand<\/td><td>Eygly-Escoulin<\/td><td>164<\/td><\/tr><tr><td>Eyzahut<\/td><td>Eyzahut<\/td><td>120<\/td><\/tr><tr><td>Fay<\/td><td>Fay le Clos<\/td><td>144<\/td><\/tr><tr><td>F\u00e9lines<\/td><td>F\u00e9lines<\/td><td>156<\/td><\/tr><tr><td>Fiancey<\/td><td>Portes-l\u00e8s-Valence, Beauvallon, Pisan\u00e7on<\/td><td>104<\/td><\/tr><tr><td>Fourcinet<\/td><td>Fourcinet<\/td><td>88<\/td><\/tr><tr><td>Geyssans<\/td><td>Geyssans (Le Chalon)<\/td><td>256<\/td><\/tr><tr><td>Gigors<\/td><td>Gigors et Lozeron<\/td><td>464<\/td><\/tr><tr><td>Glandage<\/td><td>Glandage<\/td><td>536<\/td><\/tr><tr><td>Gouvernet<\/td><td>Saint-Sauveur-Gouvernet<\/td><td>52<\/td><\/tr><tr><td>Grane<\/td><td>Grane<\/td><td>1052<\/td><\/tr><tr><td>Gumiane<\/td><td>Gumiane<\/td><td>88<\/td><\/tr><tr><td>Hostun et<\/td><td>Hostun, Eymeux<\/td><td>816<\/td><\/tr><tr><td>Izon<\/td><td>Izon-La-Bruisse<\/td><td>88<\/td><\/tr><tr><td>Jansac<\/td><td>Jansac<\/td><td>132<\/td><\/tr><tr><td>Jonch\u00e8res<\/td><td>Jonch\u00e8res<\/td><td>204<\/td><\/tr><tr><td>La Bastie-Coste-Chaude<\/td><td>Montaulieu<\/td><td>44<\/td><\/tr><tr><td>La Bastie-Verdun<\/td><td>Saint-Sauveur-Gouvernet<\/td><td>56<\/td><\/tr><tr><td>La B\u00e2tie-Cr\u00e9mezin<\/td><td>Val-Maravel<\/td><td>56<\/td><\/tr><tr><td>La B\u00e2tie-des-Fonds<\/td><td>La B\u00e2tie-des-Fonds<\/td><td>172<\/td><\/tr><tr><td>La B\u00e2tie-Rolland<\/td><td>La B\u00e2tie-Rolland<\/td><td>340<\/td><\/tr><tr><td>La Baume-Cornillane<\/td><td>La Baume-Cornillane<\/td><td>456<\/td><\/tr><tr><td>La Baume-d&rsquo;Hostun<\/td><td>La Baume-d&rsquo;Hostun<\/td><td>220<\/td><\/tr><tr><td>La Baume-de-Transit<\/td><td>La Baume-de-Transit<\/td><td>600<\/td><\/tr><tr><td>La Baume-sur-V\u00e9ore<\/td><td>Chateaudouble<\/td><td>40<\/td><\/tr><tr><td>La Chapelle<\/td><td>La Chapelle en Vercors<\/td><td>808<\/td><\/tr><tr><td>La Chaudi\u00e8re<\/td><td>La Chaudi\u00e8re<\/td><td>112<\/td><\/tr><tr><td>La Croix-Haute<\/td><td>Lus-la-Croix-Haute<\/td><td>1316<\/td><\/tr><tr><td>La Fare<\/td><td>Montferrand-La Fare<\/td><td>124<\/td><\/tr><tr><td>La Garde<\/td><td>La Garde-Adb\u00e9mar, Les Granges-Gontardes<\/td><td>1116<\/td><\/tr><tr><td>La Grange de Lachamp<\/td><td>La Coucourde<\/td><td>260<\/td><\/tr><tr><td>La Laupie<\/td><td>La Laupie<\/td><td>300<\/td><\/tr><tr><td>La Motte-Chalencon<\/td><td>La Motte-Chalancon<\/td><td>684<\/td><\/tr><tr><td>La Motte-de-Galaure<\/td><td>La Motte-de-Galaure<\/td><td>248<\/td><\/tr><tr><td>La Motte-Fanjas<\/td><td>La Motte-Fanjas<\/td><td>180<\/td><\/tr><tr><td>La Penne-sur-Pierrelongue<\/td><td>La Penne-sur-l&rsquo;Ouv\u00e8ze<\/td><td>64<\/td><\/tr><tr><td>La R\u00e9para<\/td><td>La R\u00e9para<\/td><td>56<\/td><\/tr><tr><td>La Roche-Saint-Secret<\/td><td>La Rocbe-Saint-Secret-B\u00e9conne<\/td><td>104<\/td><\/tr><tr><td>La Roche-sur-Buis<\/td><td>La Roche-sur-le-Buis<\/td><td>616<\/td><\/tr><tr><td>La Rochette<\/td><td>Vaunaveys la Rochette<\/td><td>168<\/td><\/tr><tr><td>La Rochette<\/td><td>La Rochette-du-Buis<\/td><td>216<\/td><\/tr><tr><td>La Touche<\/td><td>La Touche<\/td><td>136<\/td><\/tr><tr><td>La Vache<\/td><td>Beauvallon<\/td><td>272<\/td><\/tr><tr><td>La Vacherie<\/td><td>Le Chaffal<\/td><td>76<\/td><\/tr><tr><td>Laborel<\/td><td>Laborel<\/td><td>368<\/td><\/tr><tr><td>Lachau<\/td><td>Lachau<\/td><td>504<\/td><\/tr><tr><td>Larnage<\/td><td>Lamage<\/td><td>264<\/td><\/tr><tr><td>Laux et Montaud<\/td><td>Laux-Montaux<\/td><td>40<\/td><\/tr><tr><td>Laval-d&rsquo;Aix<\/td><td>Laval-d&rsquo;Aix<\/td><td>164<\/td><\/tr><tr><td>Laveyron<\/td><td>Saint-Vallier<\/td><td>168<\/td><\/tr><tr><td>Le Bourg-de-P\u00e9age-de-Pisan\u00e7on<\/td><td>Bourg-de-P\u00e9age<\/td><td>1440<\/td><\/tr><tr><td>Le Buis<\/td><td>Buis-les-Baronnies<\/td><td>1572<\/td><\/tr><tr><td>Le Chaffal<\/td><td>Le Chaffal (L\u00e9oncel)<\/td><td>80<\/td><\/tr><tr><td>Le Cheylard<\/td><td>Eygluy-Escoulin<\/td><td>100<\/td><\/tr><tr><td>Le Laris<\/td><td>Saint-Cbristopbe-et-Le Laris<\/td><td>28<\/td><\/tr><tr><td>Le Mollard<\/td><td>Beausemblant<\/td><td>52<\/td><\/tr><tr><td>Le P\u00e8gue<\/td><td>Le P\u00e8gue<\/td><td>304<\/td><\/tr><tr><td>Le Pilhon<\/td><td>Le Pilhon-Val-Maravel<\/td><td>80<\/td><\/tr><tr><td>Le Po\u00e9t-Sigillat<\/td><td>Le Po\u00e9t-Sigillat<\/td><td>216<\/td><\/tr><tr><td>Lens<\/td><td>Lens-Lestang<\/td><td>812<\/td><\/tr><tr><td>Les Pr\u00e9s<\/td><td>Les Pr\u00e9s<\/td><td>212<\/td><\/tr><tr><td>Les Tonils<\/td><td>Les Tonils<\/td><td>196<\/td><\/tr><tr><td>Lesches<\/td><td>Lesches-en-Diois<\/td><td>228<\/td><\/tr><tr><td>Livron<\/td><td>Livron-sur-Dr\u00f4me<\/td><td>1500<\/td><\/tr><tr><td>Loriol<\/td><td>Loriol-sur-Dr\u00f4me<\/td><td>1408<\/td><\/tr><tr><td>Luc<\/td><td>Luc-en-Diois<\/td><td>272<\/td><\/tr><tr><td>Manas<\/td><td>Manas<\/td><td>320<\/td><\/tr><tr><td>Mantaille<\/td><td>Anneyron<\/td><td>420<\/td><\/tr><tr><td>Marches<\/td><td>Marches<\/td><td>260<\/td><\/tr><tr><td>Marg\u00e8s<\/td><td>Marg\u00e8s<\/td><td>180<\/td><\/tr><tr><td>Marignac<\/td><td>Marignac-en-Diois<\/td><td>336<\/td><\/tr><tr><td>Marsanne<\/td><td>Marsanne<\/td><td>936<\/td><\/tr><tr><td>Marsas<\/td><td>Marsaz<\/td><td>548<\/td><\/tr><tr><td>Menglon et hameaux<\/td><td>Menglon<\/td><td>612<\/td><\/tr><tr><td>Mercurol<\/td><td>Mercurol<\/td><td>524<\/td><\/tr><tr><td>M\u00e9rindol<\/td><td>M\u00e9rindol-les-Oliviers<\/td><td>328<\/td><\/tr><tr><td>M\u00e9vouillon<\/td><td>M\u00e9vouillon<\/td><td>528<\/td><\/tr><tr><td>Mirabel<\/td><td>Mirabel-aux-Baronnies<\/td><td>1152<\/td><\/tr><tr><td>Mirabel en Diois<\/td><td>Mirabel-et-Blacons<\/td><td>328<\/td><\/tr><tr><td>Mirmande<\/td><td>Mirmande, Saulce-sur-Rh\u00f4ne<\/td><td>1048<\/td><\/tr><tr><td>Miscon<\/td><td>Miscon<\/td><td>156<\/td><\/tr><tr><td>Moli\u00e8res<\/td><td>Moli\u00e8res-Glandaz<\/td><td>84<\/td><\/tr><tr><td>Mollans<\/td><td>Mollans-sur-Ouv\u00e8ze<\/td><td>708<\/td><\/tr><tr><td>Montauban<\/td><td>Montauban-sur-Ouv\u00e8ze<\/td><td>420<\/td><\/tr><tr><td>Montaulieu<\/td><td>Montaulieu<\/td><td>136<\/td><\/tr><tr><td>Montboucher<\/td><td>Montboucher-sur-Jabron<\/td><td>376<\/td><\/tr><tr><td>Montbrison<\/td><td>Montbrison-sur-Lez<\/td><td>164<\/td><\/tr><tr><td>Montbrun<\/td><td>Montbrun-les-Bains<\/td><td>892<\/td><\/tr><tr><td>Montchenu<\/td><td>Montchenu<\/td><td>464<\/td><\/tr><tr><td>Montclar<\/td><td>Montclar sur Gervanne<\/td><td>532<\/td><\/tr><tr><td>Mont\u00e9l\u00e9ger<\/td><td>Mont\u00e9l\u00e9ger<\/td><td>404<\/td><\/tr><tr><td>Mont\u00e9lier<\/td><td>Mont\u00e9lier<\/td><td>1172<\/td><\/tr><tr><td>Mont\u00e9limar<\/td><td>Mont\u00e9limar<\/td><td>5675<\/td><\/tr><tr><td>Montferrand<\/td><td>Montferrand-La Fare<\/td><td>64<\/td><\/tr><tr><td>Montguers<\/td><td>Montguers<\/td><td>168<\/td><\/tr><tr><td>Montjoux<\/td><td>Montjoux<\/td><td>316<\/td><\/tr><tr><td>Montlaur<\/td><td>Montlaur-en-Diois<\/td><td>184<\/td><\/tr><tr><td>Montmaur<\/td><td>Montmaur-en-Diois<\/td><td>180<\/td><\/tr><tr><td>Montmeyran<\/td><td>Montmeyran<\/td><td>1044<\/td><\/tr><tr><td>Montmiral<\/td><td>Montmiral (Le Chalon), Saint Michel sur Savasse<\/td><td>976<\/td><\/tr><tr><td>Montoison<\/td><td>Montoison<\/td><td>800<\/td><\/tr><tr><td>Montr\u00e9al<\/td><td>Montr\u00e9al-les-Sources<\/td><td>144<\/td><\/tr><tr><td>Montrigaud<\/td><td>Montrigaud<\/td><td>1008<\/td><\/tr><tr><td>Montvendre<\/td><td>Montvendre<\/td><td>520<\/td><\/tr><tr><td>Moras<\/td><td>Moras-en-Valloire, Epinouze, Lapeyrouse-Mornay, Manthes, Saint-Sorlin-de-Valloire<\/td><td>1504<\/td><\/tr><tr><td>Mornans<\/td><td>Mornans<\/td><td>104<\/td><\/tr><tr><td>Mureils<\/td><td>Mureils<\/td><td>188<\/td><\/tr><tr><td>Nyons<\/td><td>Nyons<\/td><td>1904<\/td><\/tr><tr><td>Onay<\/td><td>Saint-Laurent-d&rsquo;Onay Miribel<\/td><td>168<\/td><\/tr><tr><td>Orcinas<\/td><td>Orcinas<\/td><td>60<\/td><\/tr><tr><td>Oriol<\/td><td>Oriol-en-Royans (L\u00e9oncel)<\/td><td>572<\/td><\/tr><tr><td>Ourches<\/td><td>Ourcbes<\/td><td>152<\/td><\/tr><tr><td>Pelonne<\/td><td>Pelonne<\/td><td>56<\/td><\/tr><tr><td>Petit-Paris<\/td><td>Saint-Nazaire-le-D\u00e9sert<\/td><td>48<\/td><\/tr><tr><td>Peyrins<\/td><td>Peyrins, G\u00e9nissieux, Mours-Saint-Eus\u00e8be ,Saint-Ange<\/td><td>2292<\/td><\/tr><tr><td>Pi\u00e9gon<\/td><td>Pi\u00e9gon<\/td><td>296<\/td><\/tr><tr><td>Pi\u00e9gros<\/td><td>Pi\u00e9gros La Clastre<\/td><td>364<\/td><\/tr><tr><td>Pierrelatte<\/td><td>Pierrelatte<\/td><td>1636<\/td><\/tr><tr><td>Pierrelongue<\/td><td>Pierrelongue<\/td><td>132<\/td><\/tr><tr><td>Pisan\u00e7on, et Delphinaux de Pisan\u00e7on<\/td><td>Bourg-de-P\u00e9age, Chatuzange-Le Goubet<\/td><td>896<\/td><\/tr><tr><td>Plaisians<\/td><td>Plaisians<\/td><td>428<\/td><\/tr><tr><td>Po\u00e8t-C\u00e9lard<\/td><td>Le Po\u00e9t-C\u00e9lard<\/td><td>204<\/td><\/tr><tr><td>Po\u00eat-en-Percip<\/td><td>Le Po\u00eat-en-Percip<\/td><td>68<\/td><\/tr><tr><td>Po\u00ebt-Laval<\/td><td>Le Po\u00ebt-Laval<\/td><td>232<\/td><\/tr><tr><td>Ponet<\/td><td>Ponet-Saint-Auban<\/td><td>208<\/td><\/tr><tr><td>Ponsas<\/td><td>Ponsas<\/td><td>176<\/td><\/tr><tr><td>Pont-de-Baret<\/td><td>Pont-de-Barret<\/td><td>388<\/td><\/tr><tr><td>Pontaix<\/td><td>Pontaix, Barsac<\/td><td>688<\/td><\/tr><tr><td>Portes<\/td><td>Portes-en-Valdaine<\/td><td>280<\/td><\/tr><tr><td>Poyols<\/td><td>Poyols<\/td><td>348<\/td><\/tr><tr><td>Propiac<\/td><td>Propiac<\/td><td>76<\/td><\/tr><tr><td>Puy-Saint-Martin<\/td><td>Puy-Saint-Martin<\/td><td>548<\/td><\/tr><tr><td>Puygiron<\/td><td>Puygiron<\/td><td>172<\/td><\/tr><tr><td>Rac<\/td><td>Ch\u00e2teauneuf-du-Rh\u00f4ne, Malataverne<\/td><td>244<\/td><\/tr><tr><td>Rati\u00e8res<\/td><td>Rati\u00e8res Saint-Avit<\/td><td>200<\/td><\/tr><tr><td>Ravel<\/td><td>Boulc<\/td><td>112<\/td><\/tr><tr><td>Recoubel<\/td><td>Recoubeau<\/td><td>92<\/td><\/tr><tr><td>Reculais<\/td><td>Arthemonay<\/td><td>192<\/td><\/tr><tr><td>Reilhanette<\/td><td>Reilhanette<\/td><td>316<\/td><\/tr><tr><td>Riconni\u00e8res et Blacons<\/td><td>Roche-Saint-Secret-B\u00e9conne<\/td><td>52<\/td><\/tr><tr><td>Rioms<\/td><td>Rioms<\/td><td>60<\/td><\/tr><tr><td>Roche pr\u00e8s Grane<\/td><td>La Roche-sur-Grane<\/td><td>244<\/td><\/tr><tr><td>Roche-de-Glun<\/td><td>La Roche-de-Glun, Pont-de-l&rsquo;Is\u00e8re<\/td><td>628<\/td><\/tr><tr><td>Rochebaudin<\/td><td>Rochebaudin<\/td><td>228<\/td><\/tr><tr><td>Rochebrune<\/td><td>Rochebrune<\/td><td>212<\/td><\/tr><tr><td>Rochechinard<\/td><td>Rochechinard<\/td><td>284<\/td><\/tr><tr><td>Rochefort<\/td><td>Rochefort-en-Valdaine<\/td><td>312<\/td><\/tr><tr><td>Rochefort et Samson<\/td><td>Rochefort-Samson<\/td><td>628<\/td><\/tr><tr><td>Rochefourchat<\/td><td>Rochefourchat<\/td><td>104<\/td><\/tr><tr><td>Rochegude<\/td><td>Rochegude<\/td><td>248<\/td><\/tr><tr><td>Romans<\/td><td>Romans-sur-Is\u00e8re<\/td><td>5935<\/td><\/tr><tr><td>Romeyer<\/td><td>Romeyer<\/td><td>320<\/td><\/tr><tr><td>Rottier<\/td><td>Rottier<\/td><td>116<\/td><\/tr><tr><td>Roussas<\/td><td>Roussas<\/td><td>364<\/td><\/tr><tr><td>Roussieux<\/td><td>Roussieux<\/td><td>56<\/td><\/tr><tr><td>Roynac<\/td><td>Roynac<\/td><td>388<\/td><\/tr><tr><td>Sahune et Curnier<\/td><td>Sahune Curnier<\/td><td>532<\/td><\/tr><tr><td>Saillans<\/td><td><a href=\"https:\/\/aouste-a-coeur.fr\/saillans\/\">Saillans<\/a><\/td><td>996<\/td><\/tr><tr><td>Saint Agnan<\/td><td>Saint Agnan en Vercors<\/td><td>804<\/td><\/tr><tr><td>Saint And\u00e9ol et Saint Etienne<\/td><td>Saint And\u00e9ol en Quint<\/td><td>216<\/td><\/tr><tr><td>Saint Bonnet<\/td><td>Saint Bonnet de Valcl\u00e9rieux<\/td><td>316<\/td><\/tr><tr><td>Saint Donat<\/td><td>Saint Donat sur l&rsquo;Herbasse<\/td><td>948<\/td><\/tr><tr><td>Saint Julien en Quint<\/td><td>Saint Julien en Quint<\/td><td>560<\/td><\/tr><tr><td>Saint Julien en Vercors<\/td><td>Saint Julien en Vercors<\/td><td>316<\/td><\/tr><tr><td>Saint Laurent<\/td><td>Saint Laurent en Royans<\/td><td>828<\/td><\/tr><tr><td>Saint Martin d&rsquo;Aouste<\/td><td>Saint Martin d&rsquo;Ao\u00fbt<\/td><td>276<\/td><\/tr><tr><td>Saint Martin en Vercors<\/td><td>Saint Martin en Vercors<\/td><td>624<\/td><\/tr><tr><td>Saint Sauveur<\/td><td>Saint Sauveur le Gouvernet<\/td><td>224<\/td><\/tr><tr><td>Saint Sevest<\/td><td>Miribel<\/td><td>220<\/td><\/tr><tr><td>Saint Uze et Bertus<\/td><td>Saint Uze<\/td><td>236<\/td><\/tr><tr><td>Saint-Auban<\/td><td>Saint-Auban-sur-Ouv\u00e8ze<\/td><td>332<\/td><\/tr><tr><td>Saint-Beno\u00eet et Rimon<\/td><td>Saint-Beno\u00eet-en-Diois Rimon-et-Savel<\/td><td>260<\/td><\/tr><tr><td>Saint-Christophe<\/td><td>Saint-Cbristopbe-et-Le Laris<\/td><td>52<\/td><\/tr><tr><td>Saint-Dizier<\/td><td>Saint-Dizier-en-Diois<\/td><td>208<\/td><\/tr><tr><td>Saint-Ferr\u00e9ol<\/td><td>Saint-Ferr\u00e9ol-Trente-Pas<\/td><td>380<\/td><\/tr><tr><td>Saint-Genis<\/td><td>La Laupie<\/td><td>8<\/td><\/tr><tr><td>Saint-Gervais<\/td><td>Saint-Gervais sur Roubion<\/td><td>564<\/td><\/tr><tr><td>Saint-Gervais \u00e0 Montfroc<\/td><td>Montfroc<\/td><td>340<\/td><\/tr><tr><td>Saint-Jean<\/td><td>Saint Jean-en-Royans<\/td><td>1692<\/td><\/tr><tr><td>Saint-Marcel<\/td><td>Saint-Marcel-l\u00e8s-Sauzet<\/td><td>272<\/td><\/tr><tr><td>Saint-Martin<\/td><td>Saint-Martin-le-Colonel<\/td><td>232<\/td><\/tr><tr><td>Saint-Maurice<\/td><td>Saint-Maurice-sur-Eygues<\/td><td>420<\/td><\/tr><tr><td>Saint-Muris<\/td><td>Montchenu<\/td><td>80<\/td><\/tr><tr><td>Saint-Nazaire<\/td><td>Saint-Nazaire-en-Royans<\/td><td>432<\/td><\/tr><tr><td>Saint-Nazaire<\/td><td>Saint-Nazaire-le-D\u00e9sert<\/td><td>780<\/td><\/tr><tr><td>Saint-Paul-l\u00e8s-Romans<\/td><td>Saint-Paul-l\u00e8s-Romans<\/td><td>560<\/td><\/tr><tr><td>Saint-Paul-Trois-Ch\u00e2teaux<\/td><td>Saint-Paul-Trois-Ch\u00e2teaux<\/td><td>1516<\/td><\/tr><tr><td>Saint-Restitut<\/td><td>Saint-Restitut<\/td><td>708<\/td><\/tr><tr><td>Saint-Roman<\/td><td>Saint-Roman<\/td><td>128<\/td><\/tr><tr><td>Saint-Thomas<\/td><td>Saint-Thomas-en-Royans<\/td><td>208<\/td><\/tr><tr><td>Saint-Vallier<\/td><td>Saint-Vallier<\/td><td>880<\/td><\/tr><tr><td>Sainte Croix<\/td><td>Sainte Croix en Diois<\/td><td>244<\/td><\/tr><tr><td>Sainte Eulalie et Saint Hilaire<\/td><td>Sainte Eulalie en Royans<\/td><td>232<\/td><\/tr><tr><td>Sainte-Euph\u00e9mie<\/td><td>Sainte-Euph\u00e9mie-sur- Ouv\u00e8ze<\/td><td>280<\/td><\/tr><tr><td>Sainte-Jalle<\/td><td>Sainte-Jalle<\/td><td>472<\/td><\/tr><tr><td>Salettes<\/td><td>Salettes<\/td><td>60<\/td><\/tr><tr><td>Saou<\/td><td>Saou, Francillon-sur-Roubion<\/td><td>932<\/td><\/tr><tr><td>Sauzet<\/td><td>Sauzet<\/td><td>660<\/td><\/tr><tr><td>Savasse<\/td><td>Savasse<\/td><td>640<\/td><\/tr><tr><td>Savel<\/td><td>Rimon-et-Savel<\/td><td>36<\/td><\/tr><tr><td>Serre<\/td><td>Le Grand Serre, Saint Clair sur Galaure<\/td><td>1240<\/td><\/tr><tr><td>Serves<\/td><td>Serves sur Rh\u00f4ne, Er\u00f4me, Gervans<\/td><td>848<\/td><\/tr><tr><td>Souspierre<\/td><td>Souspierre<\/td><td>48<\/td><\/tr><tr><td>Soyans<\/td><td>Soyans<\/td><td>356<\/td><\/tr><tr><td>Suze-en-Diois<\/td><td>Suze-sur-Crest<\/td><td>372<\/td><\/tr><tr><td>Suze-La-Rousse<\/td><td>Suze-la-Rousse<\/td><td>752<\/td><\/tr><tr><td>Tain<\/td><td>Tain-l&rsquo;Hermitage<\/td><td>728<\/td><\/tr><tr><td>Taulignan<\/td><td>Taulignan<\/td><td>1544<\/td><\/tr><tr><td>Teyssi\u00e8res<\/td><td>Teyssi\u00e8res<\/td><td>208<\/td><\/tr><tr><td>Tourrettes<\/td><td>Les Tourrettes<\/td><td>160<\/td><\/tr><tr><td>Treschenu<\/td><td>Trescbenu-Creyers<\/td><td>424<\/td><\/tr><tr><td>Triors<\/td><td>Triors<\/td><td>216<\/td><\/tr><tr><td>Tulette<\/td><td>Tulette<\/td><td>1012<\/td><\/tr><tr><td>Upie<\/td><td>Upie<\/td><td>736<\/td><\/tr><tr><td>Vach\u00e8res<\/td><td>Vach\u00e8res-en-Quint<\/td><td>88<\/td><\/tr><tr><td>Val<\/td><td>Saint Barth\u00e9lemy de Vals<\/td><td>524<\/td><\/tr><tr><td>Val<\/td><td>Val<\/td><td>692<\/td><\/tr><tr><td>Valaurie<\/td><td>Valaurie<\/td><td>396<\/td><\/tr><tr><td>Valence<\/td><td>Valence (Saint-Marcel-l\u00e8s-Valence)<\/td><td>5390<\/td><\/tr><tr><td>Vassieux<\/td><td>Vassieux en Vercors<\/td><td>568<\/td><\/tr><tr><td>Vaunaveys<\/td><td>Vaunaveys la Rochette<\/td><td>412<\/td><\/tr><tr><td>Veaunes<\/td><td>Veaunes<\/td><td>184<\/td><\/tr><tr><td>Venterol<\/td><td>Venterol<\/td><td>888<\/td><\/tr><tr><td>Verclause et Clermont<\/td><td>Verclause<\/td><td>272<\/td><\/tr><tr><td>Vercoiran<\/td><td>Vercoiran<\/td><td>256<\/td><\/tr><tr><td>V\u00e9ronne<\/td><td>V\u00e9ronne<\/td><td>156<\/td><\/tr><tr><td>Vers<\/td><td>Vers-sur-M\u00e9ouge<\/td><td>168<\/td><\/tr><tr><td>Vesc<\/td><td>Vesc<\/td><td>644<\/td><\/tr><tr><td>Villebois<\/td><td>Villebois les Pins<\/td><td>104<\/td><\/tr><tr><td>Villefranche<\/td><td>Villefranche-le-Ch\u00e2teau<\/td><td>24<\/td><\/tr><tr><td>Villeperdrix<\/td><td>Villeperdrix<\/td><td>332<\/td><\/tr><tr><td>Vinsobres<\/td><td>Vinsobres<\/td><td>1164<\/td><\/tr><tr><td>Volvent<\/td><td>Volvent<\/td><td>356<\/td><\/tr><\/tbody><\/table><\/figure>\n<\/div><\/div>\n\n\n\n<p class=\"has-medium-font-size\" id=\"guerre\"><br><strong>(1)<\/strong>  <em>Guerre <\/em>&#8211; Absorb\u00e9s par les \u00e9v\u00e9nements dont le nord de la France \u00e9tait alors le th\u00e9\u00e2tre, la plupart des historiens parlent peu de cette guerre dont les cons\u00e9quences furent d\u00e9sastreuses pour notre province, et c&rsquo;est pour cela qu&rsquo;il semble bon d&rsquo;en raconter ici quelques d\u00e9tails. <\/p>\n\n\n\n<p class=\"has-medium-font-size\">Nouvellement investi du commandement sup\u00e9rieur des troupes imp\u00e9riales en Italie, Victor-Am\u00e9d\u00e9e II, duc de Savoie, que l&rsquo;offre faite par Louis XIV de lui restituer les provinces perdues avec la bataille de Staffarde (18 ao\u00fbt 1690) n&rsquo;avait pu d\u00e9tacher de la coalition form\u00e9e contre la France, franchit les Alpes, courant juillet 1692, \u00e0 la t\u00eate d&rsquo;une nombreuse arm\u00e9e, compos\u00e9e en partie d&rsquo;Allemands sous le g\u00e9n\u00e9ral Capsara, une partie de Pi\u00e9montais sous le marquis de Patelles, plus d&rsquo;un corps de Barbets ob\u00e9issant \u00e0 Nicod de Schomberg, petit-fils du mar\u00e9chal de ce nom. Entr\u00e9 en Dauphin\u00e9 par les cols de Vars et de Largenti\u00e8re qu&rsquo;il avait fait reconna\u00eetre au mois de novembre pr\u00e9c\u00e9dent par quelques d\u00e9tachements sous la conduite de religionnaires fran\u00e7ais fugitifs, il descendit le long de la Durance, enleva, le 31 juillet, apr\u00e8s trois jours de r\u00e9sistance, le ch\u00e2teau de Guillestre, dont la petite garnison de 300 hommes fut emmen\u00e9e prisonni\u00e8re \u00e0 Coni, malgr\u00e9 les clauses contraires de sa capitulation, et le 6 ao\u00fbt mit le si\u00e8ge devant Embrun que le marquis de Larray d\u00e9fendit, pendant dix jours, avec une pitoyable artillerie et qui dut payer au vainqueur 15 000 \u00e9cus de contribution pour s&rsquo;exempter du pillage. D&rsquo;Embrun, les troupes alli\u00e9es all\u00e8rent \u00e0 Gap, dont les habitants s&rsquo;\u00e9taient enfuis \u00e0 leur approche et qu&rsquo;elles incendi\u00e8rent le 29, puis de l\u00e0, \u00e0 Tallard dont le ch\u00e2teau fut d\u00e9mantel\u00e9; apr\u00e8s quoi elles se r\u00e9pandirent dans l&rsquo;Embrunais et le Gapen\u00e7ais o\u00f9 plus de quatre-vingts villes, bourgs ou ch\u00e2teaux furent pill\u00e9s, saccag\u00e9s et livr\u00e9s aux flammes, tandis que le g\u00e9n\u00e9ral de C\u00e2lin\u00e2t, priv\u00e9 de forces suffisantes, restait \u00e0 Corps sur la d\u00e9fensive, apr\u00e8s avoir ordonn\u00e9 de d\u00e9truire toutes les provisions plac\u00e9es sur la route de l&rsquo;ennemi pour le priver de subsistances.<\/p>\n\n\n\n<p class=\"has-medium-font-size\">C&rsquo;est alors que Philis de La Tour-du-Pin, dans les Baronnies, et les fr\u00e8res Lagier de Vaugelas, au col de Cabre, arr\u00eat\u00e8rent avec l&rsquo;aide des populations voisines la marche des envahisseurs qui, d&rsquo;ailleurs d\u00e9concert\u00e9s par l&rsquo;attitude calme des protestants dauphinois dont ils esp\u00e9raient le soul\u00e8vement et par la grave maladie dont venait d&rsquo;\u00eatre subitement atteint le duc de Savoie, leur chef, repass\u00e8rent la fronti\u00e8re le 16 novembre, emportant, entre autre butin, les cloches des \u00e9glises de Gap et d&rsquo;Embrun et 40 000 t\u00e8tes de b\u00e9tail.<\/p>\n\n\n\n<p class=\"has-medium-font-size\" id=\"nouveauxconvertis\"><strong>(2)<\/strong><em> Nouveaux convertis<\/em> &#8211; Il s&rsquo;agit ici des protestants qui s&rsquo;expatri\u00e8rent apr\u00e8s la r\u00e9vocation de l&rsquo;\u00e9dit de Nantes. Mais il faut observer que cet acte d&rsquo;une politique d\u00e9plorable ne fit en d\u00e9finitive que g\u00e9n\u00e9raliser des mesures de restriction impos\u00e9es depuis longtemps dans certains lieux au culte r\u00e9form\u00e9, \u00e0 la suite de troubles qui le plus souvent eurent encore pour cons\u00e9quence l&rsquo;\u00e9migration de leurs auteurs. On peut rappeler que lorsque l&rsquo;\u00e9dit royal d&rsquo;octobre 1685 interdit d&rsquo;une mani\u00e8re absolue l&rsquo;exercice de la religion protestante en France, divers arr\u00eats du Conseil du Roi et du Parlement de Grenoble avaient d\u00e9j\u00e0 prescrit la d\u00e9molition de temples dans 76 localit\u00e9s dauphinoises :<\/p>\n\n\n\n<ul class=\"wp-block-list\">\n<li class=\"has-medium-font-size\">Le 6 d\u00e9cembre 1639 \u00e0 Taulignan (Dr\u00f4me).<\/li>\n\n\n\n<li class=\"has-medium-font-size\">Le 23 avril 1641 \u00e0 Montbrison .(Dr\u00f4me).<\/li>\n\n\n\n<li class=\"has-medium-font-size\">Le 6 mars1646 \u00e0 Cliousclat (Dr\u00f4me).<\/li>\n\n\n\n<li class=\"has-medium-font-size\">Le 5 octobre 1663 \u00e0 Sauzet et \u00e0 Rochegude (Dr\u00f4me).<\/li>\n\n\n\n<li class=\"has-medium-font-size\">Le 1<sup>er<\/sup> ao\u00fbt 1671 dans la ville de Grenoble.<\/li>\n\n\n\n<li class=\"has-medium-font-size\">Le 1<sup>er<\/sup>mars 1673 \u00e0 Ch\u00e2teaudouble(Dr\u00f4me).<\/li>\n\n\n\n<li class=\"has-medium-font-size\">Le 15 d\u00e9cembre 1681 \u00e0 Clavans (Is\u00e8re).<\/li>\n\n\n\n<li class=\"has-medium-font-size\">Le 5 janvier 1682 \u00e0 Ventavon, Hi\u00e8res, Chasselay, la Terrasse et Mont-de-Lans (Is\u00e8re).<\/li>\n\n\n\n<li class=\"has-medium-font-size\">Le 29 novembre1683 \u00e0 Saint-Jullien-en-Quint, Espenel et Saillans(Dr\u00f4me).<\/li>\n\n\n\n<li class=\"has-medium-font-size\">Le 6 d\u00e9cembre 1683 \u00e0 Comps, Vesc, Beauri\u00e8res, Lescbes, Saint-Etienne et Saint-And\u00e9ol-en -Quint (Dr\u00f4me).<\/li>\n\n\n\n<li class=\"has-medium-font-size\">Le 13 d\u00e9cembre 1683 \u00e0 Poyols et Menglon (Dr\u00f4me) et \u00e0 Tresane (H<sup>tes<\/sup>-\u00c2lpes).<\/li>\n\n\n\n<li class=\"has-medium-font-size\">Le 10 janvier 1684 \u00e0 Montclar, Po\u00eat-C\u00e9lard, Montions et derechef \u00e0 Taulignan (Dr\u00f4me).<\/li>\n\n\n\n<li class=\"has-medium-font-size\">Le 17 janvier 1684 \u00e0 Aouste (Dr\u00f4me). <a href=\"https:\/\/histoire-patrimoine-aoustois.fr\/?p=5498\">https:\/\/histoire-patrimoine-aoustois.fr\/?p=5498<\/a><\/li>\n\n\n\n<li class=\"has-medium-font-size\">Le 24 janvier 1684 \u00e0 Po\u00eat-Laval et Crupies (Dr\u00f4me).<\/li>\n\n\n\n<li class=\"has-medium-font-size\">Le 31 janvier 1681 \u00e0 Arnayon, Alen\u00e7on, le P\u00e8gue, P\u00e9gu, Romeyer et Ponet (Dr\u00f4me).<\/li>\n\n\n\n<li class=\"has-medium-font-size\">Le 6 mars 1684 \u00e0 Treminis (Is\u00e8re), \u00e0 Valdr\u00f4me et Eurre (Dr\u00f4me).<\/li>\n\n\n\n<li class=\"has-medium-font-size\">Le 13 mars 1684 \u00e0 Grave-en-Oisans (Is\u00e8re).<\/li>\n\n\n\n<li class=\"has-medium-font-size\">Le 20 mars 1681 \u00e0 Brian\u00e7on (Htes Alpes; et \u00e0 Beaumont-en-Diois (Dr\u00f4me).<\/li>\n\n\n\n<li class=\"has-medium-font-size\">Le 26 juin 1684 \u00e0 Embrun (Hantes-Alpes).<\/li>\n\n\n\n<li class=\"has-medium-font-size\">Le 11 juillet 1684 \u00e0 Mont\u00e9limar (Dr\u00f4me).<\/li>\n\n\n\n<li class=\"has-medium-font-size\">Le 21 ao\u00fbt 1684 \u00e0 la Baume-Cornillane (Dr\u00f4me)..<\/li>\n\n\n\n<li class=\"has-medium-font-size\">Le 4 septembre 1681 \u00e0 Loriol (Dr\u00f4me).<\/li>\n\n\n\n<li class=\"has-medium-font-size\">Le 27 novembre 1684 \u00e0 Vars, Saint-Marcellin, Aiguilles, les Vigneaux, Sainte-Marie et Freyssini\u00e8res (Hautes-Alpes).<\/li>\n\n\n\n<li class=\"has-medium-font-size\">Le 4 d\u00e9cembre 1681 \u00e0 Molines, Serres et Guillestre (Hautes-Alpes) et \u00e0 Pierregrosse (Is\u00e8re).<\/li>\n\n\n\n<li class=\"has-medium-font-size\">Le 11 d\u00e9cembre 1684 \u00e0 Arvieux, Saint-V\u00e9ran et Abri\u00e9s (Is\u00e8re).<\/li>\n\n\n\n<li class=\"has-medium-font-size\">Le 14 mai 1685 \u00e0 Salbertraud, Chancela, Pragelas, Cesane et Oulx(H.-Alpes).<\/li>\n\n\n\n<li class=\"has-medium-font-size\">Le 19 mai 1685 \u00e0 Veynes et Ancelle (Hautes-Alpes).<\/li>\n\n\n\n<li class=\"has-medium-font-size\">Le 25 juin 1865 \u00e0 Corps (Is\u00e8re), Sainte-Euph\u00e9mie (Dr\u00f4me), Rosans et Saint-Bonnet (Hautes-Alpes).<\/li>\n\n\n\n<li class=\"has-medium-font-size\">Le 30 juillet 1685 dans les faubourgs de Grenoble, \u00e0 Die, Saint-Paul-Trois-Ch\u00e2teaux et Gap.<\/li>\n\n\n\n<li class=\"has-medium-font-size\">Le 13 ao\u00fbt 1685 \u00e0 Saint-Jean-d&rsquo;Herans et Mercuse (Is\u00e8re).<\/li>\n<\/ul>\n\n\n\n<p class=\"has-medium-font-size\" id=\"habitants\"><strong>(3)<\/strong> <em>Habitants <\/em>&#8211; La population r\u00e9unie des trois d\u00e9partements dauphinois est actuellement de 1 029 535 habitants dont 577 750 dans l&rsquo;Is\u00e8re, 326 635 dans la Dr\u00f4me et 125 100 dans les Hautes-Alpes, d&rsquo;o\u00f9 il r\u00e9sulte une augmentation de 485 950 habitants en 170 ann\u00e9es, soit 90 pour 100. De ce chiffre il faudrait d\u00e9falquer, la population aff\u00e9rente \u00e0 quelques communaut\u00e9s de la Provence et du Comtat-Venaissin comprises aujourd&rsquo;hui dans les d\u00e9partements de la Dr\u00f4me et des Hautes-Alpes, mais, d&rsquo;autre part, il faudrait ajouter celle des vall\u00e9es brian\u00e7onnaises c\u00e9d\u00e9es par le trait\u00e9 d&rsquo;Utrecht au Pi\u00e9mont.<\/p>\n\n\n\n<p class=\"has-medium-font-size\" id=\"religionnaires\"><strong>(4)<\/strong><em> Religionnaires <\/em>&#8211; Faute de documents capables de nous renseigner sur l&rsquo;importance de l&rsquo;\u00e9l\u00e9ment r\u00e9form\u00e9 dans la population de cette province, ant\u00e9rieurement \u00e0 la r\u00e9vocation de l&rsquo;\u00e9dit de Nantes, il semble utile de donner un \u00e9tat d\u00e9taill\u00e9 des \u00e9glises ou communaut\u00e9s de la Dr\u00f4me pourvues d&rsquo;un pasteur, suivant les listes pr\u00e9sent\u00e9es aux synodes nationaux de Gap, d\u2019Al\u00e8s, de Castres et d&rsquo;Alen\u00e7on les 1<sup>er<\/sup> octobre 1603, l<sup>er<\/sup> octobre 1620, 16 septembre 1626 et 27 mai 1637.<\/p>\n\n\n\n<p class=\"has-medium-font-size\">Colloque de Diois.\u2014 Die: 1620,1626, 1637. Saillans : 1603, 1620, 1626, 1657. Quint : 1603, 1620. Beaufort : 1603, 1620, 1626, 1637. La Motte-Chalancon : 1603, 1620, 1626, 1637. Pontaix : 1620, 1626. Establet : 1620. Beauri\u00e8res : 1626, 1637.<\/p>\n\n\n\n<p class=\"has-medium-font-size\">Colloque de Valentinois.\u2014 Valence : 1603. Mont\u00e9limar : 1603, 1620, 1626, 1637. Livron : 1603, 1620, 1626, 1637. Crest : 1603, 1620, 1626, 1637. Bourdeaux : 1603, 1620, 1626, 1637. Allan : 1620. Dieulcfit : 1603, 1620, 1626, 1637. Vesc : 1603, 1620, 1626, 1637. Ch\u00e2teauneuf-de-Mazenc: 1620. Loriol : 1620, 1626, 1637. Donz\u00e8re : 1620. Manas: 1620, 1626, 1637.<\/p>\n\n\n\n<p class=\"has-medium-font-size\">Colloque des Baronnies. \u2014 Nyons : 1603, 1620, 1637. Vinsobres : 1603, 1620, 1626, 1637. Saint-Paut-trois-Cb\u00e2teaux : 1603, 1620, 1626, 1637. Le Buis : 1603, 1620. Saint-Sauveur : 1620. Taulignan : 1603, 1620, 1626, 1637. Condorcet: 1620, 1626, 1637. Montbrun : 1626, 1637. Sainte-Euph\u00e9mie : 1620, 1626, 1637. Tulette : 1620, 1626, 1637. Venterol : 1620, 1626. Les \u00e9glises de la principaut\u00e9 d&rsquo;Orange faisaient partie de ce colloque.<\/p>\n\n\n\n<p class=\"has-medium-font-size\">Il r\u00e9sulte que le nombre des \u00e9glises protestantes en Dauphin\u00e9 \u00e9tait de 52 en 1603; de 71 en 1620; de 69 en 1626, et de 63 en 1637. Une liste plus int\u00e9ressante e\u00fbt \u00e9t\u00e9 celle que pr\u00e9senta l&rsquo;amiral de Coligny \u00e0 la reine-m\u00e8re en septembre 1561. Tandis qu&rsquo;il est vraisemblable que le nombre des \u00e9glises protestantes en Dauphin\u00e9 \u00e9tait alors beaucoup plus grand.<br><br><\/p>\n\n\n\n<p><\/p>\n\n\n\n<p class=\"has-text-align-center has-medium-font-size\" id=\"Vfoiresetmarches\"><strong>V. FOIRES ET MARCH\u00c9S<\/strong><br><br><\/p>\n\n\n\n<p><\/p>\n\n\n\n<p class=\"has-medium-font-size\"><strong>Les foires<\/strong> <strong>(1)<\/strong> sont assez nombreuses dans la Dr\u00f4me, il y en a chaque ann\u00e9e : huit \u00e0 Dieulefit <strong>(2)<\/strong>; six \u00e0 Die; cinq \u00e0 Ch\u00e2tillon <strong>(3)<\/strong> et Saint-Nazaire-le-D\u00e9sert; quatre \u00e0 \u00c9toile, Mont\u00e9limar, La Motte-Chalancon, Le Buis, Taulignan <strong>(4)<\/strong>, Valdr\u00f4me et Bourdeaux; trois \u00e0 Mollans <strong>(5)<\/strong>, Nyons ; deux \u00e0 Pierrelatte, Saint-Paul-Trois-Ch\u00e2teaux, Romans <strong>(6)<\/strong>, Valence <strong>(7)<\/strong> et Crest ; une \u00e0 Saint-Donat <strong>(8<\/strong>).<\/p>\n\n\n\n<p class=\"has-medium-font-size\"><em><strong>(1)<\/strong> Rendez-vous commerciaux, les foires, dont le nom vient de forum, march\u00e9, comme aussi peut-\u00eatre de feria, f\u00eate, parce qu&rsquo;elles se tenaient habituellement, \u00e0 l&rsquo;origine, aux approches des f\u00eates locales et d\u00e9dicaces d&rsquo;\u00e9glises, sont tr\u00e8s anciennes en Dauphin\u00e9, puisque, si nous en croyons Chorier, les premi\u00e8res furent \u00e9tablies \u00e0 Mens par N\u00e9ron<\/em>. Quoi qu&rsquo;il en soit, foires et march\u00e9s, de tout temps, ne purent \u00eatre \u00e9tablis qu&rsquo;avec l\u2019autorisation du souverain, et si on en trouve quelques-uns \u00e9manant de la volont\u00e9 de seigneurs eccl\u00e9siastiques ou la\u00efques, il s&rsquo;agit \u00e9videmment d&rsquo;une \u00e9poque o\u00f9 celui-ci, nominalement soumis \u00e0 la suzerainet\u00e9 des empereurs d&rsquo;Allemagne, jouissaient en fait de toutes les pr\u00e9rogatives de la souverainet\u00e9.<\/p>\n\n\n\n<p class=\"has-medium-font-size\">La seule diff\u00e9rence existant entre l&rsquo;ancien et le nouveau r\u00e9gime, relative aux foires et aux march\u00e9s, c&rsquo;est que la plupart des avantages qui en r\u00e9sultent et dont jouissent exclusivement aujourd&rsquo;hui les communes, appartenaient autrefois aux seigneurs, qui percevaient le montant du loyer des places publiques o\u00f9 s&rsquo;\u00e9talaient les marchandises, sur lesquelles ils pr\u00e9levaient, en outre, dans certains lieux, un double droit de leyde ou d&rsquo;octroi en cette circonstance. Aussi, l&rsquo;une de leurs principales pr\u00e9rogatives \u00e9tait-elle de pouvoir s&rsquo;opposer \u00e0 l&rsquo;\u00e9tablissement de foires et de march\u00e9s \u00e0 pareil jour, dans une terre distante de moins de quatre lieues de la leur. Il est bon d&rsquo;observer cependant que dans certaines localit\u00e9s se tenaient des foires ou des march\u00e9s francs, c&rsquo;est-\u00e0-dire dans lesquels toutes marchandises \u00e9taient exemptes de droits de leyde, p\u00e9age ou autres, \u00e9tat qui, au d\u00e9but, \u00e9tait ordinairement la cons\u00e9quence d&rsquo;une transaction entre la communaut\u00e9 et le seigneur, mais qui se g\u00e9n\u00e9ralisa dans te suite.<\/p>\n\n\n\n<p class=\"has-medium-font-size\">On peut ajouter que l&rsquo;article XXIII de l&rsquo;ordonnance d&rsquo;Orl\u00e9ans (1560), reproduit dans le XXXVIII<sup>e<\/sup> de l&rsquo;ordonnance de Blois, d\u00e9fendait <em>\u00a0\u00bb&nbsp;\u00e0 tous juges, permettre qu&rsquo;es jours de dimanches et <\/em><em>f<\/em><em>estes annuelles et solennelles<\/em><em>aucunes foires et march\u00e9s soyent tenus.&nbsp;\u00ab\u00a0<\/em><\/p>\n\n\n\n<p class=\"has-medium-font-size\"><strong>(2)<\/strong> En 1555, le roi Fran\u00e7ois I<sup>er<\/sup> \u00e9tablit \u00e0 Dieulefit des foires franches.<\/p>\n\n\n\n<p class=\"has-medium-font-size\"><strong>(3) <\/strong>\u00c9tablies en 1559 par lettres patentes d&rsquo;Henri II.<\/p>\n\n\n\n<p class=\"has-medium-font-size\"><strong>(4)<\/strong> Par lettres de juillet 1514 enregistr\u00e9es le 23 novembre suivant, Louis XII \u00e9tablit \u00e0 Taulignan un march\u00e9 le jeudi de chaque semaine et quatre foires par an.<\/p>\n\n\n\n<p class=\"has-medium-font-size\"><strong>(5)<\/strong> Par lettres patentes de l&rsquo;an 1599, homologu\u00e9es cinq ans apr\u00e8s, le roi Henri IV autorisa l&rsquo;\u00e9rection de trois foires \u00e0 Mollans, la 1<sup>\u00e9re<\/sup>, le jour de Saint-Marc, la 2<sup>eme<\/sup>, \u00e0 la Saint-Jacques et la derni\u00e8re pour la f\u00eate de Saint-Rambert. (Arch. d\u00e9p. Dr\u00f4me)<\/p>\n\n\n\n<p class=\"has-medium-font-size\"><strong>(6)<\/strong> Par brevet du 7 ao\u00fbt 1592, enregistr\u00e9 au Parlement le 20 d\u00e9cembre 1597, Henri IV autorisa l&rsquo;\u00e9tablissement de deux foires \u00e0 Romans, l&rsquo;une le 15 mars, transf\u00e9r\u00e9e ensuite au jour de P\u00e2ques, la seconde le 15 octobre, puis fix\u00e9e au 9 septembre par arr\u00eat du Conseil du 17 mai 1785, enregistr\u00e9 le 8 f\u00e9vrier 1786. Cette derni\u00e8re devait durer huit jours.<\/p>\n\n\n\n<p class=\"has-medium-font-size\"><strong>(7)<\/strong> Foires de l&rsquo;Ascension et du 19 octobre \u00e9tablies par lettres patentes de Louis XI, en date de La Tour-du-Pin, 1450. Elles devaient chacune durer huit jours.<\/p>\n\n\n\n<p class=\"has-medium-font-size\"><strong>(8)<\/strong> En 1229, le dauphin Guignes-Andr\u00e9, qui venait de r\u00e9pudier sa premi\u00e8re femme, B\u00e9atrix de Claustral, attribua entre autres rentes \u00e0 celle-ci 1000 sous de revenus annuels \u00e0 prendre sur le produit des foires de Moras et de Saint-Donat. \u00c9tabli en 1544 chaque samedi par arr\u00eat du Parlement.<br><\/p>\n\n\n\n<p><\/p>\n\n\n\n<p class=\"has-medium-font-size\"><strong>Les principaux march\u00e9s<\/strong> hebdomadaires ont lieu trois fois \u00e0 Romans <strong>(1)<\/strong>, Valence <strong>(2)<\/strong>, Die <strong>(3)<\/strong>, Chabeuil, Crest, Nyons.<\/p>\n\n\n\n<p class=\"has-medium-font-size\"><strong>(1)<\/strong> \u00c9tabli en 1534 par Henri III.<\/p>\n\n\n\n<p class=\"has-medium-font-size\"><strong>(2)<\/strong> Dans la seconde moiti\u00e9 du XI<sup>e<\/sup> si\u00e8cle (1057-1070), Gontard, \u00e9v\u00eaque de Valence, accorde aux habitants de cette ville un march\u00e9 de trois jours, lequel devait \u00eatre tenu depuis le jeudi \u00e0 l&rsquo;aurore jusqu&rsquo;au samedi \u00e0 la nuit. (Cartulaire de Romans, ch. 66.)<\/p>\n\n\n\n<p class=\"has-medium-font-size\"><strong>(3)<\/strong> Le 27 f\u00e9vrier 1399, Jean de Poitiers, \u00e9v\u00eaque de Valence et de Die, accorda, \u00e0 la demande des consuls de cette derni\u00e8re ville, des lettres par lesquelles le jour de march\u00e9 \u00a0\u00bb&nbsp;<em>qu&rsquo;estoit le vendredy, il fut remis et chang\u00e9 au sabmedy<\/em>&nbsp;\u00ab\u00a0. (Cartutaire de Die, ch. 14.)<br><br><\/p>\n\n\n\n<p><\/p>\n\n\n\n<p class=\"has-text-align-center has-medium-font-size\" id=\"VIcommerceetindustrie\"><strong>VI. COMMERCE ET INDUSTRIE.<\/strong><br><br><\/p>\n\n\n\n<p><\/p>\n\n\n\n<p class=\"has-medium-font-size\">On transporte vers Lyon des soies , des laines et anis (laine d&rsquo;agneau), des draperies fines et grossi\u00e8res, des papiers et des vins de l&rsquo;Hermitage, des toiles, assez de fil, des cartes, des huiles des Baronnies.<\/p>\n\n\n\n<p class=\"has-medium-font-size\">Quant aux diverses manufactures dr\u00f4moises, nous avons principalement : \u00e0 Crest, Aouste, Saint-Donat, Saint-Vallier, Ch\u00e2teaudouble, Peyrus, Chabeuil, Blacons, Saint Mamans pour le papier&nbsp;; \u00e0 Valence, Romans, Crest et dans le Royans, pour les <a href=\"#laines\">laines<\/a> <strong>(1)<\/strong>. Les <a href=\"#peaux\">peaux<\/a>  <strong>(2)<\/strong> sont tr\u00e8s bien accomod\u00e9es \u00e0 Romans, Mont\u00e9limar, Valence, Livron, Loriol, Mont\u00e9limar, Dieulefit. Au XVII<sup>e<\/sup> si\u00e8cle, les chapeaux de Valence et de Crest jouissaient d&rsquo;une tr\u00e8s grande r\u00e9putation. De plus dans la Dr\u00f4me, on fabrique en plusieurs endroits de la draperie&nbsp;; les draps de Romans \u00e9taient tellement r\u00e9put\u00e9s qu&rsquo;ils \u00e9taient export\u00e9s et on produit de la <a href=\"#soie\">soie <\/a><strong>(3)<\/strong>. Les produits de ces manufactures sont g\u00e9n\u00e9ralement de bonne qualit\u00e9 dans leur esp\u00e8ce. Les draperies, quoique grossi\u00e8res, sont bonnes. On en exportait m\u00eame autrefois une tr\u00e8s-grande quantit\u00e9 dans le Levant , mais le peu de fid\u00e9lit\u00e9 des fabricants,qui, dit-on, emploient \u00e0 pr\u00e9sent de la pelade, ne mettent pas assez de fil dans leurs \u00e9toffes et ne les font pas assez fouler, est cause qu&rsquo;elles ont perdu beaucoup de leur r\u00e9putation, qu&rsquo;une exacte observation des <a href=\"#reglements\">r\u00e8glements<\/a> pourrait r\u00e9tablir <strong>(4)<\/strong>. Les ratines sont aussi fabriqu\u00e9es \u00e0 Crest, Romans et Mont\u00e9limar et le serge \u00e0 Romans, Dieulefit, au Buis et Mont\u00e9limar.<\/p>\n\n\n\n<p class=\"has-medium-font-size\">Pour les forges et travail du fer on a&nbsp;: Bouvante, il y a un martinet pr\u00e8s la chartreuse sur la source du Chasselay appartenant aux Chartreux&nbsp;; \u00e0 Saint-Laurent-en-Royans, \u00e0 une demi lieue de Saint-Jean sur le ruisseau de Choleil ; Emery et Faure en sont fermiers&nbsp;; \u00e0 Saint-Martin-le-Colonel sur le ruisseau de Tionn\u00e9e, \u00e0 un quart de lieue de Saint-Jean, appartenant \u00e0 M. de Chat&#8230;,<\/p>\n\n\n\n<p class=\"has-medium-font-size\">\u00c9tablie de bonne heure dans le secteur pr\u00e9alpin m\u00e9ridional, l&rsquo;industrie laini\u00e8re \u00e9tait une v\u00e9ritable n\u00e9buleuse, compos\u00e9e d&rsquo;une multitude de petites entreprises in\u00e9galement distribu\u00e9es dans l&rsquo;espace provincial. L&rsquo;essentiel de l&rsquo;activit\u00e9 se concentrait du sud du Vercors aux Baronnies. De Romans \u00e0 Pierrelatte la draperie envahissait \u00e9galement les plaines. L&rsquo;ensemble s&rsquo;organisait en des groupes industriels d&rsquo;importance in\u00e9gale. En 1692, pr\u00e8s des deux tiers des pi\u00e8ces produites \u00e9taient commercialis\u00e9es \u00e0 Saint-Jean-en-Royans, Crest, Dieulefit, Taulignan, Le Buis, Valence et Mont\u00e9limar. La r\u00e9gion de Dieulefit rassemblait \u00e0 elle seule 10 900 des 38 200 pi\u00e8ces produites dans la province de Dauphin\u00e9. Le groupe de Romans avec ses annexes fournissait 7 300 pi\u00e8ces.<\/p>\n\n\n\n<p class=\"has-medium-font-size\">A ces industries anciennes \u00e9taient en outre venus s&rsquo;ajouter au XVII<sup>e<\/sup> si\u00e8cle le travail de la bonneterie et celui de la soie. Introduite en France en 1656, la fabrication des bas au m\u00e9tier apparut en 1679 dans la r\u00e9gion de Valence, mais ne d\u00e9marra v\u00e9ritablement que dans les dix derni\u00e8res ann\u00e9es du XVII<sup>e<\/sup> si\u00e8cle. En 1697 \u00e9tait install\u00e9e une manufacture de bas \u00e0 Romans, et l&rsquo;arr\u00eat du Conseil du 30 mars 1700 r\u00e9glementant la fabrication des bas au m\u00e9tier cite Romans parmi les villes autoris\u00e9es. Le succ\u00e8s de cette activit\u00e9 se traduisit par extension \u00e0 Valence, Grenoble, Mont\u00e9limar et Embrun dans les deux premi\u00e8res d\u00e9cennies du XVIII<sup>e<\/sup> si\u00e8cle.<\/p>\n\n\n\n<p class=\"has-medium-font-size\">L&rsquo;industrie du cuir tenait \u00e9galement une place notable. La tannerie des cuirs forts et la m\u00e9gisserie \u00e9taient tr\u00e8s pr\u00e9sentes dans la vall\u00e9e de l&rsquo;Is\u00e8re depuis Grenoble jusqu&rsquo;\u00e0 Romans, probablement le plus grand foyer provincial. Au nord de cette ville, le bourg de Serre comptait 35 tanneries en 1730. Un groupe au moins aussi important se retrouvait dans la vall\u00e9e du Rh\u00f4ne En tout, 135 \u00e9tablissements de tannerie et 110 de m\u00e9gisserie fonctionnaient en 1730. Avec Romans, Grenoble \u00e9tait la seconde capitale de cette activit\u00e9. \u00ab C&rsquo;est une de celles de royaume o\u00f9 l&rsquo;on appr\u00eate le mieux les peaux pour les gans \u00bb \u00e9crivait en 1724 l&rsquo;inspecteur des manufactures Boutillier. La fabrication des gants y \u00e9tait devenue une sp\u00e9cialit\u00e9. D\u00e8s le milieu du XVII<sup>e<\/sup> si\u00e8cle, le libraire Nicolas en assurait la commercialisation sur Paris. En 1704, les douze ma\u00eetres gantiers grenoblois faisaient travailler pr\u00e8s de cent compagnons, trente coupeurs et un millier de couturi\u00e8res.<\/p>\n\n\n\n<p class=\"has-medium-font-size\">En outre on trouvait des mines de plomb, vitriol et autres min\u00e9raux \u00e0 Lesches et Beauri\u00e8res ainsi que deux verreries \u00e0 Taulignan.<\/p>\n\n\n\n<p class=\"has-medium-font-size\">On ne saurait dire exactement le nombre d&rsquo;ouvriers employ\u00e9s dans ces manufactures dr\u00f4moises comme dans la province de Dauphin\u00e9, parce les ouvriers ne sont r\u00e9unis nulle part. Ou sait seulement que les draperies occupent la plus grande quantit\u00e9 d&rsquo;hommes et que les femmes sont plus sp\u00e9cialement employ\u00e9es \u00e0 la filature de la laine et de la soie et aux gants ; mais les uns et les autres ne s&rsquo;occupent de ces ouvrages que pendant la mauvaise saison, consacrant le reste de l&rsquo;ann\u00e9e \u00e0 la culture des champs. En somme, les ouvriers de la province suffisent pour les manufactures et fabriques locales.<\/p>\n\n\n\n<p class=\"has-medium-font-size\">L&rsquo;activit\u00e9 papeti\u00e8re, favoris\u00e9e par la puret\u00e9 des eaux torrentielles et les ruptures de pentes sur les versants montagneux, tout comme par la demande de l&rsquo;imprimerie lyonnaise, compl\u00e9tait cette gamme de l&rsquo;industrie dr\u00f4moise. Tardivement apparue, cette industrie avait connu un d\u00e9veloppement consid\u00e9rable. Cette industrie s&rsquo;organisait principalement dans la vall\u00e9e de la Dr\u00f4me, et notamment \u00e0 Peyrus, Chabeuil et Crest.<\/p>\n\n\n\n<p class=\"has-medium-font-size\">\u00c0 Romans, de beaucoup le plus ancien et le plus important se rencontraient les diff\u00e9rents courants commerciaux des vall\u00e9es du Rh\u00f4ne et de l&rsquo;Is\u00e8re. En 1730, on recensait, dans la ville et ses environs imm\u00e9diats, 1268 ouvriers occup\u00e9s \u00e0 la fabrication des draps, 22 ouvriers bonnetiers, 79 ouvriers toiliers, 28 gantiers, 17 m\u00e9gissiers-tanneurs, 39 chapeliers et 38 mouliniers en soie. Davantage que Grenoble (o\u00f9 dominaient principalement le tissage de toiles et la fabrication des gants) et Valence, encore peu ouverte aux activit\u00e9s manufacturi\u00e8res.<\/p>\n\n\n\n<p class=\"has-medium-font-size\" id=\"laines\"><em><strong>(1)<\/strong> Laines <\/em>&#8211;  En 1789, les \u00c9tats-G\u00e9n\u00e9raux du Dauphin\u00e9 ayant charg\u00e9 l&rsquo;intendant de la province Caze, de La Bove, de faire venir d&rsquo;Espagne un troupeau de moutons m\u00e9rinos destin\u00e9s \u00e0 am\u00e9liorer dans ce pays la race, au point de vue de la laine, vingt-un b\u00e9liers et quarante-huit brebis fuient achet\u00e9s \u00e0 S\u00e9govie, pour le prix de 3041 livres, et confi\u00e9s aux religieux de l&rsquo;abbaye d&rsquo;Aiguebelle. Mais, soit \u00e0 cause des rigueurs de la temp\u00e9rature celle ann\u00e9e-l\u00e0, soit pur le fait de la diff\u00e9rence des p\u00e2turages, un an apr\u00e8s, il ne restait de ce troupeau que quatre b\u00e9liers, vingt-neuf brebis et cinq agneaux. (Arch. de la Dr\u00f4me, C. 6.)<\/p>\n\n\n\n<p class=\"has-medium-font-size\" id=\"peaux\"><strong>(2) <\/strong><em>Peaux <\/em>&#8211; il n&rsquo;y avait gu\u00e8re d&rsquo;autres ateliers de ganterie qu&rsquo;\u00e0 Grenoble, et ce n&rsquo;est, que vers le milieu du XVIll<sup>e<\/sup> si\u00e8cle qu&rsquo;on en \u00e9tablit \u00e0 Milhaud. Comme point de comparaison, on \u00e9tablit qu&rsquo;en 1391 une paire de gants blancs valait 4 deniers. Treize ans apr\u00e8s, le gantier et varlet de chambre du roi Charles VII, demandait 4 sous de chaque paire de gants de peau de chien, brod\u00e9s \u00e0 houppe et \u00e0 fraise, 6 sous pour ceux en peau de chevreau, \u00e9galement brod\u00e9s \u00e0 houppe et \u00e0 fraise, enfin 23 sous pour des gants de chamois, servant \u00e0 porter l&rsquo;\u00e9pervier.<\/p>\n\n\n\n<p class=\"has-medium-font-size\" id=\"soie\"><strong>(3)<\/strong> <em>Soie <\/em>&#8211; Bien que l&rsquo;introduction du m\u00fbrier dans notre province date de la fin du XV<sup>e<\/sup> si\u00e8cle, Barth\u00e9l\u00e9my de Laffemas, humble tailleur d&rsquo;habits de Beausemblant (Dr\u00f4me), devenu en 1642, gr\u00e2ce \u00e0 son intelligence, contr\u00f4leur g\u00e9n\u00e9ral du commerce, n&rsquo;en est pas moins le v\u00e9ritable p\u00e8re de la s\u00e9riciculture, non-seulement en Dauphin\u00e9, mais en France, car c&rsquo;est \u00e0 ses efforts que nous sommes redevables de l&rsquo;importance acquise par cette industrie dans notre pays. Frapp\u00e9 de notre inf\u00e9riorit\u00e9 commerciale au lendemain des troubles de la Ligue, il adressa successivement au roi Henri IV divers rapports dans lesquels il lui signalait, entre autres moyens capables de restaurer le commerce dans le royaume, la culture de la soie, dont on importait alors pour plus de six millions dans chaque ann\u00e9e, et le monarque goguenard, tout en plaisantant sur ce que, son tailleur lui faisant des livres, il voulait que dor\u00e9navant son chancelier lui fit ses chausses, se rangea compl\u00e8tement \u00e0 son avis, et le 20 juillet 1602 donna force d&rsquo;\u00e9dit \u00e0 un cahier de remontrances r\u00e9dig\u00e9 par Laffemas, dans lequel on rel\u00e8ve ce paragraphe : <em>\u00a0\u00bb&nbsp; Apr\u00e8s avoir vu la bont\u00e9 des soyes qui se font \u00e0 pr\u00e9sent en Provence, Languedoc, Touraine et ailleurs avons ordonn\u00e9 et ordonnons que, sur grosses peines, tous maistres et chefs de biens tenans, de quelque qualit\u00e9 ou condition qu&rsquo;ils soient, seront tenus planter ou faire planter des meuriers blancs sur leurs terres selon la commodit\u00e9 ou incommodit\u00e9 du lieu; \u00e0 s\u00e7avoir deux, trois ou quatre par arpent, sans empescher ceux qui en voudront planter davantage, ainsi qu&rsquo;il sera advis\u00e9 par nos juges et officiers des lieux. Mesme voulons que les seigneurs, nobles, gens d&rsquo;\u00e9glise et tous autres y soient contraints; sp\u00e9cialement aux abbayes, prieur\u00e9s, maladreries et h\u00f4pitaux : attendu que c&rsquo;est pour faire vivre et employer les pauvres Et apr\u00e8s lesdits arbres plant\u00e9s voulons et entendons estre faictes inhibitions et d\u00e9fenses, \u00e0 son de trompe et cry public, \u00e0 toutes personnes de rompre, coupper ny arracher iceux arbres, \u00e0 peine du fouet, et d&rsquo;estre marquez de la fleur de lys : et pour la seconde fois d&rsquo;estre pendus et estranglez.<\/em> \u00bb<\/p>\n\n\n\n<p class=\"has-medium-font-size\" id=\"reglements\"><strong>(4)<\/strong><em> R\u00e8glements<\/em> &#8211; Ce besoin de r\u00e9glementer la fabrication des draperies ne se faisait pas sentir qu&rsquo;en Dauphin\u00e9, ainsi qu&rsquo;on peut s&rsquo;en convaincre par les proc\u00e8s-verbaux des s\u00e9ances du conseil royal du commerce, dans lesquels on voit, d\u00e8s 1603, les hommes comp\u00e9tents demander \u00ab <em>qu&rsquo;il y eut gens choisis et d\u00e9nomm\u00e9s comme juges ou gardes pour marquer et visiter les draps<\/em>. \u00bb Aucunes mesures ne furent prises cependant avant 1669, et encore celles adopt\u00e9es \u00e0 cette \u00e9poque furent-elles si peu pr\u00e9cises qu&rsquo;elles n&rsquo;atteignirent pas les draperies dauphinoises. La premi\u00e8re r\u00e9glementation impos\u00e9e \u00e0 celles-ci date de f\u00e9vrier 1698. Aux termes de cet arr\u00eat du Conseil du roi, enregistr\u00e9 le 21 avril de la m\u00eame ann\u00e9e au Parlement de Grenoble, les serges et ratines 3\/4 devaient avoir quarante port\u00e9es \u00e0 quarante fils, et les\u00e9tamets <em>(petite \u00e9toffe de laine)<\/em> de m\u00eame laine trente-huit port\u00e9es \u00e0 trente-deux fils. Quant aux draps, ceux de Saint-Jean-en-Royans devaient \u00eatre fabriqu\u00e9s avec de la laine de pays ou autre de semblable qualit\u00e9 et avoir au moins quarante-huit port\u00e9es \u00e0 trente deux fils, pour avoir, une fois foul\u00e9s et appr\u00eat\u00e9s, la largeur d&rsquo;une aune. Les draps de Chabeuil seraient faits avec \u00ab<em>fleurs ou prime laine du pays \u00bb<\/em> et auraient autant de port\u00e9es d&rsquo;autant de fils que les pr\u00e9c\u00e9dents.<\/p>\n\n\n\n<p class=\"has-medium-font-size\">Relativement aux cordillats (<em>\u00c9toffe <\/em><em>grossi\u00e8re <\/em><em>de laine \u00e0 c\u00f4tes<\/em>) de Crest, les peign\u00e9s \u00e9taient tenus d&rsquo;avoir vingt-huit port\u00e9es \u00e0 quarante fils, et les cordillats enversains (<em>drap envers\u00e9<\/em>) ou communs vingt-cinq port\u00e9es \u00e0 trente-deux fils. En somme, il \u00e9tait d\u00e9fendu \u00e2 tous fabricants d&#8217;employer ni avoir chez eux de la laine pelade, sous peine de confiscation et vingt livres d&rsquo;amende.<\/p>\n\n\n\n<p class=\"has-medium-font-size\">En second arr\u00eat, du 11 mars 1732, pr\u00e9cise bien davantage encore le\u00bb obligations impos\u00e9es aux fabricants de draps et \u00e9tablit pour chaque qualit\u00e9 des marques particuli\u00e8res.<br><br><\/p>\n\n\n\n<p><\/p>\n\n\n\n<p class=\"has-text-align-center has-medium-font-size\" id=\"VIItaillesetgabelles\"><strong>VII &#8211; TAILLES ET GABELLES<\/strong><br><br><\/p>\n\n\n\n<p><\/p>\n\n\n\n<p class=\"has-medium-font-size\"><strong>Les <a href=\"#tailles\">tailles<\/a><\/strong> <strong>(1)<\/strong> sont r\u00e9elles eu Dauphin\u00e9 et se payent en proportion de l&rsquo;estime des fonds dont la distinction a \u00e9t\u00e9 faite par un <a href=\"#arret\">arr\u00eat<\/a> du conseil en date du 21 octobre 1039 <strong>(2)<\/strong>, lequel a d\u00e9clar\u00e9 quels seraient \u00e0 l&rsquo;avenir les fonds nobles, c&rsquo;est-\u00e0-dire francs de failles, et ceux qui seraient roturiers, c&rsquo;est-\u00e0-dire sujets \u00e0 l&rsquo;imp\u00f4t, et ce perp\u00e9tuellement en quelque main qu&rsquo;ils passent et de quelle qualit\u00e9 que soient leurs-possesseurs. Cette forme d&rsquo;imposition exclut les instances en surtaux et autres proc\u00e8s qui accablent les pays de <a href=\"#taillepersonnelle\">taille personnelle<\/a> <strong>(3)<\/strong>, D&rsquo;ailleurs, l&rsquo;usage \u00e9tabli dans celte province d&#8217;embrigader les contribuants est, quels que soient ses inconv\u00e9nients, le <a href=\"#meilleur\">meilleur<\/a> <strong>(4)<\/strong>, parce qu&rsquo;il retranche la plupart des frais qu&rsquo;entra\u00eenent les ex\u00e9cutions par sergents et est, en somme, bien plus soulageant pour les contribuants, pourvu que l&rsquo;intendant veille \u00e0 l&rsquo;ex\u00e9cution du r\u00e8glement fait \u00e0 ce sujet, en 1684, par Pierre Cardin-Lebret, (<em>intendant en Dauphin\u00e9 de 1683 \u00e0 1686<\/em>). En 1684, ann\u00e9e qui a pr\u00e9c\u00e9d\u00e9 la derni\u00e8re guerre, le r\u00f4le des tailles \u00e9tait de 1 202 203 livres, savoir :<\/p>\n\n\n\n<ul class=\"has-medium-font-size wp-block-list\">\n<li class=\"has-medium-font-size\">\u00c9lection de Grenoble . . . 275 010 livres<\/li>\n\n\n\n<li class=\"has-medium-font-size\">de Vienne.. . . 314 730<\/li>\n\n\n\n<li class=\"has-medium-font-size\">de Romans . . .186 115<\/li>\n\n\n\n<li class=\"has-medium-font-size\">de Valence . . .112 107<\/li>\n\n\n\n<li class=\"has-medium-font-size\">de Mont\u00e9limar &#8230;141 182<\/li>\n\n\n\n<li class=\"has-medium-font-size\">de Gap&#8230; 233 059<\/li>\n\n\n\n<li class=\"has-medium-font-size\">Le total \u00e9gale\u2026 1 202 203<\/li>\n<\/ul>\n\n\n\n<p class=\"has-medium-font-size\">Ce chiffre qui n&rsquo;a gu\u00e8re \u00e9t\u00e9 modifi\u00e9 pendant la guerre, la province, qui plus que toute autre a un nombre consid\u00e9rable d&rsquo;affaires extraordinaires de finance, ayant d\u00fb payer en outre pour 400 000 liv. d&rsquo;ustensiles de cavalerie et supporter les quartiers d&rsquo;hiver qu&rsquo;on peut \u00e9valuer 300 000 livres.<\/p>\n\n\n\n<p class=\"has-medium-font-size\">En Dauphin\u00e9, <strong>la <\/strong><a href=\"#gabelle\"><strong>gabelle<\/strong> <\/a>(<strong>5)<\/strong>&nbsp;; le sel s&rsquo;y commerce comme toute autre denr\u00e9e, de sorte qu&rsquo;il est permis aux habitants d&rsquo;aller prendre le sel dans n&rsquo;importe quel grenier et en n&rsquo;importe quelle quantit\u00e9 ce qui rend la r\u00e9gie extr\u00eamement difficile et ne permet pas de juger de l&rsquo;augmentation ou de la diminution du d\u00e9bit de chaque grenier. N\u00e9anmoins on peut avancer que la consommation g\u00e9n\u00e9rale de sel, ann\u00e9e commune, est de 55 000 minots (<em>1 minot = env. 39 l<\/em>), qui, \u00e0 21 livres 16 sols le <a href=\"#minot\">minot <\/a><strong>(6)<\/strong>, prix actuel, donnent 1 364 000 livres, somme de laquelle il faut d\u00e9duire le prix du sel dans les salines, les frais de voiture et de r\u00e9gie, etc., en sorte que la gabelle du Dauphin\u00e9 ne rapporte r\u00e9ellement que 1 210 000 livres, compris les b\u00e9n\u00e9fices que le roi accorde aux <a href=\"#fermiers\">fermiers<\/a> <strong>(7)<\/strong>, en consid\u00e9ration des avances qu&rsquo;ils lui font et du soin qu&rsquo;ils prennent de faire valoir sa ferme. Tout le sel qui se consomme en Dauphin\u00e9 est tir\u00e9 de <a href=\"#peccais\">Peccais<\/a> en Languedoc <strong>(8)<\/strong>, d&rsquo;o\u00f9 il est port\u00e9 \u00e0 Al\u00e8s et de la voiture par le Rh\u00f4ne aux principaux greniers de la province.<\/p>\n\n\n\n<p class=\"has-medium-font-size\" id=\"tailles\"><strong>(1)<\/strong> <em>Tailles<\/em> &#8211; Emprunt\u00e9 aux tailles de bois sur lesquelles les premiers p\u00e9r\u00e9quateurs <em>(Qui effectue une r\u00e9partition \u00e9quitable des charges)<\/em> marquaient leurs recettes, comme le font encore les bouchers et les boulangers de nos jours, le mot taille, synonyme de contribution et d&rsquo;imp\u00f4t, s&rsquo;appliquait indiff\u00e9remment autrefois \u00e0 toutes les redevances et \u00e0 tous les subsides impos\u00e9s tant nu profit du seigneur en particulier que pour les besoins de la commune ou ceux du pays en g\u00e9n\u00e9ral. Il d\u00e9signe ici l&rsquo;imp\u00f4t d\u2019\u00c9tat direct dont l&rsquo;\u00e9tablissement permanent et r\u00e9gulier dans notre province est plus moderne encore que dans la France proprement dite; organisation toute militaire, la f\u00e9odalit\u00e9 n&rsquo;admettant pas de contribution g\u00e9n\u00e9rale et r\u00e9guli\u00e8re au profit du souverain qui, quelle que f\u00fbt son importance, devait se suffire avec les seuls revenus de son domaine.<\/p>\n\n\n\n<p class=\"has-medium-font-size\">En somme, la taille qui, dans la plupart des autres provinces, date du r\u00e8gne de Charles VII, fut \u00e9tablie en Dauphin\u00e9 par le dauphin Louis, son fils, et l\u00e0, comme ailleurs, sou chiffre d&rsquo;abord restreint s&rsquo;accrut au fur et \u00e0 mesure des charges du pouvoir central. Tellement que, montant \u00e0 peine \u00e0 70 000 livres \u00e0 l&rsquo;origine, la taille fut de 110 000 sous Fran\u00e7ois I&nbsp;<sup>er<\/sup>, gr\u00e2ce \u00e0 l&rsquo;\u00e9tablissement des arm\u00e9es permanentes; puis les troubles civils et religieux du XVI<sup>e<\/sup> si\u00e8cle aidant, elle s&rsquo;\u00e9leva \u00e0 258 118 liv., en 1573, et depuis elle suivit rapidement une marche ascendante, concurremment avec une foule d&rsquo;autres imp\u00f4ts \u00e9tablis ou cr\u00e9\u00e9s sous divers pr\u00e9textes.<\/p>\n\n\n\n<p class=\"has-medium-font-size\" id=\"arret\"><strong>(2)<\/strong> <em>Arr\u00eat <\/em>&#8211; Cet arr\u00eat, rendu \u00e0 Grenoble sur le rapport du contr\u00f4leur g\u00e9n\u00e9ral des finances H\u00e9mery, \u00e9tablissait d&rsquo;une mani\u00e8re p\u00e9remptoire que tous biens poss\u00e9d\u00e9s par des roturiers ou acquis d&rsquo;eux par des eccl\u00e9siastiques ou des nobles, ant\u00e9rieurement au 1<sup>er<\/sup> avril 1602, seraient irr\u00e9vocablement et perp\u00e9tuellement soumis aux tailles. Et de plus, \u00a0\u00bb&nbsp;<em>pour pr\u00e9venir les abus qui se pourroient commettre en la cotisation des facilitez mobiliaires, trafic et industrie des gens du tiers-ordre,<\/em>&nbsp;\u00a0\u00bb il \u00e9tait ordonn\u00e9 \u00ab <em>que les docteurs et avocats ne seroieut tax\u00e9s pour leurs industries, ni les secr\u00e9taires et huissiers des cours souveraines, pour raison de leurs offices seulement;et que lesdits gens du tiers estat ne seroient tax\u00e9s auxdites tailles pour leurs meubles meublants, ains pour leurs obligations, pensions, rentes constitu\u00e9es et autres moyens secrets ; ensemble pour leurs bestiaux autres que ceux de labour servant \u00e0 cultiver les h\u00e9ritages roturiers. Toutefois, la cotisation desdites facult\u00e9s mobiliaires, trafic et industrie, o\u00f9 pourroit exc\u00e9der dans les villes le huiti\u00e8me de la somme qui s&rsquo;imposera, dans les bourgs et villages ayant marchez la dixi\u00e8me, et aux autres paroisses et communault\u00e9s, la douzi\u00e8me.&nbsp;\u00ab\u00a0<\/em><\/p>\n\n\n\n<p class=\"has-medium-font-size\" id=\"taillepersonnelle\"><strong>(3) <\/strong><em>La taille personnelle<\/em> \u00e9tait celle qui s&rsquo;imposait suivant la qualit\u00e9 des personnes et les suivait sans tenir compte du lieu o\u00f9 leurs biens \u00e9taient situ\u00e9s. R\u00e9gime d\u00e9plorable et souverainement injuste qui a donn\u00e9 lieu \u00e0 cette formidable querelle entre les privil\u00e9gi\u00e9s et le tiers-\u00e9tat qui, sous le nom de proc\u00e8s des tailles, remplit un si\u00e8cle de l&rsquo;histoire de notre province. ( <a href=\"https:\/\/aouste-a-coeur.fr\/le-proces-des-tailles-dans-le-dauphine\/\">https:\/\/aouste-a-coeur.fr\/le-proces-des-tailles-dans-le-dauphine\/<\/a> )<\/p>\n\n\n\n<p class=\"has-medium-font-size\" id=\"meilleur\"><strong>(4) <\/strong><em>Meilleur<\/em> &#8211; En Dauphin\u00e9, l&rsquo;imposition des tailles se faisait par feux, mot qui, pris \u00e0 l&rsquo;origine pour une maison, signifia dans la suite un assemblage de contribuables ou de terres repr\u00e9sentant un revenu fictif qui,en 1639, \u00e9tait de 2400 livres. Suivant le p\u00e9r\u00e9quaire (<em> anc\u00eatre du cadastre, registre pr\u00e9sentant la description des biens-fonds et l&rsquo;\u00e9valuation de leurs revenus<\/em>) de 1700, notre province comprenait 3500 feux, dont 279 \u00e9taient affranchis, soit 3\/220 feux taillables, chiffre qui fut r\u00e9duit \u00e0 3018 apr\u00e8s la cession des vall\u00e9es vaudoises au roi de Sardaigne. Chaque paroisse \u00e9tait donc tax\u00e9e suivant la somme aff\u00e9rente au nombre de feux qu&rsquo;elle repr\u00e9sentait, et cette somme \u00e9tait ensuite r\u00e9partie entre tous les habitants par les officiers locaux, comme la contribution mobili\u00e8re actuelle.<\/p>\n\n\n\n<p class=\"has-medium-font-size\" id=\"gabelle\"><strong>(5)<\/strong> <em>Gabelle <\/em>&#8211; Le mot gabelle, que quelques \u00e9tymologistes font venir de l&rsquo;h\u00e9breu kibbel, donner, \u00e9tait anciennement pris pour toutes sortes de tributs; mais \u00e0 partir du XIV<sup>e<\/sup> si\u00e8cle, il fut particuli\u00e8rement r\u00e9serv\u00e9 \u00e0 l&rsquo;imp\u00f4t sur le sel qui, jusqu&rsquo;en 1848, a \u00e9t\u00e9 l&rsquo;une des sources du revenu public. \u00c9tablie en France d\u00e8s 1286, la gabelle \u00e9tait inconnue dans notre province du temps des Dauphins, et dans quelques villes et bourgs seulement le sel \u00e9tait frapp\u00e9 d&rsquo;un droit appel\u00e9 sesterage ou h\u00e9minal, du s\u00e9tier ou de l&rsquo;h\u00e9mine qui servaient \u00e0 le mesurer. Charles VII est le premier qui ait \u00e9tendu cet imp\u00f4t au Dauphin\u00e9, qui cependant fut toujours un pays de petites gabelles, c&rsquo;est-\u00e0-dire dans lequel cet imp\u00f4t \u00e9tait moins \u00e9lev\u00e9 qu&rsquo;ailleurs. Venant du Midi par le Rh\u00f4ne, le sel \u00e9tait d\u00e9barqu\u00e9 \u00e0 Tain, o\u00f9 il \u00e9tait gabell\u00e9, et de l\u00e0 distribu\u00e9 dans les divers greniers de la province o\u00f9 venaient se pourvoir les marchands, qui le commer\u00e7aient d&rsquo;ailleurs \u00e0 leur gr\u00e9.<\/p>\n\n\n\n<p class=\"has-medium-font-size\" id=\"minot\"><strong>(6)<\/strong>  <em>Minot <\/em>&#8211; Suivant les temps et les circonstances, le prix du sel a consid\u00e9rablement vari\u00e9. De 11 florins, ou 6 liv. 12 sols le minot, il fut port\u00e9 \u00e0 7 liv. 5 sols 6 deniers en 1485, et depuis, nouvelle cons\u00e9quence des d\u00e9penses administratives et militaires, il a constamment augment\u00e9 jusqu&rsquo;en 1678, \u00e9poque \u00e0 laquelle une augmentation de 30 sous, faite quatre ans auparavant, fut supprim\u00e9e, mais pour \u00eatre remplac\u00e9e en 1689 par deux surcharges de 20 sous, auxquelles s&rsquo;en ajouta, le 17 novembre 1702, une troisi\u00e8me de 40 sous, ce qui portait alors le prix du sel \u00e0 26 livres 16 sols le minot, ou neuf fois \u00e0 peu pr\u00e8s le prix actuel. Un semblable imp\u00f4t frappant un objet de premi\u00e8re n\u00e9cessit\u00e9 ne pouvait manquer d&rsquo;exciter la fraude et la contrebande, et celles-ci se firent bient\u00f4t dans de telles proportions, qu&rsquo;un tribunal extraordinaire ayant \u00e9t\u00e9 \u00e9tabli \u00e0 Valence en 1733, sous le nom de commission du conseil, pour juger les contrebandiers et faux-sauniers, 77 de ces derniers furent condamn\u00e9s \u00e0 \u00eatre pendus, 57, dont Mandrin, \u00e0 \u00eatre rompus vifs et 631 aux gal\u00e8res, dans une p\u00e9riode de 38 ans.<\/p>\n\n\n\n<p class=\"has-medium-font-size\" id=\"fermiers\"><strong>(7)<\/strong> Fermiers &#8211; De tout temps le monopole du sel a \u00e9t\u00e9 donn\u00e9 \u00e0 ferme, mais jusqu&rsquo;\u00e0 Henri II le Dauphin\u00e9 a eu ses fermiers particuliers. \u00c2 cette \u00e9poque seulement la gabelle de notre province fut comprise dans la ferme g\u00e9n\u00e9rale, ce qui donna lieu \u00e0 de vives et constantes r\u00e9clamations de la part des \u00c9tats g\u00e9n\u00e9raux du pays, tant \u00e0 cause des b\u00e9n\u00e9fices qui de la sorte allaient hors de l\u00e0 province, que parce que ces fermiers, ou plut\u00f4t leurs agents, exer\u00e7aient leurs fonctions d&rsquo;une mani\u00e8re vexatoire et arbitraire. Pour se convaincre, du reste, des exigences du fisc relativement au sel, il suffira de dire qu&rsquo;\u00e0 la fin du XVII<sup>e<\/sup> si\u00e8cle les receveurs des gabelles en Dauphin\u00e9 pr\u00e9tendirent percevoir certains droits sur les fromages import\u00e9s dans cette province, sous pr\u00e9texte qu&rsquo;ils \u00e9taient sal\u00e9s, et qu&rsquo;il ne fallut rien moins qu&rsquo;un arr\u00eat du Parlement pour les faire renoncer \u00e0 cette ridicule pr\u00e9tention.<\/p>\n\n\n\n<p class=\"has-medium-font-size\" id=\"peccais\"><strong>(8)<\/strong> Peccais &#8211; Le roi ayant autoris\u00e9 quelques \u00e9trangers \u00e0 tirer du sel de France, cette mesure donna lieu \u00e0 des remontrances de la part des d\u00e9put\u00e9s de notre province aux \u00c9tats de Blois (1377), observant que<em> \u00a0\u00bb&nbsp;le nouveau sel qui peult estre au Peccais, on ne peult en uzer pour la sant\u00e9 des personnes qu&rsquo;au pr\u00e9alable il ne soit surann\u00e9 de deux ann\u00e9es, voyre mesme pour en uzer pour les salaires, aultrement<\/em> <em>il cauzait infinies maladies et gastements de chairs.&nbsp;\u00ab\u00a0<\/em><br><br><\/p>\n\n\n\n<p><\/p>\n\n\n\n<p class=\"has-text-align-center has-medium-font-size\" id=\"VIIIdouanesetpeages\"><strong>VIII. DOUANES ET P\u00c9AGES<\/strong><br><br><\/p>\n\n\n\n<p><\/p>\n\n\n\n<p class=\"has-medium-font-size\"><strong>Les droits de douane<\/strong> qui se l\u00e8vent en Dauphin\u00e9 sont au nombre de trois : la douane de Valence, celle de Lyon et la foraine.<\/p>\n\n\n\n<p class=\"has-medium-font-size\">La douane de Valence est un droit qui se l\u00e8ve sur toutes les marchandises et denr\u00e9es tant \u00e9trang\u00e8res que regnicoles <em>(originaires du pays ou du royaume)<\/em> qui, allant venant par terre ou par eau, passent par Valence, Vienne, Sainte-Colombe ou autres localit\u00e9s riveraines du Rh\u00f4ne. Anciennement ce n&rsquo;\u00e9tait qu&rsquo;un p\u00e9age, \u00e9tabli vers la fin du si\u00e8cle dernier \u00e0 Vienne, par le conn\u00e9table de Montmorency, qui en r\u00e9gla le tarif et qui, rapportant seulement 37 500 livres en 1601, fut afferm\u00e9 vingt ans apr\u00e8s 100 000 livres, par le sieur Dupuy. D\u00e9sireux de favoriser la ville de Valence, le conn\u00e9table de Lesdigui\u00e8res y a transf\u00e9r\u00e9 cette douane, qui depuis lors est appel\u00e9e <a href=\"#douanedevalence\">douane de Valence <\/a><strong>(1)<\/strong>.<\/p>\n\n\n\n<p class=\"has-medium-font-size\">La <a href=\"#douanedelyon\">douane de Lyon<\/a> <strong>(2)<\/strong> est un droit \u00e9tabli par divers \u00e9dits et d\u00e9clarations, ceux de juillet 1542, d\u00e9cembre 1605 et juin 1613 entr&rsquo;autres, sur les marchandises qui devraient \u00eatre directement conduites \u00e0 Lyon. L&rsquo;\u00e9tablissement de bureaux de cette douane, inutilement ordonn\u00e9 plusieurs fois, a enfin eu lieu ensuite de l\u00e0 d\u00e9claration du 17 juin 1662, d&rsquo;abord pour emp\u00eacher l&rsquo;entr\u00e9e libre des marchandises \u00e9trang\u00e8res dans le royaume et ensuite pour faciliter les habitants de cette province, auparavant oblig\u00e9s de tirer de Lyon certaines marchandises qu&rsquo;ils se peuvent procurer au passage. <\/p>\n\n\n\n<p class=\"has-medium-font-size\">Sous le nom d&rsquo;<a href=\"#impositiondeforains\">imposition de forains<\/a> <strong>(3)<\/strong> sont compris \u00a0\u00bb&nbsp;<em>l&rsquo;imposition <\/em>foraine&nbsp;\u00ab\u00a0, \u00a0\u00bb&nbsp;<em>le r\u00eave&nbsp;\u00ab\u00a0, \u00a0\u00bb&nbsp;le haut passage&nbsp;\u00a0\u00bb et \u00a0\u00bb&nbsp;le domaine forain&nbsp;<\/em>\u00ab\u00a0, tous droits que le roi Henri II a, par sa d\u00e9claration de 1551, r\u00e9duits en un seul qui se l\u00e8ve sur les marchandises, denr\u00e9es et bestiaux allant du royaume ou de provinces dans lesquelles ont cours les aides \u00e0 l&rsquo;\u00e9tranger ou dans des provinces exemptes des aides. Ce droit, qui comprend encore ceux de traite domaniale et de denier Saint-Andr\u00e9, car r\u00e9guli\u00e8rement ces droits devraient \u00eatre acquitt\u00e9s en Languedoc et en Provence, et ce n&rsquo;est que par exception qu&rsquo;un arr\u00eat de l&rsquo;an 1602 a ordonn\u00e9 l&rsquo;\u00e9tablissement en Dauphin\u00e9 des bureaux de cette imposition, qui d&rsquo;ailleurs sont les m\u00eames que ceux des douanes de Valence et de Lyon.<\/p>\n\n\n\n<p class=\"has-medium-font-size\">On peut observer que ces diverses douanes donnent lieu \u00e0 de vives r\u00e9clamations de la part des commer\u00e7ants dauphinois, qui se plaignent :<\/p>\n\n\n\n<p class=\"has-medium-font-size\">1\u00b0 Que les fermiers des droits du roi font payer la douane aux marchandises et bestiaux traversant le Rh\u00f4ne pour aller en Languedoc, Lyonnais, Forez, Beaujolais et Auvergne, comme \u00e0 ceux et celles qui de ces provinces viennent en Dauphin\u00e9 pour les besoins du pays ;<\/p>\n\n\n\n<p class=\"has-medium-font-size\">2\u00b0 Que les gardes pr\u00e9pos\u00e9s par les \u00e9chevins de Lyon sur les divers passages pour le tiers surtaux (<em>\u00ab\u00a0Taux qui va au-del\u00e0 de ce qui est d\u00fb\u00a0\u00bb<\/em>) et autres impos\u00e9s par cette ville sur les marchandises obligent celles-ci \u00e0 passer par cette ville, o\u00f9 on leur fait acquitter la douane de Lyon, sous pr\u00e9texte qu&rsquo;elle ne peut \u00eatre acquitt\u00e9e ailleurs, et de plus le tiers surtaux, la subvention , etc., d&rsquo;o\u00f9 s&rsquo;ensuit la ruine du commerce dauphinois, qui ne peut supporter de semblables frais;<\/p>\n\n\n\n<p class=\"has-medium-font-size\">3\u00b0 Que le fermier de la douane ne permet pas aux draperies et autres marchandises venant de Hollande, Allemagne ou Suisse, par autre voie que Gen\u00e8ve, d&rsquo;entrer en Dauphin\u00e9 par le Pont-de-Beauvoisin, mais les contraint d&rsquo;aller \u00e0 Lyon, o\u00f9 elles payent les droits de douane et autres qui s&rsquo;y l\u00e8vent, ensuite de quoi, sortant de cette ville, elles sont tax\u00e9es par la douane de Valence, ce qui cause un tel pr\u00e9judice aux marchands que certains les ont abandonn\u00e9es;<\/p>\n\n\n\n<p class=\"has-medium-font-size\">4\u00b0 Que, sans autre fondement que m\u00eame usage est \u00e9tabli en Provence, les bureaux de la douane de Lyon \u00e9tablis en Dauphin\u00e9 exigent en plus des anciens droits deux sous par livre ;<\/p>\n\n\n\n<p class=\"has-medium-font-size\">5\u00b0 Que l&rsquo;on fait payer la foraine aux marchandises dauphinoises allant d&rsquo;un point \u00e0 l&rsquo;autre de cette province par le Rh\u00f4ne;<\/p>\n\n\n\n<p class=\"has-medium-font-size\">6\u00b0 Enfin, que les bureaux de Condrieu et de Sainte-Colombe font payer la foraine aux marchandises qui de Provence ou de Languedoc vont \u00e0 Vienne, bien qu&rsquo;elles ne fassent que passer devant la province de Lyonnais et qu&rsquo;elles ont d\u00e9j\u00e0 \u00e9t\u00e9 tax\u00e9es \u00e0 Villeneuve-d&rsquo;Avignon ou \u00e0 Arles. Et il faut ajouter que ces <a href=\"#plaintes\">plaintes<\/a>, auxquelles on pourrait ajouter un grand nombre d&rsquo;autres.<strong>(4)<\/strong><\/p>\n\n\n\n<p class=\"has-medium-font-size\">Leur cessation r\u00e9tablirait le commerce en Dauphin\u00e9, mais au d\u00e9triment de celui de Lyon, ville qui de tout temps a \u00e9t\u00e9 grandement favoris\u00e9e sur ce point, comme l&rsquo;un des principaux centres du royaume.<\/p>\n\n\n\n<p class=\"has-medium-font-size\" id=\"douanedevalence\"><strong>(1) <\/strong> <em>Douane de Valence<\/em> &#8211; C\u00e9sar de Martin de Disimieu, gouverneur de Vienne pour la Ligue, ayant consenti \u00e0 livrer cette place au conn\u00e9table de Montmorency, moyennant 25 000 \u00e9cus, celui-ci, pour se procurer cette somme, \u00e9tablit, le 6 mai 1595, uu droit de douane sur toutes les marchandises qui passeraient \u00e0 Vienne ou Sainte-Colombe, et trois jours apr\u00e8s arr\u00eata \u00e0 cet effet un tarif qui fut confirm\u00e9 par lettres patentes du 19 juillet. Suivant les termes de l&rsquo;ordonnance d&rsquo;\u00e9tablissement, cette douane ne devait subsister que le temps n\u00e9cessaire pour obtenir 25 000 \u00e9cus ; mais, comme cela arrive d&rsquo;ordinaire, elle n&rsquo;en persista pas moins apr\u00e8s. Atteints par cette mesure restrictive de leur commerce, les Lyonnais r\u00e9clam\u00e8rent \u00e9nergiquement et obtinrent la suppression de la douane de Vienne, le 12 f\u00e9vrier 1611. Mais ce ne fut que momentan\u00e9, car dix ans apr\u00e8s, Lesdigui\u00e8res la r\u00e9tablit \u00e0 Valence, sous pr\u00e9texte du si\u00e8ge du Pouzin qu&rsquo;il faisait alors contre les Huguenots. De nouvelles r\u00e9clamations s&rsquo;ensuivirent, et la douane fut supprim\u00e9e une seconde fois, le 11 mai 1621, par un arr\u00eat \u00e9tablissant en d\u00e9dommagement un imp\u00f4t de sept sous sur chaque minot de sel vendu \u00e0 Lyon et de cinq sous lorsqu&rsquo;il serait vendu ailleurs en Lyonnais. Ce qui n&#8217;emp\u00eacha pas Lesdigui\u00e8res de la r\u00e9tablir de nouveau (23 sept. 1626) \u00e0 l&rsquo;occasion du second si\u00e8ge du Pouzin, et cela sans abolir l&rsquo;imp\u00f4t compensateur \u00e9tabli sur le sel. Afferm\u00e9e 13 810 \u00e9cus en 1598, la douane de Valence rapportait en 1630 au Tr\u00e9sor 200 000 livres par an.<\/p>\n\n\n\n<p class=\"has-medium-font-size\" id=\"douanedelyon\">(<strong>2)<\/strong> <em>Douane de Lyon<\/em> &#8211; Plus ancienne que celle de Valence, la douane de Lyon fut \u00e9tablie par Louis XI, dans le but d&rsquo;assurer aux nombreux ouvriers italiens venus en France pour \u00e9tablir des tissages d&rsquo;\u00e9toffes d&rsquo;or, d&rsquo;argent et de soie une prime de 10 livres par apprenti. Fix\u00e9 d&rsquo;abord \u00e0 5&nbsp;% et pr\u00e9lev\u00e9 seulement sur les \u00e9toffes d&rsquo;or, d&rsquo;argent et de soie, les fils d&rsquo;argent, les soies torses, cet imp\u00f4t, r\u00e9duit \u00e0 2 1\/2&nbsp;%, fut ensuite \u00e9tendu \u00e0 toutes les marchandises d&rsquo;origine \u00e9trang\u00e8re.<\/p>\n\n\n\n<p class=\"has-medium-font-size\" id=\"impositiondeforains\"><strong>(3)<\/strong> &#8211; Imposition de forains &#8211; \u00a0\u00bb&nbsp;<em>Imposition foraine&nbsp;\u00ab\u00a0<\/em>, droit de un sol par livre sur toutes les marchandises vendues en France, suivant un \u00e9dit de l&rsquo;an 1300, r\u00e9gl\u00e9 par une ordonnance de 1369.<\/p>\n\n\n\n<p class=\"has-medium-font-size\">\u00a0\u00bb&nbsp;<em>R\u00eave<\/em>&nbsp;\u00ab\u00a0, mot qui, suivant Ducange, vient de roga, demande, d\u00e9signe un autre droit frappant toutes les marchandises allant ou venant de France \u00e0 l&rsquo;\u00e9tranger.<\/p>\n\n\n\n<p class=\"has-medium-font-size\">\u00a0\u00bb&nbsp;<em>Haut passage<\/em>&nbsp;\u00ab\u00a0, autre droit semblable, de date post\u00e9rieure. Aucun de ces droits n&rsquo;\u00e9tait vraisemblablement impos\u00e9 en Dauphin\u00e9 avant 1621,\u00e9poque \u00e0 laquelle une d\u00e9claration royale du 30 juin d\u00e9cida que des bureaux pour l&rsquo;exaction de l&rsquo;imposition foraine, qui les comprenait tous, seraient \u00e9tablis dans toutes les provinces o\u00f9 ces droits n&rsquo;\u00e9taient pas per\u00e7us. Cependant, il parait que cet \u00e9tablissement n&rsquo;eut pas lieu aussit\u00f4t, car deux arr\u00eats du Parlement de Grenoble, des 5 juillet 1651 et 29 ao\u00fbt 1656, qui d\u00e9fendent cet \u00e9tablissement et la perception du droit de traite foraine sur les marchandises qui se voituraient dans la province.<\/p>\n\n\n\n<p class=\"has-medium-font-size\">La \u00a0\u00bb&nbsp;<em>traite domaniale<\/em>&nbsp;\u00a0\u00bb \u00e9tait un nouvel imp\u00f4t \u00e9tabli par Henri III, en 1577, sur les bl\u00e9s, toiles, vins et pastel transport\u00e9s hors du royaume.<\/p>\n\n\n\n<p class=\"has-medium-font-size\">\u00a0\u00bb&nbsp;<em>Le denier Saint-Andr\u00e9<\/em>&nbsp;\u00a0\u00bb \u00e9tait un droit d&rsquo;un denier par livre pr\u00e9lev\u00e9 sur toutes les marchandises allant de Languedoc en Dauphin\u00e9, Provence ou Comtat, et vice versa.<\/p>\n\n\n\n<p class=\"has-medium-font-size\" id=\"plaintes\"><strong>(4)<\/strong> Plaintes &#8211; A ces sujets de plainte l&rsquo;intendant pourrait ajouter les nombreux p\u00e9ages \u00e9tablis sur le Rh\u00f4ne et l&rsquo;Is\u00e8re au profit de particuliers \u00e0 qui ils avaient \u00e9t\u00e9 anciennement conc\u00e9d\u00e9s ou qui les avaient acquis du domaine royal.<br><\/p>\n\n\n\n<p class=\"has-medium-font-size\"><strong>Les <a href=\"#peages\">p\u00e9ages<\/a><\/strong> sont la derni\u00e8re sorte d&rsquo;imposition qui se l\u00e8ve en Dauphin\u00e9 <strong>(1)<\/strong>. Ils sont de deux sortes. Pour la Dr\u00f4me on a, sur l&rsquo;Is\u00e8re, celui de <a href=\"#pisan\u00e7on\">Pisan\u00e7on<\/a><strong> (2)<\/strong> au sieur de La Croix. (<a href=\"https:\/\/histoire-patrimoine-aoustois.fr\/?p=4235\">https:\/\/histoire-patrimoine-aoustois.fr\/?p=4235<\/a>) . Ceux \u00e9tablis sur le Rh\u00f4ne sont :<\/p>\n\n\n\n<ul class=\"wp-block-list\">\n<li class=\"has-medium-font-size\">celui de Valence, au prince de Monaco;<\/li>\n\n\n\n<li class=\"has-medium-font-size\">celui d&rsquo;<a href=\"#auberives\">Auberives<\/a> <strong>(3)<\/strong>, au sieur de Gouverner, celui de Serves et de <a href=\"#saintvallier\">Saint-Vallier<\/a>, au seigneur des lieux <strong>(4)<\/strong> ;<\/li>\n\n\n\n<li class=\"has-medium-font-size\">celui de la <a href=\"#rochedeglun\">Roche-de-Glun<\/a> <strong>(5)<\/strong>, au sieur de la Barge, engagiste ;<\/li>\n\n\n\n<li class=\"has-medium-font-size\">enfin celui de Mont\u00e9limar et d&rsquo;<a href=\"#ancone\">Anc\u00f4ne<\/a> <strong>(6)<\/strong>, moiti\u00e9 au duc de Ventadour, moiti\u00e9 au sieur de Chabri\u00e8res, par engagement. Les droits de ces divers p\u00e9ages ont \u00e9t\u00e9 r\u00e9gl\u00e9s par une d\u00e9claration du roi du 31 janvier 1633, et un arr\u00eat du Conseil en date du 21 avril 1664, en cons\u00e9quence desquels on a dress\u00e9 un tarif.<\/li>\n<\/ul>\n\n\n\n<p class=\"has-medium-font-size\" id=\"peages\"><strong>(1)<\/strong> <em>P\u00e9ages <\/em>&#8211; Le p\u00e9age \u00e9tait un droit seigneurial impos\u00e9 dans certains lieux sur les bestiaux, marchandises et denr\u00e9es qui y passaient par terre ou par eau, ( <a href=\"https:\/\/histoire-patrimoine-aoustois.fr\/?p=7548\">https:\/\/histoire-patrimoine-aoustois.fr\/?p=7548<\/a> ) et en retour duquel le seigneur p\u00e9ager \u00e9tait tenu de pourvoir \u00e0 l&rsquo;entretien et \u00e0 la s\u00e9curit\u00e9 des voies de communication. En principe, aucun p\u00e9age ne pouvait \u00eatre \u00e9tabli sans l&rsquo;agr\u00e9ment de l&rsquo;autorit\u00e9 souveraine; mais l&rsquo;affaiblissement de celle-ci aidant, la plupart des possesseurs de terres voisines des grandes routes ou des rivi\u00e8res navigables usurp\u00e8rent peu \u00e0 peu ce droit, en sorte qu&rsquo;il fallut maintes fois, et notamment en 1445 et en 1664, r\u00e9glementer les pr\u00e9tentions des seigneurs, qui rendaient tout commerce impossible. Le nombre des p\u00e9ages r\u00e9guli\u00e8rement \u00e9tablis en Dauphin\u00e9 \u00e9tait de 79.<\/p>\n\n\n\n<p class=\"has-medium-font-size\" id=\"pisan\u00e7on\"><strong>(2)<\/strong> <em>Pisan\u00e7on<\/em> &#8211; C&rsquo;est \u00e0 ce p\u00e9age qu&rsquo;est due la fondation du Bourg-de-P\u00e9age, longtemps appel\u00e9 P\u00e9age de Pisan\u00e7on. D\u00e9pendant de la parerie delphinale (<em>Fief, domaine auxquels la dignit\u00e9 de pair \u00e9tait attach\u00e9e \u00e0 un grand fief relevant imm\u00e9diatement de la couronne<\/em> ) de la terre de Pisan\u00e7on, il en a suivi le sort, et, le 31 d\u00e9cembre 1366, le roi Charles V en confirma l&rsquo;inf\u00e9odation, pr\u00e9c\u00e9demment faite au comte de Valentinois.<\/p>\n\n\n\n<p class=\"has-medium-font-size\" id=\"auberives\"><strong>(3)<\/strong> <em>Auberives<\/em> &#8211; Conc\u00e9d\u00e9 au dauphin Jean II par Henri, roi des Romains, cn 1310.<\/p>\n\n\n\n<p class=\"has-medium-font-size\" id=\"saintvallier\"><strong>(4)<\/strong> <em>Saint Vallier<\/em> &#8211; Le p\u00e9age de Saint-Vallier existait d\u00e8s 1328, celui de Serves d\u00e8s 1348<\/p>\n\n\n\n<p class=\"has-medium-font-size\" id=\"rochedeglun\"><strong>(5)<\/strong> <em>Roche de Glun<\/em> &#8211; appel\u00e9 de Confolens, ce p\u00e9age fut conc\u00e9d\u00e9, en 1151, par l&#8217;empereur Conrad II \u00e0 Silvion de Cl\u00e9rieu, dont l&rsquo;arri\u00e8re petit-fils Roger s&rsquo;attira toute la col\u00e8re du roi Saint Louis, pour avoir voulu soumettre \u00e0 ce p\u00e9age ce prince partant pour la 5<sup>eme<\/sup> croisade.<\/p>\n\n\n\n<p class=\"has-medium-font-size\" id=\"ancone\"><strong>(6)<\/strong> <em>Ancone<\/em> &#8211; Le p\u00e9age de Mont\u00e9limar, connu sous les noms de P\u00e9age de L\u00e8ne et Anses de Savasse, \u00e9tait une d\u00e9pendance du domaine des Adh\u00e9mar \u00e0 qui il avait \u00e9t\u00e9 conc\u00e9d\u00e9 par les empereurs germaniques. En 1575, Henri III donna les revenus de ce p\u00e9age \u00e0 Rostaing d&rsquo;Eurre, seigneur d&rsquo;Ourches, gendre de Gordes, pour le r\u00e9compenser de la prise de Montbrun.<br><br><\/p>\n\n\n\n<p><\/p>\n\n\n\n<p class=\"has-text-align-center has-medium-font-size\" id=\"IXdomaine\"><strong>IX. DOMAINE<\/strong><br><br><\/p>\n\n\n\n<p class=\"has-text-align-left has-medium-font-size\">Il<em> <\/em>n&rsquo;y a de province o\u00f9 le roi ait proportionnellement plus de <a href=\"#domainefixe\">domaine fixe<\/a> qu&rsquo;en Dauphin\u00e9 <strong>(1)<\/strong>, mais il est g\u00e9n\u00e9ralement hors <strong>de<em> <\/em><\/strong>ses mains ensuite des ali\u00e9nations ordonn\u00e9es par les \u00e9dits de 1593 et 1638, lesquelles ont \u00e9t\u00e9 faites pour la plupart sur le pied du denier trente, et dans la jouissance desquelles les engagistes (<em>qui jouissaient, par engagement, d\u02bcun domaine royal)<\/em> ont \u00e9t\u00e9 confirm\u00e9s pendant trente ans par une d\u00e9claration du mois de mai 1696, moyennant un suppl\u00e9ment de 136 000 livres, ce qui rend \u00e0 peu pr\u00e8s sans retour pour le roi cette partie du domaine, le prix \u00e9norme de 1 700 000 livres pay\u00e9 d\u00e8s l&rsquo;origine pour cette ali\u00e9nation \u00e9tant d\u00e9j\u00e0 sup\u00e9rieur \u00e0 la valeur r\u00e9elle des terres; circonstance qui est particuli\u00e8re \u00e0 cette province et r\u00e9sulte du peu de terres patrimoniales qu&rsquo;elle renferme. En sorte que la ferme dite du Domaine comprend seulement le quatri\u00e8me par exploit, les amendes qui s&rsquo;adjugent dans les cours et justices royales et quelques lods et ventes. Le premier peut valoir, ann\u00e9e commune, 27 000 livres, la seconde 3 000 livres, et la troisi\u00e8me 1500 livres, en <br><\/p>\n\n\n\n<p class=\"has-medium-font-size\" id=\"domainefixe\"><strong>(1)<\/strong> <em>Domaine fixe<\/em> &#8211; Le<strong> <\/strong>domaine royal, en Dauphin\u00e9, se composait des terres, seigneuries, fiefs, rentes et ch\u00e2teaux c\u00e9d\u00e9s et transport\u00e9s \u00e0 la couronne de France par le dernier dauphin Humbert II et le dernier comte de Valentinois Louis II, (<a href=\"https:\/\/aouste-a-coeur.fr\/le-transport-du-dauphine-en-1349\/\">https:\/\/aouste-a-coeur.fr\/le-transport-du-dauphine-en-1349\/<\/a>) et c&rsquo;est avec son revenu que nos rois devaient, suivant les lois f\u00e9odales, pourvoir \u00e0 toutes les d\u00e9penses du pays, administration, justice et guerre. Aussi, l&rsquo;un des principes les plus absolus du droit public d&rsquo;alors \u00e9tait-il inali\u00e9nabilit\u00e9 du domaine. \u00ab\u00a0<em>&nbsp; Ce domaine est sacr\u00e9, et il n&rsquo;est pas permis au prince de l&rsquo;ali\u00e9ner incommutablement ni de l&rsquo;assuj\u00e9tir \u00e0 des charges perp\u00e9tuelles<\/em>&nbsp;\u00ab\u00a0, dit le jurisconsulte dauphinois Guy Pape, et cent ans apr\u00e8s on voit les d\u00e9put\u00e9s du tiers-\u00e9tat, aux \u00c9tats de Blois, s&rsquo;opposer \u00e0 toute ali\u00e9nation, disant \u00a0\u00bb&nbsp; <em>que le domaine du roy estoit une colonne qui servoit pour le soustenement de la couronne, laquelle partant il falloit plustost regarder \u00e0 fortifier qu&rsquo;\u00e0 d\u00e9molir et d\u00e9membrer; que le domaine estant ali\u00e9n\u00e9, le moyen estoit ost\u00e9 au roy d&rsquo;entretenir son Estat et assigner \u00e0 l&rsquo;avenir dots, douaires et apanages; que c&rsquo;estoit chose inaudite que le domaine fust vendu \u00e0 perp\u00e9tuit\u00e9 et sans rachapt de laquelle les Estats pourraient estre remarqu\u00e9s par la post\u00e9rit\u00e9<\/em>.&nbsp;\u00a0\u00bb Aussi lorsqu&rsquo;en de pressantes circonstances le roi ordonnait l&rsquo;ali\u00e9nation d&rsquo;une partie de son domaine, cette ali\u00e9nation \u00e9tait-elle faite sous facult\u00e9 de rachat, c&rsquo;est-\u00e0-dire que l&rsquo;acqu\u00e9reur \u00e9tait consid\u00e9r\u00e9 comme le d\u00e9tenteur d&rsquo;un gage \u00e0 lui donn\u00e9 pour la garantie de certaine somme avanc\u00e9e au Tr\u00e9sor public, lequel gage pouvait \u00eatre retir\u00e9 en remboursant le pr\u00e9teur, qui s&rsquo;intitulait seigneur engagiste de la terre domaniale.<\/p>\n\n\n\n<p class=\"has-medium-font-size\">Ce que Bouchu avance relativement aux conditions dans lesquelles furent faites les ali\u00e9nations du domaine en Dauphin\u00e9, peut para\u00eetre surprenant, car Bodin avance que les terres et rentes ali\u00e9n\u00e9es en 1560 par Fran\u00e7ois II, moyennant 16 millions, en valaient plus de cinquante, la plupart l&rsquo;ayant \u00e9t\u00e9 au denier dix ou au denier douze, c&rsquo;est-\u00e0-dire \u00e0 raison de 8 ou 10&nbsp;%.<br><br><\/p>\n\n\n\n<p class=\"has-text-align-center has-medium-font-size\" id=\"Xparlement\"><strong>X. PARLEMENT<\/strong><br><br><\/p>\n\n\n\n<p class=\"has-text-align-left has-medium-font-size\"><br>Tout d&rsquo;abord qu&rsquo;est ce que le Parlement de Dauphin\u00e9&nbsp;? Comment fonctionnait-il&nbsp;? Ses comp\u00e9tences&nbsp;? T<a href=\"https:\/\/aouste-a-coeur.fr\/le-parlement-de-dauphine\/\">https:\/\/aouste-a-coeur.fr\/le-parlement-de-dauphine\/<\/a><\/p>\n\n\n\n<p class=\"has-medium-font-size\">Le premier corps judiciaire du Dauphin\u00e9 est le Parlement de Grenoble, qui est aussi Cour des aides. Il a pour origine le conseil delphinal \u00e9tabli l&rsquo;an 1337 par le dernier dauphin, Humbert II, qui, l&rsquo;ayant d&rsquo;abord compos\u00e9 de sept conseillers sans pr\u00e9sident, d&rsquo;un ma\u00eetre-auditeur des comptes et d&rsquo;un tr\u00e9sorier, l&rsquo;augmenta peu apr\u00e8s d&rsquo;un avocat fiscal et \u00e9rigea la pr\u00e9sidence en office pour l&rsquo;un des <a href=\"#conseillers\">conseillers<\/a> <strong>(1)<\/strong>.<\/p>\n\n\n\n<p class=\"has-medium-font-size\">Ce conseil fut \u00e9rig\u00e9 en Parlement par le dauphin Louis, en 1453, et confirm\u00e9 plus tard par le roi Charles VIII. D&rsquo;o\u00f9 s&rsquo;en sont suivies de longues contestations relativement \u00e0 la <a href=\"#preseance\">pr\u00e9s\u00e9ance<\/a> entre ce Parlement et celui de Bordeaux, dont l&rsquo;\u00e9tablissement est de l&nbsp;&lsquo;an 1460; celui-ci pr\u00e9tendant avoir le pas sous pr\u00e9texte que l&rsquo;acte de 1453 ne peut avoir d&rsquo;effet que par rapport au Dauphin\u00e9 parce qu&rsquo;il \u00e9mane du dauphin Louis, ant\u00e9rieurement \u00e0 son av\u00e8nement \u00e0 la couronne de France. Ce qui n&#8217;emp\u00eache pas que le Parlement de Grenoble a toujours \u00e9t\u00e9 class\u00e9 le troisi\u00e8me, notamment dans les assembl\u00e9es de notables de 1557, 1566 et 1617, et dans la Chambre de justice de 1624 <strong>(2)<\/strong>.<\/p>\n\n\n\n<p class=\"has-medium-font-size\">Compos\u00e9,<strong><em> <\/em><\/strong>\u00e0 l&rsquo;origine, d&rsquo;une seule chambre, il a \u00e9t\u00e9 accru d&rsquo;une seconde en 1588, d&rsquo;une troisi\u00e8me en 1598, d&rsquo;une quatri\u00e8me en 1628, et d&rsquo;une cinqui\u00e8me cn 1658, chaque cr\u00e9ation de chambre \u00e9tant corrobor\u00e9e par celle d&rsquo;un certain nombre de pr\u00e9sidents et de conseillers pour son service. Deux de ces chambres furent supprim\u00e9es cn 1662, puis en 1679 celle de l&rsquo;<a href=\"#edit\">\u00c9dit<\/a> <strong>(3)<\/strong>, et leurs officiers incorpor\u00e9s dans les trois autres, qui compt\u00e8rent alors dix pr\u00e9sidents, cinquante-deux conseillers, deux avocats g\u00e9n\u00e9raux et un procureur g\u00e9n\u00e9ral. En 1685, une quatri\u00e8me chambre a \u00e9t\u00e9 cr\u00e9\u00e9e, et sept ans apr\u00e8s trois charges de conseiller et une de pr\u00e9sident ; mais celle-ci n&rsquo;a pas \u00e9t\u00e9 remplie, les autres pr\u00e9sidents l&rsquo;ayant \u00e9teinte en en payant la <a href=\"#finance\">finance<\/a> <strong>(4)<\/strong>. De telle sorte que le Parlement de Grenoble se compose actuellement de dix pr\u00e9sidents, le premier compris, de cinquante-cinq conseillers, y compris quatre conseillers clercs et le garde des sceaux, qui a voix instructive et d\u00e9lib\u00e9rative, sans rapport ni \u00e9molument, d&rsquo;un procureur g\u00e9n\u00e9ral et de trois avocats g\u00e9n\u00e9raux.<\/p>\n\n\n\n<p class=\"has-medium-font-size\">Toutes les chambres sont \u00e9gales entre elles et simplement distingu\u00e9es par premi\u00e8re, seconde, troisi\u00e8me et quatri\u00e8me, n&rsquo;y ayant ni enqu\u00eates, ni requ\u00eates; de telle sorte que la premi\u00e8re d&rsquo;une ann\u00e9e est la quatri\u00e8me de l&rsquo;ann\u00e9e suivante. Toutes connaissent indiff\u00e9remment de mati\u00e8res civiles et criminelles, les affaires de police et de bien public \u00e9tant cependant attribu\u00e9es \u00e0 la premi\u00e8re aussi bien que les requ\u00eates qui ne viennent point, en ex\u00e9cution d&rsquo;arr\u00eat, lesquelles y ayant \u00e9t\u00e9 port\u00e9es sont distribu\u00e9es ensuite par le premier pr\u00e9sident.<\/p>\n\n\n\n<p class=\"has-medium-font-size\">Les conseillers de chaque chambre ne se s\u00e9parent pas, mais les pr\u00e9sidents optent \u00e0 chaque rentr\u00e9e pour la chambre dans laquelle ils d\u00e9sirant servir, savoir : quatre dans la premi\u00e8re, y toujours compris le premier, que suit le garde des sceaux, et deux dans chacune des autres.<\/p>\n\n\n\n<p class=\"has-medium-font-size\">Le costume des pr\u00e9sidents est d&rsquo;\u00e9carlate et d&rsquo;hermine; leur traitement est de 6 204 livres 18 sous 9 deniers pour le premier, qui jouit en outre de 4 500 livres d&rsquo;appointements sur les finances, et d&rsquo;une somme qui varie de 3 015 \u00e0 2 342 livres pour les autres.<\/p>\n\n\n\n<p class=\"has-medium-font-size\">Quant aux conseillers, ils ont chacun 900 livres, les avocats g\u00e9n\u00e9raux 2 250 livres, et le procureur g\u00e9n\u00e9ral 2 508 livres 15 sous 11 deniers, plus 2 250 livres sur les finances et 1 800 livres \u00e0 titre de <a href=\"#supplement\">suppl\u00e9ment<\/a> <strong>(5)<\/strong>.<\/p>\n\n\n\n<p class=\"has-medium-font-size\">Ce Parlement n&rsquo;a pas de requ\u00eates au palais, ses officiers, aussi bien que ceux de la Chambre des comptes et du Bureau des finances, ayant pour juge le vi-bailli de Graisivaudan. La juridiction des aides, qui lui appartenait de toute anciennet\u00e9, lui fut retir\u00e9e cn 1638; mais la <a href=\"#courdesaides\">Cour des aides<\/a>, alors \u00e9tablie \u00e0 Vienne, ayant \u00e9t\u00e9 supprim\u00e9e vingt ans apr\u00e8s, celle-l\u00e0 lui a fait retour <strong>(6)<\/strong>.<\/p>\n\n\n\n<p class=\"has-medium-font-size\">Le gouverneur et le lieutenant g\u00e9n\u00e9ral de la province ont s\u00e9ance dans le Parlement de Grenoble avant le premier pr\u00e9sident, qu&rsquo;ils pr\u00e9c\u00e8dent \u00e9galement dans les processions et autres <a href=\"#ceremoniespubliques\">c\u00e9r\u00e9monies publiques<\/a> <strong>(7) <\/strong>; comme aussi tous les archev\u00eaques et \u00e9v\u00eaquesdu royaume, qui eux y ont voix instructive, seul celui de Grenoble, dont le si\u00e8ge est apr\u00e8s les pr\u00e9sidents et au-dessus du doyen, y ayant voix d\u00e9lib\u00e9rative.<\/p>\n\n\n\n<p class=\"has-medium-font-size\">Les <a href=\"#grandesaudiences\">grandes audiences<\/a> <strong>(8)<\/strong> du Parlement se tiennent le lundi et le jeudi de chaque semaine, ou jours suivants, s&rsquo;il y a f\u00e9ri\u00e9. Les grandes vacances commencent le 9 septembre et finissent \u00e0 la Saint-Martin, jour auquel le Parlement assiste en corps \u00e0 la messe, \u00e9coute une harangue du premier pr\u00e9sident et re\u00e7oit le serment du vi-bailli de Graisivaudan, du juge royal de Grenoble et des avocats et procureurs en la cour. Pendant les vacances, une chambre des vacations, compos\u00e9e de deux pr\u00e9sidents et de vingt-deux conseillers nomm\u00e9s chaque ann\u00e9e par le roi, juge toutes les causes criminelles et provisoires, ainsi que les causes civiles jusqu&rsquo;\u00e0 300 livres de principal.<\/p>\n\n\n\n<p class=\"has-medium-font-size\">Ajoutons qu&rsquo;avant l&rsquo;\u00e9rection du conseil delphinal, il y avait en Dauphin\u00e9 un <a href=\"#jugemage\">juge mage<\/a> des appellations auquel \u00e9taient appelables tous les vi-baillis et autres juges delphinaux, et que ledit juge fut supprim\u00e9 par un \u00e9dit du dauphin Louis, qui unit sa juridiction au Parlement <strong>(9)<\/strong>.<\/p>\n\n\n\n<p><\/p>\n\n\n\n<p class=\"has-medium-font-size\" id=\"conseillers\"><strong>(1) <\/strong><em>Conseillers<\/em> &#8211; D\u00e8s le XIII<sup>e<\/sup> si\u00e8cle, il y avait \u00e0 la cour des Dauphins, sous les noms de grand conseil, <em>consiltum magnum<\/em>; \u2014 sage conseil, <em>consilium sapienlium<\/em>; \u2014conseil delphinal, <em>consilium delphinale<\/em>;\u2014 et consistoire supr\u00eame, <em>consistorium supremum<\/em>; \u2014 un conseil de jurisconsultes et de chevaliers d\u00e9lib\u00e9rant sur toutes les affaires de l&rsquo;\u00c9tat et du Prince, en m\u00eame temps que sur certaines causes \u00e9voqu\u00e9es \u00e0 son tribunal. Mais, bien que jouissant d&rsquo;attributions judiciaires, ce conseil, dont les membres devaient \u00eatre au nombre de quatorze et si\u00e9ger dans le ch\u00e2teau delphinal de Beauvoir, suivant une ordonnance de 1336, \u00e9tait plut\u00f4t ce que nous appellerions aujourd&rsquo;hui un conseil d&rsquo;\u00c9tat ou un conseil priv\u00e9 qu&rsquo;une cour de justice.<\/p>\n\n\n\n<p class=\"has-medium-font-size\">Le premier corps v\u00e9ritablement judiciaire qui ait exist\u00e9 dans la province de Dauphin\u00e9 est un conseil de sept membres \u00e9tabli \u00e0 Saint-Marcellin, le 22 f\u00e9vrier 1337, par le dauphin Humbert II, pour juger en dernier ressort, tant au civil qu&rsquo;au criminel et en premi\u00e8re instance, que par appel des juges inf\u00e9rieurs. Transf\u00e9r\u00e9 peu apr\u00e8s \u00e0 Grenoble, ce conseil y fut d\u00e9finitivement fix\u00e9 par une ordonnance du 1<sup>er<\/sup> ao\u00fbt 1340, qui, dans le but de consolider et de relever cette nouvelle institution, voulait que des conseillers, cinq fussent docteurs et quatre professeurs en l&rsquo;Universit\u00e9 de Grenoble, et, de plus, que chaque semaine il y e\u00fbt au moins une s\u00e9ance dans laquelle, \u00e9tant appel\u00e9s : le juge des appellations, le bailli, le juge-mage et le procureur de Graisivaudan, l&rsquo;avocat et le procureur fiscal, le juge de la cour commune, le ma\u00eetre rational, les auditeurs des comptes et les tr\u00e9soriers, o\u00f9 l&rsquo;on d\u00e9lib\u00e9rerait sur les int\u00e9r\u00eats mat\u00e9riels du pays.<\/p>\n\n\n\n<p class=\"has-medium-font-size\">Plus tard, la pr\u00e9sidence de ce conseil, d&rsquo;abord vraisemblablement exerc\u00e9e \u00e0 tour de r\u00f4le par chacun de ses membres, fut \u00e9rig\u00e9e en charge pour un des conseillers, et l&rsquo;\u00c9tat s&rsquo;y fit repr\u00e9senter par un procureur g\u00e9n\u00e9ral ou fiscal; mais le nombre des conseillers resta le m\u00eame jusqu&rsquo;au 22 septembre 1422, o\u00f9 il y eut cr\u00e9ation d&rsquo;une charge pour l&rsquo;avocat fiscal Guiffrey Vallier, et telle \u00e9tait encore l&rsquo;organisation du conseil delphinal lorsqu&rsquo;il fut \u00e9rig\u00e9 en Parlement par le dauphin Louis, pour lors en d\u00e9m\u00eal\u00e9s avec son p\u00e8re, le roi Charles VII, qui cependant approuva cette \u00e9rection le 4 ao\u00fbt 1455.<\/p>\n\n\n\n<p class=\"has-medium-font-size\">Seize ans apr\u00e8s cette derni\u00e8re date, il y eut cr\u00e9ation de trois nouvelles charges de conseiller, puis de quatre cn 1486, et de quatre encore en 1521; nombre qui, gr\u00e2ce \u00e0 la v\u00e9nalit\u00e9 des charges et aux besoins croissants du tr\u00e9sor, s&rsquo;accrut d\u00e8s lors rapidement et consid\u00e9rablement, car nous trouvons, en 1543, une cr\u00e9ation de six offices, de six encore en 1553, puis de huit en 1568, de deux en 1573, d&rsquo;une en 1570, 1574, 1576,1577, 1579, 1581, 1588, 1593 et 1618, de trois cn 1599, dix en 1628, et six enfin en 1659. Toutefois, il est bon d&rsquo;observer que toutes ces cr\u00e9ations de charges, qui eussent port\u00e9 \u00e0 soixante-huit le nombre des conseillers au Parlement de Grenoble, n&rsquo;\u00e9taient pas d\u00e9finitives, plusieurs \u00e9tant \u00e0 titre extraordinaire et viager, c\u2019est-\u00e0-dire \u00e9tablies temporairement au profit de magistrats que le souverain r\u00e9compensait ainsi de leurs services. Quant \u00e0 la charge de pr\u00e9sident, elle fut unique jusqu&rsquo;en 1539 que celle de second pr\u00e9sident fut cr\u00e9\u00e9e pour Michel de Gyves, magistrat qui mourut assez pauvre, en 1558, pour que la cour dut pourvoir \u00e0 ses fun\u00e9railles. Le 22 ao\u00fbt 1571 il en fut cr\u00e9\u00e9 une troisi\u00e8me, une quatri\u00e8me en octobre 1574, une cinqui\u00e8me le 7 ao\u00fbt 1578, puis, le 20 janvier 1579, une pour la Chambre de l&rsquo;\u00c9dit, qui en obtint une seconde le 6 ao\u00fbt 1599; enfin une autre le 23 juillet 1628.<\/p>\n\n\n\n<p class=\"has-medium-font-size\">Lors de la r\u00e9volution parlementaire de 1771, ce Parlement fut le dernier dissous, par un \u00e9dit du mois de novembre qui, tout en lui conservant son ancienne d\u00e9nomination, l&rsquo;organisait en simple cour de justice, compos\u00e9e de sept pr\u00e9sidents, le premier compris, et de vingt-trois conseillers.<\/p>\n\n\n\n<p class=\"has-medium-font-size\">Quatre ans apr\u00e8s, il \u00e9tait r\u00e9tabli sur son ancien pied; puis un \u00e9dit d&rsquo;avril 1775, enregistr\u00e9 le 2 mai suivant, abrogeant l&rsquo;usage du roulement des chambres, disait qu&rsquo;il se composerait \u00e0 l&rsquo;avenir d&rsquo;une grand&rsquo;chambre, d&rsquo;une chambre de Tournelle et d&rsquo;une chambre d&rsquo;enqu\u00eate : la premi\u00e8re form\u00e9e du premier pr\u00e9sident, des huit pr\u00e9sidents \u00e0 mortier, des deux chevaliers d&rsquo;honneur, charges nouvellement cr\u00e9\u00e9es, et des trente plus anciens conseillers, dont deux clercs; dans la chambre des enqu\u00eates devaient entrer les deux derniers pr\u00e9sidents en r\u00e9ception et les vingt-deux derniers conseillers, y compris deux clercs; trois pr\u00e9sidents et dix conseillers de la grand&rsquo;chambre et six des enqu\u00eates devaient composer chaque ann\u00e9e la Tournelle.<\/p>\n\n\n\n<p class=\"has-medium-font-size\">Ce nouvel \u00e9tat de choses a subsist\u00e9 jusqu&rsquo;au 2 septembre 1786, qu&rsquo;un \u00e9dit, enregistr\u00e9 le 30 du m\u00eame mois, r\u00e9tablit, avec le roulement des chambres, la constitution primitive du Parlement de Grenoble, aboli comme tous les autres en 1790.<\/p>\n\n\n\n<p class=\"has-medium-font-size\" id=\"preseance\"><strong>(2)<\/strong> <em>Pr\u00e9s\u00e9ance <\/em>&#8211;  Il y avait en France, \u00e0 la fin du dernier si\u00e8cle, treize Parlements, ainsi class\u00e9s :<\/p>\n\n\n\n<ul class=\"has-medium-font-size wp-block-list\">\n<li class=\"has-medium-font-size\">1\u00b0 Paris, dont l&rsquo;\u00e9tablissement d\u00e9finitif est de 1302.<\/li>\n\n\n\n<li class=\"has-medium-font-size\">2\u00b0 Toulouse, \u00e9rig\u00e9 en 1444.<\/li>\n\n\n\n<li class=\"has-medium-font-size\">3\u00b0 Grenoble. cr\u00e9\u00e9 le 29 juillet 1453<\/li>\n\n\n\n<li class=\"has-medium-font-size\">4\u00b0 Bordeaux, \u00e9tabli en 1460.<\/li>\n\n\n\n<li class=\"has-medium-font-size\">5\u00b0 Dijon, institu\u00e9 par Louis XI en 1480.<\/li>\n\n\n\n<li class=\"has-medium-font-size\">6\u00b0 Rouen, fond\u00e9 sous le nom d&rsquo;\u00e9chiquier, par Philippe-le-Bel, en 1302, \u00e9rig\u00e9 en Parlement en 1499.<\/li>\n\n\n\n<li class=\"has-medium-font-size\">7\u00b0 Aix, ancienne cour royale des comtes de Provence, \u00e9rig\u00e9e en Parlement le 10 juillet 1501.<\/li>\n\n\n\n<li class=\"has-medium-font-size\">8\u00b0 Rennes, fond\u00e9 en 1555, rendu s\u00e9dentaire dans cette ville en 1560.<\/li>\n\n\n\n<li class=\"has-medium-font-size\">9\u00b0 Pau, form\u00e9 en 1620 du conseil de Pau et de la chancellerie de Navarre.<\/li>\n\n\n\n<li class=\"has-medium-font-size\">10\u00b0 Metz, \u00e9tabli en janvier 1633.<\/li>\n\n\n\n<li class=\"has-medium-font-size\">1l\u00b0 Besan\u00e7on, transf\u00e9r\u00e9 de Dole en 1670.<\/li>\n\n\n\n<li class=\"has-medium-font-size\">12\u00b0 Douai, \u00e9tabli en 1709 pour les pays conquis en Flandre, Hainaut et Cambr\u00e9sis par Louis XIV.<\/li>\n\n\n\n<li class=\"has-medium-font-size\">13\u00b0 Nancy, titr\u00e9 Parlement par \u00e9dit de septembre 1775.<\/li>\n<\/ul>\n\n\n\n<p class=\"has-medium-font-size\">La principaut\u00e9 de Dombes avait aussi un Parlement, \u00e9tabli en 1523, \u00e0 Lyon, par Fran\u00e7ois 1<sup>er<\/sup>, puis transf\u00e9r\u00e9 \u00e0 Tr\u00e9voux par Mademoiselle de Montpensier; mais il fut supprim\u00e9 en 1771 et remplac\u00e9 par une s\u00e9n\u00e9chauss\u00e9e.<\/p>\n\n\n\n<p class=\"has-medium-font-size\" id=\"edit\"><strong>(3)<\/strong> <em>Edit<\/em> &#8211;  L&rsquo;un des principaux griefs des r\u00e9form\u00e9s, au XVI<sup>e<\/sup> si\u00e8cle, \u00e9tant le manque de tribunaux qui leur offrissent des garanties au point de vue de leurs croyances, l&rsquo;\u00e9dit de Chastenay ou de Beaulieu ( mai 1576 ) ordonna r\u00e9tablissement de chambres sp\u00e9ciales et souveraines, compos\u00e9es par moiti\u00e9 de catholiques et de protestants, dans les huit Parlements du royaume, et ce sont ces chambres qui, d&rsquo;abord appel\u00e9es Chambres mi-parties, furent appel\u00e9es Chambres de l&rsquo;\u00c9dit, apr\u00e8s la publication de l&rsquo;\u00e9dit de Nantes, dont elles suivirent le sort. Celle de Grenoble, dont la juridiction s&rsquo;\u00e9tendait sur le Dauphin\u00e9 et la Provence, et \u00e0 laquelle pouvaient se pourvoir les protestants de la Bourgogne et de Paris, fut \u00e9tablie l&rsquo;ann\u00e9e suivante. Chorier et Guy Allard disent que son premier pr\u00e9sident fut Jacques Colas, sieur de la Madeleine, personnage qui ne se trouve pas sur la liste donn\u00e9e par M. Pilot, tandis, au contraire, que nous y voyons figurer, avec la mention : \u00a0\u00bb&nbsp;<em>cr\u00e9\u00e9 pour le service de la Chambre de l&rsquo;\u00c9dit \u00ab\u00a0<\/em>&nbsp;, et sous la date du 20 janvier 1579, Innocent Gentillet, l&rsquo;un des plus ardents partisans de la R\u00e9forme, que le Parlement refusa d&rsquo;abord de recevoir, sons pr\u00e9texte que l&rsquo;ayant examin\u00e9 \u00ab\u00a0<em>&nbsp;tant sur la loi que sur la pratique&nbsp;<\/em>\u00ab\u00a0, il n&rsquo;a pas \u00e9t\u00e9 trouv\u00e9 \u00a0\u00bb&nbsp;<em>suffisant pour exercer la charge et est\u00e2t de pr\u00e9sident<\/em> \u00a0\u00bb&nbsp;, mais qu&rsquo;il re\u00e7ut ensuite sur lettres de jussion, le 21 juillet 1582 <em>( lettre patente par laquelle le roi, sur le refus d&rsquo;une cour souveraine d&rsquo;enregistrer un acte l\u00e9gislatif, lui ordonnait de proc\u00e9der \u00e0 l&rsquo;enregistrement )<\/em>. Parmi les autres pr\u00e9sidents de la Chambre de l&rsquo;\u00c9dit, pour le service de laquelle il fut cr\u00e9\u00e9 une seconde charge, le 6 ao\u00fbt 1599, nous trouvons : 1591-1606, Soffrey-Calignon, ensuite chancelier de Navarre; 1599-1603, Louis du Vache, sieur d&rsquo;Estables; 1603-1609, Barth\u00e9l\u00e9my Marquet; 1609-1622, Charles Ducros.<\/p>\n\n\n\n<p class=\"has-medium-font-size\" id=\"finance\"><strong>(4)<\/strong> <em>Finance<\/em> &#8211; Pour la compr\u00e9hension de cette phrase, on peut rappeler que les charges de magistrature, conf\u00e9r\u00e9es., \u00e0 l&rsquo;origine comme aujourd&rsquo;hui, par le chef de l&rsquo;\u00c9tat, devinrent peu \u00e0 peu, par tol\u00e9rance, la propri\u00e9t\u00e9 de leurs titulaires, qui s&rsquo;en d\u00e9mettaient moyennant finance au profit de personnes qui recevaient l&rsquo;investiture du prince. ainsi que cela se pratique encore pour les offices minist\u00e9riels et les greffes. Sur les repr\u00e9sentations r\u00e9it\u00e9r\u00e9es des \u00c9tats-G\u00e9n\u00e9raux, nos rois interdirent d&rsquo;abord cette pratique abusive; mais, sous Fran\u00e7ois 1<sup>er<\/sup>, les malheurs publics aidant la v\u00e9nalit\u00e9 des charges devint un fait permanent et r\u00e9gulier, en m\u00eame temps qu&rsquo;une ressource pour l&rsquo;\u00c9tat, qui, dans les, moments de g\u00eane, battait monnaie par la cr\u00e9ation de charges et d&rsquo;offices qu&rsquo;il vendait ensuite. Ces charges devenaient, comme on l&rsquo;a dit, la propri\u00e9t\u00e9 de l&rsquo;acqu\u00e9reur, qui les pouvait vendre \u00e0 son tour, mais \u00e0 la condition cependant que ce f\u00fbt quarante jours au moins avant son d\u00e9c\u00e8s, car, dans le cas contraire, l&rsquo;\u00c9tat prenait la place du r\u00e9signataire ou vendeur au d\u00e9triment de ses h\u00e9ritiers. Seulement, comme en d\u00e9finitive le tr\u00e9sor profitait peu de ce droit, la plupart des charges acquises de la sorte \u00e9tant ensuite gratuitement c\u00e9d\u00e9es \u00e0 de grands personnages pour leurs cr\u00e9atures, un \u00e9dit de 1601 porta ce terme de quarante jours \u00e0 un an, frappant en retour toutes les charges de magistrature et autres offices d&rsquo;un droit annuel \u00e9quivalant au soixanti\u00e8me de leur valeur. Difficilement accept\u00e9 par le Parlement, ce droit, appel\u00e9 Paulette, du nom de son premier fermier, Charles Paulet, fut per\u00e7u jusqu&rsquo;en d\u00e9cembre 1709, qu&rsquo;un \u00e9dit de Louis XIV en ordonna le rachat par les int\u00e9ress\u00e9s; ce qui n&#8217;emp\u00eacha pas son successeur de le r\u00e9tablir en ao\u00fbt 1722.<\/p>\n\n\n\n<p class=\"has-medium-font-size\">De cela il ne faudrait pas cependant conclure que la seule acquisition d&rsquo;une charge constituait un magistrat, car, au Parlement, par exemple, nul ne pouvait se porter acqu\u00e9reur d&rsquo;un office quelconque sans avoir pr\u00e9alablement obtenu du Parlement l&rsquo;autorisation de l&rsquo;acqu\u00e9rir; puis, cette acquisition faite et la nomination par le roi obtenue, le candidat (car il n&rsquo;\u00e9tait encore que cela) devait \u00eatre examin\u00e9 par une commission prise encore dans le sein du Parlement, laquelle ne se contentait pas de s&rsquo;assurer s&rsquo;il \u00e9tait convenablement instruit et capable, ou, comme on disait alors, \u00a0\u00bb&nbsp; <em>suffisant et idoine<\/em> \u00a0\u00bb&nbsp;, mais encore s&rsquo;enqu\u00e9rait de sa conduite, de sa moralit\u00e9 , de son honorabilit\u00e9 et de celles de sa famille, ainsi que de ses opinions et de ses croyances. Alors seulement, s&rsquo;il r\u00e9unissait les conditions n\u00e9cessaires, il pouvait \u00eatre mis en possession de sa charge, et dans le cas contraire il \u00e9tait renvoy\u00e9 et le roi pri\u00e9 d&rsquo;y pourvoir autrement, ce qu&rsquo;il faisait volontiers, \u00e0 moins que le refus du Parlement ne lui par\u00fbt pas suffisamment motiv\u00e9, auquel cas il lui adressait des lettres de jussion, c&rsquo;est-\u00e0-dire un ordre r\u00e9it\u00e9r\u00e9 d&rsquo;admettre le postulant. De plus, il fallait avoir vingt-sept, puis vingt-cinq ans au moins, et n&rsquo;\u00eatre ni p\u00e8re, ni fils, ni fr\u00e8re, ni oncle, ni neveu, ni cousin germain, ni gendre, ni beau-p\u00e8re de l&rsquo;un des magistrats de la Cour; et pour \u00eatre pr\u00e9sident, avoir quarante ans d&rsquo;\u00e2ge et rempli pendant dix ans la charge de conseiller. Toutefois, il faut dire qu&rsquo;aux XVIIe et XVIIIe si\u00e8cles les dispenses d&rsquo;\u00e2ge, de parent\u00e9 et de services \u00e9taient accord\u00e9es avec une telle facilit\u00e9 que l&rsquo;on peut dire qu&rsquo;il n&rsquo;y avait plus de conditions de cette nature.<\/p>\n\n\n\n<p class=\"has-medium-font-size\" id=\"supplement\"><strong>(5)<\/strong> <em>Suppl\u00e9ment<\/em> &#8211; Le traitement des conseillers delphinaux, qui \u00e9tait premi\u00e8rement de 120 florins, fut port\u00e9 \u00e0 200 par l&rsquo;ordonnance du 1<sup>er<\/sup> ao\u00fbt 1334.<\/p>\n\n\n\n<p class=\"has-medium-font-size\" id=\"courdesaides\"><strong>(6)<\/strong> <em>La Cour des aides<\/em> \u00e9tait une juridiction souveraine pour tous les diff\u00e9rends relatifs aux imp\u00f4ts vot\u00e9s par les \u00c9tats du pays, et appel\u00e9s aides parce qu&rsquo;ils \u00e9taient destin\u00e9s \u00e0 venir en aide au tr\u00e9sor. Il y avait en France quatre Cours des aides distinctes, savoir : \u00e0 Paris, Montpellier, Bordeaux et Clermont. En Dauphin\u00e9, comme dans bon nombre d&rsquo;autres provinces, cette juridiction appartenait au Parlement. Elle lui fut enlev\u00e9e en 1638 au profit d&rsquo;une cour sp\u00e9ciale, alors \u00e9tablie \u00e0 Vienne, et compos\u00e9e de trois pr\u00e9sidents, le premier compris, avec 3 000 et 2 000 livres de gages, de quinze conseillers ayant 1000 livres, d&rsquo;un avocat et d&rsquo;un procureur g\u00e9n\u00e9ral avec 1700 livres, de deux substituts du procureur g\u00e9n\u00e9ral avec 100 livres, et d&rsquo;autres officiers inf\u00e9rieurs. Cette Cour des aides fut supprim\u00e9e le 24 d\u00e9cembre 1658 et sa juridiction restitu\u00e9e an Parlement.<\/p>\n\n\n\n<p class=\"has-medium-font-size\" id=\"ceremoniespubliques\"><strong>(7) <\/strong> <em>C\u00e9r\u00e9monies publiques <\/em>&#8211; Le Parlement de Grenoble \u00e9tait le seul o\u00f9 le gouverneur de la province e\u00fbt s\u00e9ance, et cette singularit\u00e9 s&rsquo;explique par l&rsquo;importance toute particuli\u00e8re de cet officier qui, repr\u00e9sentant du roi dans un pays qui avait la pr\u00e9tention de ne faire partie du royaume, mais d&rsquo;\u00eatre simplement uni \u00e0 la couronne, y jouissait d&rsquo;attributions quasi souveraines : tellement que plusieurs si\u00e8cles durant les arr\u00eats du Conseil delphinal, puis du Parlement ont \u00e9t\u00e9 rendus en son nom.<\/p>\n\n\n\n<p class=\"has-medium-font-size\" id=\"grandesaudiences\"><strong>(8)<\/strong> <em>Grandes Audiences<\/em> &#8211; On ne sait \u00e0 quelle \u00e9poque s&rsquo;est \u00e9tabli l&rsquo;usage de faire la rentr\u00e9e le 11 novembre; en tout cas, elle se faisait \u00e0 l&rsquo;origine comme aujourd&rsquo;hui, le 3, ainsi qu&rsquo;il r\u00e9sulte d&rsquo;une ordonnance ou r\u00e8glement \u00e9man\u00e9 du gouverneur Guillaume de l&rsquo;Aire, le 7 octobre 1400. Aux termes de cet acte, tous les conseillers, avocats, secr\u00e9taires et procureurs qui voulaient faire de la patrocine <em>(exercice de la profession d&rsquo;avocat )<\/em> \u00a0\u00bb&nbsp;<em>qui aut patrocinium praestare voluerint&nbsp;\u00ab\u00a0<\/em>,\u2014 devaient assister, le lendemain de la f\u00eate des morts de chaque ann\u00e9e, aune messe solennelle c\u00e9l\u00e9br\u00e9e \u00e0 cet effet dans l&rsquo;\u00e9glise coll\u00e9giale de Saint-Andr\u00e9, puis se rendre \u00e0 l&rsquo;auditoire pour y \u00e9couler la lecture des statuts et r\u00e8glements int\u00e9rieurs et entendre une mercuriale du pr\u00e9sident; ensuite de quoi, chacun dans son ordre et par rang d&rsquo;anciennet\u00e9, avocats, secr\u00e9taires et procureurs \u00e9taient appel\u00e9s \u00e0 renouveler le serment professionnel.Quant aux magistrats, ils ne le pr\u00eataient, parait-il, qu&rsquo;en prenant possession de leurs charges; et, \u00e0 ce sujet, il faut remarquer que la formule du serment, qui \u00e9tait en latin pour les conseillers, secr\u00e9taires, avocats, procureurs et notaires, \u00e9tait en fran\u00e7ais pour les officiers des Comptes, qui \u00e9taient cens\u00e9s ignorer le latin; usage qui s&rsquo;est continu\u00e9 fort tard et jusque dans les mandements d&rsquo;arr\u00eats, o\u00f9 il \u00e9tait parl\u00e9 latin et \u00e0 la seconde personne du pluriel au magistrat du parquet ou autres officiers judiciaires : \u00a0\u00bb&nbsp;<em>vobis mandamus et ordinamus&nbsp;\u00ab\u00a0, <\/em>tandis que les huissiers \u00e9taient interpell\u00e9s en fran\u00e7ais et m\u00eame en les tutoyant : \u00ab\u00a0<em>&nbsp;Et toi, huissier ou sergent royal, te mandons et commandons<\/em>&nbsp;\u00ab\u00a0.<\/p>\n\n\n\n<p class=\"has-medium-font-size\" id=\"jugemage\"><strong>(9)<\/strong> <em>Juge Mage <\/em>&#8211; Ce magistrat, appel\u00e9 dans les chartes <em>judex major appellationum et nullitatum totius Delphinatus,<\/em> si\u00e9geait \u00e0 Grenoble. Apr\u00e8s l&rsquo;\u00e9tablissement du Conseil delphinal, dont il avait vraisemblablement auparavant toutes les attributions judiciaires \u00e0 lui seul, il continua d&rsquo;exister, mais \u00e0 un rang et avec des attributions qu&rsquo;il nous serait impossible de pr\u00e9ciser. De ceux qui ont rempli cette charge, on conna\u00eet :<\/p>\n\n\n\n<ul class=\"wp-block-list\">\n<li class=\"has-medium-font-size\">1340. Etienne de Roux, chevalier, qui \u00e9tait en m\u00eame temps juge de l&rsquo;h\u00f4tel du Dauphin.<\/li>\n\n\n\n<li class=\"has-medium-font-size\">1345. Fran\u00e7ois de Fredulphe de Parme, licenci\u00e9 en droit, qui avait pour lieutenant Hugues de Bernard, docteur et chevalier, que le dauphin Humbert Il appelle \u00e0 prendre part aux d\u00e9lib\u00e9rations du Conseil delphinal pendant son voyage en Orient.<\/li>\n\n\n\n<li class=\"has-medium-font-size\">1351. Raymond de Theys, ensuite conseiller delphinal.<\/li>\n\n\n\n<li class=\"has-medium-font-size\">1362. Renaud Roudy.<\/li>\n\n\n\n<li class=\"has-medium-font-size\">1385. Bergadan de Mercules ou de Miericulis, conseiller delphinal.<\/li>\n\n\n\n<li class=\"has-medium-font-size\">1396. Soffrey de Tholon, licenci\u00e9 \u00e8s-lois, ancien conseiller delphinal.<\/li>\n\n\n\n<li class=\"has-medium-font-size\">1399. Jean de Vieux, licenci\u00e9.<\/li>\n\n\n\n<li class=\"has-medium-font-size\">1431. Jus ou Juste de Meuze.<\/li>\n\n\n\n<li class=\"has-medium-font-size\">1465. Claude de Lattier, docteur \u00e8s-lois.<\/li>\n\n\n\n<li class=\"has-medium-font-size\">1499. Jean du Mottet.<\/li>\n\n\n\n<li class=\"has-medium-font-size\">Avant 1508. Jean Cid, ensuite conseiller au Parlement.<br><\/li>\n<\/ul>\n\n\n\n<p class=\"has-text-align-center has-medium-font-size\" id=\"XIpresidialdevalence\"><br><br><strong>XI. PR\u00c9SIDIAL DE VALENCE<\/strong><br><br><\/p>\n\n\n\n<p><\/p>\n\n\n\n<p class=\"has-medium-font-size\">Le second tribunal de cette province est le pr\u00e9sidial de Valence, dont r\u00e9tablissement est de 1636. Il se compose d&rsquo;un s\u00e9n\u00e9chal, de deux pr\u00e9sidents, dont l&rsquo;un est lieutenant g\u00e9n\u00e9ral, de trois autres lieutenants, l&rsquo;un criminel, le second principal et le troisi\u00e8me particulier, de vingt-un conseillers, dont le premier est assesseur criminel, d&rsquo;un chevalier d&rsquo;honneur, deux conseillers honoraires, deux avocats et un procureur du roi. Sa juridiction est la m\u00eame que celle des autres pr\u00e9sidiaux, et son ressort comprend les bailliages de Saint-Marcellin, le Buis, Mont\u00e9limar, Crest, Saint-Paul-Trois-Ch\u00e2teaux et les judicatures de Valence, Romans et Die. L&rsquo;\u00e9dit de cr\u00e9ation lui attribuait la juridiction du Vivarais, mais elle lui a \u00e9t\u00e9 depuis \u00f4t\u00e9e, et ses officiers ont re\u00e7u en d\u00e9dommagement une augmentation de gages. Pour la connaissance des causes concernant les officiers du pr\u00e9sidial, une judicature royale des conventions a \u00e9t\u00e9 \u00e9tablie dans le m\u00eame temps que le pr\u00e9sidial lui-m\u00eame. Elle n&rsquo;a pas d&rsquo;autre juridiction (1).<\/p>\n\n\n\n<p class=\"has-medium-font-size\">(1)<em> <\/em>G\u00e9n\u00e9ralement parlant, un pr\u00e9sidial \u00e9tait un tribunal de premi\u00e8re instance qui, suivant an \u00e9dit de 1551, pouvait juger en dernier ressort jusqu&rsquo;\u00e0 la somme de 250 livres on 10 livres de rente, et par provision jusqu&rsquo;\u00e0 500 livres et 20 livres de rente, comme aussi conna\u00eetre et se prononcer Irr\u00e9vocablement sur les crimes commis par vagabonds, gens sans aveu ou soldats en marche; les faits de vols sur grands chemins, ports d&rsquo;armes, fausse monnaie et autres du ressort des pr\u00e9v\u00f4ts des mar\u00e9chaux. Celui de Valence, bien que \u00e9tabli (octobre 1636) \u00ab\u00a0<em>&nbsp;\u00e0 l&rsquo;instar des autres s\u00e9n\u00e9chauss\u00e9es et si\u00e8ges pr\u00e9sidiaux du royaume<\/em>&nbsp;\u00ab\u00a0, devait avoir une bien plus grande importance dans l&rsquo;esprit de son fondateur, car, \u00e0 la facult\u00e9 de \u00a0\u00bb&nbsp;<em>connoitre, juger et d\u00e9cider en premi\u00e8re instance et pr\u00e9sidialement<\/em>&nbsp; <em>de toutes mati\u00e8res civiles et criminelles des si\u00e8ges et ressorts de Valence, Die, Chabeuil et \u00c9toile et leurs d\u00e9pendances&nbsp;<\/em>\u00ab\u00a0, il ajoute celle de <strong>se<\/strong>prononcer sur \u00a0\u00bb&nbsp;<em>appellations des vi-s\u00e9n\u00e9chaux de Mont\u00e9limar et de Crest, des baillis de Saint-Marcellin et du Buis, ensemble des juges du Vivarais, depuis la rivi\u00e8re d&rsquo;Ard\u00e8che jusqu&rsquo;au Lyonno\u00ees et Forez, comme aussi de toutes mati\u00e8res b\u00e9n\u00e9ficiales et des causes de l&rsquo;Universit\u00e9<\/em>&nbsp;\u00ab\u00a0. En d&rsquo;autres termes, il s&rsquo;agit d&rsquo;un tribunal interm\u00e9diaire entre le Parlement, cour supr\u00eame et les vi-bailliages ou vi-s\u00e9n\u00e9chauss\u00e9es, dont on trouve \u00e0 peu pr\u00e8s l&rsquo;\u00e9quivalent dans nos tribunaux de premi\u00e8re instance.<\/p>\n\n\n\n<p class=\"has-medium-font-size\">En tout cas, cet \u00e9tablissement ne pouvait \u00eatre vu de bon \u0153il par l&rsquo;\u00e9v\u00eaque, qui, seigneur temporel de Valence et de Die, y \u00e9tait en quelque sorte ma\u00eetre absolu de toute juridiction, l&rsquo;\u00e9loignement du parlement de Toulouse, qui, par une anomalie singuli\u00e8re, pouvait seul conna\u00eetre des sentences des juges \u00e9piscopaux, rendant tout appel \u00e0 peu pr\u00e8s impossible il protesta donc, et, gr\u00e2ce \u00e0 de pressantes sollicitations,obtint, le 23 mai 1639, des lettres patentes d\u00e9clarant que par ledit \u00e9tablissement S. M. n&rsquo;entendait nullement \u00a0\u00bb&nbsp;<em>innover ni diminuer en aucune fa\u00e7on la juridiction de baillis et juges de l&rsquo;\u00e9v\u00eaque<\/em>&nbsp;\u00ab\u00a0. Les officiers du pr\u00e9sidial, appuy\u00e9s sur l&rsquo;Universit\u00e9 et la ville, qui ne n\u00e9gligeaient aucune occasion de s&rsquo;affranchir du pr\u00e9lat, en appel\u00e8rent au Grand Conseil, qui, le 27 mars 1611, rendit un arr\u00eat aux termes duquel les juges pr\u00e9sidiaux \u00e9taient maintenus dans le droit de conna\u00eetre exclusivement des cas royaux et pr\u00e9v\u00f4taux, des mati\u00e8res b\u00e9n\u00e9ficiales, ex\u00e9cutions d&rsquo;arr\u00eats, mandements et commissions, causes et privil\u00e8ges de l&rsquo;Universit\u00e9, mais qui, par contre, donnait \u00e0 l&rsquo;\u00e9v\u00eaque le droit d&rsquo;\u00e9tablir dans chacune de ses villes deux si\u00e8ges de juridiction, l&rsquo;un de premi\u00e8re instance, l&rsquo;autre d&rsquo;appel; d&rsquo;o\u00f9 l&rsquo;on pouvait encore, suivant les cas, appeler au pr\u00e9sidial. Cet arr\u00eat, qui donnait encore au lieutenant g\u00e9n\u00e9ral du pr\u00e9sidial la pr\u00e9sidence des assembl\u00e9es municipales, fut suivi d&rsquo;une transaction impos\u00e9e aux parties par le cardinal de Richelieu,&nbsp;\u00ab\u00a0<em>dont il est notoire que le respect et l&rsquo;autorit\u00e9 ne pouvoient point recevoir de contradiction dans le royaume&nbsp;<\/em>\u00ab\u00a0, laquelle ne satisfit personne et fut cass\u00e9e six ans apr\u00e8s. Enfin, apr\u00e8s vingt-deux ans de querelles, intervint un nouvel arr\u00eat on plut\u00f4t une nouvelle transaction, suivant laquelle l&rsquo;\u00e9v\u00eaque, maintenu dans son ancien droit de pr\u00e9sider les assembl\u00e9es municipales et mis en possession des greffes civils du pr\u00e9sidial et<strong> <\/strong>des conventions et du contr\u00f4le des greffes, acquis du duc de Sully, qui les avait achet\u00e9s lui-m\u00eame 61 000 livres, plus des offices de greffier criminel et de ma\u00eetres clercs, consentit \u00e0 l&rsquo;ex\u00e9cution des arr\u00eats ant\u00e9rieurs et notamment de celui du 27 mars 1641.<\/p>\n\n\n\n<p class=\"has-medium-font-size\">D&rsquo;autre part, \u00e0 la suite de r\u00e9clamations et de plaintes de la part des habitants de la rive droite du Rh\u00f4ne, ceux-ci avaient \u00e9t\u00e9 distraits de la juridiction du pr\u00e9sidial de Valence en 1650.<\/p>\n\n\n\n<p class=\"has-medium-font-size\">Pour ce qui regarde la charge de s\u00e9n\u00e9chal, elle a \u00e9t\u00e9 remplie par :<\/p>\n\n\n\n<ul class=\"wp-block-list\">\n<li class=\"has-medium-font-size\">1639. Jacques de Simiane, sieur de V\u00e8nes ou d&rsquo;\u00c9v\u00e8nes<\/li>\n\n\n\n<li class=\"has-medium-font-size\">1612. Edme-Claude de Simiane, comte de Montcha, gouverneur de Valence<\/li>\n\n\n\n<li class=\"has-medium-font-size\">1680. Fran\u00e7ois-Louis-Claude-Edme de Simiane, comte de Montcha, gouverneur de Valence<\/li>\n\n\n\n<li class=\"has-medium-font-size\">1699. N. de Moyria-Cb\u00e2tillon<\/li>\n\n\n\n<li class=\"has-medium-font-size\">1732. Alexandre de Moyria<\/li>\n\n\n\n<li class=\"has-medium-font-size\">I758. Ferdinand de Moyria de Chatillon<br><\/li>\n<\/ul>\n\n\n\n<p class=\"has-text-align-center has-medium-font-size\" id=\"XIIbailliagesetsenechaussees\"><br><br><strong>XII. BAILLIAGES ET SENECHAUSSEES<\/strong><br><br><\/p>\n\n\n\n<p class=\"has-text-align-center has-medium-font-size\"><br><\/p>\n\n\n\n<p class=\"has-medium-font-size\">Il y avait autrefois autant de <a href=\"#baillis\">baillis<\/a> ou s\u00e9n\u00e9chaux <strong>(1)<\/strong> que de bailliages ou s\u00e9n\u00e9chauss\u00e9es, mais un \u00e9dit du dauphin Louis a r\u00e9duit le nombre des baillis \u00e0 deux : un, dit de Viennois, pour les si\u00e8ges de Graisivaudan. Vienne et Saint-Marcellin, et un, dit <a href=\"#desmontagnes\">des Montagnes<\/a>, pour les si\u00e8ges du Buis, Gap, Brian\u00e7on et Embrun<strong> (2)<\/strong>, plus un <a href=\"#senechal\">s\u00e9n\u00e9chal<\/a> pour les si\u00e8ges de Crest, Valence et Mont\u00e9limar, non comprise, bien entendu, la charge de s\u00e9n\u00e9chal cr\u00e9\u00e9e, comme il a \u00e9t\u00e9 dit plus haut, pour le pr\u00e9sidial <strong>(3)<\/strong>.<\/p>\n\n\n\n<p class=\"has-medium-font-size\">Le <a href=\"#bailliagedegraisivaudan\">bailliage de Graisivaudan<\/a>, qui, suivant l&rsquo;ordonnance d&rsquo;Abbeville, juge en premi\u00e8re instance les causes des officiers du Parlement, de la Chambre des comptes et du bureau des finances, a son si\u00e8ge dans la ville de Grenoble, et se compose d&rsquo;un vi-bailli, d&rsquo;un lieutenant particulier, de deux conseillers assesseurs,d&rsquo;un avocat et d&rsquo;un procureur du roi <strong>(4)<\/strong>.<\/p>\n\n\n\n<p class=\"has-medium-font-size\">Celui de <a href=\"#saintmarcellin\">Saint-Marcellin<\/a>, autrement dit bailliage de Viennois, si\u00e8ge de Saint-Marcellin, a le m\u00eame nombre d&rsquo;officiers <strong>(5)<\/strong>.<\/p>\n\n\n\n<p class=\"has-medium-font-size\">Celui de Vienne a de plus un conseiller-rapporteur des d\u00e9fauts, il prend le titre de bailliage de Viennois et terres de la Tour, et a \u00e0 sa t\u00e8te le bailli g\u00e9n\u00e9ral de Viennois, qui peut y pr\u00e9sider sur un si\u00e8ge \u00e9lev\u00e9, \u00e9p\u00e9e au cot\u00e9, et y a voix d\u00e9lib\u00e9rative, aussi bien que dans les bailliages pr\u00e9c\u00e9dents, quoique le prononc\u00e9 du jugement appartienne au-vibailli, qui le formule en ces termes : <em>\u00a0\u00bb&nbsp;Nous, de l&rsquo;avis du conseil, o<\/em><em>\u00f9<\/em><em> \u00e9tait le sieur bailli de Viennois, etc.&nbsp;\u00ab\u00a0<\/em>, Quant aux lettres ex\u00e9cutoriales, elles portent tant\u00f4t le nom du bailli, tant\u00f4t celui du vi-bailli.<\/p>\n\n\n\n<p class=\"has-medium-font-size\">Les bailliages de <a href=\"#briancon\">Brian\u00e7on<\/a>, Embrun et Gap ont le m\u00eame nombre d&rsquo;officiers. Toutefois, il faut observer que le premier est le plus important, toutes les terres, \u00e0 l&rsquo;exception de deux, relevant uniment du roi <strong>(6)<\/strong>; tandis que celui d&rsquo;Embrun est au contraire diminu\u00e9 de toutes les terres de l&rsquo;archev\u00each\u00e9, qui sont nombreuses et ont un juge particulier ressortissant au Parlement. A Gap et Embrun les chargea de conseiller sont vacantes, nul ne s&rsquo;\u00e9tant pr\u00e9sent\u00e9 pour lever les charges, \u00e0 cause du peu d&rsquo;affaires qui y sont port\u00e9es. Le si\u00e8ge du bailliage de Gapen\u00e7ais \u00e9tait premi\u00e8rement \u00e0 Upaix. En 1298 il fut transf\u00e9r\u00e9 \u00e0 Serres, et ce n&rsquo;est qu&rsquo;en 1513 qu&rsquo;il fut \u00e9tabli \u00e0 Gap.<\/p>\n\n\n\n<p class=\"has-medium-font-size\">Le bailliage du <a href=\"#buis\">Buis<\/a>, autrement dit des Baronnies, qui sont M\u00e9vouillon et Montauban, a encore le m\u00eame nombre d&rsquo;officiers <strong>(&nbsp;7)<\/strong>, lesquels sont nomm\u00e9s par le prince de Monaco, duc de Valentinois, et pourvus par le roi. Car c&rsquo;est \u00e0 cette occasion que le roi Louis XIII, d\u00e9sirant indemniser le prince de Monaco de la perte de biens au royaume de Naples, confisqu\u00e9s sur lui par les Espagnols en repr\u00e9sailles de ce qu&rsquo;il avait re\u00e7u garnison fran\u00e7aise chez lui, s&rsquo;engagea, par trait\u00e9 de l&rsquo;an 1641, \u00e0 lui assigner, tant en Dauphin\u00e9 qu&rsquo;en Auvergne et Provence, 80 000 livres de rentes en terres, et que pour ce il lui c\u00e9da la ville de Valence, les s\u00e9n\u00e9chauss\u00e9es de Crest et de Mont\u00e9limar, le bailliage du Buis et la judicature royale de Romans ; lesquels furent \u00e9rig\u00e9s en duch\u00e9-pairie sous le nom de Valentinois, avec droit de pr\u00e9senter aux charges de toute justice. En sorte qu&rsquo;il a tous les revenus casuels, amendes et \u00e9moluments des greffes. Cela dit, on ajoute que les s\u00e9n\u00e9chauss\u00e9es de <a href=\"#montelimar\">Mont\u00e9limar<\/a> <strong>(8)<\/strong> et de <a href=\"#crest\">Cres<\/a>t <strong>(9)<\/strong> sont compos\u00e9es d&rsquo;un vi-s\u00e9n\u00e9chal juge, d&rsquo;un lieutenant particulier, d&rsquo;un avocat et d&rsquo;un procureur du roi pour chaque si\u00e8ge, et que le s\u00e9n\u00e9chal commun est le marquis de Gouvernet.<br><\/p>\n\n\n\n<p class=\"has-medium-font-size\" id=\"baillis\"><strong>(1) <\/strong> <em>Baillis<\/em> &#8211; Lieutenants du Prince dans une certaine \u00e9tendue de territoire appel\u00e9e bailliage ou s\u00e9n\u00e9chauss\u00e9e, \u2014 baillivia, senescallia, \u2014 les baillis et s\u00e9n\u00e9chaux avaient \u00e0 l&rsquo;origine pour principales fonctions de recevoir et de faire ex\u00e9cuter ses ordres dans leur ressort, comme aussi d&rsquo;en rassembler et commander les milices, et bien qu&rsquo;on les pr\u00e9sente quelquefois avec le caract\u00e8re des magistrats de l&rsquo;ordre judiciaire, il ne parait pas qu&rsquo;ils eussent du temps des Dauphins une juridiction contentieuse comme en France, o\u00f9 les mots de bailli et de juge \u00e9taient en quelque sorte synonymes. Aussi les charges de bailli et de s\u00e9n\u00e9chal \u00e9taient-elles toujours occup\u00e9es par des personnes d&rsquo;une noblesse distingu\u00e9e. Cependant, il faut observer que sous les derniers Dauphins de la troisi\u00e8me race, ils avaient des attributions judiciaires, et que, pour parer alors \u00e0 leur ignorance du droit, ils avaient des lieutenants gradu\u00e9s, v\u00e9ritables magistrats d\u00e9sign\u00e9s sous le nom de juges mages.<\/p>\n\n\n\n<p class=\"has-medium-font-size\">Le dernier Dauphin, Humbert II, voulant faire de chaque si\u00e8ge de bailli une v\u00e9ritable cour de justice, adjoignit \u00e0 chacun d&rsquo;eux douze conseillers la\u00efques ou clercs, dont quatre au moins devaient s&rsquo;assembler chaque semaine pour d\u00e9cider des affaires courantes; mais il ne parait pas que ces conseils, qui, du reste, \u00e9taient moins judiciaires que politiques, aient eu une longue dur\u00e9e. Dans la suite, du reste, l&rsquo;importance des baillis et s\u00e9n\u00e9chaux s&rsquo;amoindrit progressivement, de telle sorte qu&rsquo;en dernier lieu ce n&rsquo;\u00e9taient plus \u00e0 proprement parler que des charges honorifiques.<\/p>\n\n\n\n<p class=\"has-medium-font-size\">II y avait premi\u00e8rement autant de baillis que de bailliages, mais en juillet 1447 le dauphin Louis, pour lors \u00e0 Valence, rendit une ordonnance qui, r\u00e9duisant \u00e0 deux le nombre de ces hauts fonctionnaires, \u2014 un pour le Graisivaudan, le Viennois, terre de La Tour et Saint-Marcellin, sous le nom de bailli de Viennois; l&rsquo;autre pour le Brian\u00e7onnais, l&rsquo;Embrunais et le Gapen\u00e7ais et les Baronnies, sous le nom de bailli des Montagnes, \u2014 les rempla\u00e7ait en tant que magistrats de l&rsquo;ordre judiciaire par des vi-baillis, dont l&rsquo;importance et les fondions correspondaient \u00e0 peu de chose pr\u00e8s \u00e0 celles d&rsquo;un pr\u00e9sident de tribunal de premi\u00e8re instance de nos jours.<\/p>\n\n\n\n<p class=\"has-medium-font-size\">Voici la liste la plus compl\u00e8te qu&rsquo;il nous a \u00e9t\u00e9 possible de faire des baillis de Viennois, dont l&rsquo;autorit\u00e9 ne s&rsquo;\u00e9tendait \u00e0 l&rsquo;origine que sur ce qu&rsquo; fut appel\u00e9 plus tard Viennois-Valentinois ou bailliage de Saint-Marcellin, du nom de son chef-lieu, mais que l&rsquo;ordonnance de juillet 1447 mit \u00e0 la t\u00eate des trois bailliages du plat pays, ce qui les a fait appeler quelquefois depuis grands baillis :<\/p>\n\n\n\n<p class=\"has-medium-font-size\">1281. Gillet-Alleman<\/p>\n\n\n\n<p class=\"has-medium-font-size\">1315-1317. Guillaume de Roque<\/p>\n\n\n\n<p class=\"has-medium-font-size\">1319. Graton de Cl\u00e9rieu<\/p>\n\n\n\n<p class=\"has-medium-font-size\">1337-1343. Am\u00e9d\u00e9e de Roussillon, co-seigneur du Bouchage<\/p>\n\n\n\n<p class=\"has-medium-font-size\">1345. Amblard de Briord<\/p>\n\n\n\n<p class=\"has-medium-font-size\">1356. Aynard de la Tour<\/p>\n\n\n\n<p class=\"has-medium-font-size\">1366. Guy Coppier, seigneur d&rsquo;Hi\u00e8res<\/p>\n\n\n\n<p class=\"has-medium-font-size\">1389. Jean de Faucherand, gouverneur de Vienne<\/p>\n\n\n\n<p class=\"has-medium-font-size\">1397. Jean de Saint-Senin<\/p>\n\n\n\n<p class=\"has-medium-font-size\">1413. Antoine de Lay, chevalier<\/p>\n\n\n\n<p class=\"has-medium-font-size\">1427. Siboud de Rivoire<\/p>\n\n\n\n<p class=\"has-medium-font-size\">1441. Jean Coppier, nomm\u00e9 le 9 octobre par le gouverneur Raoul de Gaucour<\/p>\n\n\n\n<p class=\"has-medium-font-size\">1443. Jean de Gaste, chambellan de Charles VIII<\/p>\n\n\n\n<p class=\"has-medium-font-size\">1447. Guillaume de Fordun, nomm\u00e9 le 24 juillet par le gouverneur Raoul de Loupy<\/p>\n\n\n\n<p class=\"has-medium-font-size\">Env. 1495. Antoine de Montchenu<\/p>\n\n\n\n<p class=\"has-medium-font-size\">1515. Marin de Montchenu, s\u00e9n\u00e9chal de Limousin, etc., enterr\u00e9 \u00e0 Saint Denis<\/p>\n\n\n\n<p class=\"has-medium-font-size\">1519. Fran\u00e7ois le Bourcier, ma\u00eetre d&rsquo;h\u00f4tel du Roi<\/p>\n\n\n\n<p class=\"has-medium-font-size\">1520-1539. Antoine de Clermont<\/p>\n\n\n\n<p class=\"has-medium-font-size\">1545. Claude de Montchenu<\/p>\n\n\n\n<p class=\"has-medium-font-size\">1545. Nicolas Henri, \u00e9cuyer, seigneur de Cr\u00e9mieu<\/p>\n\n\n\n<p class=\"has-medium-font-size\">1562-1590. Annet de Maugiron, seigneur de Leyssins<\/p>\n\n\n\n<p class=\"has-medium-font-size\">1596. Louis de Montlaur, nomm\u00e9 le 18 mai<\/p>\n\n\n\n<p class=\"has-medium-font-size\">160&#8230; Charles, sire de Crequi et de Canaples, prince de Poix<\/p>\n\n\n\n<p class=\"has-medium-font-size\">1629. Gaspard, baron de Sassenage<\/p>\n\n\n\n<p class=\"has-medium-font-size\">1636. J\u00e9r\u00f4me Martin, seigneur de Disimieu, gouverneur de Vienne<\/p>\n\n\n\n<p class=\"has-medium-font-size\">1671. Louis de Maugiron, grand-ma\u00eetre des eaux et for\u00eats de Dauphin\u00e9<\/p>\n\n\n\n<p class=\"has-medium-font-size\">1691-1691. Fran\u00e7ois de Maugiron, comte de Montl\u00e9ans<\/p>\n\n\n\n<p class=\"has-medium-font-size\">1698-1767. Louis-Fraurois, comte de Maugiron<\/p>\n\n\n\n<p class=\"has-medium-font-size\">1783-1790. de Boffin, marquis de la S\u00f4ne<\/p>\n\n\n\n<p class=\"has-medium-font-size\" id=\"desmontagnes\"><strong>(2)<\/strong> <em>Des Montagnes<\/em> &#8211; On<strong> <\/strong>a pu recueillir qu&rsquo;un petit nombre de noms de baillis des Montagnes du Dauphin\u00e9, magistrats qui, r\u00e9p\u00e9tons-le, avaient dans leur d\u00e9pendance les bailliages de Gap, Embrun, Brian\u00e7on et le Buis.<\/p>\n\n\n\n<p class=\"has-medium-font-size\">1449-1451. Jean de Villaines, capitaine de Romans<\/p>\n\n\n\n<p class=\"has-medium-font-size\">1462. Guillaume de Viennois, gouverneur de Crest et Pierre de Courcillon<\/p>\n\n\n\n<p class=\"has-medium-font-size\">1482-1499. Etienne de Poisieu, seigneur d&rsquo;Hauterive et de Septeines<\/p>\n\n\n\n<p class=\"has-medium-font-size\">Louis de Poisieu, seigneur de Pusignan<\/p>\n\n\n\n<p class=\"has-medium-font-size\">1535. Aymar de Grol\u00e9e-Meuillon<\/p>\n\n\n\n<p class=\"has-medium-font-size\">1553. Nicolas du Choul, auteur du Discours de la Religion des anciens Romains.<\/p>\n\n\n\n<p class=\"has-medium-font-size\">Hector de Monteynard, sieur de Tallaron<\/p>\n\n\n\n<p class=\"has-medium-font-size\">1583. Rostaing de la Baume-Suze, comte de Rochefort, mar\u00e9chal de camp<\/p>\n\n\n\n<p class=\"has-medium-font-size\">1597-1618. Gaspard de Montauban-Jarjayes, gouverneur de Gap<\/p>\n\n\n\n<p class=\"has-medium-font-size\">1671. Louis-Fran\u00e7ois de la Baume-Saze,marquis de Bressieux<\/p>\n\n\n\n<p class=\"has-medium-font-size\">1691. L\u00e9on de Valbelle-Montfuron, comte de Ribiers<\/p>\n\n\n\n<p class=\"has-medium-font-size\">1691-1702. Bruno de Valbelle-Montfuron, commandeur de la Tronqui\u00e8re<\/p>\n\n\n\n<p class=\"has-medium-font-size\">1702-1750. C\u00f4me-Alphonse de Valbelle, marquis de Montfuron,<\/p>\n\n\n\n<p class=\"has-medium-font-size\">1752.Charles-Fran\u00e7ois, marquis de Calvi\u00e8re, lieutenant g\u00e9n\u00e9ral et commandeur de Saint-Louis<\/p>\n\n\n\n<p class=\"has-medium-font-size\">Cette charge n&rsquo;\u00e9tait pas remplie en 1790.<\/p>\n\n\n\n<p class=\"has-medium-font-size\" id=\"senechal\"><strong>(3) <\/strong><em>S\u00e9n\u00e9chal<\/em> &#8211; Les<strong> <\/strong>anciens comtes de Valentinois et Diois de la maison de Poitiers avaient \u00e0 Crest pour toutes leurs terres une cour majeure, \u2014 <em>curia major comitatuum Valentinensis et Diensis<\/em>, \u2014 dont le chef ou pr\u00e9sident \u00e9tait appel\u00e9 juge mage et quelquefois bailli du Valentinois et du Diois. L&rsquo;acquisition du domaine des Adh\u00e9mar ayant sensiblement augment\u00e9 l&rsquo;\u00e9tendue du ressort de ce tribunal d&rsquo;appel, le dauphin Louis XI rempla\u00e7a ce juge mage par un s\u00e9n\u00e9chal, magistrat d&rsquo;\u00e9p\u00e9e sans juridiction effective, et comme tribunaux de premi\u00e8re instance \u00e9tablit, \u00e0 Crest pour l&rsquo;ancien domaine des comtes de Valentinois en de\u00e7\u00e0 du Rh\u00f4ne, \u00e0 Mont\u00e9limar pour cette ville et le pays de Valdaine, \u00e0 Chalancon pour les d\u00e9pendances du Valentinois en Vivarais, trois vi-s\u00e9n\u00e9chauss\u00e9es, dont la premi\u00e8re, celle de Crest, conserva toujours le titre de si\u00e8ge principal, en souvenir de son importance primitive. A l&rsquo;article vi-s\u00e9n\u00e9chaux de Crest, on donne la liste des anciens juges mages; voici celle des s\u00e9n\u00e9chaux de Valentinois et Diois, charge qui, du reste. \u00e9tait absolument la m\u00eame que celle de bailli, dont on a parl\u00e9.<\/p>\n\n\n\n<p class=\"has-medium-font-size\">10 ao\u00fbt 1450-1473. Jean d&rsquo;Aidie, b\u00e2tard d&rsquo;Armagnac, gouverneur du Dauphin\u00e9 en 1457 et mar\u00e9chal de France en 1461<\/p>\n\n\n\n<p class=\"has-medium-font-size\">1494-1511. Philibert de Clermont, seigneur de Montoison, le h\u00e9ros de Fornoue<\/p>\n\n\n\n<p class=\"has-medium-font-size\">1526. Guy de Maugiron, seigneur d&rsquo;Ampuis, Beauvoir, Leyssins, etc., \u00e0 qui Fran\u00e7ois 1<sup>er<\/sup> donna cette charge pour l&rsquo;indemniser de la somme de 2000 \u00e9cus d&rsquo;or qu&rsquo;il avait \u00e9t\u00e9 oblig\u00e9 de donner pour sa ran\u00e7on, ayant \u00e9t\u00e9 fait prisonnier avec lui \u00e0 Pavie<\/p>\n\n\n\n<p class=\"has-medium-font-size\">1544. Jean Varnier<\/p>\n\n\n\n<p class=\"has-medium-font-size\">1546-1566. Claude de Clermont, seigneur de Montoison, Montmiral et Vaunaveys<\/p>\n\n\n\n<p class=\"has-medium-font-size\">&#8211; et Laurent de Maugiron<\/p>\n\n\n\n<p class=\"has-medium-font-size\">1575. Gabriel de Morges, seigneur de la Motte-Verdeyer, chevalier de l&rsquo;ordre du Roi<\/p>\n\n\n\n<p class=\"has-medium-font-size\">1580-1619. Ren\u00e9 de la Tour, seigneur de Gouvernet<\/p>\n\n\n\n<p class=\"has-medium-font-size\">1671-1698. Charles de la Tour, seigneur de Gouvernet, baron d&rsquo;Aix, d&rsquo;Auberive,etc.<\/p>\n\n\n\n<p class=\"has-medium-font-size\">1702. Louis du Maine, comte du Bourg, mar\u00e9chal de camp<\/p>\n\n\n\n<p class=\"has-medium-font-size\">1738-1776. Charles-Fr\u00e9d\u00e9ric de la Tour de Bourellon de Mures, marquis de Gouvernet<\/p>\n\n\n\n<p class=\"has-medium-font-size\" id=\"bailliagedegraisivaudan\"><strong>(4) <\/strong><em>Bailliage de Graisivaudan<\/em> &#8211; Voici une liste \u00e0 peu pr\u00e9s compl\u00e8te des anciens baillis de Graisivaudan, suivie de celle des vi-baillis, qui leur succ\u00e9d\u00e8rent en 1447. Toutefois, observons que m\u00eame avant cette date on trouve des vi-baillis de Graisivaudan, qui, vraisemblablement, n&rsquo;\u00e9taient que des lieutenants accidentellement \u00e9tablis par les baillis eux-m\u00eames pour les suppl\u00e9er.<\/p>\n\n\n\n<p class=\"has-medium-font-size\">1281. Gilet-Alleman.<\/p>\n\n\n\n<p class=\"has-medium-font-size\">1309. Leuzon-B\u00e9rard, ch\u00e2telain d&rsquo;Avallon<\/p>\n\n\n\n<p class=\"has-medium-font-size\">1313. Guers de Beaumont<\/p>\n\n\n\n<p class=\"has-medium-font-size\">1318. Guigues d&rsquo;Avallon<\/p>\n\n\n\n<p class=\"has-medium-font-size\">1321. Hugues de Commiers<\/p>\n\n\n\n<p class=\"has-medium-font-size\">1324. Guillaume de Veynes<\/p>\n\n\n\n<p class=\"has-medium-font-size\">1327. Guy de Grol\u00e9e<\/p>\n\n\n\n<p class=\"has-medium-font-size\">1335. Pierre de Loyes<\/p>\n\n\n\n<p class=\"has-medium-font-size\">  Amblard de Briord, seigneur de la Serra<\/p>\n\n\n\n<p class=\"has-medium-font-size\">1339. Am\u00e9d\u00e9e de Roussillon, chevalier .<\/p>\n\n\n\n<p class=\"has-medium-font-size\">1342-48. Amblard de Briord, ch\u00e2telain d&rsquo;Avallon<\/p>\n\n\n\n<p class=\"has-medium-font-size\">1352. Jean de Grol\u00e9e, seigneur de Neyrieu<\/p>\n\n\n\n<p class=\"has-medium-font-size\">1359. Guigues de Commiers<\/p>\n\n\n\n<p class=\"has-medium-font-size\">1367. Didier de Sassenage<\/p>\n\n\n\n<p class=\"has-medium-font-size\">1379. Rodolphe de Commiers<\/p>\n\n\n\n<p class=\"has-medium-font-size\">1404. Aymeric de Brizay<\/p>\n\n\n\n<p class=\"has-medium-font-size\">1406. Giron de Laire<\/p>\n\n\n\n<p class=\"has-medium-font-size\">1408. Yves de Laire, seigneur de Cornillon, chambellan du roi<\/p>\n\n\n\n<p class=\"has-medium-font-size\">1413-1418.Jean d&rsquo;Eurre, capitaine de gens d&rsquo;armes<\/p>\n\n\n\n<p class=\"has-medium-font-size\">1425. Guyonnet de Loras<\/p>\n\n\n\n<p class=\"has-medium-font-size\">1440. Fran\u00e7ois de Beaumont<\/p>\n\n\n\n<p class=\"has-medium-font-size\">1441. Jean Grinde, seigneur du Molard, nomm\u00e9 par le gouverneur Raoul de Gaucour<\/p>\n\n\n\n<p class=\"has-medium-font-size\">1446. Antoine Vallier<\/p>\n\n\n\n<p class=\"has-medium-font-size\">1450 env. Guigues du Rivail<\/p>\n\n\n\n<p class=\"has-medium-font-size\">1450-1472. Roux de Commiers<\/p>\n\n\n\n<p class=\"has-medium-font-size\"><em>Vi-baillis de Graisivaudan.<\/em><\/p>\n\n\n\n<p class=\"has-medium-font-size\">1335. Fran\u00e7ois de Teyria<\/p>\n\n\n\n<p class=\"has-medium-font-size\">1337-1339. Guillaumede Briord, fr\u00e8re du bailli Aniblard<\/p>\n\n\n\n<p class=\"has-medium-font-size\">1458. Pierre Galbert<\/p>\n\n\n\n<p class=\"has-medium-font-size\">1504. Claude Falconis<\/p>\n\n\n\n<p class=\"has-medium-font-size\">1547-1562. Abel de Buffevent<\/p>\n\n\n\n<p class=\"has-medium-font-size\">1563. Guillaume Berger<\/p>\n\n\n\n<p class=\"has-medium-font-size\">1569-1590. Gaspard Baro<\/p>\n\n\n\n<p class=\"has-medium-font-size\">1595-1609. Fran\u00e7ois de Micha<\/p>\n\n\n\n<p class=\"has-medium-font-size\">   12 juin 1609-1614. Thomas de Boffin, baron d&rsquo;Uriage<\/p>\n\n\n\n<p class=\"has-medium-font-size\">    24 avril 1614-1632. Jean de Micha, sieur de Burcin<\/p>\n\n\n\n<p class=\"has-medium-font-size\">1632. Fran\u00e7ois de Micha<\/p>\n\n\n\n<p class=\"has-medium-font-size\">     6 f\u00e9vrier 1632-1637. Denis de Salvaing de Boissieu.<\/p>\n\n\n\n<p class=\"has-medium-font-size\">     3 avril 1637-1651. Antoine du Vivier<\/p>\n\n\n\n<p class=\"has-medium-font-size\">     9 avril 1651-1665. Pierre Perrot<\/p>\n\n\n\n<p class=\"has-medium-font-size\">21 mars 1665-1675.Antoine Copin, ensuite conseiller au Parlement<\/p>\n\n\n\n<p class=\"has-medium-font-size\">1683. N. de Petitchet<\/p>\n\n\n\n<p class=\"has-medium-font-size\">1698. N. Joubert<\/p>\n\n\n\n<p class=\"has-medium-font-size\">1770-1790. Fran\u00e7ois Sadin, \u00e9cuyer, conseiller du Roi, vi-bailli de Viennois, lieutenant g\u00e9n\u00e9ral civil et criminel au si\u00e8ge royal et pr\u00e9sidial de Graisivaudan.<\/p>\n\n\n\n<p class=\"has-medium-font-size\" id=\"saintmarcellin\"><strong>(5)<\/strong> <em>Saint Marcellin <\/em>&#8211; Le bailliage de Saint-Marcellin, officiellement d\u00e9nomm\u00e9 de Viennois-Valentinois, \u00e9tait, \u00e0 proprement parler, l&rsquo;ancien bailliage de Viennois avant l&rsquo;annexion du Viennois septentrional au bailliage de la Tour. Ayant donn\u00e9 plus haut la liste des titulaires de ce bailliage, on se bornera donc \u00e0 donner ici celle des vi-baillis.<\/p>\n\n\n\n<p class=\"has-medium-font-size\">1314. Bergadan de Muriculis de Papia.<\/p>\n\n\n\n<p class=\"has-medium-font-size\">1332. Pierre des Herbeys.<\/p>\n\n\n\n<p class=\"has-medium-font-size\">1358. Jean du Bois.<\/p>\n\n\n\n<p class=\"has-medium-font-size\">1362. Jean de Fredulphe de Parme, qui fut ensuite chancelier du Dauphin\u00e9.<\/p>\n\n\n\n<p class=\"has-medium-font-size\">1369. Fran\u00e7ois de Lagny.<\/p>\n\n\n\n<p class=\"has-medium-font-size\">1376. Aynard de Chalon.<\/p>\n\n\n\n<p class=\"has-medium-font-size\">1423. Fran\u00e7ois de Brognac ou de Brogny.<\/p>\n\n\n\n<p class=\"has-medium-font-size\">1435. Noble Pierre Marchand.<\/p>\n\n\n\n<p class=\"has-medium-font-size\">1460. Noble Etienne Deagent, fils d&rsquo;Antoine, co-seigneur de Sigottier<\/p>\n\n\n\n<p class=\"has-medium-font-size\">1467. Noble Pierre Galbert.<\/p>\n\n\n\n<p class=\"has-medium-font-size\">1469. Noble Jean d&rsquo;Alli\u00e8res.<\/p>\n\n\n\n<p class=\"has-medium-font-size\">1476. Antoine Mulet.<\/p>\n\n\n\n<p class=\"has-medium-font-size\">1480. Guillaume Feyssan.<\/p>\n\n\n\n<p class=\"has-medium-font-size\">7 ao\u00fbt 1486-1493. Guy du Rivail<\/p>\n\n\n\n<p class=\"has-medium-font-size\">1493. Fran\u00e7ois Mulet.<\/p>\n\n\n\n<p class=\"has-medium-font-size\">1533. Guillaume d&rsquo;Arzag<\/p>\n\n\n\n<p class=\"has-medium-font-size\">1554. Joachim d&rsquo;Arzag<\/p>\n\n\n\n<p class=\"has-medium-font-size\">      27 juin 1567-1622. Antoine de Garagnol<\/p>\n\n\n\n<p class=\"has-medium-font-size\">1627-1665. Henri de Garagnol<\/p>\n\n\n\n<p class=\"has-medium-font-size\">10 avril 1665-1673. Melchior-Nicolas de Garagnol de Verdun, fils du pr\u00e9c\u00e9dent<\/p>\n\n\n\n<p class=\"has-medium-font-size\">23 juin 1690-1720. Jacques de Beaumont<\/p>\n\n\n\n<p class=\"has-medium-font-size\">1751. Melchior de Beaumont, seigneur de Coppier<\/p>\n\n\n\n<p class=\"has-medium-font-size\">1769-1790. Reynaud Vallier.<\/p>\n\n\n\n<p class=\"has-medium-font-size\" id=\"briancon\"><strong>(6) <\/strong><em>Brian\u00e7on <\/em>&#8211; Le bailliage de Brian\u00e7on se composait autrefois, en outre, du Brian\u00e7onnais proprement dit, des vall\u00e9es d&rsquo;Oulx, de Pragelas et de C\u00e9sanne, sur le versant oriental des Alpes ; omis celles-ci ayant \u00e9t\u00e9 c\u00e9d\u00e9es au Pi\u00e9mont par le trait\u00e9 d&rsquo;Utrecht (1713), il ne comprenait en dernier lieu que 19 communaut\u00e9s ou paroisses, au lieu de 51.<\/p>\n\n\n\n<p class=\"has-medium-font-size\" id=\"buis\"><strong>(7)<\/strong> <em>Buis<\/em> &#8211; Ce bailliage \u00e9tant form\u00e9 de deux baronnies distinctes \u00e0 l&rsquo;origine, on trouve quelquefois simultan\u00e9ment deux baillis, l&rsquo;un pour la baronnie de Montauban, l&rsquo;autre pour celle de Meuillon ou M\u00e9vouillon. Voici les noms de quelques-uns :<\/p>\n\n\n\n<p class=\"has-medium-font-size\">1300. Odon de Ch\u00e2tillon, bailli du Buis ou de M\u00e9vouillon<\/p>\n\n\n\n<p class=\"has-medium-font-size\">1302. Hugues du Puy, bailli de Montauban<\/p>\n\n\n\n<p class=\"has-medium-font-size\">1333. Albert de Sassenage<\/p>\n\n\n\n<p class=\"has-medium-font-size\">1334. Guigues de Morges, bailli des deux baronnies<\/p>\n\n\n\n<p class=\"has-medium-font-size\">1336. Henri de Dreins<\/p>\n\n\n\n<p class=\"has-medium-font-size\">1353. Ponce Claret<\/p>\n\n\n\n<p class=\"has-medium-font-size\">1378. Am\u00e9d\u00e9e de la Motte<\/p>\n\n\n\n<p class=\"has-medium-font-size\">1382. Didier de Besignan<\/p>\n\n\n\n<p class=\"has-medium-font-size\">1406. Guillaume d&rsquo;Hostun<\/p>\n\n\n\n<p class=\"has-medium-font-size\">1426-1427. Antoine d&rsquo;Hostun, seigneur de la Baume, nomm\u00e9 le 5 novembre par Raoul de Gaucour, r\u00e9signa l&rsquo;ann\u00e9e suivante au profit du suivant<\/p>\n\n\n\n<p class=\"has-medium-font-size\">1427. Guillaume Artaud, seigneur de la Roche-sur-Buis<\/p>\n\n\n\n<p><\/p>\n\n\n\n<p class=\"has-medium-font-size\"><em><strong>Vi-baillis du Buis.<\/strong><\/em><\/p>\n\n\n\n<p><\/p>\n\n\n\n<p class=\"has-medium-font-size\">1597. Louis Cayrel<\/p>\n\n\n\n<p class=\"has-medium-font-size\">22 d\u00e9cembre 1597. Charles Cayrel .<\/p>\n\n\n\n<p class=\"has-medium-font-size\">1680. Fran\u00e7ois-Thomas de Cheylus<\/p>\n\n\n\n<p class=\"has-medium-font-size\">1628. Antoine de Galles<\/p>\n\n\n\n<p class=\"has-medium-font-size\">1643. Annibal de Galles<\/p>\n\n\n\n<p class=\"has-medium-font-size\">1<sup>er<\/sup> septembre 1653. Pierre de Galles, sieur de Vor<\/p>\n\n\n\n<p class=\"has-medium-font-size\">1665. Henri de Cheylus<\/p>\n\n\n\n<p class=\"has-medium-font-size\">8 ao\u00fbt 1691-1720. Fran\u00e7ois-Thomasde Cheylus de Propiac<\/p>\n\n\n\n<p class=\"has-medium-font-size\">1730. Denis Moreau de V\u00e9ronne, seigneur de Vinsobres<\/p>\n\n\n\n<p class=\"has-medium-font-size\">1769-1789. Louis-Antoine-Fran\u00e7ois de Bertrand de Montfort<\/p>\n\n\n\n<p class=\"has-medium-font-size\" id=\"montelimar\"><strong>(8) <\/strong><em>Mont\u00e9limar<\/em> ayant tour \u00e0 tour appartenu en tout ou en partie aux Adh\u00e9mar, au Pape, aux comtes de Valentinois et au Dauphin, les uns et les autres ont eu leur juge ou bailli r\u00e9sidant \u00e0 Mont\u00e9limar, celui du comte de Valentinois except\u00e9, dont le si\u00e8ge \u00e9tait \u00e0 Savasse, suivant une charte d&rsquo;Aimar VI, en date du 15 avril 1360; et c&rsquo;est pour remplacer ces divers magistrats que le dauphin Louis XI, corroborant son ordonnance de juillet 1447, \u00e9tablit, par lettres du 17 mai 1459, dans cette ville une cour ou vi-s\u00e9n\u00e9chauss\u00e9e ayant dans son ressort tous les \u00a0\u00bb&nbsp;<em> subjetz du pays de Vandaine et autres places voys\u00eenes<\/em>&nbsp;\u00ab\u00a0. On joint \u00e0 la liste des vi-s\u00e9n\u00e9chaux de Mont\u00e9limar celle des juges et baillis dont le nom est arriv\u00e9 jusqu&rsquo;\u00e0 nous.<\/p>\n\n\n\n<p class=\"has-medium-font-size\">1347. Jean Patard ou Pacaud, juge de Giraud Adh\u00e9mar<\/p>\n\n\n\n<p class=\"has-medium-font-size\">1352. Durand Odoard, bailli du m\u00eame<\/p>\n\n\n\n<p class=\"has-medium-font-size\">1355. Guigues Ponce, juge, et Hugues, damoiseau, bailli pour le m\u00eame<\/p>\n\n\n\n<p class=\"has-medium-font-size\">1369. Ricon de Mauriac, chevalier d&rsquo;armes, bailli pour le Pape<\/p>\n\n\n\n<p class=\"has-medium-font-size\">1378. Aymon de Rochemaure, bailli du comte de Valentinois<\/p>\n\n\n\n<p class=\"has-medium-font-size\">1395. Guillaume de Flor ou de Florin, bailli pour le Pape<\/p>\n\n\n\n<p class=\"has-medium-font-size\">1396.<strong> <\/strong>Ayner ou Ainier du Puy, seigneur d&rsquo;Odeffred, bailli du comte<\/p>\n\n\n\n<p class=\"has-medium-font-size\">1396. Pierre Bergondion, bailli du Dauphin.<\/p>\n\n\n\n<p class=\"has-medium-font-size\">1422. Hugues Peyrol, bailli et juge pour le comte de Valentinois<\/p>\n\n\n\n<p class=\"has-medium-font-size\">1427-1437. Paulet Ruffi, notaire et bailli pour le Pape<\/p>\n\n\n\n<p class=\"has-medium-font-size\">1437-1438. Antoine d&rsquo;Hostun, seigneur de la Baume-d&rsquo;Hostun, bailli et juge delphinal<\/p>\n\n\n\n<p class=\"has-medium-font-size\">1449. Arnaud Odoard, lieutenant du s\u00e9n\u00e9chal de Valentinois et Diois au si\u00e8ge de Mont\u00e9limar<\/p>\n\n\n\n<p class=\"has-medium-font-size\">1466. Nicolas de Pracontal, damoiseau, vi-s\u00e9n\u00e9chal<\/p>\n\n\n\n<p class=\"has-medium-font-size\">1491. Hippolyte Alz\u00e9as, licenci\u00e9 \u00e8s-lois<\/p>\n\n\n\n<p class=\"has-medium-font-size\">1509. Jean Giraud, licenci\u00e9 en droit<\/p>\n\n\n\n<p class=\"has-medium-font-size\">1513. Armand Pertuis, bachelier en droit<\/p>\n\n\n\n<p class=\"has-medium-font-size\">1527. Th\u00e9odore Mulet, docteur en droit<\/p>\n\n\n\n<p class=\"has-medium-font-size\">1540. Giraud de Monteil<\/p>\n\n\n\n<p class=\"has-medium-font-size\">1563-1570. Andr\u00e9 d&rsquo;Ex\u00e9a<\/p>\n\n\n\n<p class=\"has-medium-font-size\">1576-1602. Jacques Colas, capitaine des gardes du duc de Mayenne et comte de la F\u00e8re, en l&rsquo;absence de qui furent commis pour remplir la charge de vi- s\u00e9n\u00e9chal :<\/p>\n\n\n\n<p class=\"has-medium-font-size\">    1\u00b0 14 septembre 1591. Louis de Villette, co-seigneur d&rsquo;Eurre<\/p>\n\n\n\n<p class=\"has-medium-font-size\">    2\u00b0 11 ao\u00fbt 1594. Louis de Villette<\/p>\n\n\n\n<p class=\"has-medium-font-size\">    24 mars 1602. Pierre Cholier<\/p>\n\n\n\n<p class=\"has-medium-font-size\">1611. Jean Cholier  2 d\u00e9cembre 1611. Jean d&rsquo;Armand<\/p>\n\n\n\n<p class=\"has-medium-font-size\">3 d\u00e9cembre 1625-1651. Jacques Durand, seigneur de Blacons<\/p>\n\n\n\n<p class=\"has-medium-font-size\">12 d\u00e9cembre 1651-1678. Paul Durand, sieur de Pontaujard<\/p>\n\n\n\n<p class=\"has-medium-font-size\">1680. N. Baile<\/p>\n\n\n\n<p class=\"has-medium-font-size\">1765-1778. Barth\u00e9l\u00e9my Faujas de Saint-Fond, le naturaliste<\/p>\n\n\n\n<p class=\"has-medium-font-size\">1778-1790. Alphonse-Antoine-Laurent-Salamon, baron de Salamon, maire de Lyon en 1794<\/p>\n\n\n\n<p class=\"has-medium-font-size\" id=\"crest\"><strong>(9) <\/strong><em>Crest<\/em> &#8211; Il y avait \u00e0 Crest, sous les Poitiers, une cour majeure, \u2014 <em>curia major,<\/em> \u2014 pour les comtes de Valentinois et Diois, cour supr\u00eame de laquelle relevaient tous les juges subalternes et m\u00eame le tribunal \u00e9tabli \u00e0 Savasse par Aymar VI. On ajoute que cette cour ne se composait vraisemblablement que du juge ou bailli, ainsi qu&rsquo;il r\u00e9sulte d&rsquo;une sentence de l&rsquo;an 1420, dont le pr\u00e9ambule est assez original pour m\u00e9riter d&rsquo;\u00eatre cit\u00e9 : <em>\u00a0\u00bb&nbsp;Nous Giraud Chabas, licenci\u00e9s aux lois, r\u00e9gissant la judicature et la cour majeure des cont\u00e9s du Valantinoys et du Dyois : Veu et diligemment regard\u00e9 et consid\u00e9r\u00e9 l&rsquo;importance de ceste cause , veues, aussi rumin\u00e9es les aultres choses contenues dans ladicte cause, les escriptures sainctes mises devant nous, afin que de la ve\u00fce ou face de Dieu sorte nostre jugement et que nos yeux voyent l&rsquo;\u00e9quit\u00e9, ne penchant ny \u00e0 droicte ny \u00e0 gauche, mais pesant ta cause dans la balance iuste, apr\u00e8s avoir invocqu\u00e9 le nom de Dieu et nous estre pr\u00e9muni du signe v\u00e9n\u00e9rable de la croix, disant : Au nom du P\u00e8re, du Fils et du Saint-Esprit , amen. En la pr\u00e9sence des procureurs des parties susdictes assistants icy devant nous par cestc sentence d\u00e9finitive que nous sortons sur ces escripts, nous pronon\u00e7ons, d\u00e9cr\u00e9tons, disons et d\u00e9clarons \u00a0\u00bb&nbsp;, etc.<\/em><\/p>\n\n\n\n<p class=\"has-medium-font-size\">Voici les noms des juges mages et baillis de Valentinois qu&rsquo;on a pu recueillir, suivis de ceux des vi-s\u00e9n\u00e9chaux de Crest :<\/p>\n\n\n\n<p class=\"has-medium-font-size\">1184. Denslegart, bailli de Guillaume, comte de Valence<\/p>\n\n\n\n<p class=\"has-medium-font-size\">1313. Guillaume de Rochemaure, bailli de Valentinois et Diois<\/p>\n\n\n\n<p class=\"has-medium-font-size\">1329. Pierre Sabatier, licenci\u00e9 es-lois, juge mage<\/p>\n\n\n\n<p class=\"has-medium-font-size\">1332. Pierre de Scudero<\/p>\n\n\n\n<p class=\"has-medium-font-size\">1355. Barth\u00e9l\u00e9my Aytard, docteur et chevalier d&rsquo;armes, bailli et juge mage<\/p>\n\n\n\n<p class=\"has-medium-font-size\">1414. Berthon Barnaud, clerc, notaire, r\u00e9gent de la judicature des comtes de Valentinois et de Diois<\/p>\n\n\n\n<p class=\"has-medium-font-size\">1420. Giraud Chabas, licenci\u00e9 \u00e8s-lois .<\/p>\n\n\n\n<p class=\"has-medium-font-size\">1425. Hugues Grand<\/p>\n\n\n\n<p class=\"has-medium-font-size\">24 octobre 1427. N. Marc, juge mage, nomm\u00e9 par Mathieu de Foix<\/p>\n\n\n\n<p class=\"has-medium-font-size\">1427. Antoine d&rsquo;Hostun, seigneur de la Baume<\/p>\n\n\n\n<p class=\"has-medium-font-size\">1449. Guillaume, b\u00e2tard de Poitiers<\/p>\n\n\n\n<p class=\"has-medium-font-size\">1460. Ferrand Dyeys, juge mage de Valentinois et Diois<\/p>\n\n\n\n<p class=\"has-medium-font-size\">1465. Jean Rabot, vi-s\u00e9n\u00e9chal<\/p>\n\n\n\n<p class=\"has-medium-font-size\">1489. Hippolyte Alz\u00e9as<\/p>\n\n\n\n<p class=\"has-medium-font-size\">1516. Jean Giraud<\/p>\n\n\n\n<p class=\"has-medium-font-size\">1526. Raymond de Coquet<\/p>\n\n\n\n<p class=\"has-medium-font-size\">1531. Noble S\u00e9bastien Bruy\u00e8re<\/p>\n\n\n\n<p class=\"has-medium-font-size\">     Pierre Travaisii<\/p>\n\n\n\n<p class=\"has-medium-font-size\">    12 novembre 1562-1572. Jacques Pellissier<\/p>\n\n\n\n<p class=\"has-medium-font-size\">    10 mai 1577-1602. Jean Barnaud<\/p>\n\n\n\n<p class=\"has-medium-font-size\">    1<sup>er<\/sup> janvier 1603. Phillibert Allian<\/p>\n\n\n\n<p class=\"has-medium-font-size\">1620<strong>.<\/strong>S\u00e9bastien de Pourroy, ensuite conseiller au Parlement<\/p>\n\n\n\n<p class=\"has-medium-font-size\">1647. Fran\u00e7ois de Pourroy<\/p>\n\n\n\n<p class=\"has-medium-font-size\">   4 juin 1647. Aymar de Pourroy<\/p>\n\n\n\n<p class=\"has-medium-font-size\">1657-1687. Pol de Pourroy<\/p>\n\n\n\n<p class=\"has-medium-font-size\">1687-1715. Pierre de Richard<\/p>\n\n\n\n<p class=\"has-medium-font-size\">1715. Jean-Claude Jacquemet<\/p>\n\n\n\n<p class=\"has-medium-font-size\">1756. Jean de Richard<\/p>\n\n\n\n<p class=\"has-medium-font-size\">1756-1790. Fran\u00e7ois-Etienne de Lambert<br><\/p>\n\n\n\n<p class=\"has-medium-font-size\"><br><\/p>\n\n\n\n<p class=\"has-text-align-center has-medium-font-size\" id=\"XIIIjudicaturesroyales\"><strong>XIII. JUDICATURES ROYALES, \u00c9PISCOPALES ET SEIGNEURIALES<\/strong><br><\/p>\n\n\n\n<p class=\"has-medium-font-size\"><br><\/p>\n\n\n\n<p class=\"has-medium-font-size\">Chacun de ces si\u00e8ges est compos\u00e9 d&rsquo;un juge, d&rsquo;un lieutenant et d&rsquo;un procureur, nomm\u00e9s les uns par le roi-dauphin, les autres par l&rsquo;\u00e9v\u00eaque. Leur juridiction s&rsquo;\u00e9tend sur tous les habitants , les officiers ayant droit de <em>commitimus<\/em> except\u00e9s. Leurs appels vont recta au Parlement, et leurs greffiers se partagent les droits et \u00e9moluments. <em>Lettres de committimus<\/em> ou <em>committimus.<\/em>sont des lettres de chancellerie par lesquelles les causes qu&rsquo;une personne avait, tant en demandant qu&rsquo;en d\u00e9fendant, \u00e9taient commises en premi\u00e8re instance aux requ\u00eates du palais ou aux requ\u00eates de l&rsquo;h\u00f4tel.<\/p>\n\n\n\n<p class=\"has-medium-font-size\">A Romans, la justice est \u00e9galement partag\u00e9e entre le prince de Monaco, \u00e0 la place du roi-dauphin, et le chapitre de Saint-Barnard, qui ont l&rsquo;un et l&rsquo;autre leur juge. Les appels du juge du chapitre vont au bailliage de Saint-Marcellin, et ceux du juge royal au Parlement, depuis l&rsquo;union de cette judicature au <a href=\"#duchedevalentinois\">duch\u00e9 de Valentinois<\/a> <strong>(1)<\/strong>.<\/p>\n\n\n\n<p class=\"has-medium-font-size\"><strong>Saint-Paul-Trois-Ch\u00e2teaux<\/strong> a aussi deux si\u00e8ges, l&rsquo;un royal, l&rsquo;autre \u00e9piscopal, chacun d&rsquo;eux compos\u00e9 d&rsquo;un juge ou bailli, d&rsquo;un lieutenant et d&rsquo;un procureur. Toutefois, il faut observer que ce titre de bailli ne tire pas \u00e0 cons\u00e9quence, car il n&rsquo;a qu&rsquo;une tr\u00e8s-petite juridiction et ne re\u00e7oit aucun <a href=\"#appel\">appel<\/a> <strong>(2)<\/strong>. On pourrait en dire autant de la ville d&rsquo;Embrun, o\u00f9 le roi et l&rsquo;archev\u00eaque avaient autrefois chacun leur juge particulier, mais o\u00f9 la charge de juge royal a \u00e9t\u00e9 par Louis XI unie \u00e0 celle de vi-bailli.<\/p>\n\n\n\n<p class=\"has-medium-font-size\">A Valence, Die et Gap, la justice appartient enti\u00e8rement aux \u00e9v\u00eaques, le pr\u00e9sidial de Valence et le vi-bailli de Gap n&rsquo;ayant aucune juridiction sur les habitants de ces villes. Les <a href=\"#jugesepiscopaux\">juges \u00e9piscopaux<\/a> de Valence et de Die <strong>(3)<\/strong> se qualifient juges mages, parce qu&rsquo;ils ont les appels des juges particuliers des terres \u00e9piscopales.Leurs appels vont directement au Parlement. Il y a dans le bourg de Chabeuil un juge royal des conventions, dont la charge est vacante aux parties casuelles depuis longtemps, l&rsquo;avocat du roi \u00e9tant le seul officier de ce si\u00e8ge dont la juridiction ne s&rsquo;\u00e9tend que sur ceux qui s&rsquo;y sont soumis par actes. Il a, de m\u00eame que celui de Saint-Marcellin, un style ou usage particulier, suivant lequel on ne peut s&rsquo;opposer \u00e0 l&rsquo;ex\u00e9cution d&rsquo;une obligation qu&rsquo;en produisant la quittance.<\/p>\n\n\n\n<p class=\"has-medium-font-size\">Ajoutons que les vi-s\u00e9n\u00e9chaux de Mont\u00e9limar et de Crest et les vi-baillis de Saint-Marcellin, de Brian\u00e7on et du Buis sont juges en premi\u00e8re instance des habitants desdites villes. Quant aux judicatures seigneuriales, elles sont fort nombreuses, la plupart ne comprenant qu&rsquo;un seul <a href=\"#village\">village<\/a> <strong>(4)<\/strong>.<\/p>\n\n\n\n<p class=\"has-medium-font-size\">Ces judicatures, dont les principales sont celles de : Vizille, le Touvet, la Baume-d&rsquo;Hostun, Pont-en-<\/p>\n\n\n\n<p class=\"has-medium-font-size\">Royans, Auberives, Maubec, Serri\u00e8res, Chabrillan,Montbrun, Pusignan, Anthon, Heyrieux, Saint-Chef, Clermont, Ornacieux, Illins, etc., rel\u00e8vent des bailliages et s\u00e9n\u00e9chauss\u00e9es. D&rsquo;apr\u00e8s le statut delphinal, toutes peuvent \u00eatre exerc\u00e9es dans la ville de Grenoble; mais, \u00e0 cause de l&rsquo;\u00e9loignement, presque toutes ont leur si\u00e8ge dans le chef-lieu de chaque bailliage.<\/p>\n\n\n\n<p><\/p>\n\n\n\n<p class=\"has-medium-font-size\" id=\"duchedevalentinois\"><strong>(1)<\/strong> <em>Duch\u00e9 de Valentinois<\/em> &#8211; A l&rsquo;origine et pendant plusieurs si\u00e8cles, l&rsquo;archev\u00eaque de Vienne, en sa qualit\u00e9 d&rsquo;abb\u00e9 de Saint-Barnard de Romans, et le chapitre de ce nom poss\u00e9daient en totalit\u00e9 la seigneurie et partant les droits de juridiction dans cette ville; mais, \u00e0 la suite d&rsquo;\u00e9v\u00e9nements, il intervint, entre le pape Cl\u00e9ment VI, qui, sans titres s\u00e9rieux, pr\u00e9tendait avoir le droit de haute justice dans Romans, le dauphin Humbert II et le chapitre de Saint-Barnard, un trait\u00e9, dit de partage, suivant lequel toutes les fonctions judiciaires devaient \u00eatre exerc\u00e9es par un m\u00eame juge alternativement nomm\u00e9 par le chapitre et le Dauphin.<\/p>\n\n\n\n<p class=\"has-medium-font-size\" id=\"appel\"><strong>(2) <\/strong><em> Appel<\/em> &#8211; Par acte da 25 septembre 1408, Dieudonn\u00e9 d&rsquo;Estaing, \u00e9v\u00eaque de Saint-Paul-trois-Ch\u00e2teaux, associa le roi-dauphin \u00e0 tous les droits de juridiction et autres qu&rsquo;il avait dans sa ville \u00e9piscopale et les terres en d\u00e9pendant suivant diverses concessions faites \u00e0 ses pr\u00e9d\u00e9cesseurs par les empereurs Charles, Louis et Lothaire. L&rsquo;un et l&rsquo;autre devaient s&rsquo;entendre pour choisir un bailli commun, et s&rsquo;ils ne le pouvaient, l&rsquo;\u00e9v\u00eaque en nommait un qui exer\u00e7ait les deux premi\u00e8res ann\u00e9es, et le roi un autre pour les deux ann\u00e9es suivantes<\/p>\n\n\n\n<p class=\"has-medium-font-size\" id=\"jugesepiscopaux\"><strong>(3)<\/strong> Juges \u00e9piscopaux &#8211; Ant\u00e9rieurement\u00e0 1456, les \u00e9v\u00eaques de Valence et de Die poss\u00e9daient toute juridiction dans ces deux villes et les autres terres de leur domaine; mais, \u00e0 cette \u00e9poque, l&rsquo;\u00e9v\u00eaque Henri de Poitiers fit avec le dauphin Louis XI un trait\u00e9 aux termes duquel les appels de leurs juges devaient \u00eatre port\u00e9s au Parlement. Cependant, il y avait encore au XVI<sup>e<\/sup> si\u00e8cle un juge d&rsquo;appel de l&rsquo;\u00e9v\u00each\u00e9 de Die, et nous voyons en 1565 seulement l&rsquo;\u00e9v\u00eaque Jean de Montluc supprimer la \u00ab <em>cour des appeaux <\/em>\u00bb de Valence, pour que les appellations des sentences de ses juges mages et autres ressortissent \u00a0\u00bb&nbsp;<em>nue-ment et sans moyen \u00e0 la cour souveraine de ce pa\u00efs de Dauphin\u00e9<\/em> \u00a0\u00bb&nbsp; ; puis, ce qui est plus extraordinaire encore, l&rsquo;\u00e9v\u00eaque Charles de Leberon pourvoit en 1599 un nomm\u00e9 la Boisse de la charge de juge des appellations.<\/p>\n\n\n\n<p class=\"has-medium-font-size\" id=\"village\"><strong>(4)<\/strong><em> Village <\/em>&#8211; Bien que diversement qualifi\u00e9s juges royaux, juges \u00e9piscopaux et juges seigneuriaux, c&rsquo;\u00e9taient, sauf une certaine extension d&rsquo;attributions des premiers dans quelques villes, des magistrats du m\u00eame ordre, rappelant par plus d&rsquo;un trait les fonctions de nos juges de paix, avec cette diff\u00e9rence que, sauf de bien rares exceptions, leur ressort ne comprenait gu\u00e8re qu&rsquo;une paroisse, chaque fief pouvant avoir son juge. De telle sorte qu&rsquo;au dernier si\u00e8cle il y avait en Dauphin\u00e9 huit ou neuf cents judicatures seigneuriales, \u00e9piscopales ou royales. Je dis judicatures et non pas juges, parce que ces derni\u00e8res fonctions \u00e9taient remplies comme nos suppl\u00e9ances de juges de paix, ayant chacune au moins un juge, un lieutenant de juge, un procureur juridictionnel et un greffier,nomm\u00e9s les uns et les autres par le seigneur de la terre, qui, b\u00e9n\u00e9ficiant des amendes, ne voyait le plus souvent dans la distribution de la justice qu&rsquo;un moyen de grossir ses revenus. Aussi, ces modestes fonctions judiciaires n&rsquo;\u00e9taient elles pas remplies par des magistrats en titre, mais par les avocats, les procureurs ou les notaires du chef-lieu du bailliage ou d&rsquo;une autre ville ou bourg voisin, qui, tout en se les partageant, cumulaient \u00e0 l&rsquo;infini. Tellement qu&rsquo;en 1789 Pison du Galland \u00e9tait tout \u00e0 la fois juge \u00e9piscopal de Grenoble, juge seigneurial d&rsquo;une cinquantaine de terres et lieutenant de six ou sept autres.<\/p>\n\n\n\n<p class=\"has-medium-font-size\">En principe, toutes ces judicatures devaient avoir leur si\u00e8ge dans la terre m\u00eame pour laquelle elles avaient \u00e9t\u00e9 cr\u00e9\u00e9es ; mais Charles VII, en 1437, et Fran\u00e7ois 1<sup>er<\/sup>, le 24 avril 1542, autoris\u00e8rent par lettres leur \u00e9tablissement dans les chefs-lieux de bailliage ou \u00e0 Grenoble.<br>En principe, toutes ces judicatures devaient avoir leur si\u00e8ge dans la terre m\u00eame pour laquelle elles avaient \u00e9t\u00e9 cr\u00e9\u00e9es ; mais Charles VII, en 1437, et Fran\u00e7ois 1<sup>er<\/sup>, le 24 avril 1542, autoris\u00e8rent par lettres leur \u00e9tablissement dans les chefs-lieux de bailliage ou \u00e0 Grenoble.<br><br><\/p>\n\n\n\n<p><\/p>\n\n\n\n<p class=\"has-text-align-center has-medium-font-size\" id=\"XIVchambredescomptes\"><strong>XIV. CHAMBRE DES COMPTES, BUREAU<\/strong> <strong>DES FINANCES, ETC&#8230;<\/strong><br><br><\/p>\n\n\n\n<p><\/p>\n\n\n\n<p class=\"has-medium-font-size\">La<strong> <\/strong>Chambre des comptes, dont la juridiction appartenait autrefois au Parlement, est le premier tribunal de finance de cette province. Elle fut \u00e9tablie en 1628 et se compose de six pr\u00e9sidents, le premier compris, de dix-huit ma\u00eetres des comptes, deux correcteurs, six auditeurs, d&rsquo;un avocat et d&rsquo;un procureur g\u00e9n\u00e9ral. Charg\u00e9e de recevoir et de juger les comptes des receveurs des tailles et du domaine, elle re\u00e7oit les aveux et d\u00e9nombrements des terres qui rel\u00e8vent du roi et a l&rsquo;\u00e9conomat des b\u00e9n\u00e9fices vacants en r\u00e9gale, par suite de l&rsquo;acquisition des offices d&rsquo;\u00e9conomes nouvellement cr\u00e9\u00e9s. De plus, elle pr\u00e9tend avoir le droit d&rsquo;enregistrer les provisions des \u00e9v\u00eaques et leur serment de fid\u00e9lit\u00e9, ce qui lui est contest\u00e9 par la Cour des comptes de Paris; comme aussi elle avait autrefois la connaissance des affaires du domaine et la liquidation des lods et ventes \u00e9ch\u00e9ant au roi, qu&rsquo;un arr\u00eat de l&rsquo;an 1691 a adjug\u00e9es aux tr\u00e9soriers de France. Dans les c\u00e9r\u00e9monies publiques, la <a href=\"#chambredescomptes\">Chambre des comptes<\/a> suit le Parlement<strong> (1)<\/strong>.<\/p>\n\n\n\n<p class=\"has-medium-font-size\">De<strong> <\/strong>m\u00eame que les officiers de la Chambre des comptes, les tr\u00e9soriers de France en la g\u00e9n\u00e9ralit\u00e9 de Grenoble ont \u00e9galement fait partie du Parlement de Grenoble jusqu&rsquo;en 1638, \u00e9poque \u00e0 laquelle ils furent \u00e9tablis en corps distincts. Avant et m\u00eame longtemps apr\u00e8s l&rsquo;union de cette province \u00e0 la France, il n&rsquo;y avait qu&rsquo;un tr\u00e9sorier g\u00e9n\u00e9ral en Dauphin\u00e9, et m\u00eame vers 1471 les quatre tr\u00e9soriers g\u00e9n\u00e9raux du royaume commenc\u00e8rent \u00e0 y exercer leurs fonctions par l&rsquo;entremise de commis. Mais, Henri II ayant plus tard divis\u00e9 le royaume en dix-sept g\u00e9n\u00e9ralit\u00e9s ou recettes ayant chacune un tr\u00e9sorier de France g\u00e9n\u00e9ral des finances, il en fut \u00e9tabli un \u00e0 Grenoble, et depuis diverses cr\u00e9ations ont successivement augment\u00e9 le nombre de ces officiers, en sorte que le bureau de Grenoble se compose actuellement d&rsquo;un premier pr\u00e9sident en titre, de quatre pr\u00e9sidents par commission, de vingt tr\u00e9soriers g\u00e9n\u00e9raux, d&rsquo;un avocat et d&rsquo;un procureur du roi. Comme les autres bureaux du royaume, celui-ci a la direction des finances et celle des terres du domaine, avant qu&rsquo;elles fussent engag\u00e9es. Il conna\u00eet de toutes les affaires du domaine, des adjudications, des lods et de la grande et petite voirie. Chaque ann\u00e9e, deux de ses membres sont nomm\u00e9s pour proc\u00e9der avec MM. les Intendants \u00e0 l&rsquo;imposition des tailles, et il y en a \u00e9galement toujours un, choisi par le roi, qui assiste aux march\u00e9s concernant les ponts et chauss\u00e9es. Ajoutons qu&rsquo;un \u00e9dit de 1497 a cr\u00e9\u00e9 deux tr\u00e9soriers g\u00e9n\u00e9raux de France v\u00e9rificateurs et commissaires pour les comptes des \u00e9tapes et que ces offices ont \u00e9t\u00e9 acquis par le corps dudit <a href=\"#bureau\">bureau<\/a> <strong>(2)<\/strong>.<\/p>\n\n\n\n<p class=\"has-medium-font-size\">Pour les gabelles, il y a un contr\u00f4leur \u00e0 Grenoble, un visiteur \u00e0 Valence et un \u00e0 Brian\u00e7on, juges qui n&rsquo;ont ni lieutenants, ni procureurs du roi dans leurs si\u00e8ges.<\/p>\n\n\n\n<p class=\"has-medium-font-size\">Pour les douanes, il y a six tribunaux : \u00e0 Grenoble, Veynes, Valence, le Buis, Mont\u00e9limar et Brian\u00e7on, chacun d&rsquo;eux compos\u00e9 d&rsquo;un juge de la douane, d&rsquo;un lieutenant, d&rsquo;un procureur du roi et d&rsquo;un greffier, et, depuis peu, d&rsquo;un substitut du procureur du roi.<\/p>\n\n\n\n<p class=\"has-medium-font-size\">On rappelle qu&rsquo;un si\u00e8ge de ma\u00eetrise des eaux et for\u00eats, dont la juridiction s&rsquo;\u00e9tend sur toute la province, a \u00e9t\u00e9 cr\u00e9\u00e9 pan \u00e9dit de novembre 1689. 11 se compose d&rsquo;un ma\u00eetre particulier, d&rsquo;un lieutenant, d&rsquo;un procureur du roi, d&rsquo;un garde-marteau, d&rsquo; un greffier et de quatre <a href=\"#sergentsgardebois\">sergents garde-bois<\/a> <strong>(3)<\/strong>.<\/p>\n\n\n\n<p><\/p>\n\n\n\n<p class=\"has-medium-font-size\" id=\"chambredescomptes\"><strong>(1)<\/strong> <em>Chambre des comptes <\/em>&#8211;  L&rsquo;\u00e9tablissement d&rsquo;officiers ayant charge de surveiller la recette et l&#8217;emploi des deniers du prince est fort ancien en Dauphin\u00e9, car on voit, d\u00e8s 1302, le ch\u00e2telain de Montbonnod rendre compte de ce qu&rsquo;il a per\u00e7u devant les auditeurs des comptes, fonctionnaires qu&rsquo;un acte de 1315 nous montre organis\u00e9s en compagnie, ayant un sceau particulier, sous le nom de cour nouvelle, \u2014 <em>curia nova Domini Dalphini<\/em>. \u2014 Humbert III augmenta consid\u00e9rablement le nombre de ces officiers, dont il fixa le si\u00e8ge \u00e0 Grenoble et dont les quatre premiers, sp\u00e9cialement charg\u00e9s de juger les contestations relatives aux comptes, dont les simples auditeurs n&rsquo;avaient que l&rsquo;examen, prirent place dans le conseil delphinal sous le nom de <em>ma\u00eetres rationaux<\/em>. Dans ce conseil et dans le Parlement ensuite, ils form\u00e8rent bient\u00f4t une chambre particuli\u00e8re, ayant, d\u00e8s 1434, son pr\u00e9sident, auquel on en adjoignit un second en 1544, puis un encore chaque fois en 1560, 1603 et 1615, et dans laquelle ma\u00eetres rationaux et auditeurs des comptes devinrent des conseillers ma\u00eetres et des conseillers auditeurs, de telle sorte que l&rsquo;\u00e9dit de mars 1628 qui l&rsquo;\u00e9rigea en cour souveraine \u00e0 l&rsquo;instar de la Chambre des comptes de Paris, ne fit en d\u00e9finitive que consacrer ce qui existait d\u00e9j\u00e0 en fait, sinon en droit. A l&rsquo;origine, les auditeurs des comptes n&rsquo;avaient pas de traitement fixe, \u00e9tant r\u00e9tribu\u00e9s suivant leurs services; mais les ma\u00eetres rationaux eurent tout d&rsquo;abord 60 florins de gages, port\u00e9s \u00e0 100 florins lorsqu&rsquo;ils n&rsquo;habitaient pas Grenoble, afin de les indemniser de leurs frais de d\u00e9placement. En 1702, le premier pr\u00e9sident avait 3075 livres, les pr\u00e9sidents, 1800 livres chacun, les conseillers ma\u00eetres et conseillers correcteurs, \u2014 charge cr\u00e9\u00e9e vers le milieu du XVI<sup>e<\/sup> si\u00e8cle, \u20141128 livres 2 sous 6 deniers, et les conseillers auditeurs, 750 livres. Quant au procureur g\u00e9n\u00e9ral et \u00e0 l&rsquo;avocat g\u00e9n\u00e9ral, ils avaient le premier 1975 livres et l&rsquo;autre 900 livres, et deux chevaliers d&rsquo;honneur, institu\u00e9s cette m\u00eame ann\u00e9e (1702), touchaient 1000 livres chacun.<\/p>\n\n\n\n<p class=\"has-medium-font-size\">On ajoute qu&rsquo;en 1633 il fut cr\u00e9\u00e9 un cinqui\u00e8me office de pr\u00e9sident, \u2014 le premier non compris, \u2014 \u00e0 la Chambre des comptes de Grenoble et que celle-ci, qui dans les c\u00e9r\u00e9monies publiques suivait le Parlement, \u00e9tait \u00e0 droite dans le ch\u0153ur de l&rsquo;\u00e9glise de Saint-Andr\u00e9, en m\u00e9moire de son ant\u00e9riorit\u00e9 sur celui-l\u00e0; enfin que, par le fait des aveux et d\u00e9nombrements qui devaient \u00eatre fournis devant elle, ses archives, dont l&rsquo;inventaire, fait au dernier si\u00e8cle par l&rsquo;avocat Fran\u00e7ois Marcellier, ne comporte pas moins de trente-deux volumes in-folio, sont incontestablement le tr\u00e9sor le plus important et le plus pr\u00e9cieux pour l&rsquo;histoire f\u00e9odale du Dauphin\u00e9<\/p>\n\n\n\n<p class=\"has-medium-font-size\" id=\"bureau\"><strong>(2) <\/strong><em>Bureau<\/em> &#8211; A c\u00f4t\u00e9 des gens des comptes il y avait naturellement d&rsquo;autres officiers charg\u00e9s de centraliser les revenus du prince, c&rsquo;est-\u00e0-dire des tr\u00e9soriers. Du temps des premiers Dauphins, il n&rsquo;y en avait qu&rsquo;un pour tous leurs \u00e9tats; mais Humbert II, qui, pour se d\u00e9barrasser d&rsquo;un soin incommode, avait un moment supprim\u00e9 cette charge et donn\u00e9 \u00e0 forfait celle de pourvoir \u00e0 toutes les d\u00e9penses de sa maison en retour de l&rsquo;abandon int\u00e9gral de ses revenus, \u00e9tablit en avril 1340 trois tr\u00e9soriers ayant entr\u00e9e au conseil delphinal et s\u00e9ant apr\u00e8s les officiers des comptes, \u00e0 qui ils \u00e9taient assimil\u00e9s pour les gages. Ces trois tr\u00e9soriers ne tard\u00e8rent pas \u00e0 \u00eatre remplac\u00e9s \u00e0 leur tour par un seul, joignant \u00e0 ce<\/p>\n\n\n\n<p class=\"has-medium-font-size\">titre celui de procureur g\u00e9n\u00e9ral du fisc, lequel a fonctionn\u00e9 Jusqu&rsquo;aux derni\u00e8res ann\u00e9es du XV<sup>e<\/sup> si\u00e8cle, \u00e9poque \u00e0 laquelle les tr\u00e9soriers g\u00e9n\u00e9raux de France commenc\u00e8rent \u00e0 exercer en Dauphin\u00e9 par l&rsquo;entremise de commis.<\/p>\n\n\n\n<p class=\"has-medium-font-size\">Henri II \u00e9tablit en 1553 un tr\u00e9sorier g\u00e9n\u00e9ral pour chaque province et par suite un pour le Dauphin\u00e9, dont la charge fut un moment partag\u00e9e en celles de tr\u00e9sorier et de g\u00e9n\u00e9ral des finances, pois r\u00e9unie sur la m\u00eame t\u00eate en 1574, avec cette diff\u00e9rence que le nombre des titulaires avait \u00e9t\u00e9 augment\u00e9 de deux dans l&rsquo;intervalle, nombre qui, du reste, ne fit d\u00e8s lors que s&rsquo;accro\u00eetre rapidement. De telle sorte qu&rsquo;il y en avait cinq sous Louis XIII<strong>,<\/strong> qui, par \u00e9dit d&rsquo;octobre 1621, cr\u00e9a sept offices, puis six en d\u00e9cembre 1627 par un nouvel \u00e9dit organisant les titulaires en compagnie sous le nom de Bureau des finances. Un troisi\u00e8me \u00e9dit, en date de septembre 1628 et confirmatif du pr\u00e9c\u00e9dent, augmenta de deux encore le nombre des tr\u00e9soriers des finances du Dauphin\u00e9, dont quatre re\u00e7urent alors le titre de pr\u00e9sident et qui, suivant autres \u00e9dits de mai 1633, mai 1635 et ao\u00fbt 1637, furent port\u00e9s \u00e0 vingt-cinq par suite de la cr\u00e9ation de cinq nouveaux offices, dont l&rsquo;un de garde-scel (<em>Officier pr\u00e9pos\u00e9, dans les anciennes juridictions, pour sceller les exp\u00e9ditions).<\/em><\/p>\n\n\n\n<p class=\"has-medium-font-size\">Cela dit, il n&rsquo;est peut-\u00eatre pas sans int\u00e9r\u00eat de rappeler ici la formule du serment impos\u00e9 par le r\u00e8glement de Guillaume de L&rsquo;Aire (7 octobre 1400) au tr\u00e9sorier g\u00e9n\u00e9ral de Dauphin\u00e9. \u00ab\u00a0<em>&nbsp;Vous jurets et promettes par la foy et serment de vostre corps et sur les saints \u00e9vangiles de Dieu : que vous serez bon et loyal an roy daulphin, nostre souverain, et \u00e0 ses successeurs; son bien et son proffit procurerez, et son domaige \u00e0 vostre pouvoir \u00e9viterez; son domaine et ses deniers delphinaux tant ordinaires que extraordinaires bien loyalement gouvernerez, administrerez et recevrez avec tonte diligence, et audit seigneur comme son tr\u00e9sorier et receveur g\u00e9n\u00e9ral de tout ce pays icy du Daulphin\u00e9 les conserverez et garderez et les d\u00e9livrerez, et distribuerez, ainsy que par luy ou par aultres ayant \u00e0 ce puissance vous sera appoinct\u00e9 et ordonn\u00e9, et en telle valleur qne les recevrez, les payerez et deslivrerez, sans y faire fraude aulcune pr\u00e9judiciable audit seigneur et \u00e0 la chose publique ; dons illicites ne recevrez et les gaiges des officiers tant de la Court, du Parlement et de la Chambre des comptes que des aultres vous payerez par quartons de troys moys en troys moys et ce sur l&rsquo;obligation de vostre corps et de vos biens en mani\u00e8re de debtes fiscaulx, ainsy qu&rsquo;en tel cas est accoustum\u00e9, et pour faire les choses dessus dictes baillerez bonne et suffisante caucion jusques \u00e0 la somme de <\/em><em>IIII<\/em><em> mi<\/em><em>ll<\/em><em>e livres.&nbsp;\u00ab\u00a0<\/em><\/p>\n\n\n\n<p class=\"has-medium-font-size\">Voici, maintenant, les noms de quelques-uns des possesseurs de cette charge alors qu&rsquo;elle \u00e9tait unique :<\/p>\n\n\n\n<p class=\"has-medium-font-size\">Sous Guigues VIII, Jacques de Dye, dit Lappo<\/p>\n\n\n\n<p class=\"has-medium-font-size\">   &#8211; Guy Meliorosus .<\/p>\n\n\n\n<p class=\"has-medium-font-size\">1333. Jean de Poney, archidiacre de Capoue .<\/p>\n\n\n\n<p class=\"has-medium-font-size\">6 avril 1340 Jacquemin de Mallebail, Pierre de Canaveys, Humbert de Villet<\/p>\n\n\n\n<p class=\"has-medium-font-size\">1345. Pierre Durand, de Chabeuil<\/p>\n\n\n\n<p class=\"has-medium-font-size\">1351. Bertrand Duclaux<\/p>\n\n\n\n<p class=\"has-medium-font-size\">1360. Philippe de Gilliers<\/p>\n\n\n\n<p class=\"has-medium-font-size\">1383. Jean de Vallin<\/p>\n\n\n\n<p class=\"has-medium-font-size\">1385. Jean de Brabant, receveur g\u00e9n\u00e9ral<\/p>\n\n\n\n<p class=\"has-medium-font-size\">1421. Jean de la Barre<\/p>\n\n\n\n<p class=\"has-medium-font-size\">1436-1439. Nicolas Erlant ou d&rsquo;Erlaud<\/p>\n\n\n\n<p class=\"has-medium-font-size\">1439. Cassin de Chasse<\/p>\n\n\n\n<p class=\"has-medium-font-size\">1450. Antoine Bolomier, seigneur de Montelier<\/p>\n\n\n\n<p class=\"has-medium-font-size\">1462. Hugues Coct<\/p>\n\n\n\n<p class=\"has-medium-font-size\">1478. Nicolas Ailloud<\/p>\n\n\n\n<p class=\"has-medium-font-size\">1496. Jean Guyon ou Guion<\/p>\n\n\n\n<p class=\"has-medium-font-size\">1520. Aymar de la Colombi\u00e8re<\/p>\n\n\n\n<p class=\"has-medium-font-size\">1546. Fran\u00e7ois de la Colombi\u00e8re, seigneur de Peyrins<\/p>\n\n\n\n<p class=\"has-medium-font-size\">1557. Artus Prunier, gendre du pr\u00e9c\u00e9dent<\/p>\n\n\n\n<p class=\"has-medium-font-size\" id=\"sergentsgardebois\"><strong>(3)<\/strong> <em>Sergents garde-bois<\/em> &#8211; Aux XVI<sup>e<\/sup> et XVII<sup>e<\/sup> si\u00e8cles, il y avait un grand ma\u00eetre des eaux et for\u00eats de Dauphin\u00e9, tels Pierre de Vesc, seigneur de Comps en 1503, et C\u00e9sar Martin, comte de Disimieu en 1625; mais ce n&rsquo;\u00e9tait vraisemblablement qu&rsquo;un office sans juridiction. Par l&rsquo;\u00e9dit de novembre 1689 il en \u00e9tait \u00e9tabli une; mais le Parlement, qui se trouvait atteint dans ses pr\u00e9rogatives, s&rsquo;opposa \u00e9nergiquement \u00e0 ce que les officiers nouvellement cr\u00e9\u00e9s remplissent leur mandat; de telle sorte que, jusqu&rsquo;en 1724, toutes choses rest\u00e8rent en l&rsquo;\u00e9tat. Alors, une commission de trois membres, dont \u00e9tait l&rsquo;intendant Fontanieu, fut charg\u00e9e de faire la visite des bois et for\u00eats de la province et d&rsquo;\u00e9laborer un r\u00e8glement pour leur garde et conservation. Puis, en mai 1729, un nouvel \u00e9dit, abrogeant celui de 1689, \u00e9tablit \u00e0 Grenoble, Die et Saint-Marcellin trois ma\u00eetrises, compos\u00e9es chacune d&rsquo;un ma\u00eetre particulier, ayant 300 livres de gages on de chauffage, d&rsquo;un lieutenant, ayant 200 livres, d&rsquo;un procureur, ayant pareils \u00e9moluments, d&rsquo;un garde-marteau, avec 150 livres, d&rsquo;un huissier et d&rsquo;un arpenteur, ayant 30 livres chaque, et d&rsquo;un certain nombre de gardes g\u00e9n\u00e9raux, ayant 50 livres.<br><\/p>\n\n\n\n<p class=\"has-text-align-center has-medium-font-size\" id=\"XVelections\"><strong>XV. \u00c9LECTIONS<\/strong><br><\/p>\n\n\n\n<p class=\"has-medium-font-size\">Le Dauphin\u00e9<strong> <\/strong>\u00e9tait autrefois un pays d&rsquo;\u00c9tats, mais en 1628 ceux-ci furent suspendus et la province divis\u00e9e en six \u00c9lections, dont les bureaux sont \u00e0 Grenoble, Vienne, Valence, Romans, Mont\u00e9limar et Gap, ayant le chacun d&rsquo;eux une recette particuli\u00e8re, except\u00e9 celui de Gap, qui, vu l&rsquo;\u00e9tendue de son ressort, en a deux, une pour le Gapen\u00e7ais et l&rsquo;Embrunais, l&rsquo;autre pour le Brian\u00e7onnais.<\/p>\n\n\n\n<p class=\"has-medium-font-size\">Ces bureaux assistent \u00e0 l&rsquo;imposition des tailles avec MM. Les Intendants et les deux commissaires du bureau des finances; connaissent du fait des tailles eu premi\u00e8re instance, puis des affaires des communaut\u00e9s et encore des contraventions \u00e0 la ferme du tabac et \u00e0 la marque de l&rsquo;or, de l&rsquo;argent et de l&rsquo;\u00e9tain. Enfin, chaque bureau se compose d&rsquo;un pr\u00e9sident, d&rsquo;un lieutenant, d&rsquo;un premier assesseur, de quatre \u00e9lus, d&rsquo;un procureur du roi et d&rsquo;un greffier, les offices de lieutenant criminel v\u00e9rificateur des r\u00f4les, de tiers r\u00e9f\u00e9rendaires, de taxateurs des d\u00e9pens, de commissaires, examinateurs-enqu\u00eateurs et de rapporteurs des d\u00e9fauts nouvellement cr\u00e9\u00e9s ayant \u00e9t\u00e9 \u00e9teints par le corps des officiers de chaque si\u00e8ge, \u00e0 l&rsquo;exception de celui de rapporteur des d\u00e9fauts au bureau de Grenoble, acquis par le sieur Chamet. Il en a \u00e9t\u00e9 de m\u00eame de l&rsquo;office de garde-scel <strong>(1)<\/strong>.<\/p>\n\n\n\n<p class=\"has-medium-font-size\"><strong>(1) <\/strong>Il y avait autrefois en France des pays d&rsquo;\u00c9tats, c&rsquo;est-\u00e0-dire s&rsquo;administrant eux-m\u00eames sous l&rsquo;autorit\u00e9 du roi, et des pays d&rsquo;\u00c9lections ou de droit commun. Le Dauphin\u00e9, apr\u00e8s avoir \u00e9t\u00e9 pendant trois si\u00e8cles au nombre des premiers, devint en 1628 un pays d&rsquo;\u00c9lections par le fait de la suspension de ses \u00c9tats, autrement de l&rsquo;assembl\u00e9e particuli\u00e8re qui, \u00e9lue par les trois ordres du pays, discutait et votait chaque ann\u00e9e les imp\u00f4ts. Pour ce qu&rsquo;il est permis de dire \u00e0 ce sujet du mot \u00e9lection, c&rsquo;est qu&rsquo;il s&rsquo;appliquait \u00e0 une certaine \u00e9tendue de territoire relevant d&rsquo;un tribunal particulier o\u00f9 des juges appel\u00e9s \u00e9lus jugeaient toutes les contestations relatives aux imp\u00f4ts, recevaient le serment des magistrats municipaux, punissaient les d\u00e9lits de contrebande, etc. L&rsquo;\u00e9dit de mars 1628 divisa le Dauphin\u00e9 en dix \u00c9lections, dont les chefs-lieux \u00e9taient Grenoble, Vienne, Valence, Romans, Mont\u00e9limar, Gap, Brian\u00e7on, Embrun, Die et Crest; mais ces quatre derni\u00e8res ayant \u00e9t\u00e9 presque aussit\u00f4t supprim\u00e9es, il n&rsquo;en resta que six, comprenant approximativement: celle de Grenoble, l&rsquo;arrondissement actuel de ce nom; celle de Vienne, les arrondissements de Vienne et de la Tour-du-Fin; celle de Romans, l&rsquo;arrondissement de Saint-Marcellin et toute la partie du d\u00e9partement de la Dr\u00f4me qui est sur la rive droite de l&rsquo;Is\u00e8re; celle de Valence, le reste de l&rsquo;arrondissement de ce nom; celle de Mont\u00e9limar, les trois arrondissements de Mont\u00e9limar, de Die et de Nyons; enfin, celle de Gap, tout le d\u00e9partement des Hautes-Alpes.<\/p>\n\n\n\n<p class=\"has-medium-font-size\">Chaque \u00c9lection \u00e9tait divis\u00e9e elle-m\u00eame en subd\u00e9l\u00e9gations, autre circonscription territoriale ayant \u00e0 sa t\u00e8te un subd\u00e9l\u00e9gu\u00e9 de l&rsquo;intendant, autrement un magistrat administratif qui a servi de mod\u00e8le pour nos sous-pr\u00e9fets.<br><br><\/p>\n\n\n\n<p><\/p>\n\n\n\n<p class=\"has-text-align-center has-medium-font-size\" id=\"XVIlesmagistrats\"><strong>XVI. LES MAGISTRATS<\/strong><br><br><\/p>\n\n\n\n<p><\/p>\n\n\n\n<p class=\"has-medium-font-size\">Pour ce qui regarde la valeur intellectuelle et morale des <a href=\"#diversmagistrats\">divers magistrats<\/a>, MM. de la Poippe <strong>(1)<\/strong>, Allois <strong>(2)<\/strong> et Boffin de la S\u00f4ne <strong>(3)<\/strong> m\u00e9ritent d&rsquo;\u00eatre distingu\u00e9s entre les pr\u00e9sidents au Parlement, les deux premiers surtout \u00e0 cause de leurs grands biens et de leurs grands talents. M. de la Poippe, qui est d&rsquo;une tr\u00e8s ancienne famille d&rsquo;\u00e9p\u00e9e, excelle dans la judicature et les belles-lettres.<\/p>\n\n\n\n<p class=\"has-medium-font-size\">Quant \u00e0 M. Allois, quoique tr\u00e8s-fort dans la science du droit, il a surtout la connaissance des affaires publiques. MM. de Barral <strong>(4)<\/strong>, de Beegue <strong>(5)<\/strong>, Saint-Marcel <strong>(6)<\/strong>, Pelisson <strong>(7)<\/strong>, Canel et Chal\u00e9on <strong>(8)<\/strong> m\u00e9ritent d&rsquo;\u00eatre remarqu\u00e9s parmi les anciens conseillers de la m\u00eame cour, et MM. Pourroy de la Mairie <strong>(9)<\/strong>, Regnault de Sollier <strong>(10)<\/strong>, de Bardonenche <strong>(11)<\/strong> et Duclot de Beaulieu <strong>(12)<\/strong>, parmi ceux qui, jeunes encore, font pr\u00e9voir pour l&rsquo;avenir d&rsquo;excellents magistrats. Quant \u00e0 MM. Grattet de Brangues <strong>(13)<\/strong> et d&rsquo;Yse de Sal\u00e9on <strong>(14)<\/strong>, autres pr\u00e9sidents \u00e0 mortier, et du Pilhon <strong>(15)<\/strong>, conseiller-clerc, ils m\u00e9ritent \u00e9galement d&rsquo;\u00eatre distingu\u00e9s, mais d&rsquo;une toute autre mani\u00e8re, \u00e9tant les deux derniers gens de naissance, point sans capacit\u00e9s, mais p\u00e9tulants, emport\u00e9s et capables de r\u00e9solutions extr\u00eames : en un mot, ce qu&rsquo;on peut appeler des parlementaires, et M. de Brangues, un emport\u00e9 sans capacit\u00e9 ni m\u00e9rite.<\/p>\n\n\n\n<p class=\"has-medium-font-size\">M. de Bourchenu de Valbonnays, premier pr\u00e9sident <strong>(16)<\/strong>, et M. de Manissy de Ferri\u00e8res <strong>(17)<\/strong>, pr\u00e9sident, sont gens de m\u00e9rite, ayant biens consid\u00e9rables et fort accr\u00e9dit\u00e9s dans la Chambre des comptes, o\u00f9 MM. de Guiffrey et de la Colombi\u00e8re <strong>(18)<\/strong> se distinguent parmi les conseillers.<\/p>\n\n\n\n<p class=\"has-medium-font-size\">M. Basset, premier pr\u00e9sident du Bureau des finances, est un officier d&rsquo;une profonde litt\u00e9rature et excellent jurisconsulte. Il a exerc\u00e9 pendant longtemps la charge de juge royal de Grenoble, o\u00f9 il a laiss\u00e9 une grande r\u00e9putation de droiture, de d\u00e9sint\u00e9ressement et de savoir <strong>(19)<\/strong>.<\/p>\n\n\n\n<p><\/p>\n\n\n\n<p class=\"has-medium-font-size\" id=\"diversmagistrats\"><em>Divers magistrats<\/em> :<\/p>\n\n\n\n<p class=\"has-medium-font-size\">(1)<strong><em> <\/em><\/strong>Artus-Joseph de la Poype-Saint-Julin de Gramont, conseiller au Parlement de Metz, nomm\u00e9 pr\u00e9sident en survivance de son p\u00e8re, avec dispense d&rsquo;\u00e2ge, de services et de parent\u00e9, le 16 f\u00e9vrier 1682, devenu premier pr\u00e9sident en 1730.<\/p>\n\n\n\n<p class=\"has-medium-font-size\">(2) Claude Allois, seigneur d&rsquo;Herculais. Conseiller du 5 mai 1687, pr\u00e9sident, avec dispense de services, le 10 mai 1696, mort le 29 juin 1698.<\/p>\n\n\n\n<p class=\"has-medium-font-size\">(3) Jean-Baptiste-F\u00e9licien de Boffin, seigneur d&rsquo;Argenson et de la S\u00f4ne, conseiller du 22 avril 1677, pr\u00e9sident le 16 ao\u00fbt 1696.<\/p>\n\n\n\n<p class=\"has-medium-font-size\">(4) Fran\u00e7ois de Barral, avocat en la cour, re\u00e7u conseiller le 21 mars 1661, r\u00e9signataire en faveur de son fils.<\/p>\n\n\n\n<p class=\"has-medium-font-size\">(5) Louis de Grimand, sieur de Beegue, avocat en la cour, re\u00e7u conseiller le 30 avril 1670.<\/p>\n\n\n\n<p class=\"has-medium-font-size\">(6) Etienne Eyraud de Saint-Marcel, assesseur au bailliage de Graisivaudan, re\u00e7u conseiller le 16 d\u00e9cembre 1664.<\/p>\n\n\n\n<p class=\"has-medium-font-size\">(7) Charles Pelisson, avocat, nomm\u00e9 conseiller le 17 octobre 1675, mort le 10 mars 1698.<\/p>\n\n\n\n<p class=\"has-medium-font-size\">(8) Laurent de Chal\u00e9on, avocat, nomm\u00e9 conseiller le 25 janvier 1668, mort le 26 octobre 1699.<\/p>\n\n\n\n<p class=\"has-medium-font-size\">(9) Fran\u00e7ois-Louis de Pourroy de la Mairie, avocat, conseiller le 6 avril 1690.<\/p>\n\n\n\n<p class=\"has-medium-font-size\">(10) Louis Regnault de Sollier, seigneur de Chatellard, avocat, nomm\u00e9 conseiller le 13 octobre 1692, puis premier pr\u00e9sident du s\u00e9nat de Nice pendant l&rsquo;occupation fran\u00e7aise en 1710.<\/p>\n\n\n\n<p class=\"has-medium-font-size\">(11) Ren\u00e9 de Bardonnenche, avocat, conseiller du 2 octobre 1693, ensuite chevalier d&rsquo;honneur en la cour.<\/p>\n\n\n\n<p class=\"has-medium-font-size\">(12) Claude du Cl\u00f4t, sieur de Beaulieu, avocat, nomm\u00e9 conseiller le 14 juin 1696, mort le 10 mai 1711.<\/p>\n\n\n\n<p class=\"has-medium-font-size\">(13) Fran\u00e7ois-Pierre de Grattet de Brangues, seigneur du Bouchage, avocat, nomm\u00e9 conseiller le 26 septembre 1092, puis pr\u00e9sident, sur la r\u00e9signation de son p\u00e8re, le 16 ao\u00fbt 1696.<\/p>\n\n\n\n<p class=\"has-medium-font-size\">(14) Jacques d&rsquo;Yse de Sal\u00e8on, seigneur de Ch\u00e2teauneuf-de-Mazenc, vi-bailli de Gap, conseiller au Parlement le 10 mars 1661, pr\u00e9sident le 17 mai 1696, avec dispense de parent\u00e9, r\u00e9signataire en laveur de son fils en 1701.<\/p>\n\n\n\n<p class=\"has-medium-font-size\">(15) Alexandre du Pilhon, chanoine de Grenoble, prieur de Taulignan, Glandage, Luc, Guignaise et Miscon, re\u00e7u conseiller au Parlement le 16 janvier 1654, mort en 1710.<\/p>\n\n\n\n<p class=\"has-medium-font-size\">(16) Jean-Pierre de Moret de Bourchenu, seigneur de Treminis et de Valbonnays, avocat, nomm\u00e9 conseiller an Parlement le 11 mars 1677, sur la r\u00e9signation de son p\u00e8re, premier pr\u00e9sident de la Chambre des comptes en 1690, mort le 2 mars 1730. C&rsquo;est le savant historien du Dauphin\u00e9.<\/p>\n\n\n\n<p class=\"has-medium-font-size\">(17) Fran\u00e7ois de Manissy, comte de Ferri\u00e8res, fils de Claude et petit-fils d&rsquo;Aymar, tons les deux conseillers an Parlement, pr\u00e9sidenten la Chambre des comptes d\u00e8s 1675.<\/p>\n\n\n\n<p class=\"has-medium-font-size\">(18) Pierre de Guiffrey du Freney et Humbert de la Colombi\u00e8re, conseillers-ma\u00eetres.<\/p>\n\n\n\n<p class=\"has-medium-font-size\">(19) Il \u00e9tait fils de l&rsquo;avocat Jean-Guy Basset, qui nous a laiss\u00e9, entr&rsquo;autres ouvrages,un in-folio de plaidoyers et d&rsquo;arr\u00eats, et qui fut anobli en 1642.<br><br><\/p>\n\n\n\n<p><\/p>\n\n\n\n<p class=\"has-text-align-center has-medium-font-size\" id=\"XVIIuniversitedevalence\"><strong>XVII. UNIVERSIT\u00c9 DE VALENCE<\/strong><br><br><\/p>\n\n\n\n<p><\/p>\n\n\n\n<p class=\"has-medium-font-size\">l&rsquo;Universit\u00e9 de Grenoble et celle de Valence \u00e9taient le r\u00e9sultat de fondations compl\u00e8tement distinctes l&rsquo;une de l&rsquo;autre; celle de Grenoble a \u00e9t\u00e9 fond\u00e9e \u00e0 l&rsquo;an 1339 par le dauphin Humbert II.<\/p>\n\n\n\n<p class=\"has-medium-font-size\">L&rsquo;Universit\u00e9 de Grenoble, dans laquelle ont profess\u00e9 les plus grands personnages de la cour de Humbert II, le protonotaire Amblard de Beaumont et le pr\u00e9sident Guillaume du Mas entr&rsquo;autres, fut fond\u00e9e peu avant 1339, avec l&rsquo;approbation du pape Beno\u00eet XII, par ce prince, qui lui accorda de nombreux privil\u00e8ges, exemptant les \u00e9coliers du service militaire, voulant que de ses professeurs quatre fussent membres du conseil delphinal et, singularit\u00e9 inexplicable, ordonnant la destruction de toutes les forges voisines de Grenoble, afin d&rsquo;\u00e9viter rench\u00e9rissement du bois, attendu, dit Chorier, que \u00a0\u00bb&nbsp;<em>le froid est ennemi des fonctions de l&rsquo;esprit&nbsp;\u00a0\u00bb <\/em>.<\/p>\n\n\n\n<p class=\"has-medium-font-size\">Elle comprend quatre facult\u00e9s : une de th\u00e9ologie, avec deux professeurs et cinq agr\u00e9g\u00e9s; une de droit civil et canonique, avec quatre professeurs, plus un pour le droit fran\u00e7ais <strong>et <\/strong>neuf agr\u00e9g\u00e9s; la troisi\u00e8me enfin avec deux professeurs et cinq agr\u00e9g\u00e9s, une quatri\u00e8me pour la philosophie et les arts lib\u00e9raux, laquelle avait deux professeurs, sans agr\u00e9g\u00e9s.<\/p>\n\n\n\n<p class=\"has-medium-font-size\">Les cours ont lieu dans des salles lou\u00e9es place Saint-Andr\u00e9. Les activit\u00e9s de l\u2019universit\u00e9 s\u2019\u00e9tiolent rapidement \u00e0 la fin du 14e si\u00e8cle. Combien de temps dura cette Universit\u00e9? On l&rsquo;ignore compl\u00e8tement. Tout ce que l&rsquo;on sait, c&rsquo;est qu&rsquo;elle n&rsquo;existait plus en 1542, \u00e9poque \u00e0 laquelle Fran\u00e7ois de Bourbon, comte de Saint-Pol, gouverneur du Dauphin\u00e9, la r\u00e9tablit \u00e0 la demande des Grenoblois, et qu&rsquo;\u00e0 la suite de d\u00e9marches r\u00e9it\u00e9r\u00e9es de la part de l&rsquo;Universit\u00e9 de Valence, elle fut d\u00e9finitivement supprim\u00e9e et unie \u00e0 cette derni\u00e8re par \u00e9dit en date d&rsquo;avril 1565.<\/p>\n\n\n\n<p class=\"has-medium-font-size\">L&rsquo;Universit\u00e9 de Valence, dont M. le chanoine Nadal a \u00e9crit l&rsquo;histoire, date du 26 juillet 1452, si on s&rsquo;en tient aux lettres patentes du dauphin Louis XI, son fondateur, et du 3 mai 1459, si l&rsquo;on s&rsquo;arr\u00eate \u00e0 la bulle confirmative du pape Pie II. Elle n&rsquo;avait pas, du reste, de fondations et \u00e9tait \u00e0 la charge de la ville, qui, r\u00e9tribuant les professeurs, les choisit jusqu&rsquo;en 1638, o\u00f9 un arr\u00eat du conseil donna ce droit \u00e0 l&rsquo;\u00e9v\u00eaque, qui joignait \u00e0 ses titres celui de chancelier de l&rsquo;Universit\u00e9. (<a href=\"https:\/\/histoire-patrimoine-aoustois.fr\/?p=4238\">https:\/\/histoire-patrimoine-aoustois.fr\/?p=4238<\/a> ) et (<a href=\"https:\/\/histoire-patrimoine-aoustois.fr\/?p=4240\">https:\/\/histoire-patrimoine-aoustois.fr\/?p=4240<\/a> )<\/p>\n\n\n\n<p class=\"has-medium-font-size\">Nombre de professeurs c\u00e9l\u00e8bres ou estim\u00e9s par leurs ouvrages ont enseign\u00e9 dans cette Universit\u00e9, entr&rsquo;autres: Phillippe Decius, Antoine Govea, Jacques Cujas, Fran\u00e7ois Hottoman et Jules Pacius.<br><br><\/p>\n\n\n\n<p><\/p>\n\n\n\n<p class=\"has-text-align-center has-medium-font-size\" id=\"XVIIIetatecclesiastique\"><strong>XVIII. \u00c9TAT ECCL\u00c9SIASTIQUE<\/strong><br><br><\/p>\n\n\n\n<p><\/p>\n\n\n\n<p><\/p>\n\n\n\n<p class=\"has-medium-font-size\">En Dauphin\u00e9, il y a deux archev\u00each\u00e9s et cinq \u00e9v\u00each\u00e9s, et de plus un assez grand nombre de paroisses appartiennent aux dioc\u00e8ses de Vienne, Lyon, de Belley, de Vaison, de Sisteron et de Turin. Les dioc\u00e8ses dr\u00f4mois sont ceux de Valence, Die et Saint Paul Trois Ch\u00e2teaux.<\/p>\n\n\n\n<p class=\"has-medium-font-size\" id=\"diocesedevienne\"><strong>Dioc\u00e8se de Vienne<\/strong> <\/p>\n\n\n\n<p class=\"has-medium-font-size\">Il renferme 414 paroisses, dont 334 en Dauphin\u00e9.<\/p>\n\n\n\n<p class=\"has-medium-font-size\">Il est \u00e0 noter qu&rsquo;un prieur\u00e9 et une abbaye d\u00e9pendant du dioc\u00e8se de Vienne sont situ\u00e9s dans la Dr\u00f4me.<\/p>\n\n\n\n<p class=\"has-medium-font-size\">Premi\u00e8rement \u00e0<strong> <\/strong>Saint-Vallier, bourg de la Dr\u00f4me, \u00e0 sept lieues de Vienne : un prieur\u00e9 de collation royale de l&rsquo;ordre de Saint-Ruf, o\u00f9 sont dix chanoines, y compris les officiers, et dont le prieur, qui a la collation de tous les offices et places monacales, est M. le Cardinal d&rsquo;Estr\u00e9es. Les revenus totaux y sont de 5 000 livres. Ce prieur\u00e9, connu d\u00e8s 890, \u00e9poque \u00e0 laquelle il re\u00e7ut quelques biens de Barnoin, archev\u00eaque de Vienne, parait avoir \u00e9t\u00e9 pendant longtemps le chef d&rsquo;Ordre d&rsquo;une petite congr\u00e9gation d&rsquo;Augustins. Par bulle du 19 mars 1364, le pape Urbain V le pla\u00e7a dans la d\u00e9pendance de l&rsquo;abb\u00e9 de Saint-Ruf, \u00e0 la mense duquel les revenus prieuraux furent unis par le pape Cl\u00e9ment XI, le 17 novembre 1717, soit apr\u00e8s la mort du titulaire mentionn\u00e9 par Bouchu: C\u00e9sar d&rsquo;Estr\u00e9es, ancien \u00e9v\u00eaque-duc de Laon, cardinal-\u00e9v\u00eaque d&rsquo;Albano, abb\u00e9 de Saint-Claude, de Longpont, du Mont-Saint-\u00c9loy, de Saint-Nicolas-aux-Bois, d&rsquo;Anchin, de Saint-Germain-des-Pr\u00e9s, de Staffarde, etc., doyen de l&rsquo;Acad\u00e9mie fran\u00e7aise. \u00c9rig\u00e9s en chapitre, les religieux continu\u00e8rent \u00e0 desservir l&rsquo;\u00e9glise paroissiale jusqu&rsquo;\u00e0 la suppression de la congr\u00e9gation de Saint-Ruf en 1779.<\/p>\n\n\n\n<p class=\"has-medium-font-size\">Deuxi\u00e8mement, dans la ville de Romans existe un<strong> <\/strong>autre chapitre, ancienne abbaye de B\u00e9n\u00e9dictins fond\u00e9e au VIII<sup>e<\/sup> si\u00e8cle par saint Barnard, archev\u00eaque de Vienne, s\u00e9cularis\u00e9e depuis et plac\u00e9e sous le vocable de son fondateur,. La dignit\u00e9 abbatiale \u00e9tant encore unie \u00e0 l&rsquo;archev\u00each\u00e9 de Vienne, il se compose d&rsquo;un sacristain, qui est M. de Lionne de Leyssins, de deux chanoines, d&rsquo;un ma\u00eetre ou capiscol, d&rsquo;un th\u00e9ologal et de six pr\u00eatres incorpor\u00e9s, plus de six clercs. &#8211; Charles de Lyonne de Leyssins, seigneur de Triors, G\u00e9nissieux, Saint-Paul, etc., conseiller du roi en tous ses conseils, abb\u00e9 commendatairc de Saint-Calais, prieur de Saint-Marcel-de-Sauzet, de Saint-Roman-de-Gravoine, de Ballons, etc., fils de Hugues, conseiller au Parlement de Grenoble, et de Laurence de Claveyson. &#8211; L&rsquo;archev\u00eaque pourvoit \u00e0 tous les offices et dignit\u00e9s; les canonicats sont \u00e0 la nomination du chapitre, qui a 10 000 livres de revenu en somme<em>. <\/em>L&rsquo;abbaye de Saint-Barnard, est vraisemblablement le point de d\u00e9part de la ville de Romans, fut comme Saint-Chef d\u00e9capit\u00e9e au profit de l&rsquo;archev\u00eaque de Vienne, qui unit \u00e0 son titre et \u00e0 ses droits ceux d&rsquo;abb\u00e9 de Saint-Barnard vers le XI<sup>e<\/sup> si\u00e8cle. Quant \u00e0 la s\u00e9cularisation de ses religieux, elle est \u00e9galement fort ancienne, car elle<\/p>\n\n\n\n<p class=\"has-medium-font-size\">est attribu\u00e9e \u00e0 l&rsquo;archev\u00eaque Sobon, vivant en 931-952; mais on observe qu&rsquo;en unissant le titre abbatial \u00e0 celui d&rsquo;archev\u00eaque, les chanoines de Romans acquirent le droit de participer \u00e0 l&rsquo;\u00e9lection de ce dernier.<\/p>\n\n\n\n<p class=\"has-medium-font-size\">Romans renferme en outre :<\/p>\n\n\n\n<ul class=\"wp-block-list\">\n<li class=\"has-medium-font-size\">Un couvent de trente Capucins, fond\u00e9 par les habitants en 1609 et approuv\u00e9 par lettres patentes de d\u00e9cembre 1610, ce couvent fut b\u00e2ti sur l&#8217;emplacement de la citadelle.<\/li>\n\n\n\n<li class=\"has-medium-font-size\">Un autre de vingt R\u00e9collets, fond\u00e9 au XVI<sup>e<\/sup> si\u00e8cle par F\u00e9licien de Boffin, seigneur d&rsquo;Argenson, avocat g\u00e9n\u00e9ral au Parlement de Grenoble, transf\u00e9r\u00e9 en 1612 dans les b\u00e2timents du Mont-Calvaire, couvent donn\u00e9 en 1517 par Romanet Boffin, p\u00e8re de F\u00e9licien, aux Cordeliers Observantins et saccag\u00e9 pendant les guerres de religion. Ce dernier \u00e9tablissement, vendu comme propri\u00e9t\u00e9 nationale en 1793, sert aujourd&rsquo;hui de grand-s\u00e9minaire.<\/li>\n\n\n\n<li class=\"has-medium-font-size\">Un autre de vingt Ursulines&nbsp;; fond\u00e9 en 1613&nbsp;; en f\u00e9vrier 1621, quelques filles de Sainte-Ursule furent \u00e9tablies en congr\u00e9gation dans cette ville par brevet du roi Louis XIII, ce qui fut corrobor\u00e9 par un bref du pape Paul V en date du 13 juin suivant et confirm\u00e9 par lettres patentes de d\u00e9cembre de la m\u00eame ann\u00e9e; mais elles ne furent clo\u00eetr\u00e9es que le 22 avril 1635 par l&rsquo;archev\u00eaque de Vienne Pierre de Villars.<\/li>\n\n\n\n<li class=\"has-medium-font-size\">Un autre un de vingt Visitandines, ce couvent, qui subsiste encore, doit sa fondation \u00e0 Fran\u00e7ois de Gaste, Fran\u00e7oise Livat, sa femme, et leur fils, Pierre de Gaste, qui, par acte du 18 juin 1632, donn\u00e8rent leur maison d&rsquo;habitation pour cet \u00e9tablissement, dont la premi\u00e8re sup\u00e9rieure fut H\u00e9l\u00e8ne Gu\u00e9rin, tante du cardinal et de la trop c\u00e9l\u00e8bre Mme de Tencin,.<\/li>\n\n\n\n<li class=\"has-medium-font-size\">Une abbaye royale de filles de l&rsquo;ordre de Citeaux, dite de Saint-Just, o\u00f9 sont vingt religieuses, L&rsquo;abbaye de filles dite de Saint-Just, autrement N. D. des Anges, Ordre de Citeaux, filiation de Bonnevaux, fut fond\u00e9e le 13 octobre 1319 \u00e0 Saint-Just-de-Claix (Is\u00e8re) par le dauphin Humbert II, qui se proposait de cr\u00e9er ainsi \u00e0 sa m\u00e8re une r\u00e9sidence voisine de son ch\u00e2teau de Beauvoir, celle-ci, qui avait embrass\u00e9 la vie religieuse dans l&rsquo;abbaye de Laval-Bressieux, lors de son veuvage, s&rsquo;\u00e9tant d\u00e9mise depuis du gouvernement de ce monast\u00e8re pour se fixer aupr\u00e8s de son fils. Saccag\u00e9e en 1505 par les Huguenots, elle fut transf\u00e9r\u00e9e le 25 avril 1600 dans les b\u00e2timents qui servent actuellement de maison-m\u00e8re aux dames du Saint-Sacrement, vulgairement appel\u00e9es de Saint-Just.<\/li>\n\n\n\n<li class=\"has-medium-font-size\">Un couvent de Bernardines fond\u00e9 en 1600.<\/li>\n<\/ul>\n\n\n\n<p class=\"has-medium-font-size\">Le dioc\u00e8se de Grenoble renferme 304 paroisses, dont 64 en Savoie et le reste en Dauphin\u00e9. Il est suffragant de Vienne<\/p>\n\n\n\n<p class=\"has-medium-font-size\">Le dioc\u00e8se<strong> <\/strong>de Valence, qui est encore suffragant de Vienne, comprend cent cinq paroisses, dont soixante dix en Dauphin\u00e9 et le reste en Vivarais<\/p>\n\n\n\n<p class=\"has-medium-font-size\">Le dioc\u00e8se de Die, autre suffragant de Vienne, comprend deux cents paroisses, dont trois ou quatre dans le Comtat, autant en Provence et le reste en Dauphin\u00e9<\/p>\n\n\n\n<p class=\"has-medium-font-size\">Le dioc\u00e8se de Saint-Paul-trois-Ch\u00e2teaux comprend 34 paroisses, dont 8, les plus consid\u00e9rables, dans le Comtat.<\/p>\n\n\n\n<p class=\"has-medium-font-size\">Le dioc\u00e8se d&rsquo;Embrun comprend 80 paroisses en Provence ou en Dauphin\u00e9, plus 18 dans la vall\u00e9e de Barcelonnette, appartenant au duc de Savoie. Il comprenait l&rsquo;arrondissement de ce nom, moins le canton d&rsquo;Orci\u00e8res; l&rsquo;arrondissement de Brian\u00e7on, moins le canton de la Grave, pins les communes d&rsquo;Avan\u00e7on, Saint-\u00c9lienne-d&rsquo;Avan\u00e7on et Montgardin (Hautes-Alpes). Quant \u00e0 la .vall\u00e9e de Barcelonnette, c\u00e9d\u00e9e \u00e0 la France par le trait\u00e9 d&rsquo;Utrecht, elle forme aujourd&rsquo;hui un arrondissement des Basses-Alpes.<br><\/p>\n\n\n\n<p class=\"has-medium-font-size\" id=\"diocesedegap\"><strong>Dioc\u00e8se de Gap<\/strong> <\/p>\n\n\n\n<p class=\"has-medium-font-size\"><br>Il renferme 229 paroisses, dont 50 en-Provence. Il est suffragant d&rsquo;A\u00eex. L&rsquo;ancien dioc\u00e8se de Gap comprenait&nbsp;:<\/p>\n\n\n\n<p class=\"has-medium-font-size\">1\u00b0 l&rsquo;arrondissement de ce nom, moins Avan\u00e7on, Saint-\u00c9tienne-d&rsquo;Avan\u00e7on et Montgardin, plus le canton d&rsquo;Orci\u00e8res (Hautes-Alpes);<\/p>\n\n\n\n<p class=\"has-medium-font-size\">2\u00b0 le canton de Corps (Is\u00e8re);<\/p>\n\n\n\n<p class=\"has-medium-font-size\">3\u00b0 le canton de S\u00e9deron, moins Ferrassi\u00e8rcs et Montfroc, celui de Remuzat, moins son chef-lieu, Sahune, Saint-May, Po\u00ebt-Sigillat et Montr\u00e9al, plus les communes d&rsquo;Eygaliers, Plaisians, Po\u00eat-cn-Percip, Roche-sur-Buis, la Rochette-sur-Saint-Auban, Saint-Auban et Saintc-Euph\u00e9mie (Dr\u00f4me);<\/p>\n\n\n\n<p class=\"has-medium-font-size\">4\u00b0 les cantons de la Motte-du-Caire et Sisteron, moins.cette, derni\u00e8re ville, plus Auribeau Barras, le Castellard, Melan, la Perusce, Thoard, Malijay, Mirabeau, Baudument, Lescale, Salignac et Volonne (Alpes de Haute Provence);<\/p>\n\n\n\n<p class=\"has-medium-font-size\">5\u00b0 enfin, Brantes et Savoillans (Vaucluse).<\/p>\n\n\n\n<p class=\"has-medium-font-size\">Pour le dioc\u00e8se de Lyon, il y a deux archipr\u00eatr\u00e9s du dioc\u00e8se de Lyon en Dauphin\u00e9 : celui de Meyzieu et celui de Morestel . Le premier renferme 28 paroisses, un couvent de 30 p\u00e8res du Tiers-Ordre de Saint-Fran\u00e7ois, \u00e0 la Guilloti\u00e8re, et plusieurs prieur\u00e9s. L\u2019archipr\u00eatr\u00e9 de Moreslel comprend vingt-quatre paroisses, un seul prieur\u00e9, appartenant aux religieuses de Saint-Pierre de Lyon , plus deux monast\u00e8res : la chartreuse de Salettes, o\u00f9 il y a trente-six religieuses de ch\u0153ur, plus quatre chartreux pour l&rsquo;aum\u00f4nerie; et le couvent des Augustins de Morestel<\/p>\n\n\n\n<p class=\"has-medium-font-size\">Du dioc\u00e8se de Turin d\u00e9pendent de l&rsquo;archev\u00each\u00e9, les vall\u00e9es de C\u00e9sanne, Oulx, Bardonnenche et Valcluson ou Pragelas, qui sont au del\u00e0 des Alpes et renferment 29 paroisses. Ces vall\u00e9es ne renferment que deux maisons religieuses ; la pr\u00e9v\u00f4t\u00e9 d&rsquo;Oulx et la mission de J\u00e9suites \u00e9tablie \u00e0 Fenestrelles<\/p>\n\n\n\n<p class=\"has-medium-font-size\">Pour le dioc\u00e8se<strong> <\/strong>de Belley, dans la partie de ce dioc\u00e8se qui est en Dauphin\u00e9 il y a deux prieur\u00e9s, dix neuf paroisses et trois annexes, ces vingt-deux paroisses ou annexes formaient deux archipr\u00eatr\u00e9s.<\/p>\n\n\n\n<p class=\"has-medium-font-size\">Le dioc\u00e8se de Vaison a 16 paroisses en Dauphin\u00e9, le prieur\u00e9 de Nyons et le couvent des Dominicains du Buis. La partie dauphinoise du dioc\u00e8se de Vaison comprenait les communes actuelles de Beauvoisin, B\u00e9nivay, le Buis, M\u00e9rindol, Mirabel, Mollans, Ollon, Nyons, la Penne, Pierrelongue, Propiac, Saint-Maurice, Vinsobres et Venterol.<\/p>\n\n\n\n<p class=\"has-medium-font-size\">On \u00e9tudiera seulement ceux qui concerne la Dr\u00f4me&nbsp;: les Dioc\u00e8ses de Valence, de Die, de Saint-Paul-trois-Ch\u00e2teaux et de Vaison.<\/p>\n\n\n\n<p><\/p>\n\n\n\n<p class=\"has-medium-font-size\" id=\"lediocesedevalence\"><strong>Le dioc\u00e8se de Valence.<\/strong><br><\/p>\n\n\n\n<p class=\"has-medium-font-size\">Ce<strong> <\/strong>dioc\u00e8se, qui est encore suffragant de Vienne, comprend cent cinq paroisses, dont soixante dix en Dauphin\u00e9 et le reste en <a href=\"#vivarais\">Vivarais<\/a> <strong>(1)<\/strong>. Celui de Die lui fut uni en 1275 par le pape Gr\u00e9goire IX, mais il en a \u00e9t\u00e9 s\u00e9par\u00e9 depuis. L&rsquo;\u00e9v\u00eaque, qui est M. Bochart de Champigny, pr\u00e9lat de bonnes m\u0153urs, appartenant \u00e0 une famille dont il y a eu un surintendant des finances, a 14 000 livres de <a href=\"#rente\">rente<\/a> <strong>(2)<\/strong>. Le chapitre cath\u00e9dral de Saint-Apollinaire est compos\u00e9 d&rsquo;un doyen, ayant 2 000 livres, d&rsquo;un pr\u00e9v\u00f4t, en ayant 450, de l&rsquo;abb\u00e9 de Saint-F\u00e9lix, qui en a 350, d&rsquo;un archidiacre, sans revenu, de dix chanoines, dont les pr\u00e9bendes, opt\u00e9es par rang d&rsquo;anciennet\u00e9, valent de 300 \u00e0 1150 livres, enfin de huit chapelains et de huit enfants de <a href=\"#choeur\">choeur<\/a> <strong>(3)<\/strong>.<\/p>\n\n\n\n<p class=\"has-medium-font-size\">Les autres chapitres sont : celui de <a href=\"#saintpierredubourg\">Saint-Pierre du Bourg<\/a>, compos\u00e9 de huit chanoines sous un prieur <strong>(4)<\/strong>, et<a href=\"#celuidemontelimar\"> celui de Mont\u00e9limar<\/a>, compos\u00e9 d&rsquo;un doyen, ayant 400 livres, et de neuf chanoines, avec 250 livres chaque <strong>(5)<\/strong>.<\/p>\n\n\n\n<p class=\"has-medium-font-size\">Les abbayes sont au nombre de cinq, dont deux de filles :<\/p>\n\n\n\n<p class=\"has-medium-font-size\">1\u00b0 <a href=\"#saintruf\">Saint-Ruf<\/a>, chef d&rsquo;ordre d&rsquo;une congr\u00e9gation, suivant la r\u00e8gle de saint Augustin, laquelle a \u00e9t\u00e9 fond\u00e9e en 1151 et \u00e0 5 000 livres de rente <strong>(6)<\/strong>; cette maison est en r\u00e8gle et a quantit\u00e9 de prieur\u00e9s dans sa d\u00e9pendance ;<\/p>\n\n\n\n<p class=\"has-medium-font-size\">2\u00b0 <a href=\"#leoncel\">L\u00e9oncel<\/a>, Ordre de Citeaux, fond\u00e9e en 1137, ayant 3 000 livres de revenu et poss\u00e9d\u00e9e par M. Servient <strong>(7)<\/strong>;<\/p>\n\n\n\n<p class=\"has-medium-font-size\">3\u00b0 <a href=\"#saou\">Saou<\/a>, Ordre de Saint-Augustin, qui ne vaut que 500 livres \u00e0 son abb\u00e9 <strong>(8)<\/strong> ;<\/p>\n\n\n\n<p class=\"has-medium-font-size\">4\u00b0 <a href=\"#soyons\">Soyons<\/a>, abbaye de filles de l&rsquo;Ordre de Saint-Beno\u00eet, dont les revenus sont d&rsquo;environ 2 800 livres, fond\u00e9 en 1599 <strong>(9)<\/strong> ;<\/p>\n\n\n\n<p class=\"has-medium-font-size\">5\u00b0 <a href=\"#vernaison\">Vernaison<\/a>, Ordre de Citeaux, ayant 2 500 livres de revenu, mais fort endett\u00e9e et dans tel \u00e9tat qu&rsquo;on ne peut gu\u00e8re esp\u00e9rer son r\u00e9tablissement <strong>(10)<\/strong>.<\/p>\n\n\n\n<p class=\"has-medium-font-size\">Il y a trente-un prieur\u00e9s, dont les principaux sont : celui de <a href=\"#saintfelix\">Saint-F\u00e9lix<\/a>, Ordre de Saint-Ruf, de collation royale, valant 14 000 livres environ <strong>(11)<\/strong> ; celui d&rsquo;Allex, Ordre de Cluny et r\u00e9gulier, valant 1500 livres; celui de <a href=\"#macheville\">Macheville<\/a>, uni aux J\u00e9suites du Puy et dont les revenus s&rsquo;\u00e9l\u00e8vent \u00e0 1200 livres <strong>(12)<\/strong> ; celui de Rochepaule, uni aux Minimes de Roussillon, qui en retirent 1 800 livres. Quant aux autres, ils vont de 100 \u00e0 700 livres.<\/p>\n\n\n\n<p class=\"has-medium-font-size\">Les couvents sont : \u00e0 Valence, un de Capucins, (1611) un de R\u00e9collets (1620), un de Dominicains, un de Cordeliers, un de Minimes (1607), un de Visitandines fond\u00e9 en 1621, un d&rsquo;Ursulines fond\u00e9 en 1608 et un de filles de N. D. fond\u00e9 en 1656, un de Bernardines fond\u00e9 en 1614 et de Trinitaires en 1693\u00a0; tous sans grands <a href=\"#biens\">biens<\/a> <strong>(13)<\/strong>; \u00e0 Mont\u00e9limar, un de <a href=\"#capucins\">Capucins<\/a>, un de R\u00e9collets, un de Cordeliers, un de Visitandines fond\u00e9 en 1643 et un d&rsquo;Ursulines fond\u00e9 en 1624 <strong>(14)<\/strong>\u00a0; A Chabeuil, un d&rsquo;<a href=\"#ursulines\">Ursulines<\/a> <strong>(15)<\/strong> fond\u00e9 en 1599.<\/p>\n\n\n\n<p class=\"has-medium-font-size\">Le <a href=\"#seminaire\">s\u00e9minaire<\/a> est tr\u00e8s-petit et mal b\u00e2ti <strong>(16)<\/strong>.<\/p>\n\n\n\n<p><\/p>\n\n\n\n<p class=\"has-medium-font-size\" id=\"vivarais\"><strong>(1)<\/strong> <em>Vivarais <\/em>&#8211;  Le dioc\u00e8se de Valence comprenait en Dauphin\u00e9 les cantons actuels de Valence, Bourg-de-P\u00e9age, Loriol; ceux de Chabeuil, moins le Chaffal, et de Marsanne, moins Charols; la partie orientale des deux cantons de Crest; celle du canton de Saint-Jean-en-Royans qui est sur la rive gauche de la Lionne ; plus les communes de Mont\u00e9limar, Ancone, Montboucher et la Roche-de-Glun. Son \u00e9v\u00eaque \u00e9tait le premier suffragant de l&rsquo;archev\u00each\u00e9 de Vienne, dont il avait l&rsquo;administration, le si\u00e8ge vacant.<\/p>\n\n\n\n<p class=\"has-medium-font-size\" id=\"rente\"><strong>(2)<\/strong> <em>Rente <\/em>&#8211; Guillaume Bochart de Champigny, docteur en th\u00e9ologie de la facult\u00e9 de Paris, archidiacre de Rouen, puis \u00e9v\u00eaque de Valence, mort le 4 juillet 1705, \u00e9tait fils de Jean Bochart, intendant en Normandie, et arri\u00e8re-petit-fils d&rsquo;autre Jean, qui fut successivement ma\u00eetre des requ\u00eates sous Henri III et Henri IV, pr\u00e9sident aux enqu\u00eates, conseiller d&rsquo;\u00c9tat, ambassadeur \u00e0 Venise, intendant en Poitou, contr\u00f4leur g\u00e9n\u00e9ral, puis surintendant des finances, enfin premier pr\u00e9sident au Parlement de Paris.<\/p>\n\n\n\n<p class=\"has-medium-font-size\" id=\"choeur\"><strong>(3)<\/strong> <em>Choeur<\/em> &#8211; Le doyen et le pr\u00e9v\u00f4t \u00e9taient \u00e9lus par le chapitre; l&rsquo;archidiacre et l&rsquo;abb\u00e9 de Saint-F\u00e9lix, par l&rsquo;\u00e9v\u00eaque. Ant\u00e9rieurement au XIV<sup>e<\/sup> si\u00e8cle, le premier dignitaire \u00e9tait le pr\u00e9v\u00f4t; mais, \u00e0 partir de cette \u00e9poque, sans raisons connues et malgr\u00e9 des revendications opini\u00e2tres, il dut c\u00e9der le pas au doyen.<\/p>\n\n\n\n<p class=\"has-medium-font-size\" id=\"saintpierredubourg\"><strong>(4)<\/strong> <em>Saint Pierre du Bourg<\/em> &#8211; Abbaye de fondation carolingienne, s\u00e9cularis\u00e9e d\u00e8s le IX<sup>e<\/sup> si\u00e8cle et dont la dignit\u00e9 abbatiale \u00e9tait unie \u00e0 celle du pr\u00e9v\u00f4t du chapitre cath\u00e9dral, auquel il fut uni lui-m\u00eame en 1727 pour le spirituel et l&rsquo;office seulement ; le chapitre de Saint-Pierre du Bourg \u00e9tait \u00e0 la veille d&rsquo;\u00eatre enti\u00e8rement confondu avec ce dernier, lorsqu&rsquo;il fut supprim\u00e9 par la R\u00e9volution.<\/p>\n\n\n\n<p class=\"has-medium-font-size\" id=\"celuidemontelimar\"><strong>(5)<\/strong> <em>Celui de Mont\u00e9limar<\/em> &#8211; \u00c9rig\u00e9 le 10 juin 1449, \u00e0 la pri\u00e8re du dauphin Louis XI, par le pape Nicolas V, qui lui unit un certain nombre de b\u00e9n\u00e9fices, entr&rsquo;autres le prieur\u00e9 de N. D. d&rsquo;Aigu avec sa sacristie et la moiti\u00e9 de celui d&rsquo;Allan, ce chapitre, sous le vocable de Sainte-Croix, jouissait en 1729 de 3 073 livres de revenu, compris les 2\/3 de la d\u00eeme de Mont\u00e9limar.<\/p>\n\n\n\n<p class=\"has-medium-font-size\" id=\"saintruf\"><strong>(6) <\/strong><em>Saint Ruf<\/em><strong> <\/strong>&#8211; Fond\u00e9e aupr\u00e8s d&rsquo;Avignon l&rsquo;an 1039, transf\u00e9r\u00e9e dans l&rsquo;Ile Esparvi\u00e8re en 1151, puis dans l&rsquo;int\u00e9rieur de Valence en 1600, l&rsquo;abbaye de Saint-Ruf, dont les b\u00e2timents servent aujourd&rsquo;hui de pr\u00e9fecture et de temple protestant fut s\u00e9cularis\u00e9e le 12 ao\u00fbt 1774.<\/p>\n\n\n\n<p class=\"has-medium-font-size\" id=\"leoncel\"><strong>(7)<\/strong> <em>L\u00e9oncel<\/em> &#8211; L&rsquo;abbaye de L\u00e9oncel, dont l&rsquo;\u00e9glise, joli sp\u00e9cimen de l&rsquo;architecture romane, fut consacr\u00e9e le 11 mai 1188 par Robert, archev\u00eaque de Vienne, \u00e9tait de la filiation de Bonnevaux. L&rsquo;abb\u00e9 dont il est ici question \u00e9tait Hugues-Humbert de Servient, abb\u00e9 de Cruas et de L\u00e9oncel, prieur de Croissy et cam\u00e9rier du pape, fils d&rsquo;Ennemond, pr\u00e9sident de la Chambre des comptes de Grenoble et ambassadeur en Savoie, et neveu d&rsquo;Abel Servient, marquis de Sabl\u00e9, baron de Meudon, etc., mort le 17 f\u00e9vrier 1659, ayant \u00e9t\u00e9 ministre d&rsquo;\u00c9tat, surintendant des finances, chancelier des ordres du roi et membre de l&rsquo;Acad\u00e9mie fran\u00e7aise.<\/p>\n\n\n\n<p class=\"has-medium-font-size\" id=\"saou\"><strong>(8)<\/strong> <em>Saou<\/em> &#8211;  L&rsquo;abbaye de Saint-Thiers de Sa\u00f4u, dont la fondation est attribu\u00e9e \u00e0 Boson, roi de Provence (879-887), et qui \u00e9tait chef d&rsquo;Ordre d&rsquo;une petite congr\u00e9gation de chanoines r\u00e9guliers de Saint-Augustin, fut supprim\u00e9e en 1738, et ses biens partag\u00e9s entre l&rsquo;\u00e9v\u00each\u00e9 de Grenoble et le s\u00e9minaire de Valence.<\/p>\n\n\n\n<p class=\"has-medium-font-size\" id=\"soyons\"><strong>(9)<\/strong> <em>Soyons<\/em> &#8211; \u00c9tablie d\u00e8s le XII<sup>e<\/sup> si\u00e8cle \u00e0 Soyons (Ard\u00e8che), ruin\u00e9e pendant les guerres de religion et transf\u00e9r\u00e9e \u00e0 Valence en 1632, cette abbaye, dont les b\u00e2timents ont \u00e9t\u00e9 convertis en arsenal, \u00e9tait sous le vocable de Saint-Jean l&rsquo;\u00c9vang\u00e9liste.<\/p>\n\n\n\n<p class=\"has-medium-font-size\" id=\"vernaison\"><strong>(10)<\/strong> <em>Vernaison<\/em> &#8211; D\u00e9pendance de L\u00e9oncel, fond\u00e9e vers le milieu du XII<sup>e<\/sup>si\u00e8cle \u00e0 Ch\u00e2teauncuf-d&rsquo;ls\u00e8re par Raymond, seigneur du lieu, transf\u00e9r\u00e9e peu apr\u00e8s \u00e0 Commier ou Commerci, plus tard appel\u00e9 Vernaison, m\u00eame paroisse, et de l\u00e0 \u00e0 Valence en 1617. La d\u00e9tresse dont parle notre intendant \u00e9tait le r\u00e9sultat de cette derni\u00e8re translation, les religieuses ayant voulu faire construire des b\u00e2timents consid\u00e9rables, qu&rsquo;elles abandonn\u00e8renten 1698 \u00e0 leurs cr\u00e9anciers et qui servent aujourd&rsquo;hui de caserne de gendarmerie.<\/p>\n\n\n\n<p class=\"has-medium-font-size\" id=\"saintfelix\"><strong>(11)<\/strong> <em>Saint-F\u00e9lix<\/em> \u00e9tait une abbaye chef de congr\u00e9gation de l&rsquo;Ordre de Saint-Augustin, connue d\u00e8s le IX<sup>e<\/sup> si\u00e8cle et convertie peu apr\u00e8s en un prieur\u00e9, que le pape Urbain V unit avec toutes ses d\u00e9pendances \u00e0 l&rsquo;Ordre de Saint-Ruf, le 29 septembre 1363. Vers le milieu du dernier si\u00e8cle, la collation de ce b\u00e9n\u00e9fice donna lien \u00e0 un proc\u00e8s entre Antoine d&rsquo;Aurelle, prieur nomm\u00e9 par le roi, et l&rsquo;abb\u00e9 de Saint-Ruf, qui se pr\u00e9tendait collateur.<\/p>\n\n\n\n<p class=\"has-medium-font-size\" id=\"macheville\"><strong>(12)<\/strong>  <em>Macheville<\/em> &#8211; Fond\u00e9 l&rsquo;an 961 par Gellin, comte de Valence, qui donna le lieu de Macheville \u00e0 l&rsquo;abbaye de Saint-Chaffre.<\/p>\n\n\n\n<p class=\"has-medium-font-size\" id=\"biens\"><strong>(13) <\/strong><em>Biens<\/em> &#8211; Le couvent des Capucins de Valence fut fond\u00e9 en 1611 ; celui des R\u00e9collets en 1620, autoris\u00e9 par bref pontifical en d\u00e9cembre 1627 et transf\u00e9r\u00e9 dans l&rsquo;ancien palais du Dauphin par le roi Louis XIII l&rsquo;ann\u00e9e suivante; celui des Dominicains datait de 1234; celui des Cordeliers, de 1248, et celui des Minimes, supprim\u00e9 en 1782, de 1619.<\/p>\n\n\n\n<p class=\"has-medium-font-size\">Les dames de la Visitation furent \u00e9tablies dans cette ville par la B. Marie Teyssonier en 1621, gr\u00e2ce aux lib\u00e9ralit\u00e9s de demoiselle Claude-C\u00e9cile Meyssonier, son amie. Les Ursulines avaient \u00e9t\u00e9 fond\u00e9es par la ville en 1640. Quant aux religieuses de N. D., lesquelles appartenaient \u00e0 la congr\u00e9gation b\u00e9n\u00e9dictine fond\u00e9e en 1607 \u00e0 Bordeaux par Jeanne de Lestonac, marquise de Montferrand, ni\u00e8ce de Michel de Montaigne, l&rsquo;auteur des Essais, elles existaient \u00e0 Valence d\u00e8s le milieu du XVII<sup>e<\/sup> si\u00e8cle et acquirent en octobre 1682 le couvent des Minimes.<\/p>\n\n\n\n<p class=\"has-medium-font-size\" id=\"capucins\"><strong>(14)<\/strong> <em> Capucins<\/em> &#8211;  \u00e9tablis \u00e0 Mont\u00e9limar dans les premi\u00e8res ann\u00e9es du XVII<sup>e<\/sup> si\u00e8cle ne furent reconnus par la ville qu&rsquo;en 1746. Les R\u00e9collets avaient \u00e9t\u00e9 fond\u00e9s en 1613 par Adrien de Bazemont, pr\u00e9sident en la Chambre des comptes de Grenoble et neveu de l&rsquo;abb\u00e9 d&rsquo;Aiguebelle du m\u00eame nom. Les Cordeliers, dont la fondation datait de 1212, ruin\u00e9s et massacr\u00e9s au nombre de cinquante-six en 1567, avaient \u00e9t\u00e9 r\u00e9tablis au commencement du si\u00e8cle.<\/p>\n\n\n\n<p class=\"has-medium-font-size\">Le couvent des Visitandines \u00e9tait une succursale de la maison de Valence, \u00e9tablie en 1643. Celui des Ursulines en \u00e9tait une de la maison de Lyon, fix\u00e9e \u00e0 Mont\u00e9limar le 20 juillet 1624 et approuv\u00e9e par lettres patentes d&rsquo;avril 1634.<\/p>\n\n\n\n<p class=\"has-medium-font-size\" id=\"ursulines\"><strong>(15)<\/strong> <em>Ursulines<\/em> &#8211;  Fond\u00e9 vers le milieu du XVII* si\u00e8cle.<\/p>\n\n\n\n<p class=\"has-medium-font-size\" id=\"seminaire\"><strong>(16) <\/strong><em>S\u00e9minaire<\/em> &#8211;  Cet \u00e9tablissement, fond\u00e9 le 16 janvier 1639. \u00e9tait le premier \u00e9tabli en France. Il \u00e9tait dirig\u00e9 par les Missionnaires du Saint-Sacrement et poss\u00e9dait entr&rsquo;autres biens la cure de Saint-Jean de Valence et la mense conventuelle de Sa\u00f4u.<br><\/p>\n\n\n\n<p class=\"has-medium-font-size\" id=\"diocesededie\"><strong>Dioc\u00e8se de Die<\/strong><br><\/p>\n\n\n\n<p class=\"has-medium-font-size\"><a href=\"#lediocesededie\">Le dioc\u00e8se de Die<\/a>, autre suffragant de Vienne, comprend deux cents paroisses, dont trois ou quatre dans le Comtat, autant en Provence et le reste en Dauphin\u00e9 <strong>(1)<\/strong>. L&rsquo;\u00e9v\u00eaque, qui est actuellement M. S\u00e9raphin de Pajot, alli\u00e9 de M. de Boucherat, chancelier de France, et pr\u00e9lat se donnant toute l&rsquo;activit\u00e9 convenable dans un dioc\u00e8se aussi rempli de nouveaux convertis, est seigneur suzerain de tout le Diois et a 13 000 livres de <a href=\"#revenu\">revenu<\/a> <strong>(2)<\/strong>. Le chapitre, qui se compose d&rsquo; un doyen, ayant 1200 livres, d&rsquo;un sacristain, en ayant 700, de dix chanoines, dont les pr\u00e9bendes vont \u00e0 600, et de deux honoraires, sans revenus ni voix d\u00e9lib\u00e9rative, est seigneur temporel de Menglon, Romeyer et Marignac. Le bas ch\u0153ur comprend quatre eccl\u00e9siastiques, parmi lesquels le cur\u00e9 et le vicaire.<\/p>\n\n\n\n<p class=\"has-medium-font-size\">La ville de Die renferme en outre un couvent de Jacobins et un de <a href=\"#cordeliers\">Cordeliers<\/a>, ruin\u00e9s l&rsquo;un et l&rsquo;autre pendant les guerres de religion, et n&rsquo;ayant \u00e0 pr\u00e9sent le premier que deux pr\u00eatres et un fr\u00e8re, et le second que trois pr\u00eatres et deux fr\u00e8res; un couvent de dix-sept Ursulines, fond\u00e9 en 1639, ayant 3000 livres de revenu, et une maison de J\u00e9suites, fond\u00e9e en 1608\/1675, qui retire 240 livres de la ville, 300 du chapitre et autant de l&rsquo;\u00e9v\u00eaque, qui veut encore l&rsquo;accro\u00eetre et en faire son s\u00e9minaire; de plus, un h\u00f4pital, dirig\u00e9 par M. de Chanqueyras, pr\u00eatre d&rsquo;une pi\u00e9t\u00e9 exemplaire <strong>(3)<\/strong>.<\/p>\n\n\n\n<p class=\"has-medium-font-size\">A Crest, ville du dioc\u00e8se, il y a un<a href=\"#chapitre\"> chapitre<\/a>, compos\u00e9 d&rsquo;un pr\u00e9v\u00f4t, d&rsquo;un chantre et de six chanoines, ayant le premier 650 livres, le second 450 et les autres 300 livres chaque <strong>(4)<\/strong>; de plus, un couvent de Cordeliers (1618) et un de Capucins (1609), ceux-ci au nombre de douze et les autres au nombre de six; enfin, un couvent de trente Ursulines, fond\u00e9 en 1631 ayant 3000 livres de rente, et un de trente <a href=\"#visitandines\">Visitandines<\/a>, avec 2500 livres, fond\u00e9 en 1628 <strong>(5)<\/strong>.<\/p>\n\n\n\n<p class=\"has-medium-font-size\">A <a href=\"#saintecroix\">Sainte-Croix<\/a>, pr\u00e8s Die, les Antonins ont une maison, o\u00f9 ils tiennent trois religieux. M. de Montmorin, lorsqu&rsquo;il \u00e9tait \u00e9v\u00eaque de Die, y avait \u00e9tabli son s\u00e9minaire, que M. de Pajot a depuis confi\u00e9 aux J\u00e9suites. Le revenu de cette maison est d&rsquo;environ 1500 livres <strong>(6)<\/strong>.<\/p>\n\n\n\n<p class=\"has-medium-font-size\">Encore pr\u00e8s de la ville de Die il y a l&rsquo;abbaye de <a href=\"#valcroissant\">Valcroissant<\/a>, Ordre de C\u00eeteaux et de nomination royale, laquelle n&rsquo;a pas de religieux, est unie \u00e0 celle de Bonlieu et vaut 1000 livres de rente \u00e0 son abb\u00e9 commendataire, qui est M. Canel<strong> (7)<\/strong>.<\/p>\n\n\n\n<p class=\"has-medium-font-size\">A <a href=\"#taulignan\">Taulignan<\/a> il y a un couvent, fond\u00e9 en 1628, d&rsquo;Augustins d\u00e9chauss\u00e9s, qui y sont au nombre de dix <strong>(8)<\/strong>.<\/p>\n\n\n\n<p class=\"has-medium-font-size\">Quant aux prieur\u00e9s, ils sont fort nombreux, d\u00e9pendant les uns de Saint-Ruf, les autres de l&rsquo;abbaye d&rsquo;Aurillac en Auvergne ou de Cluny; mais il n&rsquo;y en a pas qui aient de grands revenus.<\/p>\n\n\n\n<p class=\"has-medium-font-size\">Les meilleures cures sont celles de la Chapelle-en-Vercors, qui rapporte plus de 1100 livres, et celle de Jonch\u00e8res, qui en vaut 900.<br><\/p>\n\n\n\n<p class=\"has-medium-font-size\" id=\"lediocesededie\"><strong>(1) <\/strong><em>Le dioc\u00e8se de Die <\/em>comprenait: dans la Dr\u00f4me, tout l&rsquo;arrondissement actuel de ce nom, moins la partie orientale des deux cantons de Crest; la plus grande partie des cantons de Dieulefit, de Grignan et de Saint-Jean-en-Royans, plus les communes du Chaffal, de Charols et de Remuzat; dans l&rsquo;Is\u00e8re, les cantons de Clelles et de Mens, celui du Monestier, moins Ch\u00e2teau-Bernard et Miribel-l&rsquo;Ench\u00e2tre, plus la commune de Ch\u00e2telus dans le canton du Pont-en-Royans.<\/p>\n\n\n\n<p class=\"has-medium-font-size\" id=\"revenu\"><strong>(2)<\/strong> <em>Revenu<\/em> &#8211; De m\u00eame que les autres pr\u00e9lats dauphinois, les \u00e9v\u00eaques de Die s&rsquo;\u00e9taient rendus ind\u00e9pendants dans leur dioc\u00e8se \u00e0 la mort de Rodolphe-le-Fain\u00e9ant, et, trop \u00e9loign\u00e9s pour l&#8217;emp\u00eacher, les empereurs germaniques, h\u00e9ritiers de ce prince, avaient l\u00e9gitim\u00e9 cette usurpation par des bulles. Mais cette esp\u00e8ce de souverainet\u00e9, longtemps disput\u00e9e par les comtes de Diois, qui s&rsquo;y \u00e9taient soumis tout d&rsquo;abord, devint par la suite toute nominale; tandis que le domaine proprement dit de l&rsquo;\u00e9glise de Die s&rsquo;est conserv\u00e9 plus on moins \u00e9tendu jusqu&rsquo;\u00e0 la R\u00e9volution. A cette \u00e9poque la seigneurie temporelle de l&rsquo;\u00e9v\u00eaque comprenait, avec la ville de Die, Aouste, Saillans, Mirabel, Aurel, Ch\u00e2tillon, Chamaloc, Montmaur, Poyols, Jonch\u00e8res, toute la vall\u00e9e de Bourdeaux, la moiti\u00e9 de Vassieux et partie des vall\u00e9es de Valdr\u00f4me et du Vercors. Le domaine du chapitre comprenait la montagne de Justin et les terres de Marignac, Romeyer et Menglon.<\/p>\n\n\n\n<p class=\"has-medium-font-size\" id=\"cordeliers\"><strong>(3)<\/strong> <em>Cordeliers<\/em> &#8211; Le couvent des Dominicains de Die avait \u00e9t\u00e9 fond\u00e9 en 1272; celui des Cordeliers en 1278; les Ursulines en 1630, par l&rsquo;\u00e9v\u00eaque Charles-Jacques de Gelas de Leberon; quant \u00e0 l&rsquo;h\u00f4pital dit de Sainte-Croix, il fut fond\u00e9 le 18 ao\u00fbt 1478 par Jarenton de Blagnac, doyen de la cath\u00e9drale, qui en confia l&rsquo;administration aux syndics ou consuls de la ville.<\/p>\n\n\n\n<p class=\"has-medium-font-size\" id=\"chapitre\"><strong>(4)<\/strong> <em>Chapitre<\/em> &#8211;  Lors de la r\u00e9union des deux \u00e9v\u00each\u00e9s de Valence et de Die sur la t\u00e8te d&rsquo;Am\u00e9d\u00e9e de Roussillon (1277), celui-ci, qui r\u00e9sidait souvent \u00e0 Crest, y r\u00e9unit en un chapitre les coll\u00e8ges des chanoines de Valence et de Die mais cette union fut de courte dur\u00e9e, car en 1298 il y avait \u00e0 Crest un troisi\u00e8me chapitre, qui, ruin\u00e9 ou tomb\u00e9 en d\u00e9cadence dans la suite, fut restaur\u00e9 en 1467 par l&rsquo;\u00e9v\u00eaque Louis de Poitiers. Ce chapitre \u00e9tait sous le vocable de Saint-Sauveur.<\/p>\n\n\n\n<p class=\"has-medium-font-size\" id=\"visitandines\"><strong>(5)<\/strong> <em>Visitandines<\/em> &#8211; Fond\u00e9 vers 1220 par Aimar II de Poitiers, comte de Valentinois, puis enrichi par les lib\u00e9ralit\u00e9s de Polie de Bourgogne, femme d&rsquo;Aimar IV, le couvent des Cordeliers de Crest, s\u00e9pulture des comtes de Valentinois, \u00e9tait premi\u00e8rement sur la rive gauche de la Dr\u00f4me; mais, ruin\u00e9 en 1562, il fut transf\u00e9r\u00e9 neuf ans apr\u00e8s dans l&rsquo;int\u00e9rieur de la ville. Le couvent des Capucins, qui existe encore, fut fond\u00e9 en 1609 par la ville, dans les b\u00e2timents du prieur\u00e9 de Saint-Jean, acquis du chapitre. Les Visitandines avaient \u00e9t\u00e9 \u00e9tablies en 1628, et les Ursulines, dont la maison fut supprim\u00e9e avant la R\u00e9volution, remontaient \u00e0 la m\u00eame date.<\/p>\n\n\n\n<p class=\"has-medium-font-size\" id=\"saintecroix\"><strong>(6)<\/strong> <em>Sainte-Croix<\/em> \u00e9tait une ancienne abbaye d\u00e9pendant de l&rsquo;\u00e9v\u00each\u00e9 de Die, \u00e0 qui la possession en fut confirm\u00e9e le 28 mars 1165 par le pape Alexandre III, et que l&rsquo;\u00e9v\u00eaque Am\u00e9d\u00e9e de Roussillon donna le 28 octobre 1289 \u00e0 l&rsquo;Ordre des Antonins. Ceux-ci firent de Sainte-Croix une commanderie g\u00e9n\u00e9rale, ayant dans sa d\u00e9pendance de nombreux prieur\u00e9s; puis, l&rsquo;Ordre \u00e9tant tomb\u00e9 en d\u00e9cadence, firent, le 16 septembre 1689, avec l&rsquo;\u00e9v\u00eaque de Die un trait\u00e9, aux termes duquel ils mettaient cette maison \u00e0<strong>la<\/strong>disposition du pr\u00e9lat pour y \u00e9tablir son s\u00e9minaire, moyennant une pension annuelle de 500 livres et l&rsquo;abandon de quelques droits, trait\u00e9 qui du reste fut r\u00e9sili\u00e9 le 20 ao\u00fbt 1703 par l&rsquo;\u00e9v\u00eaque, moyennant une indemnit\u00e9 de 3200 livres au profit des Antonins.<\/p>\n\n\n\n<p class=\"has-medium-font-size\" id=\"valcroissant\"><strong>(7) <\/strong><em>Valcroissant<\/em> &#8211; D\u00e9pendance de Bonnevaux, fond\u00e9e vers 1188, ruin\u00e9e pendant les guerres de religion et achet\u00e9e en 1606 de Gouvernet, qui s&rsquo;en \u00e9tait empar\u00e9, par un pr\u00eatre de Crest, Jean Fabre, lequel obtint alors des bulles d&rsquo;abb\u00e9 commendataire.<\/p>\n\n\n\n<p class=\"has-medium-font-size\" id=\"taulignan\"><strong>(8) <\/strong> <em>Taulignan<\/em> &#8211; Fond\u00e9 en 1628 par Louise de Gadagne de Both\u00e9on, femme de Charles de Monteynard, seigneur de Chalancon, Taulignan, etc.<br><\/p>\n\n\n\n<p class=\"has-medium-font-size\" id=\"diocesedesaintpaultroischateaux\"><strong>Dioc\u00e8se de Saint-Paul-Trois-Ch\u00e2teaux<\/strong><br><\/p>\n\n\n\n<p class=\"has-medium-font-size\">Ce dioc\u00e8se comprend 34 paroisses, dont 8, les plus consid\u00e9rables, dans le Comtat. L&rsquo;\u00e9v\u00eaque, qui est suffragant d&rsquo;Arles et a 6500 livres de revenu, y compris 1000 livres tir\u00e9es du Comtat, est M. d&rsquo;Aube de Roquemartine, pr\u00e9lat d&rsquo;une bonne famille d&rsquo;\u00e9p\u00e9e, mais dont la conduite laisse quelque chose \u00e0 d\u00e9sirer sous le rapport de la r\u00e9gularit\u00e9. Le chapitre, qui a 4000 livres de revenu net, se compose de dix chanoines, y compris les dignitaires, et de trois hebdomadiers, ayant \u00e0 eux trois deux portions canoniales .<\/p>\n\n\n\n<p class=\"has-medium-font-size\">Le dioc\u00e8se de Saint-Paul-Trois-Ch\u00e2teaux comprenait le canton de Pierrelatte en entier, celui de Saint-Paul, moins Rochegude, qui \u00e9tait du dioc\u00e8se d&rsquo;Orange, et Tulette, du dioc\u00e8se de Vaison; celui de Mont\u00e9limar, moins cette ville, Montboucher et Ancone; enfin, celui de Grignan, moins son chef-lieu, Montbrison, Rousset, Taulignan et le P\u00e8gue. En 1633, un couvent de R\u00e9collets est fond\u00e9 \u00e0 Pirrelatte et un de Dominicains en 1664.<br><\/p>\n\n\n\n<p class=\"has-medium-font-size\" id=\"diocesedevaison\"><strong>Dioc\u00e8se de Vaison<\/strong><br><\/p>\n\n\n\n<p class=\"has-medium-font-size\">Ce dioc\u00e8se a 16 paroisses en Dauphin\u00e9. Les prieur\u00e9s ou autres maisons religieuses y sont : \u00e0 Nyons, le prieur\u00e9 de B\u00e9n\u00e9dictines de Saint-C\u00e9saire, dont les revenus s&rsquo;\u00e9l\u00e8vent \u00e0 900 livres, et un couvent de R\u00e9collets, fond\u00e9 en 1638, au nombre de douze, vivant de qu\u00eates: au Buis, un couvent de quatorze Dominicains, avec 2000 livres de revenu, et un de dix-sept Ursulines; le prieur\u00e9 de Vinsobres, uni \u00e0 la pr\u00e9v\u00f4t\u00e9 de la cath\u00e9drale de Vaison, qui en retire annuellement 600 livres ; celui de Venterol, valant 620 livres; celui de Saint-Maurice, 600; enfin celui de Tulette, uni au prieur\u00e9 de Pont-Saint-Esprit, dioc\u00e8se d&rsquo;Uz\u00e8s, qui a 5600 livres de rente.<\/p>\n\n\n\n<p class=\"has-medium-font-size\">La partie dr\u00f4moise du dioc\u00e8se de Vaison comprenait les communes actuelles de Beauvoisin, B\u00e9nivay, le Buis, M\u00e9rindol, Mirabel, Mollans, Ollon, Nyons, la Penne, Pierrelongue, Propiac, Saint-Maurice, Vinsobres et Venterol.<\/p>\n\n\n\n<p class=\"has-medium-font-size\">Le prieur\u00e9 de Nyons, fond\u00e9 au V<sup>e<\/sup> si\u00e8cle par sainte C\u00e9sar\u00e9e, s\u0153ur de l&rsquo;archev\u00eaque d&rsquo;Arles saint C\u00e9saire, \u00e9tait une d\u00e9pendance de la grande abbaye arl\u00e9sienne de ce nom.<\/p>\n\n\n\n<p class=\"has-medium-font-size\">Le couvent des Dominicains du Buis, un des plus consid\u00e9rables de l&rsquo;Ordre, avait \u00e9t\u00e9 fond\u00e9 l&rsquo;an 1291 par Raymond, baron de M\u00e9vouillon ou Meuillon, dont l&rsquo;oncle, du m\u00eame nom, \u00e9v\u00eaque de Gap, puis archev\u00eaque d&rsquo;Embrun, y fut inhum\u00e9 l&rsquo;ann\u00e9e m\u00eame de sa fondation. Ses b\u00e2timents servent aujourd&rsquo;hui de maison d&rsquo;\u00e9cole, de coll\u00e8ge et de presbyt\u00e8re. Quant au couvent des religieuses de Sainte-Ursule, il avait \u00e9t\u00e9 fond\u00e9 en 1643 par Joseph-Marie de Suarez de Villabeille, \u00e9v\u00eaque de Vaison.<br><\/p>\n\n\n\n<p class=\"has-medium-font-size\" id=\"collegesetseminaire\"><strong>Coll\u00e8ges et s\u00e9minaire<\/strong><\/p>\n\n\n\n<p class=\"has-medium-font-size\"><br>Par rapport aux grandes vagues de fondations de s\u00e9minaires que connut le royaume entre 1642 et 1660, les cr\u00e9ations dauphinoises furent tardives. Apr\u00e8s deux tentatives avort\u00e9es en 1583 et 1616, c&rsquo;est certes en 1639 que fut fond\u00e9 \u00e0 Valence, avec des moyens tr\u00e8s modestes en raison des r\u00e9ticences du clerg\u00e9 dioc\u00e9sain, le premier s\u00e9minaire dauphinois. Mais dans les autres dioc\u00e8ses, il fallut attendre le dernier quart du XVII<sup>e<\/sup> si\u00e8cle et parfois le d\u00e9but du si\u00e8cle suivant. Les premiers furent install\u00e9s en milieu rural, soit parce qu&rsquo;il \u00e9tait plus facile d&rsquo;y trouver un local, soit parce que les \u00e9v\u00eaques y voyaient un avantage pour le recueillement des futurs pr\u00eatres. Mais les \u00e9tablissements urbains furent finalement pr\u00e9f\u00e9r\u00e9s, principalement parce que cela facilitait la surveillance des \u00e9v\u00eaques et que l&rsquo;union des s\u00e9minaires aux \u00e9tablissements d&rsquo;enseignement permet-tait de r\u00e9soudre plus ais\u00e9ment la question de leur financement. Les ann\u00e9es 1670 furent d\u00e9cisives. Successivement furent ainsi cr\u00e9\u00e9s les s\u00e9minaires d&rsquo;Embrun (1672), Grenoble (1674), Gap et Vienne (1675), tandis que le s\u00e9minaire du dioc\u00e8se de Die, reconstitu\u00e9 en 1688, \u00e9tait ouvert en 1692 dans le prieur\u00e9 de Sainte-Croix avant d&rsquo;\u00eatre transf\u00e9r\u00e9 \u00e0 Die sous la direction des j\u00e9suites en 1701. Mais \u00e0 Saint-Paul-Trois-Ch\u00e2teaux, faute d&rsquo;avoir pu trouver les supports n\u00e9cessaires, le s\u00e9minaire cr\u00e9\u00e9 en 1678 fut supprim\u00e9 peu apr\u00e8s son installation. Le d\u00e9veloppement des coll\u00e8ges pour sa part fut indissociable de la reconqu\u00eate catholique. Apr\u00e8s de modestes initiatives des dominicains et des doctrinaires au Buis en 1594 et \u00e0 Chabeuil en 1601, c&rsquo;est entre 1604 et 1606 qu&rsquo;in-tervinrent les cr\u00e9ations les plus importantes. En 1604, alors que les huguenots ouvraient \u00e0 Die une acad\u00e9mie, les j\u00e9suites prenaient en main le coll\u00e8ge de Vienne, puis s&rsquo;installaient l&rsquo;ann\u00e9e suivante \u00e0 Embrun. En 1606, les dominicains faisaient de m\u00eame \u00e0 Grenoble. Chacun de ces \u00e9tablissements \u00e9tait un coll\u00e8ge de plein exercice, mais la philosophie, enseign\u00e9e \u00e0 Die d\u00e8s la fondation de l&rsquo;aca-d\u00e9mie (tout comme l&rsquo;h\u00e9breu et la th\u00e9ologie), ne fut introduite \u00e0 Vienne qu&rsquo;en 1618, \u00e0 Embrun en 1624 et \u00e0 Grenoble en 1634. Le milieu du XVII<sup>e<\/sup> si\u00e8cle fut marqu\u00e9 pour sa part par une vague de cr\u00e9ation de r\u00e9gences latines, de petits coll\u00e8ges (\u00e0 Gap en 1644, \u00e0 Saint-Marcellin en 1645) et deux coll\u00e8ges de plein exercice \u00e0 Valence en 1643 (tenus par les Missionnaires du Saint-Sacrement) et \u00e0 Mont\u00e9limar en 1666 (tenu par les cordeliers), tandis qu&rsquo;\u00e0 Grenoble en 1651 les j\u00e9suites supplantaient les dominicains qui ne gardaient que leur enseigne-ment de la philosophie et de la th\u00e9ologie. La fin du XVII<sup>e<\/sup> si\u00e8cle fut enfin marqu\u00e9e par deux changements majeurs. En 1682 l&rsquo;acad\u00e9mie de Die \u00e9tait supprim\u00e9e.<\/p>\n\n\n\n<p class=\"has-medium-font-size\">Dans les annales des h\u00f4pitaux, il est soulign\u00e9 le r\u00f4le moteur des initiatives priv\u00e9es. \u00a0\u00bb&nbsp;<em>Les habitants de Romans ont toujours eu beaucoup de soins des pauvres. Ils tiennent si bon ordre qu&rsquo;il n&rsquo;y a aucun souffreteux <\/em>\u00a0\u00bb&nbsp; \u00e9crivait en 1610 l&rsquo;avocat Claude Espilly.<\/p>\n\n\n\n<p class=\"has-medium-font-size\">La politique d&rsquo;enfermement ne connut pas de v\u00e9ritable enfermement. Seul l&rsquo;h\u00f4pital de Valence commen\u00e7a \u00e0 appliquer l&rsquo;enfermement sur une grande \u00e9chelle. En 1683, les fondements de la nouvelle politique est \u00e9tablie par l&rsquo;\u00e9v\u00eaque Daniel de Cosnac, assist\u00e9 de missionnaires j\u00e9suites. Mais l&rsquo;h\u00f4pital qui re\u00e7ut ses lettres patentes en 1696 servit moins contre les pauvres que contre les huguenots particuli\u00e8rement nombreux dans le dioc\u00e8se, et avec une violence que Michelet ne pardonna pas \u00e0 l&rsquo;\u00e9v\u00eaque : \u00a0\u00bb&nbsp;<em>La pers\u00e9cution le l\u00e2cha, \u00f4ta sa bonde \u00e0 sa f\u00e9rocit\u00e9. Il put l\u00e9galement avoir un enfer \u00e0 lui, l&rsquo;h\u00f4pital de Valence<\/em>&nbsp;\u00ab\u00a0. Les communaut\u00e9s s&rsquo;estimaient incapables financi\u00e8rement d&rsquo;entreprendre l&rsquo;enfermement. \u00c0 Romans, press\u00e9s par le chapitre Saint-Barnard qui adressa au roi un m\u00e9moire sur ce sujet, les consuls se heurt\u00e8rent en 1697 aux m\u00eames difficult\u00e9s. Ce sont ces difficult\u00e9s financi\u00e8res qui justifi\u00e8rent en 1693, l&rsquo;attribution \u00e0 certains h\u00f4pitaux des biens des consistoires et de pauvres huguenots. Contrairement aux espoirs formul\u00e9s par l&rsquo;intendant, les revenus ainsi attribu\u00e9s ne furent gu\u00e8re consid\u00e9rables, les consistoires grev\u00e9s de dettes ne laissait pas grand-chose<strong>.<\/strong><br><br><\/p>\n\n\n\n<p><\/p>\n\n\n\n<p class=\"has-text-align-center has-medium-font-size\" id=\"XIXetatmilitaire\"><strong>XIX. ETAT MILITAIRE<\/strong><br><br><br><\/p>\n\n\n\n<p><\/p>\n\n\n\n<p class=\"has-medium-font-size\">L&rsquo;\u00e9tat militaire du Dauphin\u00e9 comprend : le gouverneur de la province, M. le <a href=\"#ducdelafeuillade\">duc de La Feuillade <\/a><strong>(1)<\/strong>; le <a href=\"#lieutenantgeneral\">lieutenant g\u00e9n\u00e9ral<\/a>, M. le comte de Tallard; quatre lieutenants de roi, nouvellement cr\u00e9\u00e9s MM, de Montmartin, de Ventavon, de Chabrillan et de Virieu <strong>(2)<\/strong>; enfin, les <a href=\"#gouverneurs\">gouverneurs<\/a> particuliers des villes et places fortes <strong>(3)<\/strong> .<\/p>\n\n\n\n<p class=\"has-medium-font-size\">De m\u00eame pour l&rsquo;\u00e9tat militaire, on \u00e9tudiera seulement ce qui concerne la Dr\u00f4me \u00e0 savoir&nbsp;:Die, Le Buis, Nyons, Crest, Mont\u00e9limar, Valence et Romans. Ce sont:<br><\/p>\n\n\n\n<p class=\"has-medium-font-size\"><strong><em><strong>Gouverneurs <\/strong><\/em><\/strong><em><strong>de Die.<\/strong><\/em><br><\/p>\n\n\n\n<p class=\"has-medium-font-size\">1325. Pierre de Vesc, seigneur d&rsquo;Espeluche<\/p>\n\n\n\n<p class=\"has-medium-font-size\">1566. Claude de L&rsquo;H\u00e8re, seigneur de Glandage<\/p>\n\n\n\n<p class=\"has-medium-font-size\">1569. N. de Morges, seigneur de Gargas<\/p>\n\n\n\n<p class=\"has-medium-font-size\">1569. Claude de L&rsquo;H\u00e8re, seigneur de Glandage<\/p>\n\n\n\n<p class=\"has-medium-font-size\">1574. Gaspard d&rsquo;Arces, capitaine de cent hommes d&rsquo;armes<\/p>\n\n\n\n<p class=\"has-medium-font-size\">1576. Aim\u00e9 de Glane de Cugie<\/p>\n\n\n\n<p class=\"has-medium-font-size\">1577. C\u00e9sar de Vaulserre<\/p>\n\n\n\n<p class=\"has-medium-font-size\">1577 1581. Aim\u00e9 de Glane de Cugie<\/p>\n\n\n\n<p class=\"has-medium-font-size\">1581-1585. Claude de L&rsquo;H\u00e8re, seigneur de Glandage et Guillaume Vulson, seigneur de la Colombi\u00e8re<\/p>\n\n\n\n<p class=\"has-medium-font-size\">1586. Antoine de Solignac, sieur de Veaunes<\/p>\n\n\n\n<p class=\"has-medium-font-size\">1591-1619. Ren\u00e9 de La Tour, seigneur de Gouvernet<\/p>\n\n\n\n<p class=\"has-medium-font-size\">1619. Charles de La Tour, baron d&rsquo;Aix.<\/p>\n\n\n\n<p class=\"has-medium-font-size\">1626. Hercule de Sibeut, seigneur de Saint-Ferr\u00e9ol<\/p>\n\n\n\n<p class=\"has-medium-font-size\">1656-1704. Antoine de Sibeut, seigneur de Saint-Ferr\u00e9ol et Divajeu<\/p>\n\n\n\n<p class=\"has-medium-font-size\">1704-1710. Hercule de Sibeut Saint-Ferr\u00e9ol, seigneur de Divajeu et Lambres<\/p>\n\n\n\n<p class=\"has-medium-font-size\">1720-1738. N. de Marnais, seigneur de Saint-Andr\u00e9, mar\u00e9chal de camp<\/p>\n\n\n\n<p class=\"has-medium-font-size\">1748. Antoine de Guerin de Tencin .<\/p>\n\n\n\n<p class=\"has-medium-font-size\">1762. Jomaron de Montchavrel<\/p>\n\n\n\n<p class=\"has-medium-font-size\">1771-1789. N. de Vaulx .<br><\/p>\n\n\n\n<p class=\"has-medium-font-size\"><em><strong>Ch\u00e2telains et gouverneurs du Buis.<\/strong><\/em><br><\/p>\n\n\n\n<p class=\"has-medium-font-size\">1331. Guigues de Morges, ch\u00e2telain<\/p>\n\n\n\n<p class=\"has-medium-font-size\">1335. Henri de Dreins .<\/p>\n\n\n\n<p class=\"has-medium-font-size\">1337. Hugues d&rsquo;II\u00ee\u00e8res, bailli des Baronnies .<\/p>\n\n\n\n<p class=\"has-medium-font-size\">1343. Ponce Claret, chanoine d&rsquo;Embrun et bailli des Baronnies<\/p>\n\n\n\n<p class=\"has-medium-font-size\">1344. Lambert de Monteil<\/p>\n\n\n\n<p class=\"has-medium-font-size\">1350. Pierre de Carmignan<\/p>\n\n\n\n<p class=\"has-medium-font-size\">1355. Hugues de Rivi\u00e8re, seigneur de la Charce, damoiseau<\/p>\n\n\n\n<p class=\"has-medium-font-size\">1369. Andrevon Richard<\/p>\n\n\n\n<p class=\"has-medium-font-size\">1373. Guillaume Merles<\/p>\n\n\n\n<p class=\"has-medium-font-size\">1375. Georges de Pruni\u00e9res<\/p>\n\n\n\n<p class=\"has-medium-font-size\">1381. Pierre Chomart<\/p>\n\n\n\n<p class=\"has-medium-font-size\">1402. Noble Jean Garcin<\/p>\n\n\n\n<p class=\"has-medium-font-size\">1406. Noble Pierre Brunel<\/p>\n\n\n\n<p class=\"has-medium-font-size\">1409. Jean de Marais, \u00e9chanson du roi<\/p>\n\n\n\n<p class=\"has-medium-font-size\">1421. Noble et puissant homme Guillaume de Noyers<\/p>\n\n\n\n<p class=\"has-medium-font-size\">1443. Noble Michel Fougasse<\/p>\n\n\n\n<p class=\"has-medium-font-size\">1451. Noble Antoine d&rsquo;Alanson<\/p>\n\n\n\n<p class=\"has-medium-font-size\">1456. Noble Fran\u00e7ois du Croissant<\/p>\n\n\n\n<p class=\"has-medium-font-size\">1458. Reymond Reggio .<\/p>\n\n\n\n<p class=\"has-medium-font-size\">1484. Noble Gu\u00e9lis de Menze, ma\u00eetre d&rsquo;h\u00f4tel du Dauphin .<\/p>\n\n\n\n<p class=\"has-medium-font-size\">1485. Raymond Achard<\/p>\n\n\n\n<p class=\"has-medium-font-size\">1495. Guy de Plaine<\/p>\n\n\n\n<p class=\"has-medium-font-size\">1522. Reymond Martin<\/p>\n\n\n\n<p class=\"has-medium-font-size\">1526. Jacques Peyrollier<\/p>\n\n\n\n<p class=\"has-medium-font-size\">1539. Natal Robain<\/p>\n\n\n\n<p class=\"has-medium-font-size\">1581. Robert de Bruy\u00e8re, gouverneur de Nyons et de M\u00e9vouillon<\/p>\n\n\n\n<p class=\"has-medium-font-size\">1590. Ren\u00e9 de La Tour, seigneur de Gouvernet, le fameux capitaine protestant<\/p>\n\n\n\n<p class=\"has-medium-font-size\">1661. Horace de Raffelis, seigneur de Rus, Villard et Saint-Sauveur, gouverneur de Saint-Paul-trois-Ch\u00e2teaux<\/p>\n\n\n\n<p class=\"has-medium-font-size\">1698. Pierre-Dominique de Raffelis de Soissan, chevalier des Saints Maurice et Lazare de Sardaigne<\/p>\n\n\n\n<p class=\"has-medium-font-size\">1723. Jean Corr\u00e9ard Dupuy La Marne, seigneur de Miscon<br><\/p>\n\n\n\n<p class=\"has-medium-font-size\"><em><strong>Ch\u00e2telains et gouverneurs de Nyons.<\/strong><\/em><br><\/p>\n\n\n\n<p class=\"has-medium-font-size\">1318. Guillaume de Remuzat, ch\u00e2telain<\/p>\n\n\n\n<p class=\"has-medium-font-size\">1321. Albert de Brayda ou de Breyde<\/p>\n\n\n\n<p class=\"has-medium-font-size\">1336. Jean de Combes<\/p>\n\n\n\n<p class=\"has-medium-font-size\">1337. Laurent de Tignan<\/p>\n\n\n\n<p class=\"has-medium-font-size\">1351. Rondet-le-Vineur<\/p>\n\n\n\n<p class=\"has-medium-font-size\">1364. Hugues de Rivi\u00e8re, seigneur de la Charce<\/p>\n\n\n\n<p class=\"has-medium-font-size\">1374. Fran\u00e7ois d&rsquo;Arces<\/p>\n\n\n\n<p class=\"has-medium-font-size\">1373. Jacques Chazal, dit de Savoie<\/p>\n\n\n\n<p class=\"has-medium-font-size\">1396. Pierre, b\u00e2tard de La Faye<\/p>\n\n\n\n<p class=\"has-medium-font-size\">1403. Vincent de Faure ou du Faure.<\/p>\n\n\n\n<p class=\"has-medium-font-size\">1407. Aymar d&rsquo;Hauteville.<\/p>\n\n\n\n<p class=\"has-medium-font-size\">1459. Georges de Collaville.<\/p>\n\n\n\n<p class=\"has-medium-font-size\">1463. Louis de L&rsquo;Espine.<\/p>\n\n\n\n<p class=\"has-medium-font-size\">1465. Jean de Gratuel.<\/p>\n\n\n\n<p class=\"has-medium-font-size\">1493. Jacques de B\u00e9ziers.<\/p>\n\n\n\n<p class=\"has-medium-font-size\">1511. Pierre de Serre, gouverneur<\/p>\n\n\n\n<p class=\"has-medium-font-size\">1563. Robert de Bruy\u00e8re, gouverneur du Buis et de M\u00e9vouillon<\/p>\n\n\n\n<p class=\"has-medium-font-size\">1580. Mathieu de Rastel, coseigneur de Rocheblave<\/p>\n\n\n\n<p class=\"has-medium-font-size\">1587. Ren\u00e9 de La Tour, seigneur de Gouvernet et Jean de La Tour-Mirabel, seigneur de Montmorin et de Sigottier<\/p>\n\n\n\n<p class=\"has-medium-font-size\">1625-1645. C\u00e9sar de La Tour, marquis de la Charce<\/p>\n\n\n\n<p class=\"has-medium-font-size\">1665. Ren\u00e9 de La Tour-du-Fin, marquis de Montauban<\/p>\n\n\n\n<p class=\"has-medium-font-size\">1670. Alexandre Poisson du Mesnil, gouverneur de Crest<\/p>\n\n\n\n<p class=\"has-medium-font-size\">1698. Jacques-Marie Achard Ferrus, seigneur de Sainte-Colombe.<\/p>\n\n\n\n<p class=\"has-medium-font-size\">1715. Jacques-Philippe-Auguste de La Tour, marquis de la Charce<br><\/p>\n\n\n\n<p class=\"has-medium-font-size\"><em><strong>Ch\u00e2telains et gouverneurs de Crest.<\/strong><\/em><br><\/p>\n\n\n\n<p class=\"has-medium-font-size\">1217. Arnaud d&rsquo;Aidie, capitaine<\/p>\n\n\n\n<p class=\"has-medium-font-size\">1285. Ponce B\u00e9renger, ch\u00e2telain pour l&rsquo;\u00e9v\u00eaque de Valence<\/p>\n\n\n\n<p class=\"has-medium-font-size\">1284-1299. Guillaume Bayle, ch\u00e2telain pour le comte de Valentinois<\/p>\n\n\n\n<p class=\"has-medium-font-size\">1313. Guillaume, chevalier, seigneur de Mornans<\/p>\n\n\n\n<p class=\"has-medium-font-size\">1375. Pierre Chabert, capitaine-ch\u00e2telain<\/p>\n\n\n\n<p class=\"has-medium-font-size\">1421. Aynard Chabert, \u00e9cuyer, ch\u00e2telain<\/p>\n\n\n\n<p class=\"has-medium-font-size\">1427-1446. Antoine d&rsquo;Hostun, seigneur de la Baume et de la Laupie, s\u00e9n\u00e9chal de Valentinois<\/p>\n\n\n\n<p class=\"has-medium-font-size\">1447. Aymar de Poisicux, dit Capdorat, bailli des Montagnes<\/p>\n\n\n\n<p class=\"has-medium-font-size\">1447-1460. Jacques de Taix<\/p>\n\n\n\n<p class=\"has-medium-font-size\">1461. Robert de Grammont, seigneur de Montclar<\/p>\n\n\n\n<p class=\"has-medium-font-size\">1462. Guillaume de Viennois, bailli des Montagnes<\/p>\n\n\n\n<p class=\"has-medium-font-size\">1485-1496. Pierre de Vesc, seigneur de B\u00e9conne, grand ma\u00eetre des eaux et for\u00eats de Dauphin\u00e9<\/p>\n\n\n\n<p class=\"has-medium-font-size\">1530. Giraud d&rsquo; Urre ou d&rsquo;Eurre, seigneur, d&rsquo;Ourches, gouverneur<\/p>\n\n\n\n<p class=\"has-medium-font-size\">1569. Gaspard d&rsquo;Arces, seigneur de la Roche-de-Glun<\/p>\n\n\n\n<p class=\"has-medium-font-size\">1572-1574. Louis d&rsquo;Eurre, seigneur de Puy-Saint-Martin<\/p>\n\n\n\n<p class=\"has-medium-font-size\">1579. Jean du Four, seigneur de la R\u00e9para<\/p>\n\n\n\n<p class=\"has-medium-font-size\">1585. Claude de Clermont, seigneur de Montoison<\/p>\n\n\n\n<p class=\"has-medium-font-size\">1586. Louis d&rsquo;Eurre, seigneur de Puy-Saint-Martin<\/p>\n\n\n\n<p class=\"has-medium-font-size\">1627. Antoinc-Jean d&rsquo;Ornano, dit le capitaine Corso<\/p>\n\n\n\n<p class=\"has-medium-font-size\">1628-1644. Alphonse d&rsquo;Ornano, colonel des Corses<\/p>\n\n\n\n<p class=\"has-medium-font-size\">1648. Alexandre Poisson, sieur du Mesnil<\/p>\n\n\n\n<p class=\"has-medium-font-size\">1653. Antoine de La Baume-Pluvinel, \u00e9cuyer de la grande \u00e9curie<\/p>\n\n\n\n<p class=\"has-medium-font-size\">1672. Joseph de La Baume, marquis de Pluvinel<\/p>\n\n\n\n<p class=\"has-medium-font-size\">1690. Louis de La Tour-Montauban<\/p>\n\n\n\n<p class=\"has-medium-font-size\">1698-1703. Philippe de Grammont, marquis de Vach\u00e8res<\/p>\n\n\n\n<p class=\"has-medium-font-size\">1703-1754. Paul-Fran\u00e7ois de Grammont, marquis de Vach\u00e8res<\/p>\n\n\n\n<p class=\"has-medium-font-size\">1762-1790. Philippe-Marie de Grammont-Vach\u00e8res, duc de Caderousse<br><\/p>\n\n\n\n<p class=\"has-medium-font-size\"><em><strong>\u00e0 Mont\u00e9limar<\/strong><\/em><br><\/p>\n\n\n\n<p class=\"has-medium-font-size\">1360. Etienne, capitaine, qui donna 50 florins pour la r\u00e9paration des murailles de la ville<\/p>\n\n\n\n<p class=\"has-medium-font-size\">1395. Jacques de Comte,clavaire (<em>receveur)<\/em> pour le Pape<\/p>\n\n\n\n<p class=\"has-medium-font-size\">1395-1402. Berthet Signoret, clavaire pour le comte de Valentinois<\/p>\n\n\n\n<p class=\"has-medium-font-size\">1396. Barth\u00e9l\u00e9my de Jonge, clavaire pour le Dauphin<\/p>\n\n\n\n<p class=\"has-medium-font-size\">1492. Antoine de Ville, seigneur de Dompjullien, capitaine<\/p>\n\n\n\n<p class=\"has-medium-font-size\">1563. Gaspard Pape, seigneur de Saint-Auban<\/p>\n\n\n\n<p class=\"has-medium-font-size\">Avril 1568. N. de Bazemont<\/p>\n\n\n\n<p class=\"has-medium-font-size\">Septembre. Pierre de Vesc, seigneur de B\u00e9conne<\/p>\n\n\n\n<p class=\"has-medium-font-size\">1569-1570. Jean de Dorgeoise, seigneur de la Tivoli\u00e8re, chevalier de l&rsquo;ordre du roi<\/p>\n\n\n\n<p class=\"has-medium-font-size\">1577. Alain de Pracontal<\/p>\n\n\n\n<p class=\"has-medium-font-size\">1583. Noble Nicolas Lancelin de La Rouli\u00e8re, commandant pour le roi<\/p>\n\n\n\n<p class=\"has-medium-font-size\">1585-1597. Louis de Bla\u00efn de Marcel, baron du Po\u00e8t-C\u00e9lard, seigneur de Sao\u00f9, Mornans, etc.<\/p>\n\n\n\n<p class=\"has-medium-font-size\">1598. Ren\u00e9 de La Tour, seigneur de Gouvernet<\/p>\n\n\n\n<p class=\"has-medium-font-size\">1619-1626. Hector de La Tour, baron de la Chau, seigneur de Montauban<\/p>\n\n\n\n<p class=\"has-medium-font-size\">1627. Fran\u00e7ois de Grol\u00e9e, comte de Viriville<\/p>\n\n\n\n<p class=\"has-medium-font-size\">1677-1702. Charles de Grol\u00e9e, comte de Viriville<\/p>\n\n\n\n<p class=\"has-medium-font-size\">1752. Charles-Fr\u00e9d\u00e9ric de La Tour, marquis de Senevi\u00e8res, s\u00e9n\u00e9chal de Valentinois<\/p>\n\n\n\n<p class=\"has-medium-font-size\">1775-1790. Armand-Fran\u00e7ois de La Tour-du-Pin-Montauban, marquis de Soyans.<br><\/p>\n\n\n\n<p class=\"has-medium-font-size\"><strong><em>\u00e0<\/em><\/strong><em><strong> Valence<\/strong><\/em><br><\/p>\n\n\n\n<p class=\"has-medium-font-size\">1560. Gaspard de Saillans, gouverneur choisi par les habitants<\/p>\n\n\n\n<p class=\"has-medium-font-size\">1563. Jacques Frey de Changy, gouverneur du Valentinois nomm\u00e9 par des Adrets<\/p>\n\n\n\n<p class=\"has-medium-font-size\">1568. Philippe-Phillibert,seigneur de Cervi\u00e8res et de Saint-Andr\u00e9, nomm\u00e9 par Gordcs<\/p>\n\n\n\n<p class=\"has-medium-font-size\">1574. Laurent de Galles, sieur du Mestral<\/p>\n\n\n\n<p class=\"has-medium-font-size\">1575. Gaspard d&rsquo;Arces, seigneur de la Roche-de-Glun<\/p>\n\n\n\n<p class=\"has-medium-font-size\">1576. Antoine de Sassenage, seigneur de Mont\u00e9lier<\/p>\n\n\n\n<p class=\"has-medium-font-size\">1586-1589. Aimar de Clermont-Chaste, seigneur de Gessans<\/p>\n\n\n\n<p class=\"has-medium-font-size\">1590. Timol\u00e9on de Maugiron<\/p>\n\n\n\n<p class=\"has-medium-font-size\">1588-1590.Aimar de Poisieux, seigneur du Passage<\/p>\n\n\n\n<p class=\"has-medium-font-size\">1593. Scipion de Poisieux, fils du pr\u00e9c\u00e9dent<\/p>\n\n\n\n<p class=\"has-medium-font-size\">1637. Jacques de Simiane, seigneur d&rsquo;\u00c9v\u00e8nes, s\u00e9n\u00e9chal du pr\u00e9sidial de Valence<\/p>\n\n\n\n<p class=\"has-medium-font-size\">1672. Edine-Claude de Simiane-Montcha, aussi s\u00e9n\u00e9chal et Fran\u00e7ois-Louis-Claude-Edme de Simiane, comte de Montcha<\/p>\n\n\n\n<p class=\"has-medium-font-size\">1698-1710. Pierre de Gombaut, seigneur de Plainpo\u00eent<\/p>\n\n\n\n<p class=\"has-medium-font-size\">1721-1745. Pierre-\u00c9m\u00e9, comte de Marcieu, lieutenant g\u00e9n\u00e9ral en Dauphin\u00e9<\/p>\n\n\n\n<p class=\"has-medium-font-size\">1745-1753. Pierre-Louis-\u00c9m\u00e9 de Marcieu, neveu du pr\u00e9c\u00e9dent, qui le rempla\u00e7a \u00e0 son tour.<\/p>\n\n\n\n<p class=\"has-medium-font-size\">1753-1760. Pierre-\u00c9m\u00e9, comte de Marcieu 1760-1789. N., chevalier de Vaulx<br><\/p>\n\n\n\n<p class=\"has-medium-font-size\"><em><strong>Gouverneurs de Romans<\/strong><\/em>.<br><\/p>\n\n\n\n<p class=\"has-medium-font-size\">On ne doit pas oublier qu&rsquo;ant\u00e9rieurement au trait\u00e9 de 1344 le Pape \u00e9levait des pr\u00e9tentions sur Romans, et c&rsquo;est pour y donner plus de poids qu&rsquo;il y \u00e9tablit peu de temps auparavant :<\/p>\n\n\n\n<p class=\"has-medium-font-size\">1342-1344. G\u00e9rald de Margueritte, gouverneur pour le Pape<\/p>\n\n\n\n<p class=\"has-medium-font-size\">1344. Le b\u00e2tard de Lucinge<\/p>\n\n\n\n<p class=\"has-medium-font-size\">1375. Aymon d&rsquo;Ameysin, gouverneur pour le Dauphin<\/p>\n\n\n\n<p class=\"has-medium-font-size\">1389. Jean de Faucherand, bailli de Viennois<\/p>\n\n\n\n<p class=\"has-medium-font-size\">1454. Jean de Villaine, \u00e9cuyer, bailli du Haut-Dauphin\u00e9 .<\/p>\n\n\n\n<p class=\"has-medium-font-size\">1467. Berton de Bocsozel<\/p>\n\n\n\n<p class=\"has-medium-font-size\">1562. Claude Odde de Triors, nomm\u00e9 par les habitants .<\/p>\n\n\n\n<p class=\"has-medium-font-size\">1566. Aymar de Clermont-Chaste, seigneur de Gessans<\/p>\n\n\n\n<p class=\"has-medium-font-size\">1568. Jacques de Saluces-Miolans, seigneur de Card\u00e9<\/p>\n\n\n\n<p class=\"has-medium-font-size\">1568. Pierre de Chiss\u00e9, seigneur de la Marcousse, chevalier de l&rsquo;ordre du roi<\/p>\n\n\n\n<p class=\"has-medium-font-size\">1569-1580. Philippe-Phillibert, seigneur de Cervi\u00e8res-Saint-Andr\u00e9<\/p>\n\n\n\n<p class=\"has-medium-font-size\">1584. Antoine de Solignac, sieur de Veaunes<\/p>\n\n\n\n<p class=\"has-medium-font-size\">1587-1597. Balthazar Flotte, comte de la Roche, condamn\u00e9 \u00e0 mort pour avoir tent\u00e9 de livrer la place au duc de Savoie.<\/p>\n\n\n\n<p class=\"has-medium-font-size\">1597-1617. Hercule de Sibeut, seigneur de Saint-Ferr\u00e9ol, qui d\u00e9joua les projets du pr\u00e9c\u00e9dent<\/p>\n\n\n\n<p class=\"has-medium-font-size\">1617. Alexandre de Sibeut<\/p>\n\n\n\n<p class=\"has-medium-font-size\">1630-1632. Charles d&rsquo;Hostun-Claveyson<\/p>\n\n\n\n<p class=\"has-medium-font-size\">1666-1675. S\u00e9bastien de Lionne, ancien conseiller au Parlement<\/p>\n\n\n\n<p class=\"has-medium-font-size\">1680-1707. Louis de Lionne, marquis de Berny, interdit par sentence du Ch\u00e2telet de Paris (1719) 1707-1748. Charles-Hugues comte de Lionne, colonel d&rsquo;infanterie,nomm\u00e9 \u00e0 la place de son p\u00e8re<\/p>\n\n\n\n<p class=\"has-medium-font-size\">1757-1789. Flodoard-El\u00e9onor de Bally, chevalier de Malte<\/p>\n\n\n\n<p class=\"has-medium-font-size\">A Grenoble, le marquis de Marcieu, comme dans les autres villes et bourgs du Dauphin\u00e9, le gouvernement militaire \u00e9tait exerc\u00e9 \u00e0 l&rsquo;origine par un ch\u00e2telain, en dehors de qui nous trouvons au XVI<sup>e<\/sup> si\u00e8cle un capitaine \u00e9lu par les habitants, dans certains moments difficiles, pour pourvoir \u00e0 leur s\u00fbret\u00e9. \u00c0 ces capitaines succ\u00e9daient des gouverneurs catholiques ou huguenots, \u00e9tablis par les partis victorieux , et \u00e0 ces derniers un gouverneur de nomination royale, dont la charge fut \u00e0 diverses reprises unie \u00e0 celle de gouverneur de la province.<\/p>\n\n\n\n<p class=\"has-medium-font-size\">A Brian\u00e7on, M. de Saint-Silvestre, lieutenant g\u00e9n\u00e9ral ; Louis du Faure, seigneur de Saint-Silvestre, marquis de Satillieu, lieutenant g\u00e9n\u00e9ral des arm\u00e9es (mars 1693) et commandeur de Saint-Louis, avec brevet de 4000 livres de pension, est l&rsquo;illustration d&rsquo;une famille dauphinoise connue d\u00e8s l&rsquo;an 1445 et dont les diverses branches ont pris les surnoms de Vercors, Claret et la Rivi\u00e8re.<\/p>\n\n\n\n<p class=\"has-medium-font-size\">A Exilles, M. de Caumont ; Sentinelle avanc\u00e9e du Dauphin\u00e9 au del\u00e0 des Alpes, la place d&rsquo;Exilles eut toujours une grande importance strat\u00e9gique; aussi l&rsquo;histoire nous la montre-t-elle continuellement disput\u00e9e aux Dauphins, puis \u00e0 la France par la maison de Savoie, \u00e0 qui elle est d\u00e9finitivement \u00e9chue par le trait\u00e9 d&rsquo;Etrecht (1713). Mais, de toutes les entreprises dont Exilles rappelle le souvenir, la plus fameuse est sans contredit celle de Fran\u00e7ois de Bardonnenche, qui, pour se venger du dauphin Guigues VIII, s\u00e9ducteur de sa fille, s&#8217;empara de cette place et la livra au comte de Savoie, alors en guerre avec le Dauphin (1328). Absorb\u00e9 par cette guerre, celui-ci ne put s\u00e9vir contre son vassal r\u00e9volt\u00e9; mais Humbert II, son fr\u00e8re et son successeur, ordonna d\u00e8s son av\u00e8nement des poursuites contre Bardonnenehe, qui, pris et enferm\u00e9 dans ce m\u00eame ch\u00e2teau d&rsquo;Exilles, d&rsquo;o\u00f9 il s&rsquo;\u00e9vada, puis dans le ch\u00e2teau de Pisan\u00e7on, d&rsquo;o\u00f9 il s&rsquo;enfuit encore, fut arr\u00eat\u00e9 une troisi\u00e8me fois, et, apr\u00e8s une proc\u00e9dure sommaire suivie de la torture, condamn\u00e9 \u00e0 \u00eatre jet\u00e9 dans l&rsquo;Is\u00e8re pieds et poings li\u00e9s (1345).<\/p>\n\n\n\n<p class=\"has-medium-font-size\">A Ch\u00e2teau-Dauphin, M. de Saint-Paul, ci-devant major des Gardes fran\u00e7aises ; Ch\u00e2teau-Dauphin n&rsquo;\u00e9tait dans le principe qu&rsquo;un fortin sans importance, b\u00e2ti en 1228 pr\u00e8s le village de Saint-Eus\u00e8be, sur les confins du marquisat de Saluces, par ordre du dauphin Guigues-Andr\u00e9, d&rsquo;o\u00f9 il fut appel\u00e9 <em>Castrum Delphini<\/em>. Mais un si\u00e8cle plus tard, la trahison de Fran\u00e7ois de Bardonnenche ayant d\u00e9montr\u00e9 la n\u00e9cessit\u00e9 de couvrir la fronti\u00e8re de ce cot\u00e9 autrement qu&rsquo;avec le ch\u00e2teau d&rsquo;Exilles, qui en \u00e9tait alors la seule d\u00e9fense, Humbert II chargea Hugues d&rsquo;Il\u00e8res, bailli du Brian\u00e7onnais, et Nicolas d&rsquo;Avellino, ma\u00eetre rational, de faire agrandir, fortifier et armer le ch\u00e2teau de Saint-Eus\u00e8be ; ce qui eut lieu sous la surveillance et par les soins du ch\u00e2telain Raymond Chabert. Cette place, qui, de m\u00eame que celle d&rsquo;Exilles, fut acquise \u00e0 la Savoie par le trait\u00e9 d&rsquo;Utrecht (1713)<\/p>\n\n\n\n<p class=\"has-medium-font-size\">A Mont-Dauphin, le marquis de Larray, lieutenant g\u00e9n\u00e9ral ; Petit village fortifi\u00e9 par Vauban au lendemain de l&rsquo;invasion savoisienne de 1693, Mont-Dauphin \u00e9tait au dernier si\u00e8cle l&rsquo;une de nos principales places fronti\u00e8res; aussi ses gouverneurs \u00e9taient-ils tous des personnages consid\u00e9rables.<\/p>\n\n\n\n<p class=\"has-medium-font-size\">A Queyras, M. d&rsquo;Armessan&nbsp;;<\/p>\n\n\n\n<p class=\"has-medium-font-size\">A Embrun, M. de Savines ;<\/p>\n\n\n\n<p class=\"has-medium-font-size\">A Gap, M. de Gruel du Saix;<\/p>\n\n\n\n<p class=\"has-medium-font-size\">A Vienne, M. de Saint-Andr\u00e9-Marnais ;<\/p>\n\n\n\n<p class=\"has-medium-font-size\">A Saint-Marcellin, M. du Perron. L&rsquo;importance de Saint-Marcellin, au point de vue militaire, n&rsquo;a certainement jamais \u00e9t\u00e9 consid\u00e9rable, \u00e9tant par le fait de sa position dans la d\u00e9pendance imm\u00e9diate de la maison forte du Molard, r\u00e9sidence des Maugiron an XVI<sup>e<\/sup> si\u00e8cle; cependant, il faut reconna\u00eetre que ses ch\u00e2telains au moins ne pouvaient manquer d&rsquo;\u00eatre des officiers d&rsquo;un rang \u00e9lev\u00e9, ce bourg, qui fut pendant quelque temps le si\u00e8ge du Conseil delphinal, ayant en outre \u00e9t\u00e9 le chef-lieu du bailliage de Viennois jusque vers le milieu du XIV<sup>e<\/sup> si\u00e8cle.<\/p>\n\n\n\n<p class=\"has-medium-font-size\">Au fort Barraux, M. de Bachevilliers,lieutenant g\u00e9n\u00e9ral\u00a0; Village fronti\u00e8re, Barraux avait par lui-m\u00eame une certaine importance strat\u00e9gique, et c&rsquo;est pour cela qu&rsquo;en 1597 le duc de Savoie, alors en guerre avec la France, entreprit audacieusement d&rsquo;y construire une forteresse; ce qu&rsquo;apprenant Lesdigui\u00e8res, se borna \u00e0 r\u00e9pondre \u00a0\u00bb\u00a0 <em>qu&rsquo;un fort estoit si n\u00e9cessaire en cet endroit-l\u00e0, que quand le duc ne l&rsquo;y bastiroit point, il faudrait que S. M. l&rsquo;y fit faire, et que quand il seroit achev\u00e9, il le prendrait\u00a0<\/em>\u00a0\u00bb . Ce qu&rsquo;il fit en effet par escalade dans la nuit du 17 mars 1598.<br><\/p>\n\n\n\n<p class=\"has-medium-font-size\" id=\"ducdelafeuillade\"><strong>(1)<\/strong> <em>Duc de la Feuillade<\/em> &#8211; Louis, vicomte d&rsquo;Aubusson, duc de la Feuillade et de Roannez, pair<strong>de<\/strong>France et lieutenant g\u00e9n\u00e9ral des arm\u00e9es, puis ambassadeur \u00e0 Rome (1716), qui, ayant h\u00e9rit\u00e9 de son p\u00e8re, le mar\u00e9chal de la Feuillade (1691) le gouvernement de Dauphin\u00e9, le vendit au 1719 au duc d&rsquo;Orl\u00e9ans, r\u00e9gent de France, pour son fils, le duc de Chartres, moyennant 850 000 livres, plus la garantie pendant dix ans du traitement d&rsquo;ambassadeur \u00e0 Rome, o\u00f9 il n&rsquo;alla jamais.<\/p>\n\n\n\n<p class=\"has-medium-font-size\">Les sentences, ordonnances et arr\u00eats du Parlement de Grenoble \u00e9taient autrefois rendus au nom du gouverneur de Dauphin\u00e9; on ajoute que celui-ci jouissait en outre du droit de gr\u00e2ce et pardon pour tous crimes et d\u00e9lits, sauf celui de l\u00e8se-majest\u00e9, pourvoyait \u00e0 toutes les charges civiles et militaires de la province, celles du Parlement except\u00e9es; encore trouve-t-ou bon nombre de magistrats de cette cour nomm\u00e9s par lui; assemblait les \u00c9tats, levait des aim\u00e9es et convoquait l&rsquo;arri\u00e8re-ban pour la d\u00e9fense du pays; en un mot avait le gouvernement absolu, sauf la direction des finances et la disposition du domaine royal. Mais, en ao\u00fbt 1641, le roi Louis XIII r\u00e9voqua tous ces privil\u00e8ges exorbitants, ne laissant subsister que celui d&rsquo;assister aux s\u00e9ances du Parlement. Disons aussi que jusque vers le milieu du XVI<sup>e<\/sup> si\u00e8cle cette charge fut effectivement remplie par les titulaires, qui r\u00e9sidaient \u00e0 la C\u00f4te-Saint-Andr\u00e9; mais qu&rsquo;\u00e0 cette \u00e9poque elle devint, comme tant d&rsquo;autres, une opulente sin\u00e9cure, le gouvernement \u00e9tant exerc\u00e9 par un second officier, appel\u00e9 lieutenant de roi, puis lieutenant g\u00e9n\u00e9ral, qui lui-m\u00eame finit par se faire remplacer quant aux devoirs de sa charge, dont il gardait, bien entendu, les \u00e9moluments, par un commandant de la province. Au dernier si\u00e8cle, la charge de gouverneur de Dauphin\u00e9 \u00e9tait estim\u00e9e rapporter 60 000 livres par an.<\/p>\n\n\n\n<p class=\"has-medium-font-size\" id=\"lieutenantgeneral\"><strong>(2)<\/strong> <em>Lieutenant g\u00e9n\u00e9ral <\/em>&#8211;  A diverses \u00e9poques, notamment pendant les guerres de religion, on voit le gouverneur de la province ou son lieutenant g\u00e9n\u00e9ral confier \u00e0 des lieutenants le gouvernement militaire de certaines contr\u00e9es. Un \u00e9dit royal de f\u00e9vrier 1692 \u00e9tablit d&rsquo;une mani\u00e8re permanente, sous le nom de lieutenants de roi, des officiers de cette nature. Il devait y en avoir quatre en Dauphin\u00e9 : un pour le Graisivaudan et le Brian\u00e7onnais, un pour le Viennois, un pour le Valentinois, le Diois et les Baronnies et le quatri\u00e8me pour le Gapen\u00e7ais et l&rsquo;Embrunais.<\/p>\n\n\n\n<p class=\"has-medium-font-size\" id=\"gouverneurs\"><strong>(3)<\/strong> <em>Gouverneur<\/em>s &#8211; Sous les premiers Dauphins et m\u00eame longtemps apr\u00e8s l&rsquo;union du Dauphin\u00e9 \u00e0 la France, le gouvernement des villes et autres lieux fortifi\u00e9s d\u00e9pendant imm\u00e9diatement du fief delphinal \u00e9tait confi\u00e9 \u00e0 des gentilshommes, qui, sous le nom de ch\u00e2telain, auquel s&rsquo;ajoutait quelquefois celui de capitaine, y pratiquaient le commandement militaire et la perception des revenus du souverain, dont ils \u00e9manaient. Plus tard, les perfectionnements apport\u00e9s dans l&rsquo;art de la guerre ayant accru l&rsquo;importance des places fortes en en diminuant le nombre, ces officiers, dont les attributions devinrent alors exclusivement militaires, furent appel\u00e9s gouverneurs, tandis que la d\u00e9nomination de ch\u00e2telain fut appliqu\u00e9e aux magistrats inf\u00e9rieurs pr\u00e9pos\u00e9s dans chaque terre \u00e0 la garde des droits seigneuriaux. Quant au nombre des places fortes, il a grandement vari\u00e9 suivant les circonstances.<\/p>\n\n\n\n<p class=\"has-medium-font-size\">Dans le principe, la fr\u00e9quence des conflits arm\u00e9s avait fait de tout ch\u00e2teau une place forte; plus tard, les guerres civiles du XVI<sup>e<\/sup> si\u00e8cle affirm\u00e8rent encore l&rsquo;importance des lieux susceptibles de d\u00e9fense, et l&rsquo;on vit alors de simples bourgs, comme Morestel et Cr\u00e9mieu, des villages, tels que Grane, Puy-Saint-Martin et Pontaix, command\u00e9s par un gouverneur. Mais la plupart des fortifications ayant \u00e9t\u00e9 d\u00e9molies \u00e0 la paix, on ne conserva ou plut\u00f4t on n&rsquo;institua des gouvernements militaires que dans les places fronti\u00e8res et les villes qui, bien que d\u00e9pourvues de fortifications avaient cependant une importance strat\u00e9gique comme centres de population. Chacun de ces gouvernements de place comprenait, outre le gouverneur, dont la charge n&rsquo;\u00e9tait le plus souvent qu&rsquo;une sin\u00e9cure donn\u00e9e comme r\u00e9compense \u00e0 un officier sup\u00e9rieur ou par faveur \u00e0 un fils de grande famille, un lieutenant de roi, appel\u00e9 plus tard commandant, et un major.<br><br><\/p>\n\n\n\n<p><\/p>\n\n\n\n<p class=\"has-text-align-center has-medium-font-size\" id=\"XXetatdelanoblesse\"><strong><strong>XX.<\/strong><em><strong> <\/strong><\/em>\u00c9TAT DE LA NOBLESSE<\/strong><br><br><\/p>\n\n\n\n<p><\/p>\n\n\n\n<p class=\"has-text-align-center has-medium-font-size\"><br>Un titre de noblesse est soit un titre h\u00e9rit\u00e9 par des personnes de condition noble, soit un titre conf\u00e9rant la noblesse. Il correspond \u00e0 l&rsquo;origine \u00e0 l&rsquo;exercice de fonctions d&rsquo;autorit\u00e9 d\u00e9l\u00e9gu\u00e9es de celles du souverain&nbsp;: militaires ou judiciaires. D&rsquo;abord attach\u00e9 \u00e0 l&rsquo;exercice de cette autorit\u00e9 sur une population ou un peuple, &nbsp;\u00e0 partir du XII<sup>e<\/sup>&nbsp;si\u00e8cle, il devient attach\u00e9 au nom de la circonscription territoriale sur laquelle il s&rsquo;exer\u00e7ait (duch\u00e9, comt\u00e9, vicomt\u00e9, baronnie, et<strong>c. .<\/strong><\/p>\n\n\n\n<p class=\"has-medium-font-size\">Le Dauphin\u00e9 renferme 1059 familles nobles, ainsi r\u00e9parties :<\/p>\n\n\n\n<p class=\"has-medium-font-size\">235 dans le Graisivaudan et la ville de Grenoble,<\/p>\n\n\n\n<p class=\"has-medium-font-size\">224 dans le Viennois,<\/p>\n\n\n\n<p class=\"has-medium-font-size\">133 dans le bailliage de Saint-Marcellin,<\/p>\n\n\n\n<p class=\"has-medium-font-size\">58 dans la s\u00e9n\u00e9chauss\u00e9e de Valence,<\/p>\n\n\n\n<p class=\"has-medium-font-size\">109 dans la s\u00e9n\u00e9chauss\u00e9e de Mont\u00e9limar et autant dans celle de Crest,<\/p>\n\n\n\n<p class=\"has-medium-font-size\">64 dans le bailliage du Buis,<\/p>\n\n\n\n<p class=\"has-medium-font-size\">15 dans le Brian\u00e7onnais,<\/p>\n\n\n\n<p class=\"has-medium-font-size\">23 dans l&rsquo;Embrunais<\/p>\n\n\n\n<p class=\"has-medium-font-size\">92 dans le Gapen\u00e7ais.<br><br><br><\/p>\n\n\n\n<p class=\"has-text-align-center has-medium-font-size\" id=\"XXIduchesetautresterrestitrees\"><strong><strong>XXI.<\/strong><em><strong> <\/strong><\/em>DUCH\u00c9S ET AUTRES TERRES TITR\u00c9ES<\/strong><br><br><\/p>\n\n\n\n<p><\/p>\n\n\n\n<p class=\"has-medium-font-size\"><strong><em>Le duch\u00e9 de Valentinois et Diois<\/em><\/strong> fut d&rsquo;abord \u00e9rig\u00e9 en faveur de C\u00e9sar de Borgia, fils naturel d&rsquo;Alexandre VI, par lettres renouvel\u00e9es au profit de Diane de Poitiers le 8 octobre 1548, puis en mars 1642 pour Honor\u00e9 de Grimaldi, prince de Monaco. De ce duch\u00e9 d\u00e9pendent les villes de Romans, Crest, le Buis, Mont\u00e9limar, Chabeuil et quelques autres terres et seigneuries . Honor\u00e9 II<strong> <\/strong>de Grimaldi, prince de Monaco,ayant chass\u00e9 les Espagnols de sa principaut\u00e9 en 1641, ceux-ci confisqu\u00e8rent tons les biens qu&rsquo;il avait an royaume de Naples, et c&rsquo;est pour l&rsquo;indemniser de cette perte que le roi Louis XIII lui donna, avec le comt\u00e9 de Carlad\u00e9s et la baronnie de Calvinet en Auvergne, le Valentinois, \u00e9rig\u00e9 en duch\u00e9-pairie, que ses descendants ont poss\u00e9d\u00e9 jusqu&rsquo;\u00e0 la R\u00e9volution, et dont l&rsquo;h\u00e9ritier pr\u00e9somptif de Monaco porte encore le titre. Ajoutons que l&rsquo;arri\u00e8re-petit-fils d&rsquo;Honor\u00e9 II, Antoine Grimaldi, ayant, faute d&rsquo;enfant m\u00e2le, mari\u00e9 sa fille a\u00een\u00e9e, Louise-Hippolyte, h\u00e9riti\u00e8re de la principaut\u00e9 de Monaco, avec Jacques-Fran\u00e7ois \u00c9l\u00e9onor de Matignon, comte de Thorigny, \u00e0 charge par ce dernier de prendre le titre de due de Valentinois et le nom et les armes de Grimaldi, Louis XV lui accorda de nouvelles lettres d&rsquo;\u00e9rection en duch\u00e9-pairie au mois de d\u00e9cembre 1715.<\/p>\n\n\n\n<p class=\"has-medium-font-size\"><em><strong>Les baronnies<\/strong><\/em>&nbsp;: Il semble ne plus y avoir de baronnies en Dr\u00f4me r\u00e9pertori\u00e9es en 1698. Les Baronnies tirent leur nom des Barons de M\u00e9vouillon et de Montauban qui, du XI<sup>e<\/sup> au XIII<sup>e<\/sup>&nbsp;si\u00e8cle, avaient acquis une certaine ind\u00e9pendance sous la suzerainet\u00e9 lointaine de l&rsquo;Empereur. Ces deux seigneuries furent d\u00e9finitivement annex\u00e9es au Dauphin\u00e9 de Viennois en 1315 et 1317, avant d&rsquo;\u00eatre c\u00e9d\u00e9es, comme partie de cette principaut\u00e9, au royaume de France en 1349. Toutefois, un assez grand nombre d&rsquo;autres terres ont port\u00e9 le titre de baronnie, mais on ne conna\u00eet pas les lettres d&rsquo;\u00e9rection s&rsquo;il y en a eu, telles celles de Cr\u00e9pol appartenant aux Clermont, Aix en Diois aux La Tour-Gouvernet, Lus aux Armand, la Rochebaudin aux seigneurs de Montoison, etc. Actuellement seule l\u2019appellation en est rest\u00e9e.<\/p>\n\n\n\n<p class=\"has-medium-font-size\">Toutefois Cl\u00e9rieux en la s\u00e9n\u00e9chauss\u00e9e de Valence portait le titre de baronnie pendant que la maison de Poitiers, comte de Valentinois, poss\u00e9dait cette terre, mais on n&rsquo;en trouve pas l&rsquo;\u00e9rection ; est compos\u00e9e des paroisses de Cl\u00e9rieux, Veaunes, Marsaz, Miribel de Valcl\u00e9rieux, Chavannes, Chanos et Curson ; les terres de Claveyson, Montchenu, de Bathernay, de Marg\u00e8s et de Larnage en sont mouvantes.<br><\/p>\n\n\n\n<p class=\"has-medium-font-size\"><strong><em><strong>Les <\/strong><\/em><\/strong><em><strong>marquisats en Dr\u00f4me <\/strong><\/em>sont&nbsp;:<br><\/p>\n\n\n\n<p class=\"has-medium-font-size\"><strong>Montbrun, <\/strong>au bailliage du Buis, \u00e9rig\u00e9 en 1690 en faveur de Jean Dupuy seigneur de Montbrun, lequel comprend Montbrun, Ferrassi\u00e8res et quelques autres terres. (<a href=\"https:\/\/aouste-a-coeur.fr\/les-du-puy-montbrun\/\">https:\/\/aouste-a-coeur.fr\/les-du-puy-montbrun\/<\/a> )<\/p>\n\n\n\n<p class=\"has-medium-font-size\">La Garde, en la s\u00e9n\u00e9chauss\u00e9e de Mont\u00e9limar, \u00e9rig\u00e9 en faveur de Louis Escalin des Aimars au mois de septembre 1656 et compos\u00e9 du seul mandement de la Garde, dont est mouvante la terre de la B\u00e2tie-Rolland.<\/p>\n\n\n\n<p class=\"has-medium-font-size\">Chabrillan, dans la s\u00e9n\u00e9chauss\u00e9e de Crest, \u00e9rig\u00e9 en octobre 1674 en faveur de Joseph de Moreton et compos\u00e9 de Chabrillan, Chaumiane et autres terres.<\/p>\n\n\n\n<p class=\"has-medium-font-size\"><strong>Bourg-l\u00e8s-Valence, <\/strong>en la s\u00e9n\u00e9chauss\u00e9e de Valence, \u00e9rig\u00e9 en 1697 pour le sieur de Veynes du Pray.<\/p>\n\n\n\n<p class=\"has-medium-font-size\">La Baume-d&rsquo;Hostun, terre de M. le comte de Tallard, appel\u00e9e marquisat, mais dont l&rsquo;\u00e9rection ne se trouve pas.<\/p>\n\n\n\n<p class=\"has-medium-font-size\">La Charce, comprenant la terre de ce nom et celle de Cornillon (Dr\u00f4me), \u00e9rig\u00e9 en mai 1619, pour Ren\u00e9 de La Tour, seigneur de Gouvernet.<\/p>\n\n\n\n<p class=\"has-medium-font-size\"><strong>Vach\u00e8res <\/strong>(commune de Montclar, Dr\u00f4me), \u00e9rig\u00e9 en juin 1688, pour Guillaume-Philippe de Grammont, gouverneur de Crest.<\/p>\n\n\n\n<p class=\"has-medium-font-size\">Pluvinel, c&rsquo;est-\u00e0-dire la terre de la Rochette (canton de Crest-Nord), \u00e9rig\u00e9e en marquisat sous le nom de Pluvinel par lettres de juin 1693, au profit de Joseph de La Baume-Pluvinel, conseiller au Parlement.<\/p>\n\n\n\n<p class=\"has-medium-font-size\"><strong>Soyans,<\/strong> \u00e9rig\u00e9 en juillet 1717, pour Antoine de La Tour, seigneur de Montauban.<\/p>\n\n\n\n<p class=\"has-medium-font-size\"><strong>Montan\u00e8gue <\/strong>ou Montan\u00e8gre, marquisat compos\u00e9 des terres de Saint-Nazaire-le-D\u00e9sert, Petit-Paris, Gumiane et Guisans, poss\u00e9d\u00e9 avec ce titre par la famille d&rsquo;Eurre d\u00e8s 1675, mais dont on ignore la date d&rsquo;\u00e9rection.<\/p>\n\n\n\n<p class=\"has-medium-font-size\"><strong>Esparron<\/strong>, c&rsquo;est-\u00e0-dire Nonni\u00e8res, Glandage et Men\u00e9e, poss\u00e9d\u00e9s vers la fin du XVII<sup>e<\/sup> si\u00e8cle, sous le nom de marquisat d&rsquo;Esparron, par la famille de Simiane.<br><\/p>\n\n\n\n<p class=\"has-medium-font-size\"><strong><em><strong>Les <\/strong><\/em><\/strong><em><strong>comt\u00e9s<\/strong><\/em><br><\/p>\n\n\n\n<p class=\"has-medium-font-size\">Dans la Dr\u00f4me on a&nbsp;:<br><\/p>\n\n\n\n<p class=\"has-medium-font-size\"><strong>Suze-la-Rousse, en<\/strong><strong><\/strong>la s\u00e9n\u00e9chauss\u00e9e de Mont\u00e9limar, \u00e9rig\u00e9 en 1697 au profit de Louis-Fran\u00e7ois de La Baume.<\/p>\n\n\n\n<p class=\"has-medium-font-size\"><strong>Montelier,<\/strong><strong><\/strong>en la s\u00e9n\u00e9chauss\u00e9e de Valence, \u00e9rig\u00e9 en faveur du marquis de Sassenage et poss\u00e9d\u00e9 par le comte du m\u00eame nom, capitaine d&rsquo;une compagnie de gendarmerie et l&rsquo;un des premiers gentilshommes de la chambre de Monsieur fr\u00e8re du roi.<\/p>\n\n\n\n<p class=\"has-medium-font-size\"><strong>Saint-Vallier,<\/strong><strong><\/strong>au bailliage de Saint-Marcellin, terre consid\u00e9rable qui appartenait autrefois aux comtes de Valentinois de la maison de Poitiers et dont Diane de Poitiers prit la premi\u00e8re le litre de comtesse, mais dont on ne trouve point l&rsquo;\u00e9rection. Elle est aujourd&rsquo;hui poss\u00e9d\u00e9e par M. le comte de Saint-Vallier<\/p>\n\n\n\n<p class=\"has-medium-font-size\"><strong><em><strong>Quatre vicomt\u00e9s<\/strong><\/em> sont recens\u00e9es en<\/strong> Dauphin\u00e9 ( Tallard, Clermont en Tri\u00e8ves, Saint-Priest et Les Aveni\u00e8res) mais aucunes dans la Dr\u00f4me<strong><em>.<\/em><\/strong><br><\/p>\n\n\n\n<p class=\"has-text-align-center has-medium-font-size\"><br><br><\/p>\n\n\n<div class=\"wp-block-image\">\n<figure class=\"aligncenter size-full\"><img decoding=\"async\" width=\"178\" height=\"183\" src=\"https:\/\/histoire-patrimoine-aoustois.fr\/wp-content\/uploads\/2022\/12\/rues-27.jpg\" alt=\"\" class=\"wp-image-7627\"\/><\/figure>\n<\/div>\n\n\n<p class=\"has-medium-font-size\" id=\"jeanetiennebouchu\"><br><br><br><\/p>\n\n\n\n<p class=\"has-medium-font-size\" id=\"jeanetiennebouchu\"><strong>Jean-\u00c9tienne Bouchu<\/strong> est le fils de Claude Bouchu, intendant de Bourgogne, n\u00e9 le 23 septembre 1655 \u00e0 Dijon. Il est intendant de Dauphin\u00e9 entre 1686 et 1705. Il \u00e9pouse le 2 septembre 1683 \u00c9lisabeth Rouill\u00e9 du Coudray, ce qui le faisait le beau-fr\u00e8re du duc de Richelieu. Il est aussi marquis de Sancergues (Cher), marquis de Lessart (Sa\u00f4ne-et-Loire), conseiller au parlement de Metz, ma\u00eetre des requ\u00eates (1685) , Conseiller d&rsquo;\u00e9tat (1702) et a \u00e9t\u00e9 intendant des arm\u00e9es en Italie. Il a \u00e9t\u00e9 intendant du Dauphin\u00e9 \u00e0 partir de 1686 jusqu&rsquo;\u00e0 sa disgr\u00e2ce pour une obscure affaire galante et sa d\u00e9mission de l&rsquo;intendance en 1705. Il se retira alors \u00e0 Paray-le-Monial vivant comme un simple bourgeois jusqu&rsquo;\u00e0 son d\u00e9c\u00e8s le 5 d\u00e9cembre 1715 \u00e0 Tournus.<\/p>\n\n\n\n<p class=\"has-medium-font-size\">Voici comment en parle Saint Simon:<\/p>\n\n\n\n<p class=\"has-medium-font-size\"><br><em>&#8230;Puisque j&rsquo;ai parl\u00e9 de Bouchu, il faut que j&rsquo;ach\u00e8ve l&rsquo;\u00e9trange singularit\u00e9 qu&rsquo;il donna en spectacle, autant qu&rsquo;un homme de son \u00e9tat en peut donner. C&rsquo;\u00e9tait un homme qui avait eu une figure fort aimable, et dont l&rsquo;esprit, qui l&rsquo;\u00e9tait encore plus, le demeura toujours. Il en avait beaucoup, et facile au travail, et fertile en exp\u00e9dients. Il avait \u00e9t\u00e9 intendant de l&rsquo;arm\u00e9e de Dauphin\u00e9, de Savoie et d&rsquo;Italie, toute l&rsquo;autre guerre et celle-ci. Il s&rsquo;y \u00e9tait cruellement enrichi, et il avait \u00e9t\u00e9 reconnu trop tard, non du public, mais du minist\u00e8re; homme d&rsquo;ailleurs fort galant et de tr\u00e8s bonne compagnie. Lui et sa femme qui \u00e9tait Rouill\u00e9, s\u0153ur de la derni\u00e8re duchesse de Richelieu, et de la femme de Bullion, se passaient tr\u00e8s bien l&rsquo;un de l&rsquo;autre. Elle \u00e9tait toujours demeur\u00e9e \u00e0 Paris, o\u00f9 il \u00e9tait peu touch\u00e9 de la venir rejoindre, et peu flatt\u00e9 d&rsquo;aller \u00e0 des bureaux et au conseil, apr\u00e8s avoir pass\u00e9 tant d&rsquo;ann\u00e9es dans un emploi plus brillant et plus amusant. N\u00e9anmoins il n&rsquo;avait pu r\u00e9sister \u00e0 la n\u00e9cessit\u00e9 d&rsquo;un retour honn\u00eate, et il avait mieux aim\u00e9 demander que de se laisser rappeler. Il partit pour ce retour le plus tard qu&rsquo;il lui fut possible, et s&rsquo;achemina aux plus petites journ\u00e9es qu&rsquo;il put. Passant \u00e0 Paray , terre des abb\u00e9s de Cluni, assez pr\u00e8s de cette abbaye, il y s\u00e9journa. Pour abr\u00e9ger, il y demeura deux mois dans l&rsquo;h\u00f4tellerie. Je ne sais quel d\u00e9mon l&rsquo;y fixa, mais il y acheta une place, et, sans sortir du lieu, il s&rsquo;y b\u00e2tit une maison, s&rsquo;y accommoda un jardin, s&rsquo;y \u00e9tablit et n&rsquo;en sortit jamais depuis, en sorte qu&rsquo;il y passa plusieurs ann\u00e9es, et y mourut sans qu&rsquo;il y e\u00fbt \u00e9t\u00e9 possible \u00e0 ses amis ni \u00e0 sa famille de l&rsquo;en tirer. Il n&rsquo;y avait, ni dans le voisinage, aucun autre bien que cette maison, qu&rsquo;il s&rsquo;y \u00e9tait b\u00e2tie; il n&rsquo;y connaissait personne, ni l\u00e0 autour auparavant. Il y v\u00e9cut avec des gens du lieu et du pays, et leur faisait tr\u00e8s bonne ch\u00e8re, comme un simple bourgeois de Paray&#8230;.<\/em><\/p>\n\n\n\n<p><\/p>\n\n\n\n<p><strong><em>Source&nbsp;: gallica.bnf.fr \/ Biblioth\u00e8que nationale <\/em><\/strong>de France<\/p>\n\n\n\n<p><\/p>\n\n\n\n<p><\/p>\n\n\n\n<p><\/p>\n","protected":false},"excerpt":{"rendered":"<p>La Dr\u00f4me en 1698 Sommaire I. Histoire et g\u00e9ographie II.Villes et bourgs III. Routes et ponts IV. Population V. Foires et march\u00e9s VI. Commerce et industrie VIl. Tailles et gabelles VIII. Douanes et p\u00e9ages IX. Domaine X. Parlement XI. Pr\u00e9sidial de Valence XII. Bailliages et s\u00e9n\u00e9chauss\u00e9es XIII. Judicatures royales, \u00e9piscopales et seigneuriales XIV. Chambre des [&hellip;]<\/p>\n","protected":false},"author":1,"featured_media":0,"comment_status":"open","ping_status":"open","sticky":false,"template":"","format":"standard","meta":{"_jetpack_memberships_contains_paid_content":false,"footnotes":"","jetpack_publicize_message":"","jetpack_publicize_feature_enabled":true,"jetpack_social_post_already_shared":true,"jetpack_social_options":{"image_generator_settings":{"template":"highway","default_image_id":0,"font":"","enabled":false},"version":2}},"categories":[11],"tags":[],"class_list":["post-8691","post","type-post","status-publish","format-standard","hentry","category-chroniques-dromoises","entry"],"yoast_head":"<!-- This site is optimized with the Yoast SEO plugin v27.4 - https:\/\/yoast.com\/product\/yoast-seo-wordpress\/ -->\n<title>LE DEPARTEMENT DE LA DR\u00d4ME EN 1698 - HISTOIRE PATRIMOINE AOUSTOIS<\/title>\n<meta name=\"description\" content=\"Comment Etienne-Jean Bouchu, Intendant de Dauphin\u00e9 voyait la Dr\u00f4me en 1698 et sa topographie, son histoire, son commerce, son industrie et ses institutions...\" \/>\n<meta name=\"robots\" content=\"index, follow, max-snippet:-1, max-image-preview:large, max-video-preview:-1\" \/>\n<link rel=\"canonical\" href=\"https:\/\/histoire-patrimoine-aoustois.fr\/?p=8691\" \/>\n<meta property=\"og:locale\" content=\"fr_FR\" \/>\n<meta property=\"og:type\" content=\"article\" \/>\n<meta property=\"og:title\" content=\"LE DEPARTEMENT DE LA DR\u00d4ME EN 1698 - HISTOIRE PATRIMOINE AOUSTOIS\" \/>\n<meta property=\"og:description\" content=\"Comment Etienne-Jean Bouchu, Intendant de Dauphin\u00e9 voyait la Dr\u00f4me en 1698 et sa topographie, son histoire, son commerce, son industrie et ses institutions...\" \/>\n<meta property=\"og:url\" content=\"https:\/\/histoire-patrimoine-aoustois.fr\/?p=8691\" \/>\n<meta property=\"og:site_name\" content=\"HISTOIRE PATRIMOINE AOUSTOIS\" \/>\n<meta property=\"article:published_time\" content=\"2023-11-30T16:20:53+00:00\" \/>\n<meta property=\"article:modified_time\" content=\"2023-11-30T16:39:35+00:00\" \/>\n<meta property=\"og:image\" content=\"https:\/\/histoire-patrimoine-aoustois.fr\/wp-content\/uploads\/2023\/11\/drome-1698-titre-memoires.jpg\" \/>\n<meta name=\"author\" content=\"c.grangeon@orange.fr\" \/>\n<meta name=\"twitter:card\" content=\"summary_large_image\" \/>\n<meta name=\"twitter:label1\" content=\"\u00c9crit par\" \/>\n\t<meta name=\"twitter:data1\" content=\"c.grangeon@orange.fr\" \/>\n\t<meta name=\"twitter:label2\" content=\"Dur\u00e9e de lecture estim\u00e9e\" \/>\n\t<meta name=\"twitter:data2\" content=\"195 minutes\" \/>\n<script type=\"application\/ld+json\" class=\"yoast-schema-graph\">{\"@context\":\"https:\\\/\\\/schema.org\",\"@graph\":[{\"@type\":\"Article\",\"@id\":\"https:\\\/\\\/histoire-patrimoine-aoustois.fr\\\/?p=8691#article\",\"isPartOf\":{\"@id\":\"https:\\\/\\\/histoire-patrimoine-aoustois.fr\\\/?p=8691\"},\"author\":{\"name\":\"c.grangeon@orange.fr\",\"@id\":\"https:\\\/\\\/histoire-patrimoine-aoustois.fr\\\/#\\\/schema\\\/person\\\/37a62d238dcee0c26cbd84b5b753e806\"},\"headline\":\"LE DEPARTEMENT DE LA DR\u00d4ME EN 1698\",\"datePublished\":\"2023-11-30T16:20:53+00:00\",\"dateModified\":\"2023-11-30T16:39:35+00:00\",\"mainEntityOfPage\":{\"@id\":\"https:\\\/\\\/histoire-patrimoine-aoustois.fr\\\/?p=8691\"},\"wordCount\":40798,\"commentCount\":0,\"publisher\":{\"@id\":\"https:\\\/\\\/histoire-patrimoine-aoustois.fr\\\/#organization\"},\"image\":{\"@id\":\"https:\\\/\\\/histoire-patrimoine-aoustois.fr\\\/?p=8691#primaryimage\"},\"thumbnailUrl\":\"https:\\\/\\\/histoire-patrimoine-aoustois.fr\\\/wp-content\\\/uploads\\\/2023\\\/11\\\/drome-1698-titre-memoires.jpg\",\"articleSection\":[\"chroniques dromoises\"],\"inLanguage\":\"fr-FR\",\"potentialAction\":[{\"@type\":\"CommentAction\",\"name\":\"Comment\",\"target\":[\"https:\\\/\\\/histoire-patrimoine-aoustois.fr\\\/?p=8691#respond\"]}]},{\"@type\":\"WebPage\",\"@id\":\"https:\\\/\\\/histoire-patrimoine-aoustois.fr\\\/?p=8691\",\"url\":\"https:\\\/\\\/histoire-patrimoine-aoustois.fr\\\/?p=8691\",\"name\":\"LE DEPARTEMENT DE LA DR\u00d4ME EN 1698 - HISTOIRE PATRIMOINE AOUSTOIS\",\"isPartOf\":{\"@id\":\"https:\\\/\\\/histoire-patrimoine-aoustois.fr\\\/#website\"},\"primaryImageOfPage\":{\"@id\":\"https:\\\/\\\/histoire-patrimoine-aoustois.fr\\\/?p=8691#primaryimage\"},\"image\":{\"@id\":\"https:\\\/\\\/histoire-patrimoine-aoustois.fr\\\/?p=8691#primaryimage\"},\"thumbnailUrl\":\"https:\\\/\\\/histoire-patrimoine-aoustois.fr\\\/wp-content\\\/uploads\\\/2023\\\/11\\\/drome-1698-titre-memoires.jpg\",\"datePublished\":\"2023-11-30T16:20:53+00:00\",\"dateModified\":\"2023-11-30T16:39:35+00:00\",\"description\":\"Comment Etienne-Jean Bouchu, Intendant de Dauphin\u00e9 voyait la Dr\u00f4me en 1698 et sa topographie, son histoire, son commerce, son industrie et ses institutions...\",\"breadcrumb\":{\"@id\":\"https:\\\/\\\/histoire-patrimoine-aoustois.fr\\\/?p=8691#breadcrumb\"},\"inLanguage\":\"fr-FR\",\"potentialAction\":[{\"@type\":\"ReadAction\",\"target\":[\"https:\\\/\\\/histoire-patrimoine-aoustois.fr\\\/?p=8691\"]}]},{\"@type\":\"ImageObject\",\"inLanguage\":\"fr-FR\",\"@id\":\"https:\\\/\\\/histoire-patrimoine-aoustois.fr\\\/?p=8691#primaryimage\",\"url\":\"https:\\\/\\\/histoire-patrimoine-aoustois.fr\\\/wp-content\\\/uploads\\\/2023\\\/11\\\/drome-1698-titre-memoires.jpg\",\"contentUrl\":\"https:\\\/\\\/histoire-patrimoine-aoustois.fr\\\/wp-content\\\/uploads\\\/2023\\\/11\\\/drome-1698-titre-memoires.jpg\",\"width\":520,\"height\":691},{\"@type\":\"BreadcrumbList\",\"@id\":\"https:\\\/\\\/histoire-patrimoine-aoustois.fr\\\/?p=8691#breadcrumb\",\"itemListElement\":[{\"@type\":\"ListItem\",\"position\":1,\"name\":\"Accueil\",\"item\":\"https:\\\/\\\/histoire-patrimoine-aoustois.fr\\\/\"},{\"@type\":\"ListItem\",\"position\":2,\"name\":\"LE DEPARTEMENT DE LA DR\u00d4ME EN 1698\"}]},{\"@type\":\"WebSite\",\"@id\":\"https:\\\/\\\/histoire-patrimoine-aoustois.fr\\\/#website\",\"url\":\"https:\\\/\\\/histoire-patrimoine-aoustois.fr\\\/\",\"name\":\"HISTOIRE PATRIMOINE AOUSTOIS\",\"description\":\"\",\"publisher\":{\"@id\":\"https:\\\/\\\/histoire-patrimoine-aoustois.fr\\\/#organization\"},\"potentialAction\":[{\"@type\":\"SearchAction\",\"target\":{\"@type\":\"EntryPoint\",\"urlTemplate\":\"https:\\\/\\\/histoire-patrimoine-aoustois.fr\\\/?s={search_term_string}\"},\"query-input\":{\"@type\":\"PropertyValueSpecification\",\"valueRequired\":true,\"valueName\":\"search_term_string\"}}],\"inLanguage\":\"fr-FR\"},{\"@type\":\"Organization\",\"@id\":\"https:\\\/\\\/histoire-patrimoine-aoustois.fr\\\/#organization\",\"name\":\"histoire patrimoine aoustois\",\"url\":\"https:\\\/\\\/histoire-patrimoine-aoustois.fr\\\/\",\"logo\":{\"@type\":\"ImageObject\",\"inLanguage\":\"fr-FR\",\"@id\":\"https:\\\/\\\/histoire-patrimoine-aoustois.fr\\\/#\\\/schema\\\/logo\\\/image\\\/\",\"url\":\"\",\"contentUrl\":\"\",\"caption\":\"histoire patrimoine aoustois\"},\"image\":{\"@id\":\"https:\\\/\\\/histoire-patrimoine-aoustois.fr\\\/#\\\/schema\\\/logo\\\/image\\\/\"}},{\"@type\":\"Person\",\"@id\":\"https:\\\/\\\/histoire-patrimoine-aoustois.fr\\\/#\\\/schema\\\/person\\\/37a62d238dcee0c26cbd84b5b753e806\",\"name\":\"c.grangeon@orange.fr\",\"image\":{\"@type\":\"ImageObject\",\"inLanguage\":\"fr-FR\",\"@id\":\"https:\\\/\\\/secure.gravatar.com\\\/avatar\\\/cc761b3b59da1005e87bc0d8d6ae0ecd5168729c45828cb7f6f0db169d1b9b5a?s=96&d=blank&r=g\",\"url\":\"https:\\\/\\\/secure.gravatar.com\\\/avatar\\\/cc761b3b59da1005e87bc0d8d6ae0ecd5168729c45828cb7f6f0db169d1b9b5a?s=96&d=blank&r=g\",\"contentUrl\":\"https:\\\/\\\/secure.gravatar.com\\\/avatar\\\/cc761b3b59da1005e87bc0d8d6ae0ecd5168729c45828cb7f6f0db169d1b9b5a?s=96&d=blank&r=g\",\"caption\":\"c.grangeon@orange.fr\"},\"sameAs\":[\"http:\\\/\\\/histoire-patrimoine-aoustois.fr\"],\"url\":\"https:\\\/\\\/histoire-patrimoine-aoustois.fr\\\/?author=1\"}]}<\/script>\n<!-- \/ Yoast SEO plugin. -->","yoast_head_json":{"title":"LE DEPARTEMENT DE LA DR\u00d4ME EN 1698 - HISTOIRE PATRIMOINE AOUSTOIS","description":"Comment Etienne-Jean Bouchu, Intendant de Dauphin\u00e9 voyait la Dr\u00f4me en 1698 et sa topographie, son histoire, son commerce, son industrie et ses institutions...","robots":{"index":"index","follow":"follow","max-snippet":"max-snippet:-1","max-image-preview":"max-image-preview:large","max-video-preview":"max-video-preview:-1"},"canonical":"https:\/\/histoire-patrimoine-aoustois.fr\/?p=8691","og_locale":"fr_FR","og_type":"article","og_title":"LE DEPARTEMENT DE LA DR\u00d4ME EN 1698 - HISTOIRE PATRIMOINE AOUSTOIS","og_description":"Comment Etienne-Jean Bouchu, Intendant de Dauphin\u00e9 voyait la Dr\u00f4me en 1698 et sa topographie, son histoire, son commerce, son industrie et ses institutions...","og_url":"https:\/\/histoire-patrimoine-aoustois.fr\/?p=8691","og_site_name":"HISTOIRE PATRIMOINE AOUSTOIS","article_published_time":"2023-11-30T16:20:53+00:00","article_modified_time":"2023-11-30T16:39:35+00:00","og_image":[{"url":"https:\/\/histoire-patrimoine-aoustois.fr\/wp-content\/uploads\/2023\/11\/drome-1698-titre-memoires.jpg","type":"","width":"","height":""}],"author":"c.grangeon@orange.fr","twitter_card":"summary_large_image","twitter_misc":{"\u00c9crit par":"c.grangeon@orange.fr","Dur\u00e9e de lecture estim\u00e9e":"195 minutes"},"schema":{"@context":"https:\/\/schema.org","@graph":[{"@type":"Article","@id":"https:\/\/histoire-patrimoine-aoustois.fr\/?p=8691#article","isPartOf":{"@id":"https:\/\/histoire-patrimoine-aoustois.fr\/?p=8691"},"author":{"name":"c.grangeon@orange.fr","@id":"https:\/\/histoire-patrimoine-aoustois.fr\/#\/schema\/person\/37a62d238dcee0c26cbd84b5b753e806"},"headline":"LE DEPARTEMENT DE LA DR\u00d4ME EN 1698","datePublished":"2023-11-30T16:20:53+00:00","dateModified":"2023-11-30T16:39:35+00:00","mainEntityOfPage":{"@id":"https:\/\/histoire-patrimoine-aoustois.fr\/?p=8691"},"wordCount":40798,"commentCount":0,"publisher":{"@id":"https:\/\/histoire-patrimoine-aoustois.fr\/#organization"},"image":{"@id":"https:\/\/histoire-patrimoine-aoustois.fr\/?p=8691#primaryimage"},"thumbnailUrl":"https:\/\/histoire-patrimoine-aoustois.fr\/wp-content\/uploads\/2023\/11\/drome-1698-titre-memoires.jpg","articleSection":["chroniques dromoises"],"inLanguage":"fr-FR","potentialAction":[{"@type":"CommentAction","name":"Comment","target":["https:\/\/histoire-patrimoine-aoustois.fr\/?p=8691#respond"]}]},{"@type":"WebPage","@id":"https:\/\/histoire-patrimoine-aoustois.fr\/?p=8691","url":"https:\/\/histoire-patrimoine-aoustois.fr\/?p=8691","name":"LE DEPARTEMENT DE LA DR\u00d4ME EN 1698 - HISTOIRE PATRIMOINE AOUSTOIS","isPartOf":{"@id":"https:\/\/histoire-patrimoine-aoustois.fr\/#website"},"primaryImageOfPage":{"@id":"https:\/\/histoire-patrimoine-aoustois.fr\/?p=8691#primaryimage"},"image":{"@id":"https:\/\/histoire-patrimoine-aoustois.fr\/?p=8691#primaryimage"},"thumbnailUrl":"https:\/\/histoire-patrimoine-aoustois.fr\/wp-content\/uploads\/2023\/11\/drome-1698-titre-memoires.jpg","datePublished":"2023-11-30T16:20:53+00:00","dateModified":"2023-11-30T16:39:35+00:00","description":"Comment Etienne-Jean Bouchu, Intendant de Dauphin\u00e9 voyait la Dr\u00f4me en 1698 et sa topographie, son histoire, son commerce, son industrie et ses institutions...","breadcrumb":{"@id":"https:\/\/histoire-patrimoine-aoustois.fr\/?p=8691#breadcrumb"},"inLanguage":"fr-FR","potentialAction":[{"@type":"ReadAction","target":["https:\/\/histoire-patrimoine-aoustois.fr\/?p=8691"]}]},{"@type":"ImageObject","inLanguage":"fr-FR","@id":"https:\/\/histoire-patrimoine-aoustois.fr\/?p=8691#primaryimage","url":"https:\/\/histoire-patrimoine-aoustois.fr\/wp-content\/uploads\/2023\/11\/drome-1698-titre-memoires.jpg","contentUrl":"https:\/\/histoire-patrimoine-aoustois.fr\/wp-content\/uploads\/2023\/11\/drome-1698-titre-memoires.jpg","width":520,"height":691},{"@type":"BreadcrumbList","@id":"https:\/\/histoire-patrimoine-aoustois.fr\/?p=8691#breadcrumb","itemListElement":[{"@type":"ListItem","position":1,"name":"Accueil","item":"https:\/\/histoire-patrimoine-aoustois.fr\/"},{"@type":"ListItem","position":2,"name":"LE DEPARTEMENT DE LA DR\u00d4ME EN 1698"}]},{"@type":"WebSite","@id":"https:\/\/histoire-patrimoine-aoustois.fr\/#website","url":"https:\/\/histoire-patrimoine-aoustois.fr\/","name":"HISTOIRE PATRIMOINE AOUSTOIS","description":"","publisher":{"@id":"https:\/\/histoire-patrimoine-aoustois.fr\/#organization"},"potentialAction":[{"@type":"SearchAction","target":{"@type":"EntryPoint","urlTemplate":"https:\/\/histoire-patrimoine-aoustois.fr\/?s={search_term_string}"},"query-input":{"@type":"PropertyValueSpecification","valueRequired":true,"valueName":"search_term_string"}}],"inLanguage":"fr-FR"},{"@type":"Organization","@id":"https:\/\/histoire-patrimoine-aoustois.fr\/#organization","name":"histoire patrimoine aoustois","url":"https:\/\/histoire-patrimoine-aoustois.fr\/","logo":{"@type":"ImageObject","inLanguage":"fr-FR","@id":"https:\/\/histoire-patrimoine-aoustois.fr\/#\/schema\/logo\/image\/","url":"","contentUrl":"","caption":"histoire patrimoine aoustois"},"image":{"@id":"https:\/\/histoire-patrimoine-aoustois.fr\/#\/schema\/logo\/image\/"}},{"@type":"Person","@id":"https:\/\/histoire-patrimoine-aoustois.fr\/#\/schema\/person\/37a62d238dcee0c26cbd84b5b753e806","name":"c.grangeon@orange.fr","image":{"@type":"ImageObject","inLanguage":"fr-FR","@id":"https:\/\/secure.gravatar.com\/avatar\/cc761b3b59da1005e87bc0d8d6ae0ecd5168729c45828cb7f6f0db169d1b9b5a?s=96&d=blank&r=g","url":"https:\/\/secure.gravatar.com\/avatar\/cc761b3b59da1005e87bc0d8d6ae0ecd5168729c45828cb7f6f0db169d1b9b5a?s=96&d=blank&r=g","contentUrl":"https:\/\/secure.gravatar.com\/avatar\/cc761b3b59da1005e87bc0d8d6ae0ecd5168729c45828cb7f6f0db169d1b9b5a?s=96&d=blank&r=g","caption":"c.grangeon@orange.fr"},"sameAs":["http:\/\/histoire-patrimoine-aoustois.fr"],"url":"https:\/\/histoire-patrimoine-aoustois.fr\/?author=1"}]}},"jetpack_publicize_connections":[],"jetpack_featured_media_url":"","jetpack_sharing_enabled":true,"_links":{"self":[{"href":"https:\/\/histoire-patrimoine-aoustois.fr\/index.php?rest_route=\/wp\/v2\/posts\/8691","targetHints":{"allow":["GET"]}}],"collection":[{"href":"https:\/\/histoire-patrimoine-aoustois.fr\/index.php?rest_route=\/wp\/v2\/posts"}],"about":[{"href":"https:\/\/histoire-patrimoine-aoustois.fr\/index.php?rest_route=\/wp\/v2\/types\/post"}],"author":[{"embeddable":true,"href":"https:\/\/histoire-patrimoine-aoustois.fr\/index.php?rest_route=\/wp\/v2\/users\/1"}],"replies":[{"embeddable":true,"href":"https:\/\/histoire-patrimoine-aoustois.fr\/index.php?rest_route=%2Fwp%2Fv2%2Fcomments&post=8691"}],"version-history":[{"count":44,"href":"https:\/\/histoire-patrimoine-aoustois.fr\/index.php?rest_route=\/wp\/v2\/posts\/8691\/revisions"}],"predecessor-version":[{"id":8760,"href":"https:\/\/histoire-patrimoine-aoustois.fr\/index.php?rest_route=\/wp\/v2\/posts\/8691\/revisions\/8760"}],"wp:attachment":[{"href":"https:\/\/histoire-patrimoine-aoustois.fr\/index.php?rest_route=%2Fwp%2Fv2%2Fmedia&parent=8691"}],"wp:term":[{"taxonomy":"category","embeddable":true,"href":"https:\/\/histoire-patrimoine-aoustois.fr\/index.php?rest_route=%2Fwp%2Fv2%2Fcategories&post=8691"},{"taxonomy":"post_tag","embeddable":true,"href":"https:\/\/histoire-patrimoine-aoustois.fr\/index.php?rest_route=%2Fwp%2Fv2%2Ftags&post=8691"}],"curies":[{"name":"wp","href":"https:\/\/api.w.org\/{rel}","templated":true}]}}