{"id":9000,"date":"2024-01-11T04:38:01","date_gmt":"2024-01-11T04:38:01","guid":{"rendered":"https:\/\/histoire-patrimoine-aoustois.fr\/?p=9000"},"modified":"2024-01-11T04:38:03","modified_gmt":"2024-01-11T04:38:03","slug":"contrat-entre-un-professeur-de-droit-et-un-magistrat-a-crest-en-1616","status":"publish","type":"post","link":"https:\/\/histoire-patrimoine-aoustois.fr\/?p=9000","title":{"rendered":"CONTRAT ENTRE UN PROFESSEUR DE DROIT ET UN MAGISTRAT A CREST EN 1616"},"content":{"rendered":"\n<p><br><br><\/p>\n\n\n\n<p class=\"has-text-align-center has-text-color has-link-color has-medium-font-size wp-elements-b386b10cc4f475b4d8d1a115c1c27b9b\" style=\"color:#2a07e3\"><strong>CONTRAT AUX TERMES DUQUEL UN PROFESSEUR DE DROIT S&rsquo;ENGAGEA A ENSEIGNER CETTE SCIENCE A UN MAGISTRAT AYANT LE GRADE DE DOCTEUR EN DROIT<\/strong> <\/p>\n\n\n\n<p class=\"has-text-align-center has-text-color has-link-color has-medium-font-size wp-elements-522b5ad91a95cba42a048adf87bc710f\" style=\"color:#2a07e3\"><strong>1<sup>er<\/sup> Juillet 16l6.<\/strong><br><\/p>\n\n\n\n<p class=\"has-medium-font-size\"><br><\/p>\n\n\n\n<p><\/p>\n\n\n\n<p class=\"has-medium-font-size\">Communication de M.Brun-Durand.<br><\/p>\n\n\n\n<p class=\"has-text-align-justify has-medium-font-size\">Sans \u00eatre d&rsquo;une grande importance, je me h\u00e2te de le reconna\u00eetre, l&rsquo;acte que voici et qui est emprunt\u00e9 aux minutes de Sim\u00e9on Valantin, notaire \u00e0 Crest, dans la premi\u00e8re moiti\u00e9 du XVIIe si\u00e8cle, m\u00e9rite, ce me semble, d&rsquo;\u00eatre signal\u00e9, parce qu&rsquo;on y trouve la constatation d&rsquo;un fait constituant un curieux trait des m\u0153urs judiciaires du temps. C&rsquo;est en effet le trait\u00e9 que fit avec un professeur de droit d&rsquo;Annonay le lieutenant particulier en la s\u00e9n\u00e9chauss\u00e9e de Crest; magistrat dont la charge \u00e9tait \u00e0 peu pr\u00e8s celle d&rsquo;un vice-pr\u00e9sident de tribunal civil d&rsquo;aujourd&rsquo;hui, et suivant lequel ce professeur devait lui enseigner la science du droit; moyennant salaire (1). Ce qui n&rsquo;a pas emp\u00each\u00e9 notre magistrat de se dire docteur en droit dans cet acte!<\/p>\n\n\n\n<p class=\"has-text-align-justify has-medium-font-size\">Comme correctif \u00e0 ce qu&rsquo;un semblable fait a d&rsquo;\u00e9trange pour nous, on peut dire que nous \u00e9tions alors sous l\u00e9 r\u00e9gime de la v\u00e9nalit\u00e9 des charges ; mais il faut ajouter, dans ce cas, que, sous le r\u00e9gime de la v\u00e9nalit\u00e9 d\u00e9s charges, tout acqu\u00e9reur de charges judiciaires ne pouvait en prendre possession qu&rsquo;apr\u00e8s avoir \u00e9t\u00e9 examin\u00e9 et trouv\u00e9 \u00ab suffisant et idoine \u00bb. Reste \u00e0 savoir ce que valaient ces examens, comme aussi le grade de docteur en droit \u00e0 cette \u00e9poque, et le trait\u00e9 que nous allons transcrire, le donn\u00e9 d&rsquo;autant plus, \u00e0, entendre, qu&rsquo;ayant \u00e9t\u00e9 pass\u00e9 publiquement, il prouve que le lieutenant particulier au si\u00e8ge d\u00e9 Crest n&rsquo;\u00e9tait pas une exception de son temps (2).<\/p>\n\n\n\n<p class=\"has-text-align-justify has-medium-font-size\">L&rsquo;an mil six cents seize et le premier jor de juillet apr\u00e8s midy, par devant moy notaire royal soubsign\u00e9 et tesmoings soubsnomm\u00e9s, estably en sa personne Monsr Me Jean Royer, docteur et professeur aux loix, de. Nonay en Viver\u00e9s (3), lequel de bon gr\u00e9, a promis pas ces presantes, \u00e0 Monsr Me Anthoyne Bruy\u00e8re (4), docteur en droit, conseiller du roy, lieutenant particulier au si\u00e8ge royal et principal de Crest (5), presant et acceptant de luy lyre et enseigner, en droit, tout ce qu&rsquo;il luy sera possible, pendant le temps d&rsquo;une ann\u00e9e, commen\u00e7ant au premier jor d&rsquo;ost (6) ou aultre terme, qui sera par eulx convenu, et \u00e0 semblable jor finissant, pour le prix de quatre cents livres de l&rsquo;Esdict (7), payable \u00e0 fin d&rsquo;ann\u00e9e, par luy sr lieutenant particulier audict sr Royer; oultre lequel ledict sr lieutenant luy bailhera une chambre dans sa maison et le nourrira \u00e0 sa table, et ledict sr Royer luy enseignera, comme, dessus, lesdictes loix. Comme aisin lesdictes parties, en ce que la chascune touche et conserv\u00e9, l&rsquo;ont pass\u00e9, promis et jur\u00e9 l&rsquo;observer, \u00e0 peyne de tous despans, dommages et int\u00e9rests, soubs, obligation de tous leurs, biens aux cours de Crest, St-Marcelin, souverain parlement et aultres dalphinalles accoustum\u00e9es, renon\u00e7ant \u00e0 tous droicts ad ce contraires. Faict et stipul\u00e9 \u00e0 Crest, dans la maison: dudict sr lieutenant, prisants Monsr Me Louis Charency (8), aussi docteur et advocat audict si\u00e8ge et Anthoyne Marbaud, clerc dudict lieu, soubsign\u00e9s avec lesdictcs parties. BRUY\u00c8RE, ROYER, CHARENCY, MARBAUD. Et moy notaire requis soubsign\u00e9,<\/p>\n\n\n\n<p class=\"has-text-align-right has-medium-font-size\">VALANTIN<\/p>\n\n\n\n<p class=\"has-text-align-justify has-medium-font-size\"><br><br><br>(1) Il est bon de faire remarquer au sujet du salaire que non seulement il s&rsquo;agit de 400livres, ce qui \u00e9tait une forte somme en 1616, mais que le professeur \u00e9tait nourri et log\u00e9, ce qui augmente sensiblement la r\u00e9tribution. (Note de M. Georges Picot, membre du Comit\u00e9.)<\/p>\n\n\n\n<p class=\"has-text-align-justify has-medium-font-size\">(2) Le fond m\u00eame du trait\u00e9 para\u00eet moins surprenant si on calcul\u00e9 que le lieutenant particulier fut en possession de la charge pendant au moins trente deux ann\u00e9es apr\u00e8s, la signature de l&rsquo;acte: Antoine Bruy\u00e8re \u00e9tait encore en fonctions en 1648, dat\u00e9 de son testament. Vraisemblablement, il venait d&rsquo;\u00eatre pourvu de la charge lorsqu&rsquo;on chercha \u00e0 lui enseigner le droit. Reste la qualit\u00e9 de docteur en droit qu&rsquo;il est impossible, d&rsquo;expliquer, ni d&rsquo;excuser. (Note de M. Georges Picot; membre du Comit\u00e9.)<\/p>\n\n\n\n<p class=\"has-medium-font-size\">(3) Annonay (Ard\u00e8che)<\/p>\n\n\n\n<p class=\"has-text-align-justify has-medium-font-size\">(4) Cet Antoine Bruy\u00e8re, qui testa le 14 mars 1648 et fut remplac\u00e9 dans sa charge de lieutenant particulier: par son fils Pons, \u00e9tait le fils d&rsquo;autre Pons Bruy\u00e8re, qui obtint en 1614 des lettres de noblesse.<\/p>\n\n\n\n<p class=\"has-medium-font-size\">(5) Crest (Dr\u00f4me).<\/p>\n\n\n\n<p class=\"has-medium-font-size\">(6) Ao\u00fbt.<\/p>\n\n\n\n<p class=\"has-medium-font-size\">(7) Environ 1000 francs de nos jours.(<em>13630 euros en 2018).<\/em><\/p>\n\n\n\n<p class=\"has-medium-font-size\">(8) Cet avocat \u00e9tait le mari de Polyx\u00e8ne Bruy\u00e8re tante ou cousine d&rsquo;Antoine<\/p>\n","protected":false},"excerpt":{"rendered":"<p>CONTRAT AUX TERMES DUQUEL UN PROFESSEUR DE DROIT S&rsquo;ENGAGEA A ENSEIGNER CETTE SCIENCE A UN MAGISTRAT AYANT LE GRADE DE DOCTEUR EN DROIT 1er Juillet 16l6. Communication de M.Brun-Durand. Sans \u00eatre d&rsquo;une grande importance, je me h\u00e2te de le reconna\u00eetre, l&rsquo;acte que voici et qui est emprunt\u00e9 aux minutes de Sim\u00e9on Valantin, notaire \u00e0 Crest, [&hellip;]<\/p>\n","protected":false},"author":1,"featured_media":0,"comment_status":"open","ping_status":"open","sticky":false,"template":"","format":"standard","meta":{"_jetpack_memberships_contains_paid_content":false,"footnotes":"","jetpack_publicize_message":"","jetpack_publicize_feature_enabled":true,"jetpack_social_post_already_shared":true,"jetpack_social_options":{"image_generator_settings":{"template":"highway","default_image_id":0,"font":"","enabled":false},"version":2}},"categories":[11],"tags":[],"class_list":["post-9000","post","type-post","status-publish","format-standard","hentry","category-chroniques-dromoises","entry"],"yoast_head":"<!-- This site is optimized with the Yoast SEO plugin v27.4 - https:\/\/yoast.com\/product\/yoast-seo-wordpress\/ -->\n<title>CONTRAT ENTRE UN PROFESSEUR DE DROIT ET UN MAGISTRAT A CREST EN 1616 - HISTOIRE PATRIMOINE AOUSTOIS<\/title>\n<meta name=\"description\" content=\"En 1616 le trait\u00e9 que fit le lieutenant particulier en la s\u00e9n\u00e9chauss\u00e9e de Crest avec avec un professeur de droit pour lui enseigner la science du droit, moyennant salaire.\" \/>\n<meta name=\"robots\" content=\"index, follow, max-snippet:-1, max-image-preview:large, max-video-preview:-1\" \/>\n<link rel=\"canonical\" href=\"https:\/\/histoire-patrimoine-aoustois.fr\/?p=9000\" \/>\n<meta property=\"og:locale\" content=\"fr_FR\" \/>\n<meta property=\"og:type\" content=\"article\" \/>\n<meta property=\"og:title\" content=\"CONTRAT ENTRE UN PROFESSEUR DE DROIT ET UN MAGISTRAT A CREST EN 1616 - HISTOIRE PATRIMOINE AOUSTOIS\" \/>\n<meta property=\"og:description\" content=\"En 1616 le trait\u00e9 que fit le lieutenant particulier en la s\u00e9n\u00e9chauss\u00e9e de Crest avec avec un professeur de droit pour lui enseigner la science du droit, moyennant salaire.\" \/>\n<meta property=\"og:url\" content=\"https:\/\/histoire-patrimoine-aoustois.fr\/?p=9000\" \/>\n<meta property=\"og:site_name\" content=\"HISTOIRE PATRIMOINE AOUSTOIS\" \/>\n<meta property=\"article:published_time\" content=\"2024-01-11T04:38:01+00:00\" \/>\n<meta property=\"article:modified_time\" content=\"2024-01-11T04:38:03+00:00\" \/>\n<meta name=\"author\" content=\"c.grangeon@orange.fr\" \/>\n<meta name=\"twitter:card\" content=\"summary_large_image\" \/>\n<meta name=\"twitter:label1\" content=\"\u00c9crit par\" \/>\n\t<meta name=\"twitter:data1\" content=\"c.grangeon@orange.fr\" \/>\n\t<meta name=\"twitter:label2\" content=\"Dur\u00e9e de lecture estim\u00e9e\" \/>\n\t<meta name=\"twitter:data2\" content=\"4 minutes\" \/>\n<script type=\"application\/ld+json\" class=\"yoast-schema-graph\">{\"@context\":\"https:\\\/\\\/schema.org\",\"@graph\":[{\"@type\":\"Article\",\"@id\":\"https:\\\/\\\/histoire-patrimoine-aoustois.fr\\\/?p=9000#article\",\"isPartOf\":{\"@id\":\"https:\\\/\\\/histoire-patrimoine-aoustois.fr\\\/?p=9000\"},\"author\":{\"name\":\"c.grangeon@orange.fr\",\"@id\":\"https:\\\/\\\/histoire-patrimoine-aoustois.fr\\\/#\\\/schema\\\/person\\\/37a62d238dcee0c26cbd84b5b753e806\"},\"headline\":\"CONTRAT ENTRE UN PROFESSEUR DE DROIT ET UN MAGISTRAT A CREST EN 1616\",\"datePublished\":\"2024-01-11T04:38:01+00:00\",\"dateModified\":\"2024-01-11T04:38:03+00:00\",\"mainEntityOfPage\":{\"@id\":\"https:\\\/\\\/histoire-patrimoine-aoustois.fr\\\/?p=9000\"},\"wordCount\":777,\"commentCount\":0,\"publisher\":{\"@id\":\"https:\\\/\\\/histoire-patrimoine-aoustois.fr\\\/#organization\"},\"articleSection\":[\"chroniques dromoises\"],\"inLanguage\":\"fr-FR\",\"potentialAction\":[{\"@type\":\"CommentAction\",\"name\":\"Comment\",\"target\":[\"https:\\\/\\\/histoire-patrimoine-aoustois.fr\\\/?p=9000#respond\"]}]},{\"@type\":\"WebPage\",\"@id\":\"https:\\\/\\\/histoire-patrimoine-aoustois.fr\\\/?p=9000\",\"url\":\"https:\\\/\\\/histoire-patrimoine-aoustois.fr\\\/?p=9000\",\"name\":\"CONTRAT ENTRE UN PROFESSEUR DE DROIT ET UN MAGISTRAT A CREST EN 1616 - HISTOIRE PATRIMOINE AOUSTOIS\",\"isPartOf\":{\"@id\":\"https:\\\/\\\/histoire-patrimoine-aoustois.fr\\\/#website\"},\"datePublished\":\"2024-01-11T04:38:01+00:00\",\"dateModified\":\"2024-01-11T04:38:03+00:00\",\"description\":\"En 1616 le trait\u00e9 que fit le lieutenant particulier en la s\u00e9n\u00e9chauss\u00e9e de Crest avec avec un professeur de droit pour lui enseigner la science du droit, moyennant salaire.\",\"breadcrumb\":{\"@id\":\"https:\\\/\\\/histoire-patrimoine-aoustois.fr\\\/?p=9000#breadcrumb\"},\"inLanguage\":\"fr-FR\",\"potentialAction\":[{\"@type\":\"ReadAction\",\"target\":[\"https:\\\/\\\/histoire-patrimoine-aoustois.fr\\\/?p=9000\"]}]},{\"@type\":\"BreadcrumbList\",\"@id\":\"https:\\\/\\\/histoire-patrimoine-aoustois.fr\\\/?p=9000#breadcrumb\",\"itemListElement\":[{\"@type\":\"ListItem\",\"position\":1,\"name\":\"Accueil\",\"item\":\"https:\\\/\\\/histoire-patrimoine-aoustois.fr\\\/\"},{\"@type\":\"ListItem\",\"position\":2,\"name\":\"CONTRAT ENTRE UN PROFESSEUR DE DROIT ET UN MAGISTRAT A CREST EN 1616\"}]},{\"@type\":\"WebSite\",\"@id\":\"https:\\\/\\\/histoire-patrimoine-aoustois.fr\\\/#website\",\"url\":\"https:\\\/\\\/histoire-patrimoine-aoustois.fr\\\/\",\"name\":\"HISTOIRE PATRIMOINE AOUSTOIS\",\"description\":\"\",\"publisher\":{\"@id\":\"https:\\\/\\\/histoire-patrimoine-aoustois.fr\\\/#organization\"},\"potentialAction\":[{\"@type\":\"SearchAction\",\"target\":{\"@type\":\"EntryPoint\",\"urlTemplate\":\"https:\\\/\\\/histoire-patrimoine-aoustois.fr\\\/?s={search_term_string}\"},\"query-input\":{\"@type\":\"PropertyValueSpecification\",\"valueRequired\":true,\"valueName\":\"search_term_string\"}}],\"inLanguage\":\"fr-FR\"},{\"@type\":\"Organization\",\"@id\":\"https:\\\/\\\/histoire-patrimoine-aoustois.fr\\\/#organization\",\"name\":\"histoire patrimoine aoustois\",\"url\":\"https:\\\/\\\/histoire-patrimoine-aoustois.fr\\\/\",\"logo\":{\"@type\":\"ImageObject\",\"inLanguage\":\"fr-FR\",\"@id\":\"https:\\\/\\\/histoire-patrimoine-aoustois.fr\\\/#\\\/schema\\\/logo\\\/image\\\/\",\"url\":\"\",\"contentUrl\":\"\",\"caption\":\"histoire patrimoine aoustois\"},\"image\":{\"@id\":\"https:\\\/\\\/histoire-patrimoine-aoustois.fr\\\/#\\\/schema\\\/logo\\\/image\\\/\"}},{\"@type\":\"Person\",\"@id\":\"https:\\\/\\\/histoire-patrimoine-aoustois.fr\\\/#\\\/schema\\\/person\\\/37a62d238dcee0c26cbd84b5b753e806\",\"name\":\"c.grangeon@orange.fr\",\"image\":{\"@type\":\"ImageObject\",\"inLanguage\":\"fr-FR\",\"@id\":\"https:\\\/\\\/secure.gravatar.com\\\/avatar\\\/cc761b3b59da1005e87bc0d8d6ae0ecd5168729c45828cb7f6f0db169d1b9b5a?s=96&d=blank&r=g\",\"url\":\"https:\\\/\\\/secure.gravatar.com\\\/avatar\\\/cc761b3b59da1005e87bc0d8d6ae0ecd5168729c45828cb7f6f0db169d1b9b5a?s=96&d=blank&r=g\",\"contentUrl\":\"https:\\\/\\\/secure.gravatar.com\\\/avatar\\\/cc761b3b59da1005e87bc0d8d6ae0ecd5168729c45828cb7f6f0db169d1b9b5a?s=96&d=blank&r=g\",\"caption\":\"c.grangeon@orange.fr\"},\"sameAs\":[\"http:\\\/\\\/histoire-patrimoine-aoustois.fr\"],\"url\":\"https:\\\/\\\/histoire-patrimoine-aoustois.fr\\\/?author=1\"}]}<\/script>\n<!-- \/ Yoast SEO plugin. -->","yoast_head_json":{"title":"CONTRAT ENTRE UN PROFESSEUR DE DROIT ET UN MAGISTRAT A CREST EN 1616 - HISTOIRE PATRIMOINE AOUSTOIS","description":"En 1616 le trait\u00e9 que fit le lieutenant particulier en la s\u00e9n\u00e9chauss\u00e9e de Crest avec avec un professeur de droit pour lui enseigner la science du droit, moyennant salaire.","robots":{"index":"index","follow":"follow","max-snippet":"max-snippet:-1","max-image-preview":"max-image-preview:large","max-video-preview":"max-video-preview:-1"},"canonical":"https:\/\/histoire-patrimoine-aoustois.fr\/?p=9000","og_locale":"fr_FR","og_type":"article","og_title":"CONTRAT ENTRE UN PROFESSEUR DE DROIT ET UN MAGISTRAT A CREST EN 1616 - HISTOIRE PATRIMOINE AOUSTOIS","og_description":"En 1616 le trait\u00e9 que fit le lieutenant particulier en la s\u00e9n\u00e9chauss\u00e9e de Crest avec avec un professeur de droit pour lui enseigner la science du droit, moyennant salaire.","og_url":"https:\/\/histoire-patrimoine-aoustois.fr\/?p=9000","og_site_name":"HISTOIRE PATRIMOINE AOUSTOIS","article_published_time":"2024-01-11T04:38:01+00:00","article_modified_time":"2024-01-11T04:38:03+00:00","author":"c.grangeon@orange.fr","twitter_card":"summary_large_image","twitter_misc":{"\u00c9crit par":"c.grangeon@orange.fr","Dur\u00e9e de lecture estim\u00e9e":"4 minutes"},"schema":{"@context":"https:\/\/schema.org","@graph":[{"@type":"Article","@id":"https:\/\/histoire-patrimoine-aoustois.fr\/?p=9000#article","isPartOf":{"@id":"https:\/\/histoire-patrimoine-aoustois.fr\/?p=9000"},"author":{"name":"c.grangeon@orange.fr","@id":"https:\/\/histoire-patrimoine-aoustois.fr\/#\/schema\/person\/37a62d238dcee0c26cbd84b5b753e806"},"headline":"CONTRAT ENTRE UN PROFESSEUR DE DROIT ET UN MAGISTRAT A CREST EN 1616","datePublished":"2024-01-11T04:38:01+00:00","dateModified":"2024-01-11T04:38:03+00:00","mainEntityOfPage":{"@id":"https:\/\/histoire-patrimoine-aoustois.fr\/?p=9000"},"wordCount":777,"commentCount":0,"publisher":{"@id":"https:\/\/histoire-patrimoine-aoustois.fr\/#organization"},"articleSection":["chroniques dromoises"],"inLanguage":"fr-FR","potentialAction":[{"@type":"CommentAction","name":"Comment","target":["https:\/\/histoire-patrimoine-aoustois.fr\/?p=9000#respond"]}]},{"@type":"WebPage","@id":"https:\/\/histoire-patrimoine-aoustois.fr\/?p=9000","url":"https:\/\/histoire-patrimoine-aoustois.fr\/?p=9000","name":"CONTRAT ENTRE UN PROFESSEUR DE DROIT ET UN MAGISTRAT A CREST EN 1616 - HISTOIRE PATRIMOINE AOUSTOIS","isPartOf":{"@id":"https:\/\/histoire-patrimoine-aoustois.fr\/#website"},"datePublished":"2024-01-11T04:38:01+00:00","dateModified":"2024-01-11T04:38:03+00:00","description":"En 1616 le trait\u00e9 que fit le lieutenant particulier en la s\u00e9n\u00e9chauss\u00e9e de Crest avec avec un professeur de droit pour lui enseigner la science du droit, moyennant salaire.","breadcrumb":{"@id":"https:\/\/histoire-patrimoine-aoustois.fr\/?p=9000#breadcrumb"},"inLanguage":"fr-FR","potentialAction":[{"@type":"ReadAction","target":["https:\/\/histoire-patrimoine-aoustois.fr\/?p=9000"]}]},{"@type":"BreadcrumbList","@id":"https:\/\/histoire-patrimoine-aoustois.fr\/?p=9000#breadcrumb","itemListElement":[{"@type":"ListItem","position":1,"name":"Accueil","item":"https:\/\/histoire-patrimoine-aoustois.fr\/"},{"@type":"ListItem","position":2,"name":"CONTRAT ENTRE UN PROFESSEUR DE DROIT ET UN MAGISTRAT A CREST EN 1616"}]},{"@type":"WebSite","@id":"https:\/\/histoire-patrimoine-aoustois.fr\/#website","url":"https:\/\/histoire-patrimoine-aoustois.fr\/","name":"HISTOIRE PATRIMOINE AOUSTOIS","description":"","publisher":{"@id":"https:\/\/histoire-patrimoine-aoustois.fr\/#organization"},"potentialAction":[{"@type":"SearchAction","target":{"@type":"EntryPoint","urlTemplate":"https:\/\/histoire-patrimoine-aoustois.fr\/?s={search_term_string}"},"query-input":{"@type":"PropertyValueSpecification","valueRequired":true,"valueName":"search_term_string"}}],"inLanguage":"fr-FR"},{"@type":"Organization","@id":"https:\/\/histoire-patrimoine-aoustois.fr\/#organization","name":"histoire patrimoine aoustois","url":"https:\/\/histoire-patrimoine-aoustois.fr\/","logo":{"@type":"ImageObject","inLanguage":"fr-FR","@id":"https:\/\/histoire-patrimoine-aoustois.fr\/#\/schema\/logo\/image\/","url":"","contentUrl":"","caption":"histoire patrimoine aoustois"},"image":{"@id":"https:\/\/histoire-patrimoine-aoustois.fr\/#\/schema\/logo\/image\/"}},{"@type":"Person","@id":"https:\/\/histoire-patrimoine-aoustois.fr\/#\/schema\/person\/37a62d238dcee0c26cbd84b5b753e806","name":"c.grangeon@orange.fr","image":{"@type":"ImageObject","inLanguage":"fr-FR","@id":"https:\/\/secure.gravatar.com\/avatar\/cc761b3b59da1005e87bc0d8d6ae0ecd5168729c45828cb7f6f0db169d1b9b5a?s=96&d=blank&r=g","url":"https:\/\/secure.gravatar.com\/avatar\/cc761b3b59da1005e87bc0d8d6ae0ecd5168729c45828cb7f6f0db169d1b9b5a?s=96&d=blank&r=g","contentUrl":"https:\/\/secure.gravatar.com\/avatar\/cc761b3b59da1005e87bc0d8d6ae0ecd5168729c45828cb7f6f0db169d1b9b5a?s=96&d=blank&r=g","caption":"c.grangeon@orange.fr"},"sameAs":["http:\/\/histoire-patrimoine-aoustois.fr"],"url":"https:\/\/histoire-patrimoine-aoustois.fr\/?author=1"}]}},"jetpack_publicize_connections":[],"jetpack_featured_media_url":"","jetpack_sharing_enabled":true,"_links":{"self":[{"href":"https:\/\/histoire-patrimoine-aoustois.fr\/index.php?rest_route=\/wp\/v2\/posts\/9000","targetHints":{"allow":["GET"]}}],"collection":[{"href":"https:\/\/histoire-patrimoine-aoustois.fr\/index.php?rest_route=\/wp\/v2\/posts"}],"about":[{"href":"https:\/\/histoire-patrimoine-aoustois.fr\/index.php?rest_route=\/wp\/v2\/types\/post"}],"author":[{"embeddable":true,"href":"https:\/\/histoire-patrimoine-aoustois.fr\/index.php?rest_route=\/wp\/v2\/users\/1"}],"replies":[{"embeddable":true,"href":"https:\/\/histoire-patrimoine-aoustois.fr\/index.php?rest_route=%2Fwp%2Fv2%2Fcomments&post=9000"}],"version-history":[{"count":1,"href":"https:\/\/histoire-patrimoine-aoustois.fr\/index.php?rest_route=\/wp\/v2\/posts\/9000\/revisions"}],"predecessor-version":[{"id":9001,"href":"https:\/\/histoire-patrimoine-aoustois.fr\/index.php?rest_route=\/wp\/v2\/posts\/9000\/revisions\/9001"}],"wp:attachment":[{"href":"https:\/\/histoire-patrimoine-aoustois.fr\/index.php?rest_route=%2Fwp%2Fv2%2Fmedia&parent=9000"}],"wp:term":[{"taxonomy":"category","embeddable":true,"href":"https:\/\/histoire-patrimoine-aoustois.fr\/index.php?rest_route=%2Fwp%2Fv2%2Fcategories&post=9000"},{"taxonomy":"post_tag","embeddable":true,"href":"https:\/\/histoire-patrimoine-aoustois.fr\/index.php?rest_route=%2Fwp%2Fv2%2Ftags&post=9000"}],"curies":[{"name":"wp","href":"https:\/\/api.w.org\/{rel}","templated":true}]}}