{"id":9500,"date":"2025-01-10T05:43:14","date_gmt":"2025-01-10T05:43:14","guid":{"rendered":"https:\/\/histoire-patrimoine-aoustois.fr\/?p=9500"},"modified":"2025-10-18T03:10:56","modified_gmt":"2025-10-18T03:10:56","slug":"les-ecoles-primaires-daouste-du-xviie-au-xixe-siecle","status":"publish","type":"post","link":"https:\/\/histoire-patrimoine-aoustois.fr\/?p=9500","title":{"rendered":"LES \u00c9COLES PRIMAIRES D&rsquo;AOUSTE DU XVIIe AU XIXe SIECLE"},"content":{"rendered":"\t\t<div data-elementor-type=\"wp-post\" data-elementor-id=\"9500\" class=\"elementor elementor-9500\">\n\t\t\t\t<div class=\"elementor-element elementor-element-4a9cac58 e-flex e-con-boxed e-con e-parent\" data-id=\"4a9cac58\" data-element_type=\"container\" data-e-type=\"container\">\n\t\t\t\t\t<div class=\"e-con-inner\">\n\t\t\t\t<div class=\"elementor-element elementor-element-2823ba1c elementor-widget elementor-widget-text-editor\" data-id=\"2823ba1c\" data-element_type=\"widget\" data-e-type=\"widget\" data-widget_type=\"text-editor.default\">\n\t\t\t\t<div class=\"elementor-widget-container\">\n\t\t\t\t\t\t\t\t\t\n<p>\u00a0<\/p>\n\n<p>\u00a0<\/p>\n\n<div id=\"ez-toc-container\" class=\"ez-toc-v2_0_82_2 counter-hierarchy ez-toc-counter ez-toc-custom ez-toc-container-direction\">\n<div class=\"ez-toc-title-container\">\n<p class=\"ez-toc-title\" style=\"cursor:inherit\">Sommaire<\/p>\n<span class=\"ez-toc-title-toggle\"><a href=\"#\" class=\"ez-toc-pull-right ez-toc-btn ez-toc-btn-xs ez-toc-btn-default ez-toc-toggle\" aria-label=\"Toggle Table of Content\"><span class=\"ez-toc-js-icon-con\"><span class=\"\"><span class=\"eztoc-hide\" style=\"display:none;\">Toggle<\/span><span class=\"ez-toc-icon-toggle-span\"><svg style=\"fill: #999;color:#999\" xmlns=\"http:\/\/www.w3.org\/2000\/svg\" class=\"list-377408\" width=\"20px\" height=\"20px\" viewBox=\"0 0 24 24\" fill=\"none\"><path d=\"M6 6H4v2h2V6zm14 0H8v2h12V6zM4 11h2v2H4v-2zm16 0H8v2h12v-2zM4 16h2v2H4v-2zm16 0H8v2h12v-2z\" fill=\"currentColor\"><\/path><\/svg><svg style=\"fill: #999;color:#999\" class=\"arrow-unsorted-368013\" xmlns=\"http:\/\/www.w3.org\/2000\/svg\" width=\"10px\" height=\"10px\" viewBox=\"0 0 24 24\" version=\"1.2\" baseProfile=\"tiny\"><path d=\"M18.2 9.3l-6.2-6.3-6.2 6.3c-.2.2-.3.4-.3.7s.1.5.3.7c.2.2.4.3.7.3h11c.3 0 .5-.1.7-.3.2-.2.3-.5.3-.7s-.1-.5-.3-.7zM5.8 14.7l6.2 6.3 6.2-6.3c.2-.2.3-.5.3-.7s-.1-.5-.3-.7c-.2-.2-.4-.3-.7-.3h-11c-.3 0-.5.1-.7.3-.2.2-.3.5-.3.7s.1.5.3.7z\"\/><\/svg><\/span><\/span><\/span><\/a><\/span><\/div>\n<nav><ul class='ez-toc-list ez-toc-list-level-1 ' ><li class='ez-toc-page-1 ez-toc-heading-level-1'><a class=\"ez-toc-link ez-toc-heading-1\" href=\"https:\/\/histoire-patrimoine-aoustois.fr\/?p=9500\/#Les_ecoles_primaires_a_Aouste_du_XVIIe_au_XIXe_siecle\" >Les \u00e9coles primaires \u00e0 Aouste du XVIIe au XIXe si\u00e8cle<\/a><ul class='ez-toc-list-level-2' ><li class='ez-toc-heading-level-2'><a class=\"ez-toc-link ez-toc-heading-2\" href=\"https:\/\/histoire-patrimoine-aoustois.fr\/?p=9500\/#Releve_des_maitres_decole_dAouste_sous_lAncien_Regime\" >Relev\u00e9 des ma\u00eetres d\u2019\u00e9cole\u00a0d\u2019Aouste sous l\u2019Ancien R\u00e9gime<\/a><\/li><li class='ez-toc-page-1 ez-toc-heading-level-2'><a class=\"ez-toc-link ez-toc-heading-3\" href=\"https:\/\/histoire-patrimoine-aoustois.fr\/?p=9500\/#Que_sest-il_passe_a_lecole_primaire_dAouste_au_XIXe_siecle\" >Que s\u2019est-il pass\u00e9 \u00e0 l\u2019\u00e9cole primaire d\u2019Aouste au XIXe si\u00e8cle\u00a0?<\/a><\/li><li class='ez-toc-page-1 ez-toc-heading-level-2'><a class=\"ez-toc-link ez-toc-heading-4\" href=\"https:\/\/histoire-patrimoine-aoustois.fr\/?p=9500\/#Des_maitres_decoles_a_Aouste_des_XVIIIe_et_XIXe_siecle\" >Des ma\u00eetres d\u2019\u00e9coles \u00e0 Aouste des XVIIIe et XIXe si\u00e8cle<\/a><\/li><li class='ez-toc-page-1 ez-toc-heading-level-2'><a class=\"ez-toc-link ez-toc-heading-5\" href=\"https:\/\/histoire-patrimoine-aoustois.fr\/?p=9500\/#Des_photos\" >Des photos<\/a><\/li><\/ul><\/li><\/ul><\/nav><\/div>\n<h1 class=\"has-text-align-center has-text-color has-link-color has-medium-font-size wp-elements-d913b0d7503b653f0f8065e63d26cd71\" style=\"color: #2207e3;\"><span class=\"ez-toc-section\" id=\"Les_ecoles_primaires_a_Aouste_du_XVIIe_au_XIXe_siecle\"><\/span><strong><br \/><br \/>Les \u00e9coles primaires \u00e0 Aouste du XVII<sup>e<\/sup> au XIX<sup>e<\/sup> si\u00e8cle<\/strong><br \/><br \/><span class=\"ez-toc-section-end\"><\/span><\/h1>\n<p>\u00a0<\/p>\n<p>\u00a0<\/p>\n<div class=\"wp-block-image\">\n<figure class=\"aligncenter size-full\"><img fetchpriority=\"high\" decoding=\"async\" class=\"alignnone wp-image-9530 size-full\" src=\"https:\/\/histoire-patrimoine-aoustois.fr\/wp-content\/uploads\/2025\/01\/ecole_communale.png\" alt=\"\" width=\"520\" height=\"277\" srcset=\"https:\/\/histoire-patrimoine-aoustois.fr\/wp-content\/uploads\/2025\/01\/ecole_communale.png 520w, https:\/\/histoire-patrimoine-aoustois.fr\/wp-content\/uploads\/2025\/01\/ecole_communale-300x160.png 300w\" sizes=\"(max-width: 520px) 100vw, 520px\" \/><\/figure>\n<\/div>\n<p class=\"has-text-align-center\"><em>\u00a0<\/em><\/p>\n\n<p>\u00a0<\/p>\n<p><span style=\"font-size: large;\"> La premi\u00e8re \u00e9cole signal\u00e9e dans les archives d\u2019Aouste sur Sye date de 1624\/1625 avec la mention de Jacques Brayetton et de Mr Bonnardel durant une p\u00e9riode de 4 mois.<\/span><\/p>\n<p>\u00a0<\/p>\n\n<p class=\"has-medium-font-size\">\u00c0 ses d\u00e9buts, la scolarisation va de pair avec la religion. Charlemagne n\u2019a jamais su \u00e9crire, mais il a appris \u00e0 lire sur le tard. Il n\u2019a pas vraiment invent\u00e9 l\u2019\u00e9cole, mais, en 789, il charge les moines de donner une instruction religieuse aux enfants.<\/p>\n\n<p class=\"has-medium-font-size\">Tr\u00e8s t\u00f4t l\u2019enseignement fut confi\u00e9 aux pr\u00eatres et religieux, seules personnes ayant quelques savoirs et habilit\u00e9es \u00e0 transmettre la bonne parole. D\u00e9j\u00e0 le concile de Latran en 1179 ordonna au clerg\u00e9 d&rsquo;instruire les enfants.<\/p>\n\n<p class=\"has-medium-font-size\">Sous l&rsquo;Ancien r\u00e9gime, <a href=\"https:\/\/aouste-a-coeur.fr\/le-maitre-decole-avant-1789\/\">l&rsquo;enseignement<\/a> \u00e9tait fait pour l&rsquo;essentiel dans le cadre familial, sous la conduite d&rsquo;un pr\u00e9cepteur, pour les familles ais\u00e9es de la noblesse ou de la bourgeoisie. Les enfants des classes populaires rurales ou urbaines ne b\u00e9n\u00e9ficiaient que des rudiments apport\u00e9s dans le cadre de l&rsquo;\u00e9cole paroissiale plac\u00e9e sous l&rsquo;autorit\u00e9 du cur\u00e9, et bien souvent \u00e0 la campagne l&rsquo;\u00e9cole n&rsquo;avait lieu qu&rsquo;en dehors des grands travaux agricoles (surtout l&rsquo;hiver) ou dans les \u00e9coles paroissiales.<\/p>\n\n<p class=\"has-medium-font-size\">L\u2019\u00e9cole est ouverte \u00e0 l\u2019ensemble des milieux sociaux mais favorise l\u2019\u00e9ducation des petits gar\u00e7ons, ainsi les filles suivent une \u00e9ducation surtout religieuse.<\/p>\n\n<p class=\"has-medium-font-size\">Au Moyen \u00c2ge, les filles ont un acc\u00e8s diff\u00e9rent \u00e0 l&rsquo;\u00e9ducation selon leur milieu social. Dans les campagnes, les filles de paysans restent travailler \u00e0 la ferme pour aider leurs parents, elles sont \u00e9duqu\u00e9es aupr\u00e8s de leur m\u00e8re qui leur apprend la couture, les pri\u00e8res principales et la broderie.<\/p>\n\n<p class=\"has-medium-font-size\">Les filles de milieu bourgeois apprennent avec leurs parents ou partent dans des couvents. Quant aux filles de classe noble, elles suivent une \u00e9ducation en monast\u00e8re, ou par un tuteur directement au ch\u00e2teau. Elles apprennent \u00e0 lire et \u00e0 \u00e9crire, conna\u00eetre leurs pri\u00e8res mais \u00e9galement des notions m\u00e9dicales et musicales pour devenir des \u00e9pouses mod\u00e8les.<\/p>\n\n<p class=\"has-medium-font-size\">L&rsquo;enseignement professionnel n\u00e9cessaire pour exercer les m\u00e9tiers de l&rsquo;artisanat qui \u00e9taient tr\u00e8s r\u00e9glement\u00e9s \u00e9tait assur\u00e9 dans le cadre des m\u00e9tiers ou corporations sous la direction du ma\u00eetre, c&rsquo;est-\u00e0-dire du patron de l&rsquo;atelier o\u00f9 l&rsquo;apprenti \u00e9tait plac\u00e9 pendant plusieurs ann\u00e9es.<\/p>\n\n<p class=\"has-medium-font-size\">L&rsquo;enseignement secondaire \u00e9tait surtout r\u00e9serv\u00e9 aux enfants de la bourgeoisie qui devaient avoir un dipl\u00f4me pour pouvoir exercer certaines fonctions en m\u00e9decine, dans le droit, ou les affaires.<\/p>\n\n<p class=\"has-medium-font-size\">\u00a0\u00a0<br \/>L&rsquo;anc\u00eatre de notre \u00e9cole actuelle est n\u00e9 vers le milieu du XVIe si\u00e8cle, avec la R\u00e9forme protestante ; luth\u00e9riens, calvinistes et r\u00e9form\u00e9s sont de fervents partisans du livre qui souhaitent lire la Bible en langue vulgaire et non en latin. La Contre-R\u00e9forme catholique va r\u00e9agir en multipliant les petites \u00e9coles qui enseignent le cat\u00e9chisme, afin de s&rsquo;opposer \u00e0 la progression protestante.<\/p>\n\n<p class=\"has-medium-font-size\">Louis XIV interdit les \u00e9coles protestantes en 1679, puis en confiant aux communes, sous le contr\u00f4le de l&rsquo;\u00e9v\u00eaque, la charge financi\u00e8re d&rsquo;une \u00e9cole gratuite d\u00e8s 1685.<\/p>\n\n<p class=\"has-medium-font-size\">C&rsquo;est d&rsquo;ailleurs cet \u00e9v\u00e9nement de la croisade contre les huguenots qui a \u00e9t\u00e9 l&rsquo;occasion des seules interventions de l&rsquo;\u00c9tat \u00e0 propos des petites \u00e9coles sous l&rsquo;Ancien R\u00e9gime. Avec l&rsquo;Ordonnance du 13 d\u00e9cembre 1698, pour la premi\u00e8re fois, le pouvoir royal l\u00e9gif\u00e8re dans un domaine qu&rsquo;il a laiss\u00e9 jusque-l\u00e0 sous la responsabilit\u00e9 exclusive des autorit\u00e9s eccl\u00e9siastiques. \u00ab\u00a0<a href=\"https:\/\/histoire-patrimoine-aoustois.fr\/?p=5409\">Les petites \u00e9coles<\/a>\u00a0\u00bb sont destin\u00e9es \u00e0 donner une instruction de base aux enfants (lire, \u00e9crire, compter), notamment Le roi Louis XIV oblige les parents de France \u00e0 envoyer leurs enfants dans les \u00e9coles paroissiales, dites \u00ab\u00a0petites \u00e9coles\u00a0\u00bb<\/p>\n\n<p class=\"has-medium-font-size\" style=\"padding-left: 40px;\"><br \/><em>D\u00e9clarations royales du 13 d\u00e9cembre 1698 et du 14 mai 1724 :<\/em><\/p>\n\n<p class=\"has-medium-font-size\"><em>\u00abVoulons, que l\u2019on \u00e9tablisse autant qu\u2019il sera possible des ma\u00eetres et des ma\u00eetresses dans toutes les paroisses o\u00f9 il n\u2019y en a point, pour instruire tous les enfants du cat\u00e9chisme et des pri\u00e8res qui sont n\u00e9cessaires et nomm\u00e9ment ceux dont les p\u00e8res et m\u00e8res ont fait profession de la religion pr\u00e9tendue r\u00e9form\u00e9e&#8230; comme aussi pour apprendre \u00e0 lire et m\u00eame \u00e0 \u00e9crire \u00e0 ceux qui pourraient en avoir besoin ; et que dans tous les lieux o\u00f9 il n\u2019y aura point d\u2019autres fonds, il puisse \u00eatre impos\u00e9 sur tous les habitants la somme qui manquera pour leur subsistance jusqu\u2019\u00e0 celle de 150 livres par an pour les ma\u00eetres, et 100 livres pour les ma\u00eetresses&#8230;<\/em><\/p>\n\n<p class=\"has-medium-font-size\"><em>Enjoignons \u00e0 tous les p\u00e8res et m\u00e8res, tuteurs et autres personnes qui sont charg\u00e9es de l\u2019\u00e9ducation des enfants, de les envoyer aux dites \u00e9coles et au cat\u00e9chisme jusqu\u2019\u00e0 l\u2019\u00e2ge de quatorze ans et nomm\u00e9ment les fils des anciens protestants&#8230;\u00bb<\/em><\/p>\n\n<p class=\"has-medium-font-size\"><em>\u00ab&#8230;enjoignons aux cur\u00e9s de veiller avec une attention particuli\u00e8re sur l\u2019instruction desdits enfants dans les paroisses&#8230; Exhortons et n\u00e9anmoins enjoignons aux \u00e9v\u00eaques de s\u2019en informer soigneusement &#8230;\u00bb<\/em><\/p>\n\n<p class=\"has-medium-font-size\">Vers la fin du XVIIe si\u00e8cle, la majorit\u00e9 des \u00e9coles de gar\u00e7ons \u00e9taient tenues par les vicaires ou par les cur\u00e9s. Au d\u00e9but du XVIll<sup>e<\/sup> si\u00e8cle, la diminution progressive du nombre des eccl\u00e9siastiques, obligeait les paroissiens et les cur\u00e9s \u00e0 recourir \u00e0 des clercs ou ma\u00eetres la\u00efques. Ils \u00e9taient nomm\u00e9s par la communaut\u00e9 et \u00e9taient li\u00e9s par un contrat civil indiquant la dur\u00e9e d&rsquo;engagement et la p\u00e9riode scolaire. Jusqu\u2019\u00e0 la g\u00e9n\u00e9ralisation des \u00e9coles normales, <a href=\"#extraitduregistre\">une simple d\u00e9claration<\/a> \u00e9tait d\u00e9pos\u00e9e par le postulant. Certaines localit\u00e9s poss\u00e9daient des \u00e9coles fond\u00e9es par des particuliers. Un seigneur bienfaisant, un riche bourgeois, une d\u00e9vote ais\u00e9e, affectaient par testament une somme d&rsquo;argent \u00e0 leur \u00e9tablissement, et souvent des biens l\u00e9gu\u00e9s soit \u00e0 la communaut\u00e9 ou \u00e0 l&rsquo;\u00e9glise \u00e9taient destin\u00e9s \u00e0 perp\u00e9tuer cette institution utile. Il se pouvait aussi qu&rsquo;on se passait d&rsquo;instruction quand l&rsquo;instituteur co\u00fbtait trop cher et que le cur\u00e9 ne pouvait exercer en plus de ses fonctions cultuelles celles non moins absorbantes de ma\u00eetre d&rsquo;\u00e9cole. Pourvu qu&rsquo;il f\u00fbt de bonnes m\u0153urs, qu&rsquo;il s\u00fbt lire, \u00e9crire et compter passablement, le premier venu pouvait, \u00e0 d\u00e9faut d&rsquo;un autre gagne-pain, obtenir l&rsquo;autorisation de tenir les petites \u00e9coles. Les ma\u00eetres \u00e9taient peu instruits et leur discipline \u00e9tait dure et parfois brutale. Avant d&rsquo;enseigner, ils avaient souvent exerc\u00e9 d&rsquo;autres professions : notaire, charron, sacristain, boucher, laboureur, sergent civil, parfois anciens soldats du roi.<\/p>\n\n<p class=\"has-medium-font-size\">Le contrat de fondation attribuait d&rsquo;ordinaire une somme qui devait \u00eatre affect\u00e9e \u00e0 l&rsquo;entretien du ma\u00eetre ou de la ma\u00eetresse ; quant aux autres, ils percevaient de leurs \u00e9l\u00e8ves une faible r\u00e9tribution, qui variait suivant que l&rsquo;enfant lisait dans les livres imprim\u00e9s, qu&rsquo;il lisait dans les vieux contrats, qu&rsquo;il \u00e9crivait, qu&rsquo;il comptait. ; ils vivaient mis\u00e9rablement et la salle de classe \u00e9tait \u00e0 l&rsquo;image de leur d\u00e9nuement. Leur situation pr\u00e9caire, d\u00e9pendante et peu stable, n&rsquo;\u00e9tait ni recherch\u00e9e ni honor\u00e9e.<br \/><br \/><\/p>\n\n<p>\u00a0<\/p>\n<div class=\"wp-block-image\">\n<figure class=\"aligncenter size-large\"><img decoding=\"async\" width=\"748\" height=\"1024\" class=\"wp-image-9506 aligncenter\" src=\"https:\/\/histoire-patrimoine-aoustois.fr\/wp-content\/uploads\/2025\/01\/extrait-registre-ecole-748x1024.png\" alt=\"\" srcset=\"https:\/\/histoire-patrimoine-aoustois.fr\/wp-content\/uploads\/2025\/01\/extrait-registre-ecole-748x1024.png 748w, https:\/\/histoire-patrimoine-aoustois.fr\/wp-content\/uploads\/2025\/01\/extrait-registre-ecole-219x300.png 219w, https:\/\/histoire-patrimoine-aoustois.fr\/wp-content\/uploads\/2025\/01\/extrait-registre-ecole-768x1051.png 768w, https:\/\/histoire-patrimoine-aoustois.fr\/wp-content\/uploads\/2025\/01\/extrait-registre-ecole-1122x1536.png 1122w, https:\/\/histoire-patrimoine-aoustois.fr\/wp-content\/uploads\/2025\/01\/extrait-registre-ecole.png 1193w\" sizes=\"(max-width: 748px) 100vw, 748px\" \/><\/figure>\n<\/div>\n<p id=\"extraitduregistre\" class=\"has-text-align-center has-medium-font-size\" style=\"text-align: center;\"><em>Extrait du registre des d\u00e9clarations<\/em><\/p>\n\n<p class=\"has-medium-font-size\"><br \/><br \/>L&rsquo;\u00e9ducation est un enjeu important pour la R\u00e9volution fran\u00e7aise. Condorcet dans son <em>Rapport et projet de d\u00e9cret sur l&rsquo;organisation g\u00e9n\u00e9rale de l&rsquo;instruction publique<\/em> pr\u00f4nant un syst\u00e8me \u00e9ducatif la\u00efc avec une \u00e9galit\u00e9 entre les filles et les gar\u00e7ons devant l&rsquo;instruction. A la m\u00eame \u00e9poque, Lakanal permet aux particuliers d&rsquo;enseigner \u00e0 titre personnel et de recevoir en contrepartie une pension de l\u2019\u00c9tat. Le 5 niv\u00f4se An II (c\u2019est-\u00e0-dire le 25 d\u00e9cembre 1793), la Convention vote un texte fondateur, qui rend l&rsquo;enseignement primaire la\u00efque, gratuit et obligatoire. Cependant la R\u00e9volution fran\u00e7aise n\u2019a pas les moyens de ses ambitions. La r\u00e9action thermidorienne supprime bient\u00f4t l&rsquo;obligation puis la gratuit\u00e9. L\u2019\u00e9puisement des caisses de l\u2019\u00c9tat, le manque de salles de classe et leur insalubrit\u00e9, la r\u00e9ticence de certaines familles sont autant d\u2019obstacles \u00e0 la r\u00e9alisation des projets \u00e9ducatifs r\u00e9volutionnaires. Les instituteurs vivent dans la mis\u00e8re et sont souvent oblig\u00e9s de pratiquer un autre m\u00e9tier en parall\u00e8le.<\/p>\n\n<p>\u00a0<\/p>\n\n<p>\u00a0<\/p>\n\n<h2 class=\"has-text-align-center has-medium-font-size\"><span class=\"ez-toc-section\" id=\"Releve_des_maitres_decole_dAouste_sous_lAncien_Regime\"><\/span><em><strong>Relev\u00e9 des ma\u00eetres d\u2019\u00e9cole\u00a0d\u2019Aouste sous l\u2019Ancien R\u00e9gime<\/strong><\/em><span class=\"ez-toc-section-end\"><\/span><\/h2>\n\n<p>\u00a0<\/p>\n\n<p class=\"has-medium-font-size\"><em>NB\u00a0: Cette liste n\u2019est pas exhaustive, de nombreuses lacunes apparaissent dans les archives communales (perte ou destruction des archives durant les guerres de religion).<\/em><\/p>\n<p>\u00a0<\/p>\n\n<figure class=\"wp-block-table\">\n<table class=\"has-fixed-layout\">\n<tbody>\n<tr>\n<td>Dates<\/td>\n<td>Ma\u00eetres d\u2019\u00e9cole<\/td>\n<td>Notes<\/td>\n<\/tr>\n<tr>\n<td>\u00a0<\/td>\n<td>\u00a0<\/td>\n<td>\u00a0<\/td>\n<\/tr>\n<tr>\n<td>1625<\/td>\n<td>Jacques Brayetton Bonnardel (4 mois)<\/td>\n<td>\u00a0<\/td>\n<\/tr>\n<tr>\n<td>1628<\/td>\n<td>\u00a0<\/td>\n<td>\u00ab\u00a0une emin\u00e9e de grain remise au ma\u00eetre d&rsquo;\u00e9cole\u00a0\u00bb<\/td>\n<\/tr>\n<tr>\n<td>1629<\/td>\n<td>Bellefleur<\/td>\n<td>\u00ab\u00a0 gages d\u2019un instituteur envoy\u00e9 par l\u2019\u00e9v\u00eaque , fix\u00e9s \u00e0 12 livres par an\u00a0\u00bb \u00ab\u00a0paiement de 4 livres \u00e0 Bellefleur pour 5 mois d\u2019\u00e9cole\u00a0\u00bb<\/td>\n<\/tr>\n<tr>\n<td>1630<\/td>\n<td>\u00a0<\/td>\n<td>\u00ab\u00a0transport \u00e0 Valence de la femme et des deux enfants du ma\u00eetre d\u2019\u00e9cole qui s\u2019est enfui\u00a0\u00bb \u00ab\u00a0 les gages du ma\u00eetre d\u2019\u00e9cole sont maintenus \u00e0 12 livres par an\u00a0\u00bb<\/td>\n<\/tr>\n<tr>\n<td>1637<\/td>\n<td>Mr Terail<\/td>\n<td>\u00ab\u00a0Ma\u00eetre d&rsquo;\u00e9cole pendant six mois et 6 livres vers\u00e9es pour la location de 8 mois de la chambre des hoirs de Gabriel Perinet pour le ma\u00eetre d&rsquo;\u00e9cole\u00a0\u00bb<\/td>\n<\/tr>\n<tr>\n<td>1638<\/td>\n<td>\u00a0<\/td>\n<td>Pay\u00e9 4 sols<strong>\u00ab\u00a0<\/strong>Qu&rsquo;il fut trouv\u00e9 bon de donner \u00e0 un ma\u00eetre d&rsquo;\u00e9cole qui s\u00e9journa ici un jour en attendant si l&rsquo;on l&rsquo;arresterait<strong>\u00ab\u00a0<\/strong><\/td>\n<\/tr>\n<tr>\n<td>1641<\/td>\n<td>Ogier<\/td>\n<td>\u00ab\u00a0Paiement de gages au ma\u00eetre d\u2019\u00e9cole\u00a0\u00bb<\/td>\n<\/tr>\n<tr>\n<td>1641 \u00e0 1644<\/td>\n<td>Faure<\/td>\n<td>\u00a0<\/td>\n<\/tr>\n<tr>\n<td>1646<\/td>\n<td>Faure<\/td>\n<td>Mention d\u2019une livre pay\u00e9e pour avoir fait des copies aux ma\u00eetres d&rsquo;\u00e9cole. \u00ab<em>nomination de Faure pour diriger l\u2019\u00e9cole, aux gages ordinaires\u00a0\u00bb<\/em><\/td>\n<\/tr>\n<tr>\n<td>1649<\/td>\n<td>Roman<\/td>\n<td>\u00ab\u00a014 livres pour d\u00e9penses \u00e0 ceux qui ont aid\u00e9 \u00e0 ranger la maison de ville et la nettoyer et changer les papiers de la \u00ab\u00a0grande arche\u00a0\u00bb (armoire) et la porter au dessus de l&rsquo;habitation afin que le Sr Roman ma\u00eetre d&rsquo;\u00e9cole put enseigner les enfants du lieu\u00a0et location d\u2019une chambre \u00e0 la Maison Blanche pour le ma\u00eetre d&rsquo;\u00e9cole\u00a0\u00bb \u00ab\u00a06 livres pay\u00e9es au Sr Roman ma\u00eetre d&rsquo;\u00e9cole pour ses gages de 6 mois conform\u00e9ment \u00e0 ce qu&rsquo;il est allou\u00e9 aux ma\u00eetres de toute anciennet\u00e9\u00a0\u00bb<\/td>\n<\/tr>\n<tr>\n<td>1650<\/td>\n<td>Jean Ogier<\/td>\n<td>\u00ab\u00a0 10 juin, d\u00e9lib\u00e9ration sur le choix pour diriger l\u2019\u00e9cole d\u2019Ogier, du lieu, homme d\u2019honneur et sans bruit\u00a0\u00bb<\/td>\n<\/tr>\n<tr>\n<td>1651<\/td>\n<td>Jean Ogier<\/td>\n<td>\u00ab\u00a010 livres et 10 sols pay\u00e9es \u00e0 Jean Ogier pour louage de chambre ayant servi une ann\u00e9e de ma\u00eetre d&rsquo;\u00e9cole courante\u00a0\u00bb<\/td>\n<\/tr>\n<tr>\n<td>1653<\/td>\n<td>Jean Ogier Eymar<\/td>\n<td>\u00ab\u00a0Eymar re\u00e7ois une livre par mois\u00a0\u00bb<\/td>\n<\/tr>\n<tr>\n<td>1654<\/td>\n<td>Antoine Ibaud<\/td>\n<td>\u00ab\u00a012 livres pay\u00e9es pour ses gages d&rsquo;une ann\u00e9e\u00a0\u00bb (GG11-38 AM))<\/td>\n<\/tr>\n<tr>\n<td>1655<\/td>\n<td>Antoine Ibaud<\/td>\n<td>\u00ab\u00a0paiement de gages, ma\u00eetre d\u2019\u00e9cole, \u00e0 12 livres l\u2019ann\u00e9e\u00a0\u00bb. Celui-ci partira pour insuffisance de traitement.<\/td>\n<\/tr>\n<tr>\n<td>1656<\/td>\n<td>Antoine Roux<\/td>\n<td>\u00a0<\/td>\n<\/tr>\n<tr>\n<td>1661<\/td>\n<td>\u00a0<\/td>\n<td>\u00ab\u00a01 livre pay\u00e9e \u00e0 un ma\u00eetre d&rsquo;\u00e9cole pour \u00ab\u00a0avoir enseign\u00e9 les enfants du lieu\u00a0\u00bb pendant un mois\u00a0\u00bb<\/td>\n<\/tr>\n<tr>\n<td>1664<\/td>\n<td>Vornay<\/td>\n<td>\u00ab\u00a06 livres pay\u00e9es pour le louage de la \u00ab\u00a0Maison Blanche\u00a0\u00bb qui avait \u00e9t\u00e9 lou\u00e9 pour la communaut\u00e9 pour servir au ma\u00eetre d&rsquo;\u00e9cole\u00a0\u00bb<\/td>\n<\/tr>\n<tr>\n<td>1669<\/td>\n<td>Jean Ogier<\/td>\n<td>\u00ab\u00a0Pay\u00e9 12 livres 10 sols pour ses gages du ma\u00eetre d&rsquo;\u00e9cole pour une ann\u00e9e\u00a0\u00bb. Le 4 f\u00e9vrier une d\u00e9lib\u00e9ration consulaire est faite au sujet de l\u2019\u00e9cole confi\u00e9e \u00e0 Ogier.<\/td>\n<\/tr>\n<tr>\n<td>1680<\/td>\n<td>Jean Ogier<\/td>\n<td>\u00a0<\/td>\n<\/tr>\n<tr>\n<td>1681<\/td>\n<td>Jean Ogier<\/td>\n<td>\u00ab\u00a0Pay\u00e9 24 livres pour ses gages du ma\u00eetre d&rsquo;\u00e9cole \u00bb<\/td>\n<\/tr>\n<tr>\n<td>1682<\/td>\n<td>Jean Ogier<\/td>\n<td>\u00a0<\/td>\n<\/tr>\n<tr>\n<td>1686<\/td>\n<td>Jean Pierre Aymar<\/td>\n<td><em>\u00ab<a href=\"#extraitgg1143am\">GG 11- 43 AM<\/a>\u00bb<\/em><\/td>\n<\/tr>\n<tr>\n<td>1690<\/td>\n<td>Jean Ogier<\/td>\n<td>\u00a0<\/td>\n<\/tr>\n<tr>\n<td>1691<\/td>\n<td>Jean Baptiste de Beaumont<\/td>\n<td>\u00a0<\/td>\n<\/tr>\n<tr>\n<td>1693<\/td>\n<td>Vital Brunel pr\u00e9cepteur<\/td>\n<td>\u00a0<\/td>\n<\/tr>\n<tr>\n<td>1694<\/td>\n<td>Vital Brunel pr\u00e9cepteur<\/td>\n<td>\u00a0<\/td>\n<\/tr>\n<tr>\n<td>1695<\/td>\n<td>Vital Brunel pr\u00e9cepteur<\/td>\n<td>\u00ab\u00a0Pay\u00e9 37 livres 10 sols pour ses gages du ma\u00eetre d&rsquo;\u00e9cole \u00bb<\/td>\n<\/tr>\n<tr>\n<td>1696<\/td>\n<td>Vital Brunel pr\u00e9cepteur\u00a0 Gasparie<\/td>\n<td>\u00ab\u00a0 Brunel re\u00e7oit en 1696 140 livres\u00a0\u00bb \u00ab\u00a0135 livres pay\u00e9es \u00e0 Mr Gasparie pr\u00eatre et pr\u00e9cepteur de la jeunesse pour les appointements d&rsquo;une ann\u00e9e\u00a0\u00bb<\/td>\n<\/tr>\n<tr>\n<td>1697<\/td>\n<td>Vital Brunel pr\u00e9cepteur<\/td>\n<td>\u00ab\u00a0Pay\u00e9 39 livres 10 sols pour ses gages du ma\u00eetre d&rsquo;\u00e9cole \u00bb<\/td>\n<\/tr>\n<tr>\n<td>1698<\/td>\n<td>Vital Brunel pr\u00e9cepteur<\/td>\n<td>\u00ab\u00a0Pay\u00e9 40 livres pour ses gages du ma\u00eetre d&rsquo;\u00e9cole \u00bb<\/td>\n<\/tr>\n<tr>\n<td>1699<\/td>\n<td>Vital Brunel pr\u00e9cepteur<\/td>\n<td>\u00a0<\/td>\n<\/tr>\n<tr>\n<td>1706<\/td>\n<td>Vital Brunel<\/td>\n<td>Premi\u00e8re mention d\u2019une ma\u00eetresse d\u2019\u00e9cole jusqu\u2019en 1734<\/td>\n<\/tr>\n<tr>\n<td>1714<\/td>\n<td>\u00a0<\/td>\n<td>30 novembre d\u00e9lib\u00e9ration consulaire relative\u00a0au remplacement par Laborie de Castellan, du ma\u00eetre d\u2019\u00e9cole \u00ab\u00a0malheureusement assassin\u00e9\u00a0\u00bb, \u00e0 150 livres par an, plus 8 pour le logement\u00a0: \u00ab\u00a0i<em>l offre d\u2019eslever les enfants dans la crainte de Dieu, leur apprendre de bien lire, d\u2019escrire et de leur enseigner l\u2019arre<\/em><em>m<\/em><em>etique<\/em>\u00a0\u00bb\u00a0<\/td>\n<\/tr>\n<tr>\n<td>1715<\/td>\n<td>Laborie de Castellan<\/td>\n<td>Remplace le ma\u00eetre d\u2019\u00e9cole assassin\u00e9<\/td>\n<\/tr>\n<tr>\n<td>1719<\/td>\n<td>La Route<\/td>\n<td>\u00a0<\/td>\n<\/tr>\n<tr>\n<td>1720<\/td>\n<td>Pierre Baudoin<\/td>\n<td>\u00ab\u00a0gages de 150 livres par an\u00a0\u00bb\u00a0<\/td>\n<\/tr>\n<tr>\n<td>1724<\/td>\n<td>\u00a0<\/td>\n<td>Premi\u00e8re mention d\u2019une ma\u00eetresse d\u2019\u00e9cole dans les archives communales le 29 juillet<\/td>\n<\/tr>\n<tr>\n<td>1721 \u00e0 1736<\/td>\n<td>Jean Jacques Saussac<\/td>\n<td>\u00ab\u00a0150 livres pay\u00e9es au sr Jean Jacques Saussac ci devant pr\u00e9cepteur de la jeunesse du dit Aouste et ce pour ses droits de pr\u00e9cepteur par 4 mandats dat\u00e9s du 10\/3, 16\/6, 12\/9 et 14\/12\/1723\u00a0\u00bb \u00ab\u00a0188 livres pay\u00e9es au sr Saussac pr\u00e9cepteur de la jeunesse du dit Aouste savoir 158L pour ses gages pr\u00e9ceptorial pour l&rsquo;ann\u00e9e 1732 , 30L pour ses gages de secr\u00e9taire de la communaut\u00e9 pour ladite ann\u00e9e\u00a0\u00bb \u00ab\u00a0158 livres pay\u00e9es \u00e0 sr Jean Jacques Saussac pr\u00e9cepteur de la jeunesse du lieu d&rsquo;Aouste pour ses gages de pr\u00e9cepteur de l&rsquo;ann\u00e9e 1734\u00a0\u00bb<\/td>\n<\/tr>\n<tr>\n<td>1736 \u00e0 1739<\/td>\n<td>Jean Pierre Evesque Jean Jacques Saussac<\/td>\n<td>\u00ab\u00a063 livres 10 sols pay\u00e9s \u00e0 Fran\u00e7ois et Jean Pierre Eveque savoir 39 livres 10 sols pour leurs gages de pr\u00e9cepteurs de la jeunesse du dit Aouste et 24 livres pour les gages de monter l&rsquo;horloge du dit lieu pour la susdite ann\u00e9e 1736\u00a0\u00bb \u00ab158 livres pay\u00e9es au sr Saussac pour ses gages de pr\u00e9cepteur de la jeunesse du dit lieu d&rsquo;Aouste pour la susdite ann\u00e9e 1736\u00a0\u00bb\u00a0 \u00ab 158 livres pay\u00e9es au sr Pierre Eveque pr\u00e9cepteur de la jeunesse pour ses gages pour l&rsquo;ann\u00e9e 1737\u00a0\u00bb\u00a0<\/td>\n<\/tr>\n<tr>\n<td>1740<\/td>\n<td>Jean Pierre Eveque Philippe Guillaume Aymar<\/td>\n<td>\u00ab 79 livres pay\u00e9es \u00e0 sr Jean Fran\u00e7ois Eveque pr\u00e9cepteur de la jeunesse de ce lieu\u00a0\u00bb \u00a0 \u00ab\u00a072 livres pay\u00e9es \u00e0 sr Philippe Guillaume Aymar pr\u00e9cepteur de la jeunesse du dit Aouste\u00a0\u00bb<\/td>\n<\/tr>\n<tr>\n<td>1741\/42<\/td>\n<td>Jean Pierre Eveque Philippe Guillaume Aymar<\/td>\n<td>\u00a0<\/td>\n<\/tr>\n<tr>\n<td>1742\/43<\/td>\n<td>Jean Pierre Eveque Philippe Guillaume Aymar Jean Jacques Saussac<\/td>\n<td>\u00a0<\/td>\n<\/tr>\n<tr>\n<td>1743<\/td>\n<td>Jean Jacques Saussac<\/td>\n<td>\u00a0<\/td>\n<\/tr>\n<tr>\n<td>1744<\/td>\n<td>Denis Bernard (de Chabrillan)<\/td>\n<td>\u00a0<\/td>\n<\/tr>\n<tr>\n<td>1745\/46<\/td>\n<td>Jean Jacques Saussac<\/td>\n<td>\u00a0<\/td>\n<\/tr>\n<tr>\n<td>1746<\/td>\n<td>Antoine Martin Pierre Laroute<\/td>\n<td>\u00ab\u00a0Martin re\u00e7ois un livre par mois\u00a0\u00bb En fin d\u2019ann\u00e9e il aura per\u00e7u en r\u00e9alit\u00e9 210 livres<\/td>\n<\/tr>\n<tr>\n<td>1747 \u00e0 1749<\/td>\n<td>Pierre Laroute<\/td>\n<td>\u00a0<\/td>\n<\/tr>\n<tr>\n<td>1750<\/td>\n<td>Pierre Bodin Denis Bernard<\/td>\n<td>\u00a0<\/td>\n<\/tr>\n<tr>\n<td>1751<\/td>\n<td>Denis Bernard<\/td>\n<td>\u00a0<\/td>\n<\/tr>\n<tr>\n<td>1752<\/td>\n<td>Antoine David<\/td>\n<td>\u00a0<\/td>\n<\/tr>\n<tr>\n<td>1753<\/td>\n<td>Jean Baptiste Bitard dit Francoeur Antoine Arbod<\/td>\n<td>\u00a0<\/td>\n<\/tr>\n<tr>\n<td>1754<\/td>\n<td>Antoine Arbod<\/td>\n<td>\u00a0<\/td>\n<\/tr>\n<tr>\n<td>1755 \u00e0 1759<\/td>\n<td>Joseph Joany<\/td>\n<td><em>\u00ab\u00a0 <\/em><em>les gages de Joany, successeur d\u2019Arbod \u00e0 l\u2019\u00e9cole fix\u00e9s \u00e0 170 livres par an, le candidat \u00ab\u00a0suffisamment examin\u00e9\u00a0\u00bb et trouv\u00e9 capable d\u2019exercer le pr\u00e9ceptoriat\u00a0\u00bb<\/em> <em>\u00ab\u00a0<\/em><em>le 12 septembre 1756 l\u2019augmentation du traitement de Joany est port\u00e9 \u00e0 200 livres\u00a0\u00bb<\/em> \u00ab\u00a0le 19 novembre 1758 la r\u00e9duction \u00e0 160 livres les gages de Joany, ma\u00eetre d\u2019\u00e9cole, \u00e0 cause ds mauvaises affaires de la communaut\u00e9\u00a0\u00bb<\/td>\n<\/tr>\n<tr>\n<td>1759<\/td>\n<td>Joseph Joany Martin Boutaut (Boitard) Gontard Bontemps Jean Landor<\/td>\n<td>\u00ab<em>gages de 160 livres pour Boutaut <\/em><em>(Boitard)<\/em><em>, rempla\u00e7ant de Joany\u00a0\u00bb<\/em><\/td>\n<\/tr>\n<tr>\n<td>1760<\/td>\n<td>Jean Landor<\/td>\n<td>\u00a0<\/td>\n<\/tr>\n<tr>\n<td>1761 \u00e0 1772<\/td>\n<td>Antoine David dit Lauze<\/td>\n<td>\u00ab\u00a0le 12 d\u00e9cembre 1764, gages de David pour l\u2019\u00e9cole arr\u00eat\u00e9s \u00e0 180 livres\u00a0\u00bb<\/td>\n<\/tr>\n<tr>\n<td>1772<\/td>\n<td>Antoine David Joseph Joany<\/td>\n<td>\u00a0<\/td>\n<\/tr>\n<tr>\n<td>1773<\/td>\n<td>Joseph Joany<\/td>\n<td>\u00a0<\/td>\n<\/tr>\n<tr>\n<td>1774<\/td>\n<td>Joseph Joany Chabaud<\/td>\n<td>\u00ab\u00a0Joany \u00e0 per\u00e7u 200 livres dans l\u2019ann\u00e9e\u00a0\u00bb<\/td>\n<\/tr>\n<tr>\n<td>1775 \u00e0 1778<\/td>\n<td>Jean Jacques Durand<\/td>\n<td>\u00a0<\/td>\n<\/tr>\n<tr>\n<td>1778<\/td>\n<td>Jean Jacques Durand Jean Fran\u00e7ois Lagier<\/td>\n<td>\u00a0<\/td>\n<\/tr>\n<tr>\n<td>1779 \u00e0 1781<\/td>\n<td>Jean Fran\u00e7ois Lagier<\/td>\n<td>\u00a0<\/td>\n<\/tr>\n<tr>\n<td>1782<\/td>\n<td>Roux<\/td>\n<td>\u00ab\u00a0\u00e0 per\u00e7u dans l\u2019ann\u00e9e 240 livres\u00a0\u00bb<\/td>\n<\/tr>\n<tr>\n<td>1783<\/td>\n<td>Roux<\/td>\n<td>\u00a0<\/td>\n<\/tr>\n<tr>\n<td>1784 \u00e0 1788<\/td>\n<td>Jean Fran\u00e7ois Lapierre<\/td>\n<td>Sera emprisonn\u00e9 en 1794 \u00e0 la Tour de Crest pour litiges avec le cur\u00e9.<\/td>\n<\/tr>\n<tr>\n<td>1789 \u00e0 1791<\/td>\n<td>Jean Pierre Besson<\/td>\n<td>\u00a0<\/td>\n<\/tr>\n<\/tbody>\n<\/table>\n<\/figure>\n\n<p><br \/><br \/><br \/><\/p>\n<div class=\"wp-block-image\">\n<figure class=\"aligncenter size-large\"><img decoding=\"async\" width=\"743\" height=\"1024\" class=\"wp-image-9509\" src=\"https:\/\/histoire-patrimoine-aoustois.fr\/wp-content\/uploads\/2025\/01\/extrait-GG-11-43-AM-743x1024.png\" alt=\"\" srcset=\"https:\/\/histoire-patrimoine-aoustois.fr\/wp-content\/uploads\/2025\/01\/extrait-GG-11-43-AM-743x1024.png 743w, https:\/\/histoire-patrimoine-aoustois.fr\/wp-content\/uploads\/2025\/01\/extrait-GG-11-43-AM-218x300.png 218w, https:\/\/histoire-patrimoine-aoustois.fr\/wp-content\/uploads\/2025\/01\/extrait-GG-11-43-AM-768x1059.png 768w, https:\/\/histoire-patrimoine-aoustois.fr\/wp-content\/uploads\/2025\/01\/extrait-GG-11-43-AM-1114x1536.png 1114w, https:\/\/histoire-patrimoine-aoustois.fr\/wp-content\/uploads\/2025\/01\/extrait-GG-11-43-AM.png 1457w\" sizes=\"(max-width: 743px) 100vw, 743px\" \/><\/figure>\n<\/div>\n<p id=\"extraitgg1143am\" class=\"has-text-align-center\" style=\"text-align: center;\"><em>Extrait GG 11- 43 AM<\/em><\/p>\n\n<p>\u00a0<\/p>\n\n<p class=\"has-medium-font-size\">Sous le I<sup>er<\/sup> Empire, Napol\u00e9on met en place une institution scolaire autonome pour l&rsquo;enseignement secondaire et sup\u00e9rieur\u00a0: c&rsquo;est l&rsquo;Universit\u00e9. Le primaire reste sous le contr\u00f4le de l&rsquo;Eglise. Et \u00e0 partir de 1816, chaque commune a l&rsquo;obligation de dispenser un enseignement primaire.<\/p>\n\n<p class=\"has-medium-font-size\">C&rsquo;est avec Fran\u00e7ois Guizot, ministre de l&rsquo;instruction publique sous Louis-Philippe, qu&rsquo;est vot\u00e9e le 28 juin 1833 la premi\u00e8re loi concernant l&rsquo;enseignement primaire. Elle pr\u00e9voit notamment la scolarisation des gar\u00e7ons, l&rsquo;obligation pour chaque commune de plus de cinq cent habitants d&rsquo;entretenir une \u00e9cole primaire et l&rsquo;institution dans chaque d\u00e9partement d&rsquo;une \u00e9cole normale pour la formation des instituteurs. Il n&rsquo;est en revanche pas pr\u00e9vu d&rsquo;obligation. Il s&rsquo;agit d&rsquo;offrir une possibilit\u00e9 d&rsquo;instruction, en prenant garde de ne pas remettre en cause l&rsquo;autorit\u00e9 paternelle. De m\u00eame, le choix entre un enseignement religieux ou la\u00efc est laiss\u00e9 libre. L&rsquo;enseignement est gratuit pour les indigents. Enfin, l\u2019\u00c9glise garde un r\u00f4le pr\u00e9pond\u00e9rant dans l&rsquo;organisation de l&rsquo;enseignement primaire.<strong>(<\/strong> <a href=\"#extraitdesstatutsde1834\">Extrait des statuts<\/a><strong>)<\/strong><\/p>\n\n<p>\u00a0<\/p>\n\n<p>\u00a0<\/p>\n<div class=\"wp-block-image\">\n<figure class=\"aligncenter size-large\"><img loading=\"lazy\" decoding=\"async\" width=\"745\" height=\"1024\" class=\"wp-image-9512 aligncenter\" src=\"https:\/\/histoire-patrimoine-aoustois.fr\/wp-content\/uploads\/2025\/01\/statuts-ecole-1834-745x1024.jpg\" alt=\"\" srcset=\"https:\/\/histoire-patrimoine-aoustois.fr\/wp-content\/uploads\/2025\/01\/statuts-ecole-1834-745x1024.jpg 745w, https:\/\/histoire-patrimoine-aoustois.fr\/wp-content\/uploads\/2025\/01\/statuts-ecole-1834-218x300.jpg 218w, https:\/\/histoire-patrimoine-aoustois.fr\/wp-content\/uploads\/2025\/01\/statuts-ecole-1834-768x1056.jpg 768w, https:\/\/histoire-patrimoine-aoustois.fr\/wp-content\/uploads\/2025\/01\/statuts-ecole-1834-1117x1536.jpg 1117w, https:\/\/histoire-patrimoine-aoustois.fr\/wp-content\/uploads\/2025\/01\/statuts-ecole-1834-1489x2048.jpg 1489w, https:\/\/histoire-patrimoine-aoustois.fr\/wp-content\/uploads\/2025\/01\/statuts-ecole-1834.jpg 1700w\" sizes=\"(max-width: 745px) 100vw, 745px\" \/><\/figure>\n<\/div>\n<p id=\"extraitdesstatutsde1834\" class=\"has-text-align-center has-medium-font-size\" style=\"text-align: center;\"><em>Extrait des statuts de 1834<\/em><\/p>\n\n<p>\u00a0<\/p>\n\n<p>\u00a0<\/p>\n\n<p class=\"has-medium-font-size\">A la demande du cur\u00e9 de la paroisse d\u2019Aouste sur Sye, Monsieur Canon, quatre religieuses de la congr\u00e9gation Sainte-Marthe de Romans, ouvrent en 1843 \u00e0 Aouste sur Sye, <a href=\"https:\/\/aouste-a-coeur.fr\/enseignement-congregationiste-et-prive-a-aouste\/\">une \u00e9cole de filles avec pensionnat<\/a>. C&rsquo;\u00e9tait une \u00e9cole communale dont l&rsquo;Acad\u00e9mie assurait le fonctionnement. Jusque vers 1980, seule l&rsquo;\u00e9cole priv\u00e9e accueillera les enfants \u00ab hors obligations scolaires\u00a0\u00bb, (classes maternelles).<\/p>\n\n<p class=\"has-medium-font-size\">En 1850 avec la loi Falloux incite \u00e0 ouvrir des \u00e9coles pour les filles qui vont pouvoir commencer \u00e0 aller \u00e0 l&rsquo;\u00e9cole. La loi Camille S\u00e9e du 21 d\u00e9cembre 1880 organisait d\u00e9j\u00e0 l&rsquo;enseignement secondaire des jeunes filles.<\/p>\n\n<p class=\"has-medium-font-size\">Avec les lois scolaires de Jules Ferry de 1879 et 1881-1882 appara\u00eet r\u00e9ellement en France l\u2019\u00e9cole publique, la\u00efque, gratuite et obligatoire Elles cadrent et formalisent les r\u00e9glementations de l\u2019\u00e9cole, obligation pour chaque d\u00e9partement de cr\u00e9er une \u00c9cole Normale d\u2019instituteurs ou d\u2019institutrices, et l\u2019\u00e9cole devient gratuite et obligatoire pour tous (de 6 \u00e0 13 ans). L&rsquo;obligation de 1882 s&rsquo;av\u00e8re n\u00e9anmoins d\u00e9terminante pour une grande partie des filles et des enfants de la campagne, autrefois priv\u00e9s d&rsquo;\u00e9cole pour se consacrer aux activit\u00e9s m\u00e9nag\u00e8res ou au travail des champs. L\u2019instruction morale et civique remplace l\u2019instruction religieuse. Elles ach\u00e8vent l\u2019alphab\u00e9tisation du pays entam\u00e9e sous Charlemagne.<\/p>\n\n<p>\u00a0<\/p>\n\n<p>\u00a0<\/p>\n\n<h2 class=\"has-text-align-center has-medium-font-size\" style=\"text-align: center;\"><span class=\"ez-toc-section\" id=\"Que_sest-il_passe_a_lecole_primaire_dAouste_au_XIXe_siecle\"><\/span><em><strong>Que s\u2019est-il pass\u00e9 \u00e0 l\u2019\u00e9cole primaire d\u2019Aouste au XIXe si\u00e8cle\u00a0?<\/strong><\/em><span class=\"ez-toc-section-end\"><\/span><\/h2>\n\n<p>\u00a0<\/p>\n\n<p>\u00a0<\/p>\n\n<p class=\"has-medium-font-size\">De 1844 \u00e0 1847, Mlle Marie Marguerite Meffre officie comme institutrice<\/p>\n\n<p class=\"has-medium-font-size\">En 1860 un bail est pass\u00e9 entre la Commune et Mr Charles Forget pour une maison destin\u00e9e au logement de l\u2019instituteur pour une dur\u00e9e de 2 ans avec un loyer de 100 francs par an. Ce bail sera renouvel\u00e9 en 1863 pour 5 ans aux m\u00eames conditions.<\/p>\n\n<p class=\"has-medium-font-size\">En 1867-1868, un bail est envisag\u00e9 entre la Commune et Mr Bertrand Magnan pour servir de\u00a0\u00ab\u00a0maison d\u2019\u00e9cole des gar\u00e7ons\u00a0\u00bb malgr\u00e9 la v\u00e9tust\u00e9 du b\u00e2timent, toutefois le bail sera prorog\u00e9 en 1868 afin de trouv\u00e9 \u00ab\u00a0une maison plus convenable\u00a0\u00bb.<\/p>\n\n<p class=\"has-medium-font-size\">En 1870, bail pass\u00e9 entre Mme veuve Bergeon et Mr Costadau instituteur pour un an avec un loyer de 100 francs par an.<\/p>\n\n<p class=\"has-medium-font-size\">En 1871, Paul Davin, tr\u00e9sorier du\u00a0\u00ab\u00a0Conseil de fabrique\u00a0\u00bb passe un bail avec la commune pour une maison qui sera affect\u00e9e au logement de l\u2019institutrice et pour servir de salle de classe avec une dur\u00e9e de 5 ans et d\u2019un loyer de 165 francs par an <em>(<a href=\"#baildavincommune\">bail Davin-Commune<\/a>)<\/em><\/p>\n<p>\u00a0<\/p>\n\n<p>\u00a0<\/p>\n<div class=\"wp-block-image\">\n<figure class=\"aligncenter size-large\"><img loading=\"lazy\" decoding=\"async\" width=\"701\" height=\"1024\" class=\"wp-image-9513 aligncenter\" src=\"https:\/\/histoire-patrimoine-aoustois.fr\/wp-content\/uploads\/2025\/01\/bail-davin-page-1-701x1024.jpg\" alt=\"\" srcset=\"https:\/\/histoire-patrimoine-aoustois.fr\/wp-content\/uploads\/2025\/01\/bail-davin-page-1-701x1024.jpg 701w, https:\/\/histoire-patrimoine-aoustois.fr\/wp-content\/uploads\/2025\/01\/bail-davin-page-1-206x300.jpg 206w, https:\/\/histoire-patrimoine-aoustois.fr\/wp-content\/uploads\/2025\/01\/bail-davin-page-1-768x1121.jpg 768w, https:\/\/histoire-patrimoine-aoustois.fr\/wp-content\/uploads\/2025\/01\/bail-davin-page-1-1052x1536.jpg 1052w, https:\/\/histoire-patrimoine-aoustois.fr\/wp-content\/uploads\/2025\/01\/bail-davin-page-1-1403x2048.jpg 1403w, https:\/\/histoire-patrimoine-aoustois.fr\/wp-content\/uploads\/2025\/01\/bail-davin-page-1.jpg 1505w\" sizes=\"(max-width: 701px) 100vw, 701px\" \/><\/figure>\n<\/div>\n<p>\u00a0<\/p>\n<div class=\"wp-block-image\">\n<figure class=\"aligncenter size-large\"><img loading=\"lazy\" decoding=\"async\" width=\"597\" height=\"1024\" class=\"wp-image-9514 aligncenter\" src=\"https:\/\/histoire-patrimoine-aoustois.fr\/wp-content\/uploads\/2025\/01\/bail-davin-page-2-597x1024.jpg\" alt=\"\" srcset=\"https:\/\/histoire-patrimoine-aoustois.fr\/wp-content\/uploads\/2025\/01\/bail-davin-page-2-597x1024.jpg 597w, https:\/\/histoire-patrimoine-aoustois.fr\/wp-content\/uploads\/2025\/01\/bail-davin-page-2-175x300.jpg 175w, https:\/\/histoire-patrimoine-aoustois.fr\/wp-content\/uploads\/2025\/01\/bail-davin-page-2-768x1316.jpg 768w, https:\/\/histoire-patrimoine-aoustois.fr\/wp-content\/uploads\/2025\/01\/bail-davin-page-2-896x1536.jpg 896w, https:\/\/histoire-patrimoine-aoustois.fr\/wp-content\/uploads\/2025\/01\/bail-davin-page-2.jpg 1193w\" sizes=\"(max-width: 597px) 100vw, 597px\" \/><\/figure>\n<\/div>\n<p id=\"baildavincommune\" class=\"has-text-align-center has-medium-font-size\" style=\"text-align: center;\"><em>Bail Davin-Commune<\/em><\/p>\n\n<p>\u00a0<\/p>\n\n<p>\u00a0<\/p>\n\n<p class=\"has-medium-font-size\">En 1871, Antoine Thomas ma\u00e7on et la Commune \u00e9tablissent un bail pour une maison destin\u00e9e au logement de l\u2019instituteur communal protestant et pour servir de salle de classe, pour une dur\u00e9e de 5 ans avec un loyer de 165 francs par an <em>(<a href=\"#bailthomascommune\">bail Thomas &#8211; Commune<\/a>)<\/em><\/p>\n\n<p>\u00a0<\/p>\n\n<p>\u00a0<\/p>\n\n<figure class=\"wp-block-image size-large\"><img loading=\"lazy\" decoding=\"async\" width=\"685\" height=\"1024\" class=\"wp-image-9515 aligncenter\" src=\"https:\/\/histoire-patrimoine-aoustois.fr\/wp-content\/uploads\/2025\/01\/bail-thomas-commune-page-1-685x1024.jpg\" alt=\"\" srcset=\"https:\/\/histoire-patrimoine-aoustois.fr\/wp-content\/uploads\/2025\/01\/bail-thomas-commune-page-1-685x1024.jpg 685w, https:\/\/histoire-patrimoine-aoustois.fr\/wp-content\/uploads\/2025\/01\/bail-thomas-commune-page-1-201x300.jpg 201w, https:\/\/histoire-patrimoine-aoustois.fr\/wp-content\/uploads\/2025\/01\/bail-thomas-commune-page-1-768x1148.jpg 768w, https:\/\/histoire-patrimoine-aoustois.fr\/wp-content\/uploads\/2025\/01\/bail-thomas-commune-page-1-1028x1536.jpg 1028w, https:\/\/histoire-patrimoine-aoustois.fr\/wp-content\/uploads\/2025\/01\/bail-thomas-commune-page-1-1370x2048.jpg 1370w, https:\/\/histoire-patrimoine-aoustois.fr\/wp-content\/uploads\/2025\/01\/bail-thomas-commune-page-1.jpg 1524w\" sizes=\"(max-width: 685px) 100vw, 685px\" \/><\/figure>\n\n<p id=\"bailthomascommune\" class=\"has-text-align-center has-medium-font-size\" style=\"text-align: center;\"><em>Bail Thomas-Commune<\/em><\/p>\n\n<figure class=\"wp-block-image size-large\"><img loading=\"lazy\" decoding=\"async\" width=\"679\" height=\"1024\" class=\"wp-image-9516\" src=\"https:\/\/histoire-patrimoine-aoustois.fr\/wp-content\/uploads\/2025\/01\/bail-thomas-commune-page-2-679x1024.jpg\" alt=\"\" srcset=\"https:\/\/histoire-patrimoine-aoustois.fr\/wp-content\/uploads\/2025\/01\/bail-thomas-commune-page-2-679x1024.jpg 679w, https:\/\/histoire-patrimoine-aoustois.fr\/wp-content\/uploads\/2025\/01\/bail-thomas-commune-page-2-199x300.jpg 199w, https:\/\/histoire-patrimoine-aoustois.fr\/wp-content\/uploads\/2025\/01\/bail-thomas-commune-page-2-768x1158.jpg 768w, https:\/\/histoire-patrimoine-aoustois.fr\/wp-content\/uploads\/2025\/01\/bail-thomas-commune-page-2-1019x1536.jpg 1019w, https:\/\/histoire-patrimoine-aoustois.fr\/wp-content\/uploads\/2025\/01\/bail-thomas-commune-page-2-1358x2048.jpg 1358w, https:\/\/histoire-patrimoine-aoustois.fr\/wp-content\/uploads\/2025\/01\/bail-thomas-commune-page-2.jpg 1528w\" sizes=\"(max-width: 679px) 100vw, 679px\" \/><\/figure>\n\n<p>\u00a0<\/p>\n\n<p>\u00a0<\/p>\n\n<p class=\"has-medium-font-size\">Le 30 juin 1871, le Sous-Pr\u00e9fet notifie par lettre que <em>\u00ab\u00a0l\u2019Administration sup\u00e9rieure a remarqu\u00e9 que dans beaucoup de communes la liste des enfants \u00e0 admettre gratuitement \u00e0 l\u2019\u00e9cole cette ann\u00e9e \u00e9tait trop \u00e9tendue et Mr le Pr\u00e9fet m\u2019engage \u00e0 faire r\u00e9viser ces listes de mani\u00e8re \u00e0 ce qu\u2019elles ne comp<\/em><em>r<\/em><em>ennent que les enfants de familles r\u00e9ellement indigentes et dans l\u2019impossibilit\u00e9 de payer la r\u00e9tribution scolaire.Il ajoute que les communes s\u2019exposent, par cette trop grande extension, \u00e0 se voir refuser les allocations de l\u2019\u00c9tat, qui a de grandes obligations \u00e0 remplir et besoin de toutes ses ressources pour y faire face\u00a0; <\/em><em>Je vous prie en cons\u00e9quence , monsieur le Maire, de r\u00e9viser d\u00e8s maintenant les listes de votre commune et de vous renfermer pour leur r\u00e9daction aux indications qui pr\u00e9c\u00e8dent. Il est \u00e0 remarquer que si l\u2019Administration s\u2019est toujours montr\u00e9e dispos\u00e9e \u00e0 favoriser l\u2019instruction aux enfants indigents, elle a toujours entendu aussi ne pas dispenser de la contribution scolaire les parents qui sont en \u00e9tat de payer &#8230;\u00a0\u00bb<\/em><\/p>\n\n<p class=\"has-medium-font-size\">En 1871, bail \u00e9tabli entre la Commune et Mme veuve Bergeon pour une maison pour le logement de l\u2019instituteur du primaire pour un loyer de 150 francs par an et pour une dur\u00e9e de 5 ans.<\/p>\n\n<p class=\"has-medium-font-size\">Une indemnit\u00e9 de 75 francs est vers\u00e9e \u00e0 Jean Chaleuil pour son logement pendant 6 mois en 1870<\/p>\n\n<p class=\"has-medium-font-size\">Une note du 27 janvier 1872 du Pr\u00e9fet \u00e9tablit le traitement de l\u2019institutrice du primaire \u00e0 1172 francs par an.<\/p>\n\n<p class=\"has-medium-font-size\">En 1875 un bail est pass\u00e9 entre Antoine Thomas et la Commune pour une maison destin\u00e9e \u00e0 servir de logement \u00e0 l\u2019instituteur communal protestant et de salle de classe pendant 5 ans pour un loyer de 200 francs par an.<\/p>\n\n<p class=\"has-medium-font-size\">En 1875, bail pass\u00e9 entre Mr Joseph Davin, tr\u00e9sorier du \u00ab Conseil de fabrique\u00a0\u00bb et la Commune pour une maison qui servira de logement \u00e0 l\u2019institutrice du primaire et de salle de classe pour 5 ans avec un loyer de 200 francs par an.<em>(<a href=\"#detaildulogementpropose\">d\u00e9tail du logement propos\u00e9<\/a>)<\/em><\/p>\n\n<p>\u00a0<\/p>\n\n<p>\u00a0<\/p>\n\n<figure class=\"wp-block-image size-large\"><img loading=\"lazy\" decoding=\"async\" width=\"1024\" height=\"787\" class=\"wp-image-9517\" src=\"https:\/\/histoire-patrimoine-aoustois.fr\/wp-content\/uploads\/2025\/01\/detail-logement-ecole-1024x787.jpg\" alt=\"\" srcset=\"https:\/\/histoire-patrimoine-aoustois.fr\/wp-content\/uploads\/2025\/01\/detail-logement-ecole-1024x787.jpg 1024w, https:\/\/histoire-patrimoine-aoustois.fr\/wp-content\/uploads\/2025\/01\/detail-logement-ecole-300x231.jpg 300w, https:\/\/histoire-patrimoine-aoustois.fr\/wp-content\/uploads\/2025\/01\/detail-logement-ecole-768x591.jpg 768w, https:\/\/histoire-patrimoine-aoustois.fr\/wp-content\/uploads\/2025\/01\/detail-logement-ecole.jpg 1125w\" sizes=\"(max-width: 1024px) 100vw, 1024px\" \/><\/figure>\n\n<p id=\"detaildulogementpropose\" class=\"has-text-align-center\"><em>D\u00e9tail du logement propos\u00e9<\/em><\/p>\n\n<p>\u00a0<\/p>\n\n<p class=\"has-medium-font-size\">En 1875, bail pass\u00e9 entre Mme veuve Bergeon et la Commune pour une maison destin\u00e9e au logement de l\u2019instituteur du primaire pour 5 ans avec un loyer de 150 francs par an<\/p>\n\n<p class=\"has-medium-font-size\">En avril 1876, les S\u0153urs, par lettre \u00e0 l\u2019inspection primaire qu\u2019en 6 mois, informent qu\u2019 elles ont re\u00e7u 83 \u00e9l\u00e8ves et sollicitent la cr\u00e9ation d\u2019un poste d\u2019adjointe pour l\u2019\u00e9cole communale de filles. Le 17 novembre 1876 une d\u00e9lib\u00e9ration communale demande la cr\u00e9ation d\u2019un poste d\u2019adjointe \u00e0 l\u2019\u00e9cole publique de filles.<\/p>\n\n<p class=\"has-medium-font-size\">Le 15 ao\u00fbt, le conseil municipal demande la cr\u00e9ation de de poste.<\/p>\n\n<p class=\"has-medium-font-size\">30 septembre 1876, l\u2019Inspecteur d\u2019Acad\u00e9mie adresse un rapport au Pr\u00e9fet comportant les renseignements suivants\u00a0:<\/p>\n\n<p class=\"has-medium-font-size\">\u00ab<em>\u00a0 \u2026 <\/em><em>il r\u00e9sulte des renseignements que j\u2019ai re\u00e7us que les enfants inscrits sur les listes fournies par Mme l\u2019institutrice ont fr\u00e9quent\u00e9s l\u2019\u00e9cole, que sur ce nombre, 8 n\u2019ont pas 6 ans et 10 sont \u00e9trang\u00e8res. Po<\/em><em>u<\/em><em>r ce qui est des enfants au dessous de 6 ans, il est bon de remarquer qu\u2019il n\u2019y a pas de salle d\u2019asile \u00e0 Aouste, ni possibilit\u00e9 \u2018en cr\u00e9er une, que cette commune renferme des fabriques\u00a0; que d\u00e8s lors, il y a urgence \u00e0 assurer le travail des parents, en facilitant aux enfants jeunes l\u2019entr\u00e9e des classes\u00a0\u00bb<\/em><\/p>\n\n<p class=\"has-medium-font-size\"><em>\u00ab\u00a0 Quant aux \u00e9trang\u00e8res, elles viennent de Mirabel et Blacons et appartiennent \u00e0 des parents qui travaillent dans les usines \u00e9tablies dans cette commune\u00a0; elles ne peuvent aller \u00e0 l\u2019\u00e9cole de leur village dont elles sont fort \u00e9loign\u00e9es\u00a0; de plus les chemins sont mauvis , tandis que pour se rendre \u00e0 Aouste, elles ont la route nationale et aucune montagne \u00e0 gravir, que, par cons\u00e9quent il y a int\u00e9r\u00eat g\u00e9n\u00e9ral \u00e0 qu\u2019elles puissent aller \u00e0 l\u2019\u00e9cole de filles d\u2019Aouste\u00a0\u00bb.<\/em><\/p>\n\n<p class=\"has-medium-font-size\"><em>\u00ab\u00a0En cons\u00e9quence, je suis d\u2019avis qu\u2019il y a lieu de cr\u00e9er un poste d\u2019adjointe \u00e0 l\u2019\u00e9cole communale de filles d\u2019Aouste\u00a0\u00bb<\/em><\/p>\n\n<p class=\"has-medium-font-size\">Le Pr\u00e9fet donnera son accord, partag\u00e9 par l\u2019Inspecteur d\u2019acad\u00e9mie, sous condition \u00ab\u00a0<em>que la commune fera quelques sacrifices pour que les d\u00e9penses de ce nouvel emploi ne retombe pas en entier sur l\u2019\u00c9tat ou qu\u2019il soit pr\u00e9lev\u00e9 une part sur le produit de la r\u00e9tribution scolaire qui serait destin\u00e9e \u00e0 parfaire le traitement de l\u2019adjointe\u00a0\u00bb<\/em>.<\/p>\n\n<p class=\"has-medium-font-size\">Le 18 ao\u00fbt 1877, communication au maire par le Sous-Pr\u00e9fet de Die du refus (9 ao\u00fbt) par le Minist\u00e8re de l\u2019Instruction de cr\u00e9er ce poste d\u2019adjointe. Le seuil fix\u00e9 \u00e0 80 le nombre d\u2019\u00e9l\u00e8ves est n\u00e9cessaire pour justifier la pr\u00e9sence d\u2019une deuxi\u00e8me ma\u00eetresse\u00a0: au dessous de cet effectif qui ne doit comprendre que des enfants de 6 et \u00e0 13 ans. A Aouste l\u2019effectif n\u2019est que de 57 \u00e9l\u00e8ves. De plus, la commune n\u2019est pas en mesure d\u2019assurer avec ses ressources propres le traitement de l\u2019adjointe<\/p>\n\n<p class=\"has-medium-font-size\">Toujours en avril 1876, le pr\u00e9fet accorde les baux \u00e0 loyer des maisons \u00e0 affecter \u00e0 la tenue de l\u2019\u00e9cole publique de filles et au logement de l\u2019instituteur catholique ainsi que pour la maison affect\u00e9e \u00e0 l\u2019\u00e9cole publique mixte protestante. Toutefois la maison affect\u00e9e \u00e0 l\u2019\u00e9cole mixte protestante pr\u00e9sente certains inconv\u00e9nients\u00a0: \u00ab<em>\u00a0Les cabinets d\u2019aisance sont mal install\u00e9s et ne peuvent \u00eatre suffisamment surveill\u00e9s, la cave de l\u2019instituteur <\/em><em>n\u2019est pas ferm\u00e9e, il doit \u00eatre \u00e9tabli une rampe sur l\u2019escalier qui conduit de la classe \u00e0 la cour\u00a0\u00bb<\/em> .<\/p>\n\n<p class=\"has-medium-font-size\">Les \u00e9poux Arthaud Jean Antoine vendent \u00e0 la commune le 1<sup>er<\/sup> novembre 1876 un b\u00e2timent-remise pour construire une \u00ab\u00a0maison d\u2019\u00e9cole\u00a0\u00bb pour une somme de 4000 francs. <em>( ce b\u00e2timent est actuellement le \u00ab\u00a0Tabac d\u2019Ysye\u00a0\u00bb)<\/em><\/p>\n\n<p class=\"has-medium-font-size\">Le 19 ao\u00fbt 1877 un cr\u00e9dit de 364, 77 francs est vot\u00e9 par le conseil municipal pour travaux dans un local installation d\u2019une \u00e9cole communale de gar\u00e7ons.<\/p>\n\n<p class=\"has-medium-font-size\">Le 28 ao\u00fbt 1877, nomination de Mlle Evesque comme institutrice.<\/p>\n\n<p class=\"has-medium-font-size\">En 1877 Mr Malquiond ancien ma\u00eetre d\u2019\u00e9cole et Mlle Brun ma\u00eetresse d\u2019\u00e9cole<\/p>\n\n<p class=\"has-medium-font-size\">En f\u00e9vrier 1882, apr\u00e8s d\u00e9lib\u00e9ration du Conseil Municipal, il est d\u00e9cid\u00e9 de cr\u00e9er un groupe scolaire dans le quartier de Surville, mais ce projet ne sera pas ex\u00e9cut\u00e9.<\/p>\n\n<p class=\"has-medium-font-size\">Le 10 juin 1906, une nouvelle d\u00e9lib\u00e9ration du Conseil approuve la construction d\u2019un nouveau groupe scolaire. Le mauvais \u00e9tat des locaux scolaires de la commune n\u00e9cessite cette d\u00e9cision. Le b\u00e2timent sera implant\u00e9 au quartier du Pont (parcelle N\u00b0514 section F). C\u2019est l\u2019\u00e9cole communale actuelle.<\/p>\n\n<p class=\"has-medium-font-size\">Le 6\/11\/1912, la commune d\u00e9cide de vendre le b\u00e2timent de la mairie-\u00e9cole pour lequel elle n\u2019en a plus l\u2019usage\u00a0; Le Pr\u00e9fet autorise la vente le 9\/01\/1913.<\/p>\n\n<p>\u00a0<\/p>\n\n<p>\u00a0<\/p>\n\n<h2 class=\"has-text-align-center has-medium-font-size\" style=\"text-align: center;\"><span class=\"ez-toc-section\" id=\"Des_maitres_decoles_a_Aouste_des_XVIIIe_et_XIXe_siecle\"><\/span><em><strong>D<\/strong><strong>es ma\u00eetres d\u2019\u00e9coles \u00e0 Aouste des XVIII<\/strong><sup><strong>e<\/strong><\/sup><strong> et XIX<\/strong><sup><strong>e<\/strong><\/sup><strong> si\u00e8cle<\/strong><\/em><span class=\"ez-toc-section-end\"><\/span><\/h2>\n\n<p>\u00a0<\/p>\n\n<p>\u00a0<\/p>\n\n<p class=\"has-medium-font-size\">An III 1794-1795 Grimaud<\/p>\n\n<p class=\"has-medium-font-size\">1834 Joseph Lagier<\/p>\n\n<p class=\"has-medium-font-size\">1843 Les s\u0153urs religieuses ouvrent une \u00e9cole de filles avec pensionnat<\/p>\n\n<p class=\"has-medium-font-size\">1870 Jean Chaleuil<\/p>\n\n<p class=\"has-medium-font-size\">1871 Casimir Dumas<\/p>\n\n<p class=\"has-medium-font-size\">1875 Ginot<\/p>\n\n<p class=\"has-medium-font-size\">1875 Melquiond Jean Laurent<\/p>\n\n<p class=\"has-medium-font-size\">1872-1873 Mme Evesque \u00ab\u00a0directrice des travaux \u00e0 l\u2019aiguille\u00a0\u00bb \u00e0 l\u2019\u00e9cole communale pour un traitement de 100 francs<\/p>\n\n<p class=\"has-medium-font-size\">1900 Mr Cordeil (toujours directeur de l\u2019\u00e9cole la\u00efque en 1924)<\/p>\n\n<p>\u00a0<\/p>\n\n<p>\u00a0<\/p>\n\n<h2 class=\"has-text-align-center has-medium-font-size\" style=\"text-align: center;\"><span class=\"ez-toc-section\" id=\"Des_photos\"><\/span><em><strong>Des photos<\/strong><\/em><span class=\"ez-toc-section-end\"><\/span><\/h2>\n\n<p>\u00a0<\/p>\n\n<p>\u00a0<\/p>\n\n<p>\u00a0<\/p>\n<div class=\"wp-block-image\">\n<figure class=\"aligncenter size-full\"><img loading=\"lazy\" decoding=\"async\" width=\"520\" height=\"253\" class=\"wp-image-9518\" src=\"https:\/\/histoire-patrimoine-aoustois.fr\/wp-content\/uploads\/2025\/01\/ecoles-de-filles-1894.jpg\" alt=\"\" srcset=\"https:\/\/histoire-patrimoine-aoustois.fr\/wp-content\/uploads\/2025\/01\/ecoles-de-filles-1894.jpg 520w, https:\/\/histoire-patrimoine-aoustois.fr\/wp-content\/uploads\/2025\/01\/ecoles-de-filles-1894-300x146.jpg 300w\" sizes=\"(max-width: 520px) 100vw, 520px\" \/><\/figure>\n<\/div>\n<p class=\"has-text-align-center has-medium-font-size\"><em>\u00c9cole <\/em><em>libre (<\/em><em>filles<\/em><em>)<\/em><em> en 1894<\/em><\/p>\n\n<p class=\"has-medium-font-size\"><em>(1) Mademoiselle Besson, (3) Monsieur Bourelly (5) \u00c9tienne Trible, (6) Mademoiselle Roland, (8) Germaine Charlaix, (15) Mademoiselle Fiallon, (21) Mademoiselle Maillet, (15) Mademoiselle Fiallon, (21) Mademoiselle Maillet, (22) Mademoiselle Brun.<\/em><br \/><br \/><\/p>\n\n<p>\u00a0<\/p>\n<div class=\"wp-block-image\">\n<figure class=\"aligncenter size-full\"><img loading=\"lazy\" decoding=\"async\" width=\"520\" height=\"355\" class=\"wp-image-9519\" src=\"https:\/\/histoire-patrimoine-aoustois.fr\/wp-content\/uploads\/2025\/01\/ecole-libre-filles-1894.jpg\" alt=\"\" srcset=\"https:\/\/histoire-patrimoine-aoustois.fr\/wp-content\/uploads\/2025\/01\/ecole-libre-filles-1894.jpg 520w, https:\/\/histoire-patrimoine-aoustois.fr\/wp-content\/uploads\/2025\/01\/ecole-libre-filles-1894-300x205.jpg 300w\" sizes=\"(max-width: 520px) 100vw, 520px\" \/><\/figure>\n<\/div>\n<p class=\"has-text-align-center has-medium-font-size\"><em>\u00c9cole libre (filles ) en 1894<\/em><\/p>\n\n<p class=\"has-medium-font-size\"><em>Au premier rang, Paul Volpi (2\u00e8me \u00e0 droite) et Mademoiselle Monteillet (1\u00e8re \u00e0 droite) ; au deuxi\u00e8me rang, Francia Volpi (3\u00e8me \u00e0 droite) ; au 3\u00e8me rang, Mademoiselles Granon (4\u00e8me \u00e0 droite) et Fialon (3\u00e8me \u00e0 droite), s\u0153ur Gabrielle (1\u00e8re \u00e0 droite) ; au dernier rang, Marguerite Brun (1\u00e8re \u00e0 droite).<\/em><\/p>\n\n<p>\u00a0<\/p>\n\n<p>\u00a0<\/p>\n<div class=\"wp-block-image\">\n<figure class=\"aligncenter size-full\"><img loading=\"lazy\" decoding=\"async\" width=\"520\" height=\"327\" class=\"wp-image-9520\" src=\"https:\/\/histoire-patrimoine-aoustois.fr\/wp-content\/uploads\/2025\/01\/ecole-laique-garcons-1877.jpg\" alt=\"\" srcset=\"https:\/\/histoire-patrimoine-aoustois.fr\/wp-content\/uploads\/2025\/01\/ecole-laique-garcons-1877.jpg 520w, https:\/\/histoire-patrimoine-aoustois.fr\/wp-content\/uploads\/2025\/01\/ecole-laique-garcons-1877-300x189.jpg 300w\" sizes=\"(max-width: 520px) 100vw, 520px\" \/><\/figure>\n<\/div>\n<p class=\"has-text-align-center has-medium-font-size\"><em>\u00c9cole la\u00efque de gar\u00e7ons en 1877<\/em><\/p>\n\n<p>\u00a0<\/p>\n\n<p>\u00a0<\/p>\n<div class=\"wp-block-image\">\n<figure class=\"aligncenter size-full\"><img loading=\"lazy\" decoding=\"async\" width=\"520\" height=\"363\" class=\"wp-image-9521\" src=\"https:\/\/histoire-patrimoine-aoustois.fr\/wp-content\/uploads\/2025\/01\/ecole-garcons-1900.jpg\" alt=\"\" srcset=\"https:\/\/histoire-patrimoine-aoustois.fr\/wp-content\/uploads\/2025\/01\/ecole-garcons-1900.jpg 520w, https:\/\/histoire-patrimoine-aoustois.fr\/wp-content\/uploads\/2025\/01\/ecole-garcons-1900-300x209.jpg 300w\" sizes=\"(max-width: 520px) 100vw, 520px\" \/><\/figure>\n<\/div>\n<p class=\"has-text-align-center has-medium-font-size\"><em>\u00c9cole de gar\u00e7ons en 1900<\/em><\/p>\n\n<p class=\"has-text-align-center has-medium-font-size\"><em>Au dernier rang, \u00e0 droite, Monsieur Cordeil directeur de l&rsquo;\u00e9cole.<\/em><\/p>\n\n<p>\u00a0<\/p>\n\n<p>\u00a0<\/p>\n<div class=\"wp-block-image\">\n<figure class=\"aligncenter size-full\"><img loading=\"lazy\" decoding=\"async\" width=\"520\" height=\"249\" class=\"wp-image-9522\" src=\"https:\/\/histoire-patrimoine-aoustois.fr\/wp-content\/uploads\/2025\/01\/ecole-saint-christophe-1910.jpg\" alt=\"\" srcset=\"https:\/\/histoire-patrimoine-aoustois.fr\/wp-content\/uploads\/2025\/01\/ecole-saint-christophe-1910.jpg 520w, https:\/\/histoire-patrimoine-aoustois.fr\/wp-content\/uploads\/2025\/01\/ecole-saint-christophe-1910-300x144.jpg 300w\" sizes=\"(max-width: 520px) 100vw, 520px\" \/><\/figure>\n<\/div>\n<p class=\"has-text-align-center has-medium-font-size\"><em>\u00c9cole libre Saint Christophe (filles) en 1910<\/em><\/p>\n\n<p class=\"has-text-align-center has-medium-font-size\"><em>(2) Marguerite B\u00e9lier, (5) Ren\u00e9e B\u00e9ranger, (6) Jean Permingeat, (7) Jean Filliat, (10) Jules Mottet, (12) Lucienne Maillet, (17) Marcelle Lagier, (18) Marie Dessus, (22) Maria Bastet, (23) Henri Planchon, (30) Marguerite Permingeat, (38) Mademoiselle Fraud, (43) H\u00e9l\u00e8ne Filliat, (45) Aim\u00e9e Sibourg, (49) Mademoiselle Gabrielle, la directrice.<\/em><\/p>\n\n<p>\u00a0<\/p>\n\n<p>\u00a0<\/p>\n\n<p>\u00a0<\/p>\n<div class=\"wp-block-image\">\n<figure class=\"aligncenter size-full\"><img loading=\"lazy\" decoding=\"async\" width=\"520\" height=\"372\" class=\"wp-image-9523\" src=\"https:\/\/histoire-patrimoine-aoustois.fr\/wp-content\/uploads\/2025\/01\/ecole-garcons-1910.jpg\" alt=\"\" srcset=\"https:\/\/histoire-patrimoine-aoustois.fr\/wp-content\/uploads\/2025\/01\/ecole-garcons-1910.jpg 520w, https:\/\/histoire-patrimoine-aoustois.fr\/wp-content\/uploads\/2025\/01\/ecole-garcons-1910-300x215.jpg 300w\" sizes=\"(max-width: 520px) 100vw, 520px\" \/><\/figure>\n<\/div>\n<p class=\"has-text-align-center has-medium-font-size\"><em>\u00c9cole la\u00efque de gar\u00e7ons en 1910<\/em><\/p>\n\n<p>\u00a0<\/p>\n\n<p>\u00a0<\/p>\n\n<p><strong>Sources\u00a0<\/strong>: <em>Archives municipales 1R1 \u2013 MN 07-15 \u2013 BB 3 \u00e0 24<\/em><\/p>\n\n<p>\u00a0<\/p>\n\n<p>\u00a0<\/p>\n\n<p>\u00a0<\/p>\n\t\t\t\t\t\t\t\t<\/div>\n\t\t\t\t<\/div>\n\t\t\t\t\t<\/div>\n\t\t\t\t<\/div>\n\t\t<div class=\"elementor-element elementor-element-5177f31 e-flex e-con-boxed e-con e-parent\" data-id=\"5177f31\" data-element_type=\"container\" data-e-type=\"container\">\n\t\t\t\t\t<div class=\"e-con-inner\">\n\t\t\t\t\t<\/div>\n\t\t\t\t<\/div>\n\t\t\t\t<\/div>\n\t\t","protected":false},"excerpt":{"rendered":"<p>\u00a0 \u00a0 Les \u00e9coles primaires \u00e0 Aouste du XVIIe au XIXe si\u00e8cle \u00a0 \u00a0 \u00a0 \u00a0 La premi\u00e8re \u00e9cole signal\u00e9e dans les archives d\u2019Aouste sur Sye date de 1624\/1625 avec la mention de Jacques Brayetton et de Mr Bonnardel durant une p\u00e9riode de 4 mois. \u00a0 \u00c0 ses d\u00e9buts, la scolarisation va de pair avec [&hellip;]<\/p>\n","protected":false},"author":1,"featured_media":0,"comment_status":"open","ping_status":"open","sticky":false,"template":"","format":"standard","meta":{"_jetpack_memberships_contains_paid_content":false,"footnotes":"","jetpack_publicize_message":"","jetpack_publicize_feature_enabled":true,"jetpack_social_post_already_shared":true,"jetpack_social_options":{"image_generator_settings":{"template":"highway","default_image_id":0,"font":"","enabled":false},"version":2}},"categories":[8],"tags":[102,103,104],"class_list":["post-9500","post","type-post","status-publish","format-standard","hentry","category-chroniques-aoustoises","tag-ecole-primaire-aouste","tag-enseignement","tag-saint-christophe","entry"],"yoast_head":"<!-- This site is optimized with the Yoast SEO plugin v27.4 - https:\/\/yoast.com\/product\/yoast-seo-wordpress\/ -->\n<title>LES \u00c9COLES PRIMAIRES D&#039;AOUSTE DU XVIIe AU XIXe SIECLE - HISTOIRE PATRIMOINE AOUSTOIS<\/title>\n<meta name=\"description\" content=\"La premi\u00e8re \u00e9cole signal\u00e9e dans les archives d\u2019Aouste sur Sye date de 1624\/1625 avec la mention de Jacques Brayetton et de Mr Bonnardel.\" \/>\n<meta name=\"robots\" content=\"index, follow, max-snippet:-1, max-image-preview:large, max-video-preview:-1\" \/>\n<link rel=\"canonical\" href=\"https:\/\/histoire-patrimoine-aoustois.fr\/?p=9500\" \/>\n<meta property=\"og:locale\" content=\"fr_FR\" \/>\n<meta property=\"og:type\" content=\"article\" \/>\n<meta property=\"og:title\" content=\"LES \u00c9COLES PRIMAIRES D&#039;AOUSTE DU XVIIe AU XIXe SIECLE - HISTOIRE PATRIMOINE AOUSTOIS\" \/>\n<meta property=\"og:description\" content=\"La premi\u00e8re \u00e9cole signal\u00e9e dans les archives d\u2019Aouste sur Sye date de 1624\/1625 avec la mention de Jacques Brayetton et de Mr Bonnardel.\" \/>\n<meta property=\"og:url\" content=\"https:\/\/histoire-patrimoine-aoustois.fr\/?p=9500\" \/>\n<meta property=\"og:site_name\" content=\"HISTOIRE PATRIMOINE AOUSTOIS\" \/>\n<meta property=\"article:published_time\" content=\"2025-01-10T05:43:14+00:00\" \/>\n<meta property=\"article:modified_time\" content=\"2025-10-18T03:10:56+00:00\" \/>\n<meta property=\"og:image\" content=\"https:\/\/histoire-patrimoine-aoustois.fr\/wp-content\/uploads\/2025\/01\/ecole_communale.png\" \/>\n\t<meta property=\"og:image:width\" content=\"520\" \/>\n\t<meta property=\"og:image:height\" content=\"277\" \/>\n\t<meta property=\"og:image:type\" content=\"image\/png\" \/>\n<meta name=\"author\" content=\"c.grangeon@orange.fr\" \/>\n<meta name=\"twitter:card\" content=\"summary_large_image\" \/>\n<meta name=\"twitter:label1\" content=\"\u00c9crit par\" \/>\n\t<meta name=\"twitter:data1\" content=\"c.grangeon@orange.fr\" \/>\n\t<meta name=\"twitter:label2\" content=\"Dur\u00e9e de lecture estim\u00e9e\" \/>\n\t<meta name=\"twitter:data2\" content=\"25 minutes\" \/>\n<script type=\"application\/ld+json\" class=\"yoast-schema-graph\">{\"@context\":\"https:\\\/\\\/schema.org\",\"@graph\":[{\"@type\":\"Article\",\"@id\":\"https:\\\/\\\/histoire-patrimoine-aoustois.fr\\\/?p=9500#article\",\"isPartOf\":{\"@id\":\"https:\\\/\\\/histoire-patrimoine-aoustois.fr\\\/?p=9500\"},\"author\":{\"name\":\"c.grangeon@orange.fr\",\"@id\":\"https:\\\/\\\/histoire-patrimoine-aoustois.fr\\\/#\\\/schema\\\/person\\\/37a62d238dcee0c26cbd84b5b753e806\"},\"headline\":\"LES \u00c9COLES PRIMAIRES D&rsquo;AOUSTE DU XVIIe AU XIXe SIECLE\",\"datePublished\":\"2025-01-10T05:43:14+00:00\",\"dateModified\":\"2025-10-18T03:10:56+00:00\",\"mainEntityOfPage\":{\"@id\":\"https:\\\/\\\/histoire-patrimoine-aoustois.fr\\\/?p=9500\"},\"wordCount\":4540,\"commentCount\":0,\"publisher\":{\"@id\":\"https:\\\/\\\/histoire-patrimoine-aoustois.fr\\\/#organization\"},\"image\":{\"@id\":\"https:\\\/\\\/histoire-patrimoine-aoustois.fr\\\/?p=9500#primaryimage\"},\"thumbnailUrl\":\"https:\\\/\\\/histoire-patrimoine-aoustois.fr\\\/wp-content\\\/uploads\\\/2025\\\/01\\\/ecole_communale.png\",\"keywords\":[\"\u00e9cole primaire aouste\",\"enseignement\",\"saint christophe\"],\"articleSection\":[\"Chroniques aoustoises\"],\"inLanguage\":\"fr-FR\",\"potentialAction\":[{\"@type\":\"CommentAction\",\"name\":\"Comment\",\"target\":[\"https:\\\/\\\/histoire-patrimoine-aoustois.fr\\\/?p=9500#respond\"]}]},{\"@type\":\"WebPage\",\"@id\":\"https:\\\/\\\/histoire-patrimoine-aoustois.fr\\\/?p=9500\",\"url\":\"https:\\\/\\\/histoire-patrimoine-aoustois.fr\\\/?p=9500\",\"name\":\"LES \u00c9COLES PRIMAIRES D'AOUSTE DU XVIIe AU XIXe SIECLE - HISTOIRE PATRIMOINE AOUSTOIS\",\"isPartOf\":{\"@id\":\"https:\\\/\\\/histoire-patrimoine-aoustois.fr\\\/#website\"},\"primaryImageOfPage\":{\"@id\":\"https:\\\/\\\/histoire-patrimoine-aoustois.fr\\\/?p=9500#primaryimage\"},\"image\":{\"@id\":\"https:\\\/\\\/histoire-patrimoine-aoustois.fr\\\/?p=9500#primaryimage\"},\"thumbnailUrl\":\"https:\\\/\\\/histoire-patrimoine-aoustois.fr\\\/wp-content\\\/uploads\\\/2025\\\/01\\\/ecole_communale.png\",\"datePublished\":\"2025-01-10T05:43:14+00:00\",\"dateModified\":\"2025-10-18T03:10:56+00:00\",\"description\":\"La premi\u00e8re \u00e9cole signal\u00e9e dans les archives d\u2019Aouste sur Sye date de 1624\\\/1625 avec la mention de Jacques Brayetton et de Mr Bonnardel.\",\"breadcrumb\":{\"@id\":\"https:\\\/\\\/histoire-patrimoine-aoustois.fr\\\/?p=9500#breadcrumb\"},\"inLanguage\":\"fr-FR\",\"potentialAction\":[{\"@type\":\"ReadAction\",\"target\":[\"https:\\\/\\\/histoire-patrimoine-aoustois.fr\\\/?p=9500\"]}]},{\"@type\":\"ImageObject\",\"inLanguage\":\"fr-FR\",\"@id\":\"https:\\\/\\\/histoire-patrimoine-aoustois.fr\\\/?p=9500#primaryimage\",\"url\":\"https:\\\/\\\/histoire-patrimoine-aoustois.fr\\\/wp-content\\\/uploads\\\/2025\\\/01\\\/ecole_communale.png\",\"contentUrl\":\"https:\\\/\\\/histoire-patrimoine-aoustois.fr\\\/wp-content\\\/uploads\\\/2025\\\/01\\\/ecole_communale.png\",\"width\":520,\"height\":277},{\"@type\":\"BreadcrumbList\",\"@id\":\"https:\\\/\\\/histoire-patrimoine-aoustois.fr\\\/?p=9500#breadcrumb\",\"itemListElement\":[{\"@type\":\"ListItem\",\"position\":1,\"name\":\"Accueil\",\"item\":\"https:\\\/\\\/histoire-patrimoine-aoustois.fr\\\/\"},{\"@type\":\"ListItem\",\"position\":2,\"name\":\"LES \u00c9COLES PRIMAIRES D&rsquo;AOUSTE DU XVIIe AU XIXe SIECLE\"}]},{\"@type\":\"WebSite\",\"@id\":\"https:\\\/\\\/histoire-patrimoine-aoustois.fr\\\/#website\",\"url\":\"https:\\\/\\\/histoire-patrimoine-aoustois.fr\\\/\",\"name\":\"HISTOIRE PATRIMOINE AOUSTOIS\",\"description\":\"\",\"publisher\":{\"@id\":\"https:\\\/\\\/histoire-patrimoine-aoustois.fr\\\/#organization\"},\"potentialAction\":[{\"@type\":\"SearchAction\",\"target\":{\"@type\":\"EntryPoint\",\"urlTemplate\":\"https:\\\/\\\/histoire-patrimoine-aoustois.fr\\\/?s={search_term_string}\"},\"query-input\":{\"@type\":\"PropertyValueSpecification\",\"valueRequired\":true,\"valueName\":\"search_term_string\"}}],\"inLanguage\":\"fr-FR\"},{\"@type\":\"Organization\",\"@id\":\"https:\\\/\\\/histoire-patrimoine-aoustois.fr\\\/#organization\",\"name\":\"histoire patrimoine aoustois\",\"url\":\"https:\\\/\\\/histoire-patrimoine-aoustois.fr\\\/\",\"logo\":{\"@type\":\"ImageObject\",\"inLanguage\":\"fr-FR\",\"@id\":\"https:\\\/\\\/histoire-patrimoine-aoustois.fr\\\/#\\\/schema\\\/logo\\\/image\\\/\",\"url\":\"\",\"contentUrl\":\"\",\"caption\":\"histoire patrimoine aoustois\"},\"image\":{\"@id\":\"https:\\\/\\\/histoire-patrimoine-aoustois.fr\\\/#\\\/schema\\\/logo\\\/image\\\/\"}},{\"@type\":\"Person\",\"@id\":\"https:\\\/\\\/histoire-patrimoine-aoustois.fr\\\/#\\\/schema\\\/person\\\/37a62d238dcee0c26cbd84b5b753e806\",\"name\":\"c.grangeon@orange.fr\",\"image\":{\"@type\":\"ImageObject\",\"inLanguage\":\"fr-FR\",\"@id\":\"https:\\\/\\\/secure.gravatar.com\\\/avatar\\\/cc761b3b59da1005e87bc0d8d6ae0ecd5168729c45828cb7f6f0db169d1b9b5a?s=96&d=blank&r=g\",\"url\":\"https:\\\/\\\/secure.gravatar.com\\\/avatar\\\/cc761b3b59da1005e87bc0d8d6ae0ecd5168729c45828cb7f6f0db169d1b9b5a?s=96&d=blank&r=g\",\"contentUrl\":\"https:\\\/\\\/secure.gravatar.com\\\/avatar\\\/cc761b3b59da1005e87bc0d8d6ae0ecd5168729c45828cb7f6f0db169d1b9b5a?s=96&d=blank&r=g\",\"caption\":\"c.grangeon@orange.fr\"},\"sameAs\":[\"http:\\\/\\\/histoire-patrimoine-aoustois.fr\"],\"url\":\"https:\\\/\\\/histoire-patrimoine-aoustois.fr\\\/?author=1\"}]}<\/script>\n<!-- \/ Yoast SEO plugin. -->","yoast_head_json":{"title":"LES \u00c9COLES PRIMAIRES D'AOUSTE DU XVIIe AU XIXe SIECLE - HISTOIRE PATRIMOINE AOUSTOIS","description":"La premi\u00e8re \u00e9cole signal\u00e9e dans les archives d\u2019Aouste sur Sye date de 1624\/1625 avec la mention de Jacques Brayetton et de Mr Bonnardel.","robots":{"index":"index","follow":"follow","max-snippet":"max-snippet:-1","max-image-preview":"max-image-preview:large","max-video-preview":"max-video-preview:-1"},"canonical":"https:\/\/histoire-patrimoine-aoustois.fr\/?p=9500","og_locale":"fr_FR","og_type":"article","og_title":"LES \u00c9COLES PRIMAIRES D'AOUSTE DU XVIIe AU XIXe SIECLE - HISTOIRE PATRIMOINE AOUSTOIS","og_description":"La premi\u00e8re \u00e9cole signal\u00e9e dans les archives d\u2019Aouste sur Sye date de 1624\/1625 avec la mention de Jacques Brayetton et de Mr Bonnardel.","og_url":"https:\/\/histoire-patrimoine-aoustois.fr\/?p=9500","og_site_name":"HISTOIRE PATRIMOINE AOUSTOIS","article_published_time":"2025-01-10T05:43:14+00:00","article_modified_time":"2025-10-18T03:10:56+00:00","og_image":[{"width":520,"height":277,"url":"https:\/\/histoire-patrimoine-aoustois.fr\/wp-content\/uploads\/2025\/01\/ecole_communale.png","type":"image\/png"}],"author":"c.grangeon@orange.fr","twitter_card":"summary_large_image","twitter_misc":{"\u00c9crit par":"c.grangeon@orange.fr","Dur\u00e9e de lecture estim\u00e9e":"25 minutes"},"schema":{"@context":"https:\/\/schema.org","@graph":[{"@type":"Article","@id":"https:\/\/histoire-patrimoine-aoustois.fr\/?p=9500#article","isPartOf":{"@id":"https:\/\/histoire-patrimoine-aoustois.fr\/?p=9500"},"author":{"name":"c.grangeon@orange.fr","@id":"https:\/\/histoire-patrimoine-aoustois.fr\/#\/schema\/person\/37a62d238dcee0c26cbd84b5b753e806"},"headline":"LES \u00c9COLES PRIMAIRES D&rsquo;AOUSTE DU XVIIe AU XIXe SIECLE","datePublished":"2025-01-10T05:43:14+00:00","dateModified":"2025-10-18T03:10:56+00:00","mainEntityOfPage":{"@id":"https:\/\/histoire-patrimoine-aoustois.fr\/?p=9500"},"wordCount":4540,"commentCount":0,"publisher":{"@id":"https:\/\/histoire-patrimoine-aoustois.fr\/#organization"},"image":{"@id":"https:\/\/histoire-patrimoine-aoustois.fr\/?p=9500#primaryimage"},"thumbnailUrl":"https:\/\/histoire-patrimoine-aoustois.fr\/wp-content\/uploads\/2025\/01\/ecole_communale.png","keywords":["\u00e9cole primaire aouste","enseignement","saint christophe"],"articleSection":["Chroniques aoustoises"],"inLanguage":"fr-FR","potentialAction":[{"@type":"CommentAction","name":"Comment","target":["https:\/\/histoire-patrimoine-aoustois.fr\/?p=9500#respond"]}]},{"@type":"WebPage","@id":"https:\/\/histoire-patrimoine-aoustois.fr\/?p=9500","url":"https:\/\/histoire-patrimoine-aoustois.fr\/?p=9500","name":"LES \u00c9COLES PRIMAIRES D'AOUSTE DU XVIIe AU XIXe SIECLE - HISTOIRE PATRIMOINE AOUSTOIS","isPartOf":{"@id":"https:\/\/histoire-patrimoine-aoustois.fr\/#website"},"primaryImageOfPage":{"@id":"https:\/\/histoire-patrimoine-aoustois.fr\/?p=9500#primaryimage"},"image":{"@id":"https:\/\/histoire-patrimoine-aoustois.fr\/?p=9500#primaryimage"},"thumbnailUrl":"https:\/\/histoire-patrimoine-aoustois.fr\/wp-content\/uploads\/2025\/01\/ecole_communale.png","datePublished":"2025-01-10T05:43:14+00:00","dateModified":"2025-10-18T03:10:56+00:00","description":"La premi\u00e8re \u00e9cole signal\u00e9e dans les archives d\u2019Aouste sur Sye date de 1624\/1625 avec la mention de Jacques Brayetton et de Mr Bonnardel.","breadcrumb":{"@id":"https:\/\/histoire-patrimoine-aoustois.fr\/?p=9500#breadcrumb"},"inLanguage":"fr-FR","potentialAction":[{"@type":"ReadAction","target":["https:\/\/histoire-patrimoine-aoustois.fr\/?p=9500"]}]},{"@type":"ImageObject","inLanguage":"fr-FR","@id":"https:\/\/histoire-patrimoine-aoustois.fr\/?p=9500#primaryimage","url":"https:\/\/histoire-patrimoine-aoustois.fr\/wp-content\/uploads\/2025\/01\/ecole_communale.png","contentUrl":"https:\/\/histoire-patrimoine-aoustois.fr\/wp-content\/uploads\/2025\/01\/ecole_communale.png","width":520,"height":277},{"@type":"BreadcrumbList","@id":"https:\/\/histoire-patrimoine-aoustois.fr\/?p=9500#breadcrumb","itemListElement":[{"@type":"ListItem","position":1,"name":"Accueil","item":"https:\/\/histoire-patrimoine-aoustois.fr\/"},{"@type":"ListItem","position":2,"name":"LES \u00c9COLES PRIMAIRES D&rsquo;AOUSTE DU XVIIe AU XIXe SIECLE"}]},{"@type":"WebSite","@id":"https:\/\/histoire-patrimoine-aoustois.fr\/#website","url":"https:\/\/histoire-patrimoine-aoustois.fr\/","name":"HISTOIRE PATRIMOINE AOUSTOIS","description":"","publisher":{"@id":"https:\/\/histoire-patrimoine-aoustois.fr\/#organization"},"potentialAction":[{"@type":"SearchAction","target":{"@type":"EntryPoint","urlTemplate":"https:\/\/histoire-patrimoine-aoustois.fr\/?s={search_term_string}"},"query-input":{"@type":"PropertyValueSpecification","valueRequired":true,"valueName":"search_term_string"}}],"inLanguage":"fr-FR"},{"@type":"Organization","@id":"https:\/\/histoire-patrimoine-aoustois.fr\/#organization","name":"histoire patrimoine aoustois","url":"https:\/\/histoire-patrimoine-aoustois.fr\/","logo":{"@type":"ImageObject","inLanguage":"fr-FR","@id":"https:\/\/histoire-patrimoine-aoustois.fr\/#\/schema\/logo\/image\/","url":"","contentUrl":"","caption":"histoire patrimoine aoustois"},"image":{"@id":"https:\/\/histoire-patrimoine-aoustois.fr\/#\/schema\/logo\/image\/"}},{"@type":"Person","@id":"https:\/\/histoire-patrimoine-aoustois.fr\/#\/schema\/person\/37a62d238dcee0c26cbd84b5b753e806","name":"c.grangeon@orange.fr","image":{"@type":"ImageObject","inLanguage":"fr-FR","@id":"https:\/\/secure.gravatar.com\/avatar\/cc761b3b59da1005e87bc0d8d6ae0ecd5168729c45828cb7f6f0db169d1b9b5a?s=96&d=blank&r=g","url":"https:\/\/secure.gravatar.com\/avatar\/cc761b3b59da1005e87bc0d8d6ae0ecd5168729c45828cb7f6f0db169d1b9b5a?s=96&d=blank&r=g","contentUrl":"https:\/\/secure.gravatar.com\/avatar\/cc761b3b59da1005e87bc0d8d6ae0ecd5168729c45828cb7f6f0db169d1b9b5a?s=96&d=blank&r=g","caption":"c.grangeon@orange.fr"},"sameAs":["http:\/\/histoire-patrimoine-aoustois.fr"],"url":"https:\/\/histoire-patrimoine-aoustois.fr\/?author=1"}]}},"jetpack_publicize_connections":[],"jetpack_featured_media_url":"","jetpack_sharing_enabled":true,"_links":{"self":[{"href":"https:\/\/histoire-patrimoine-aoustois.fr\/index.php?rest_route=\/wp\/v2\/posts\/9500","targetHints":{"allow":["GET"]}}],"collection":[{"href":"https:\/\/histoire-patrimoine-aoustois.fr\/index.php?rest_route=\/wp\/v2\/posts"}],"about":[{"href":"https:\/\/histoire-patrimoine-aoustois.fr\/index.php?rest_route=\/wp\/v2\/types\/post"}],"author":[{"embeddable":true,"href":"https:\/\/histoire-patrimoine-aoustois.fr\/index.php?rest_route=\/wp\/v2\/users\/1"}],"replies":[{"embeddable":true,"href":"https:\/\/histoire-patrimoine-aoustois.fr\/index.php?rest_route=%2Fwp%2Fv2%2Fcomments&post=9500"}],"version-history":[{"count":27,"href":"https:\/\/histoire-patrimoine-aoustois.fr\/index.php?rest_route=\/wp\/v2\/posts\/9500\/revisions"}],"predecessor-version":[{"id":9853,"href":"https:\/\/histoire-patrimoine-aoustois.fr\/index.php?rest_route=\/wp\/v2\/posts\/9500\/revisions\/9853"}],"wp:attachment":[{"href":"https:\/\/histoire-patrimoine-aoustois.fr\/index.php?rest_route=%2Fwp%2Fv2%2Fmedia&parent=9500"}],"wp:term":[{"taxonomy":"category","embeddable":true,"href":"https:\/\/histoire-patrimoine-aoustois.fr\/index.php?rest_route=%2Fwp%2Fv2%2Fcategories&post=9500"},{"taxonomy":"post_tag","embeddable":true,"href":"https:\/\/histoire-patrimoine-aoustois.fr\/index.php?rest_route=%2Fwp%2Fv2%2Ftags&post=9500"}],"curies":[{"name":"wp","href":"https:\/\/api.w.org\/{rel}","templated":true}]}}